{"id":915253,"date":"2025-12-23T16:28:00","date_gmt":"2025-12-23T15:28:00","guid":{"rendered":"https:\/\/dmcsrb.com\/uncategorized\/hra-vlada-da-povuce-prijedlog-zakona-o-unutrasnjim-poslovima-dok-ne-dobije-misljenje-ek\/"},"modified":"2025-12-23T16:28:00","modified_gmt":"2025-12-23T15:28:00","slug":"hra-vlada-da-povuce-prijedlog-zakona-o-unutrasnjim-poslovima-dok-ne-dobije-misljenje-ek","status":"publish","type":"post","link":"https:\/\/dmcsrb.com\/en\/politika\/hra-vlada-da-povuce-prijedlog-zakona-o-unutrasnjim-poslovima-dok-ne-dobije-misljenje-ek\/","title":{"rendered":"HRA: Vlada da povu\u010de prijedlog zakona o unutra\u0161njim poslovima dok ne dobije mi\u0161ljenje EK"},"content":{"rendered":"<p><\/p>\n\n\n\n<p>&#8220;Ovim se elimini\u0161e pravo na odbranu, suprotno me\u00f0unarodnim standardima, koji zahtijevaju da dr\u017eavni slu\u017ebenici i u slu\u010daju bezbjednosnih smetnji imaju pravo da o njima budu obavije\u0161teni u dovoljnoj mjeri da od njih mogu da se odbrane u pravi\u010dnom postupku,&#8221;, navode oni.<\/p>\n\n\n\n<p>Na sve to je \u010dlanove skup\u0161tinskog Zakonodavnog odbora danas upozorila predstavnica Akcije za ljudska prava, Bojana Malovi\u0107, koja je naglasila i da Ministarstvo prilikom izrade zakona, bez opravdanja, nije uzelo u obzir ni najmanje tri mi\u0161ljenja Venecijanske komisije o sli\u010dnim temama, a u kojima se nagla\u0161ava da se, usljed vetinga \u2013 bilo u policiji ili me\u0111u sudijama \u2013 moraju po\u0161tovati garancije pravi\u010dnosti postupka.<\/p>\n\n\n\n<p>Me\u00f0utim, uprkos nadle\u017enostima Odbora da se bavi pitanjima ljudskih prava i me\u0111unarodnim obavezama Crne Gore u toj oblasti, o spornom Predlogu zakona o unutra\u0161njim poslovima na Odboru nije vo\u00f0ena adekvatna rasprava, ve\u0107 je ukazano da \u0107e se &#8220;glavna rasprava voditi na mati\u010dnom Odboru za politi\u010dki sistem, pravosu\u00f0e i upravu i na plenume&#8221;. Konstatovano je da je i NVO Institut alternativa dostavila primjedbe na Predlog zakona. Sedmoro \u010dlanova Odbora iz vladaju\u0107e koalicije je glasalo za Predlog, dok opozicija nije prisustvovala.<\/p>\n\n\n\n<p>U me\u00f0uvremenu je i Evropska komisija Pobjedi saop\u0161tila da je revidirani nacrt Zakona o unutra\u0161njim poslovima dostavljen na procjenu i da \u0107e naknadno uputiti detaljne komentare, uz poruku da Crna Gora mora obezbijediti zapo\u0161ljavanje u policiji zasnovano na zaslugama i jasne garancije protiv politi\u010dkog uticaja.<\/p>\n\n\n\n<p>&#8220;Izostanak bilo kakve rasprave o izuzetno zabrinjavaju\u0107em predlogu da se policijskim slu\u017ebenicima omogu\u0107i prestanak radnog odnosa bez disciplinskog postupka i prava na odbranu, koji mo\u017ee ugroziti ljudska prava i me\u0111unarodne obaveze Crne Gore, posebno u klju\u010dnom periodu kada ona treba da potvrdi prihvatanje evropskih standarda, smatramo neodgovornim, naro\u010dito imaju\u0107i u vidu da se na sjednici nije \u010duo ni glas opozicije koja se javno zala\u017ee za evropske standarde&#8221;, kazali su oni.<\/p>\n\n\n\n<p>Tako\u0111e navode da o\u010dekuju od Vlade Crne Gore da postupi odgovorno i povu\u010de Predlog zakona dok ne dobije mi\u0161ljenje Evropske komisije.<\/p>\n\n\n\n<p><\/p>","protected":false},"excerpt":{"rendered":"<p>Zakonodavni odbor Skup\u0161tine Crne Gore je danas dao zeleno svjetlo za usvajanje Predloga zakona o unutra\u0161njim poslovima, uprkos tome \u0161to je Predlog zakona suprotan Ustavu i me\u00f0unarodnim standardima jer, pored ostalog, uvodi pravo ministra da policijskom slu\u017ebeniku uru\u010di otkaz bez sprovo\u00f0enja disciplinskog postupka kad ministrova interna komisija utvrdi da protiv njega postoje bezbjednosne smetnje, naveli su u saop\u0161tenju iz NVO Akcija za ljudska prava.<\/p>","protected":false},"author":1,"featured_media":915254,"comment_status":"open","ping_status":"open","sticky":false,"template":"","format":"standard","meta":{"_acf_changed":false,"footnotes":""},"categories":[12],"tags":[4216,1919,13,754],"naslovna":[],"class_list":["post-915253","post","type-post","status-publish","format-standard","has-post-thumbnail","hentry","category-politika","tag-akcija-za-ljudska-prava","tag-evropska-komisija","tag-vlada","tag-zakon"],"acf":[],"yoast_head":"<!-- This site is optimized with the Yoast SEO plugin v27.4 - https:\/\/yoast.com\/product\/yoast-seo-wordpress\/ -->\n<title>HRA: Vlada da povu\u010de prijedlog zakona o unutra\u0161njim poslovima dok ne dobije mi\u0161ljenje EK - dmcsrb.com<\/title>\n<meta name=\"robots\" content=\"index, follow, max-snippet:-1, max-image-preview:large, max-video-preview:-1\" \/>\n<link rel=\"canonical\" href=\"https:\/\/dmcsrb.com\/en\/politika\/hra-vlada-da-povuce-prijedlog-zakona-o-unutrasnjim-poslovima-dok-ne-dobije-misljenje-ek\/\" \/>\n<meta property=\"og:locale\" content=\"en_GB\" \/>\n<meta property=\"og:type\" content=\"article\" \/>\n<meta property=\"og:title\" content=\"HRA: Vlada da povu\u010de prijedlog zakona o unutra\u0161njim poslovima dok ne dobije mi\u0161ljenje EK - dmcsrb.com\" \/>\n<meta property=\"og:description\" content=\"Zakonodavni odbor Skup\u0161tine Crne Gore je danas dao zeleno svjetlo za usvajanje Predloga zakona o unutra\u0161njim poslovima, uprkos tome \u0161to je Predlog zakona suprotan Ustavu i me\u00f0unarodnim standardima jer, pored ostalog, uvodi pravo ministra da policijskom slu\u017ebeniku uru\u010di otkaz bez sprovo\u00f0enja disciplinskog postupka kad ministrova interna komisija utvrdi da protiv njega postoje bezbjednosne smetnje, naveli su u saop\u0161tenju iz NVO Akcija za ljudska prava.\" \/>\n<meta property=\"og:url\" content=\"https:\/\/dmcsrb.com\/en\/politika\/hra-vlada-da-povuce-prijedlog-zakona-o-unutrasnjim-poslovima-dok-ne-dobije-misljenje-ek\/\" \/>\n<meta property=\"og:site_name\" content=\"dmcsrb.com\" \/>\n<meta property=\"article:published_time\" content=\"2025-12-23T15:28:00+00:00\" \/>\n<meta property=\"og:image\" content=\"https:\/\/dmcsrb.com\/wp-content\/uploads\/2026\/01\/Visual-1-1000x555-1.jpg\" \/>\n\t<meta property=\"og:image:width\" content=\"1000\" \/>\n\t<meta property=\"og:image:height\" content=\"555\" \/>\n\t<meta property=\"og:image:type\" content=\"image\/jpeg\" \/>\n<meta name=\"author\" content=\"dmcsrbija.com@gmail.com\" \/>\n<meta name=\"twitter:card\" content=\"summary_large_image\" \/>\n<meta name=\"twitter:label1\" content=\"Written by\" \/>\n\t<meta name=\"twitter:data1\" content=\"dmcsrbija.com@gmail.com\" \/>\n\t<meta name=\"twitter:label2\" content=\"Estimated reading time\" \/>\n\t<meta name=\"twitter:data2\" content=\"2 minutes\" \/>\n<script type=\"application\/ld+json\" class=\"yoast-schema-graph\">{\"@context\":\"https:\\\/\\\/schema.org\",\"@graph\":[{\"@type\":\"Article\",\"@id\":\"https:\\\/\\\/dmcsrb.com\\\/politika\\\/hra-vlada-da-povuce-prijedlog-zakona-o-unutrasnjim-poslovima-dok-ne-dobije-misljenje-ek\\\/#article\",\"isPartOf\":{\"@id\":\"https:\\\/\\\/dmcsrb.com\\\/politika\\\/hra-vlada-da-povuce-prijedlog-zakona-o-unutrasnjim-poslovima-dok-ne-dobije-misljenje-ek\\\/\"},\"author\":{\"name\":\"dmcsrbija.com@gmail.com\",\"@id\":\"https:\\\/\\\/dmcsrb.com\\\/#\\\/schema\\\/person\\\/5c39170f12db1b8b457732d0b5c854e2\"},\"headline\":\"HRA: Vlada da povu\u010de prijedlog zakona o unutra\u0161njim poslovima dok ne dobije mi\u0161ljenje EK\",\"datePublished\":\"2025-12-23T15:28:00+00:00\",\"mainEntityOfPage\":{\"@id\":\"https:\\\/\\\/dmcsrb.com\\\/politika\\\/hra-vlada-da-povuce-prijedlog-zakona-o-unutrasnjim-poslovima-dok-ne-dobije-misljenje-ek\\\/\"},\"wordCount\":375,\"commentCount\":0,\"image\":{\"@id\":\"https:\\\/\\\/dmcsrb.com\\\/politika\\\/hra-vlada-da-povuce-prijedlog-zakona-o-unutrasnjim-poslovima-dok-ne-dobije-misljenje-ek\\\/#primaryimage\"},\"thumbnailUrl\":\"https:\\\/\\\/dmcsrb.com\\\/wp-content\\\/uploads\\\/2026\\\/01\\\/Visual-1-1000x555-1.jpg\",\"keywords\":[\"Akcija za ljudska prava\",\"Evropska komisija\",\"vlada\",\"Zakon\"],\"articleSection\":[\"Politika\"],\"inLanguage\":\"en-GB\",\"potentialAction\":[{\"@type\":\"CommentAction\",\"name\":\"Comment\",\"target\":[\"https:\\\/\\\/dmcsrb.com\\\/politika\\\/hra-vlada-da-povuce-prijedlog-zakona-o-unutrasnjim-poslovima-dok-ne-dobije-misljenje-ek\\\/#respond\"]}]},{\"@type\":\"WebPage\",\"@id\":\"https:\\\/\\\/dmcsrb.com\\\/politika\\\/hra-vlada-da-povuce-prijedlog-zakona-o-unutrasnjim-poslovima-dok-ne-dobije-misljenje-ek\\\/\",\"url\":\"https:\\\/\\\/dmcsrb.com\\\/politika\\\/hra-vlada-da-povuce-prijedlog-zakona-o-unutrasnjim-poslovima-dok-ne-dobije-misljenje-ek\\\/\",\"name\":\"HRA: Vlada da povu\u010de prijedlog zakona o unutra\u0161njim poslovima dok ne dobije mi\u0161ljenje EK - dmcsrb.com\",\"isPartOf\":{\"@id\":\"https:\\\/\\\/dmcsrb.com\\\/#website\"},\"primaryImageOfPage\":{\"@id\":\"https:\\\/\\\/dmcsrb.com\\\/politika\\\/hra-vlada-da-povuce-prijedlog-zakona-o-unutrasnjim-poslovima-dok-ne-dobije-misljenje-ek\\\/#primaryimage\"},\"image\":{\"@id\":\"https:\\\/\\\/dmcsrb.com\\\/politika\\\/hra-vlada-da-povuce-prijedlog-zakona-o-unutrasnjim-poslovima-dok-ne-dobije-misljenje-ek\\\/#primaryimage\"},\"thumbnailUrl\":\"https:\\\/\\\/dmcsrb.com\\\/wp-content\\\/uploads\\\/2026\\\/01\\\/Visual-1-1000x555-1.jpg\",\"datePublished\":\"2025-12-23T15:28:00+00:00\",\"author\":{\"@id\":\"https:\\\/\\\/dmcsrb.com\\\/#\\\/schema\\\/person\\\/5c39170f12db1b8b457732d0b5c854e2\"},\"breadcrumb\":{\"@id\":\"https:\\\/\\\/dmcsrb.com\\\/politika\\\/hra-vlada-da-povuce-prijedlog-zakona-o-unutrasnjim-poslovima-dok-ne-dobije-misljenje-ek\\\/#breadcrumb\"},\"inLanguage\":\"en-GB\",\"potentialAction\":[{\"@type\":\"ReadAction\",\"target\":[\"https:\\\/\\\/dmcsrb.com\\\/politika\\\/hra-vlada-da-povuce-prijedlog-zakona-o-unutrasnjim-poslovima-dok-ne-dobije-misljenje-ek\\\/\"]}]},{\"@type\":\"ImageObject\",\"inLanguage\":\"en-GB\",\"@id\":\"https:\\\/\\\/dmcsrb.com\\\/politika\\\/hra-vlada-da-povuce-prijedlog-zakona-o-unutrasnjim-poslovima-dok-ne-dobije-misljenje-ek\\\/#primaryimage\",\"url\":\"https:\\\/\\\/dmcsrb.com\\\/wp-content\\\/uploads\\\/2026\\\/01\\\/Visual-1-1000x555-1.jpg\",\"contentUrl\":\"https:\\\/\\\/dmcsrb.com\\\/wp-content\\\/uploads\\\/2026\\\/01\\\/Visual-1-1000x555-1.jpg\",\"width\":1000,\"height\":555},{\"@type\":\"BreadcrumbList\",\"@id\":\"https:\\\/\\\/dmcsrb.com\\\/politika\\\/hra-vlada-da-povuce-prijedlog-zakona-o-unutrasnjim-poslovima-dok-ne-dobije-misljenje-ek\\\/#breadcrumb\",\"itemListElement\":[{\"@type\":\"ListItem\",\"position\":1,\"name\":\"Home\",\"item\":\"https:\\\/\\\/dmcsrb.com\\\/\"},{\"@type\":\"ListItem\",\"position\":2,\"name\":\"HRA: Vlada da povu\u010de prijedlog zakona o unutra\u0161njim poslovima dok ne dobije mi\u0161ljenje EK\"}]},{\"@type\":\"WebSite\",\"@id\":\"https:\\\/\\\/dmcsrb.com\\\/#website\",\"url\":\"https:\\\/\\\/dmcsrb.com\\\/\",\"name\":\"dmcsrb.com\",\"description\":\"\",\"potentialAction\":[{\"@type\":\"SearchAction\",\"target\":{\"@type\":\"EntryPoint\",\"urlTemplate\":\"https:\\\/\\\/dmcsrb.com\\\/?s={search_term_string}\"},\"query-input\":{\"@type\":\"PropertyValueSpecification\",\"valueRequired\":true,\"valueName\":\"search_term_string\"}}],\"inLanguage\":\"en-GB\"},{\"@type\":\"Person\",\"@id\":\"https:\\\/\\\/dmcsrb.com\\\/#\\\/schema\\\/person\\\/5c39170f12db1b8b457732d0b5c854e2\",\"name\":\"dmcsrbija.com@gmail.com\",\"image\":{\"@type\":\"ImageObject\",\"inLanguage\":\"en-GB\",\"@id\":\"https:\\\/\\\/secure.gravatar.com\\\/avatar\\\/68592660ad6347fad0fb587f8d5d8f1a7b44961362f56e4f2cd524feb87e9069?s=96&d=mm&r=g\",\"url\":\"https:\\\/\\\/secure.gravatar.com\\\/avatar\\\/68592660ad6347fad0fb587f8d5d8f1a7b44961362f56e4f2cd524feb87e9069?s=96&d=mm&r=g\",\"contentUrl\":\"https:\\\/\\\/secure.gravatar.com\\\/avatar\\\/68592660ad6347fad0fb587f8d5d8f1a7b44961362f56e4f2cd524feb87e9069?s=96&d=mm&r=g\",\"caption\":\"dmcsrbija.com@gmail.com\"},\"sameAs\":[\"https:\\\/\\\/dmcsrb.com\"],\"url\":\"https:\\\/\\\/dmcsrb.com\\\/en\\\/author\\\/dmcsrbija-comgmail-com\\\/\"}]}<\/script>\n<!-- \/ Yoast SEO plugin. -->","yoast_head_json":{"title":"HRA: Vlada da povu\u010de prijedlog zakona o unutra\u0161njim poslovima dok ne dobije mi\u0161ljenje EK - dmcsrb.com","robots":{"index":"index","follow":"follow","max-snippet":"max-snippet:-1","max-image-preview":"max-image-preview:large","max-video-preview":"max-video-preview:-1"},"canonical":"https:\/\/dmcsrb.com\/en\/politika\/hra-vlada-da-povuce-prijedlog-zakona-o-unutrasnjim-poslovima-dok-ne-dobije-misljenje-ek\/","og_locale":"en_GB","og_type":"article","og_title":"HRA: Vlada da povu\u010de prijedlog zakona o unutra\u0161njim poslovima dok ne dobije mi\u0161ljenje EK - dmcsrb.com","og_description":"Zakonodavni odbor Skup\u0161tine Crne Gore je danas dao zeleno svjetlo za usvajanje Predloga zakona o unutra\u0161njim poslovima, uprkos tome \u0161to je Predlog zakona suprotan Ustavu i me\u00f0unarodnim standardima jer, pored ostalog, uvodi pravo ministra da policijskom slu\u017ebeniku uru\u010di otkaz bez sprovo\u00f0enja disciplinskog postupka kad ministrova interna komisija utvrdi da protiv njega postoje bezbjednosne smetnje, naveli su u saop\u0161tenju iz NVO Akcija za ljudska prava.","og_url":"https:\/\/dmcsrb.com\/en\/politika\/hra-vlada-da-povuce-prijedlog-zakona-o-unutrasnjim-poslovima-dok-ne-dobije-misljenje-ek\/","og_site_name":"dmcsrb.com","article_published_time":"2025-12-23T15:28:00+00:00","og_image":[{"width":1000,"height":555,"url":"https:\/\/dmcsrb.com\/wp-content\/uploads\/2026\/01\/Visual-1-1000x555-1.jpg","type":"image\/jpeg"}],"author":"dmcsrbija.com@gmail.com","twitter_card":"summary_large_image","twitter_misc":{"Written by":"dmcsrbija.com@gmail.com","Estimated reading time":"2 minutes"},"schema":{"@context":"https:\/\/schema.org","@graph":[{"@type":"Article","@id":"https:\/\/dmcsrb.com\/politika\/hra-vlada-da-povuce-prijedlog-zakona-o-unutrasnjim-poslovima-dok-ne-dobije-misljenje-ek\/#article","isPartOf":{"@id":"https:\/\/dmcsrb.com\/politika\/hra-vlada-da-povuce-prijedlog-zakona-o-unutrasnjim-poslovima-dok-ne-dobije-misljenje-ek\/"},"author":{"name":"dmcsrbija.com@gmail.com","@id":"https:\/\/dmcsrb.com\/#\/schema\/person\/5c39170f12db1b8b457732d0b5c854e2"},"headline":"HRA: Vlada da povu\u010de prijedlog zakona o unutra\u0161njim poslovima dok ne dobije mi\u0161ljenje EK","datePublished":"2025-12-23T15:28:00+00:00","mainEntityOfPage":{"@id":"https:\/\/dmcsrb.com\/politika\/hra-vlada-da-povuce-prijedlog-zakona-o-unutrasnjim-poslovima-dok-ne-dobije-misljenje-ek\/"},"wordCount":375,"commentCount":0,"image":{"@id":"https:\/\/dmcsrb.com\/politika\/hra-vlada-da-povuce-prijedlog-zakona-o-unutrasnjim-poslovima-dok-ne-dobije-misljenje-ek\/#primaryimage"},"thumbnailUrl":"https:\/\/dmcsrb.com\/wp-content\/uploads\/2026\/01\/Visual-1-1000x555-1.jpg","keywords":["Akcija za ljudska prava","Evropska komisija","vlada","Zakon"],"articleSection":["Politika"],"inLanguage":"en-GB","potentialAction":[{"@type":"CommentAction","name":"Comment","target":["https:\/\/dmcsrb.com\/politika\/hra-vlada-da-povuce-prijedlog-zakona-o-unutrasnjim-poslovima-dok-ne-dobije-misljenje-ek\/#respond"]}]},{"@type":"WebPage","@id":"https:\/\/dmcsrb.com\/politika\/hra-vlada-da-povuce-prijedlog-zakona-o-unutrasnjim-poslovima-dok-ne-dobije-misljenje-ek\/","url":"https:\/\/dmcsrb.com\/politika\/hra-vlada-da-povuce-prijedlog-zakona-o-unutrasnjim-poslovima-dok-ne-dobije-misljenje-ek\/","name":"HRA: Vlada da povu\u010de prijedlog zakona o unutra\u0161njim poslovima dok ne dobije mi\u0161ljenje EK - dmcsrb.com","isPartOf":{"@id":"https:\/\/dmcsrb.com\/#website"},"primaryImageOfPage":{"@id":"https:\/\/dmcsrb.com\/politika\/hra-vlada-da-povuce-prijedlog-zakona-o-unutrasnjim-poslovima-dok-ne-dobije-misljenje-ek\/#primaryimage"},"image":{"@id":"https:\/\/dmcsrb.com\/politika\/hra-vlada-da-povuce-prijedlog-zakona-o-unutrasnjim-poslovima-dok-ne-dobije-misljenje-ek\/#primaryimage"},"thumbnailUrl":"https:\/\/dmcsrb.com\/wp-content\/uploads\/2026\/01\/Visual-1-1000x555-1.jpg","datePublished":"2025-12-23T15:28:00+00:00","author":{"@id":"https:\/\/dmcsrb.com\/#\/schema\/person\/5c39170f12db1b8b457732d0b5c854e2"},"breadcrumb":{"@id":"https:\/\/dmcsrb.com\/politika\/hra-vlada-da-povuce-prijedlog-zakona-o-unutrasnjim-poslovima-dok-ne-dobije-misljenje-ek\/#breadcrumb"},"inLanguage":"en-GB","potentialAction":[{"@type":"ReadAction","target":["https:\/\/dmcsrb.com\/politika\/hra-vlada-da-povuce-prijedlog-zakona-o-unutrasnjim-poslovima-dok-ne-dobije-misljenje-ek\/"]}]},{"@type":"ImageObject","inLanguage":"en-GB","@id":"https:\/\/dmcsrb.com\/politika\/hra-vlada-da-povuce-prijedlog-zakona-o-unutrasnjim-poslovima-dok-ne-dobije-misljenje-ek\/#primaryimage","url":"https:\/\/dmcsrb.com\/wp-content\/uploads\/2026\/01\/Visual-1-1000x555-1.jpg","contentUrl":"https:\/\/dmcsrb.com\/wp-content\/uploads\/2026\/01\/Visual-1-1000x555-1.jpg","width":1000,"height":555},{"@type":"BreadcrumbList","@id":"https:\/\/dmcsrb.com\/politika\/hra-vlada-da-povuce-prijedlog-zakona-o-unutrasnjim-poslovima-dok-ne-dobije-misljenje-ek\/#breadcrumb","itemListElement":[{"@type":"ListItem","position":1,"name":"Home","item":"https:\/\/dmcsrb.com\/"},{"@type":"ListItem","position":2,"name":"HRA: Vlada da povu\u010de prijedlog zakona o unutra\u0161njim poslovima dok ne dobije mi\u0161ljenje EK"}]},{"@type":"WebSite","@id":"https:\/\/dmcsrb.com\/#website","url":"https:\/\/dmcsrb.com\/","name":"dmcsrb.com","description":"","potentialAction":[{"@type":"SearchAction","target":{"@type":"EntryPoint","urlTemplate":"https:\/\/dmcsrb.com\/?s={search_term_string}"},"query-input":{"@type":"PropertyValueSpecification","valueRequired":true,"valueName":"search_term_string"}}],"inLanguage":"en-GB"},{"@type":"Person","@id":"https:\/\/dmcsrb.com\/#\/schema\/person\/5c39170f12db1b8b457732d0b5c854e2","name":"dmcsrbija.com@gmail.com","image":{"@type":"ImageObject","inLanguage":"en-GB","@id":"https:\/\/secure.gravatar.com\/avatar\/68592660ad6347fad0fb587f8d5d8f1a7b44961362f56e4f2cd524feb87e9069?s=96&d=mm&r=g","url":"https:\/\/secure.gravatar.com\/avatar\/68592660ad6347fad0fb587f8d5d8f1a7b44961362f56e4f2cd524feb87e9069?s=96&d=mm&r=g","contentUrl":"https:\/\/secure.gravatar.com\/avatar\/68592660ad6347fad0fb587f8d5d8f1a7b44961362f56e4f2cd524feb87e9069?s=96&d=mm&r=g","caption":"dmcsrbija.com@gmail.com"},"sameAs":["https:\/\/dmcsrb.com"],"url":"https:\/\/dmcsrb.com\/en\/author\/dmcsrbija-comgmail-com\/"}]}},"_links":{"self":[{"href":"https:\/\/dmcsrb.com\/en\/wp-json\/wp\/v2\/posts\/915253","targetHints":{"allow":["GET"]}}],"collection":[{"href":"https:\/\/dmcsrb.com\/en\/wp-json\/wp\/v2\/posts"}],"about":[{"href":"https:\/\/dmcsrb.com\/en\/wp-json\/wp\/v2\/types\/post"}],"author":[{"embeddable":true,"href":"https:\/\/dmcsrb.com\/en\/wp-json\/wp\/v2\/users\/1"}],"replies":[{"embeddable":true,"href":"https:\/\/dmcsrb.com\/en\/wp-json\/wp\/v2\/comments?post=915253"}],"version-history":[{"count":0,"href":"https:\/\/dmcsrb.com\/en\/wp-json\/wp\/v2\/posts\/915253\/revisions"}],"wp:featuredmedia":[{"embeddable":true,"href":"https:\/\/dmcsrb.com\/en\/wp-json\/wp\/v2\/media\/915254"}],"wp:attachment":[{"href":"https:\/\/dmcsrb.com\/en\/wp-json\/wp\/v2\/media?parent=915253"}],"wp:term":[{"taxonomy":"category","embeddable":true,"href":"https:\/\/dmcsrb.com\/en\/wp-json\/wp\/v2\/categories?post=915253"},{"taxonomy":"post_tag","embeddable":true,"href":"https:\/\/dmcsrb.com\/en\/wp-json\/wp\/v2\/tags?post=915253"},{"taxonomy":"naslovna","embeddable":true,"href":"https:\/\/dmcsrb.com\/en\/wp-json\/wp\/v2\/naslovna?post=915253"}],"curies":[{"name":"wp","href":"https:\/\/api.w.org\/{rel}","templated":true}]}}