{"id":915197,"date":"2025-12-23T09:16:43","date_gmt":"2025-12-23T08:16:43","guid":{"rendered":"https:\/\/dmcsrb.com\/uncategorized\/sendelj-sajber-bezbjednost-zahtijeva-koordinisan-pristup-akademske-zajednice-privrede-i-institucija\/"},"modified":"2025-12-23T09:16:43","modified_gmt":"2025-12-23T08:16:43","slug":"sendelj-sajber-bezbjednost-zahtijeva-koordinisan-pristup-akademske-zajednice-privrede-i-institucija","status":"publish","type":"post","link":"https:\/\/dmcsrb.com\/en\/drustvo\/sendelj-sajber-bezbjednost-zahtijeva-koordinisan-pristup-akademske-zajednice-privrede-i-institucija\/","title":{"rendered":"\u0160endelj: Sajber bezbjednost zahtijeva koordinisan pristup akademske zajednice, privrede i institucija"},"content":{"rendered":"<p><\/p>\n\n\n\n<p>Skup je okupio \u010dlanove Odbora Udru\u017eenja za informacione i komunikacione tehnologije (ICT) i Odbora Udru\u017eenja bankarstva Privredne komore Crne Gore, kao i direktora Agencije za sajber bezbjednost Crne Gore, \u010dime je dodatno potvr\u0111en zna\u010daj me\u0111usektorske i institucionalne saradnje u oblasti digitalne bezbjednosti.<\/p>\n\n\n\n<p>U\u010desnicima se obratio koordinator CSupMNE projekta, ekspert za ovu oblast prof. dr Ramo \u0160endelj sa UDG-ja koji je predstavio klju\u010dne ciljeve projekta i njegov zna\u010daj u kontekstu ja\u010danja otpornosti sistema visokog obrazovanja, ali i \u0161ireg digitalnog ekosistema Crne Gore. Tom prilikom istakao je da sajber bezbjednost zahtijeva koordinisan pristup akademske zajednice, privrede i nadle\u017enih institucija, uz sna\u017eno oslanjanje na prakti\u010dna iskustva sektora koji su ve\u0107 izlo\u017eeni visokom nivou digitalnih rizika.<\/p>\n\n\n\n<p>\u201eCSupMNE projekat je usmjeren na uspostavljanje odr\u017eivih i sistemskih rje\u0161enja za upravljanje sajber rizicima u visokom obrazovanju, ali i na sna\u017enije povezivanje univerziteta sa privredom i institucijama. Privredna komora Crne Gore, kao partner na projektu, ima va\u017enu ulogu u povezivanju akademskog i poslovnog sektora, posebno kroz uklju\u010divanje ICT i bankarskog sektora, koji raspola\u017eu razvijenim bezbjednosnim praksama i zna\u010dajnim operativnim iskustvom\u201c, naglasio je prof. dr \u0160endelj.<\/p>\n\n\n\n<p>Gost sastanka bio je i v.d. direktora Agencije za sajber bezbjednost Samir Orahovac, koji je poru\u010dio da Agencija za sajber bezbjednost, kao centralno nacionalno tijelo u ovoj oblasti, ima zadatak da objedini napore dr\u017eave u odgovoru na sajber prijetnje, za\u0161titi kriti\u010dnu informacionu infrastrukturu i unaprijedi koordinaciju izme\u0111u javnog i privatnog sektora. Uloga Agencije ne\u0107e biti samo reaktivna \u2013 da odgovara na incidente \u2013 ve\u0107 prije svega proaktivna: da uspostavlja standarde, preporuke i dobre prakse, pru\u017ea stru\u010dnu podr\u0161ku klju\u010dnim i va\u017enim subjektima i doprinosi podizanju svijesti u cijelom dru\u0161tvu. Istakao je i da je Privredna komora je prirodan partner Agencije. Ne vidimo ovu saradnju kao formalnu obavezu, ve\u0107 kao odnos povjerenja, otvorenog dijaloga i stvarnog partnerstva izme\u0111u dr\u017eave i privrede. Bez tog partnerstva, nema ozbiljne sajber bezbjednosti.<\/p>\n\n\n\n<p>Sekretarka Odbora za ICT Privredne komore Crne Gore, Nada Rako\u010devi\u0107, u izjavi povodom ovog skupa istakla je da je ovakav format okupljanja od posebnog zna\u010daja za ICT zajednicu:<\/p>\n\n\n\n<p>\u201eICT sektor ima klju\u010dnu ulogu u razvoju i primjeni savremenih rje\u0161enja za sajber bezbjednost. Kroz CSupMNE projekat i partnersko u\u010de\u0161\u0107e Privredne komore Crne Gore, otvara se prostor za sna\u017eniju saradnju izme\u0111u ICT kompanija, akademske zajednice i institucija, \u0161to je preduslov za razvoj doma\u0107ih kapaciteta i konkurentnih bezbjednosnih rje\u0161enja.\u201c<\/p>\n\n\n\n<p>Sekretar Odbora Udru\u017eenja bankarstva Privredne komore Crne Gore, Almer Be\u0107iragi\u0107, naglasio je da bankarski sektor sajber bezbjednost prepoznaje kao jedan od klju\u010dnih operativnih i sistemskih rizika:<\/p>\n\n\n\n<p>\u201eBankarski sektor se kontinuirano suo\u010dava sa sofisticiranim sajber prijetnjama, zbog \u010dega raspola\u017ee razvijenim procedurama i standardima za\u0161tite. Razmjena iskustava sa akademskom zajednicom i ICT sektorom, u okviru projekata poput CSupMNE, doprinosi ja\u010danju ukupne digitalne otpornosti i podizanju nivoa bezbjednosti na nacionalnom nivou.\u201c<\/p>\n\n\n\n<p>Govornici o ovoj temi na skupu su bili i Ivan Stankovi\u0107 iz \u010cikoma, te Marko Ivani\u0161evi\u0107 iz Lov\u0107en Banke.<\/p>\n\n\n\n<p>CSupMNE projekat bavi se ja\u010danjem sajber bezbjednosti u sistemu visokog obrazovanja Crne Gore kroz sprovo\u0111enje sistemskih i strukturnih reformi koje omogu\u0107avaju bolju procjenu, za\u0161titu i upravljanje rastu\u0107im digitalnim rizicima. Fokus projekta je na unapre\u0111enju kapaciteta univerziteta za suo\u010davanje sa savremenim sajber prijetnjama, razvoju alata i procedura za procjenu i mitigaciju rizika, kao i na mapiranju i promociji ICT sektora kao va\u017enog aktera u unapre\u0111enju ukupne digitalne bezbjednosti.<\/p>\n\n\n\n<p>Na ovom me\u0111unarodnom projektu, pored UDG koji je i koordinator, partneri su Privredna komora Crne Gore, Ministarstvo prosvjete nauke i inovacija, Univerzitet Crne Gore, Univerzitet Mediteran i Univerzitet Adriatik, Institut savremenih tehnologija i Agencija za kontrolu i obezbje\u0111enje kvaliteta visokog obrazovanja.<\/p>\n\n\n\n<p>Privredna komora Crne Gore, kroz partnersko u\u010de\u0161\u0107e u CSupMNE projektu i aktivno uklju\u010divanje svojih udru\u017eenja, nastavlja da doprinosi ja\u010danju dijaloga izme\u0111u akademske zajednice, privrede i institucija, sa ciljem izgradnje koordinisanog i odr\u017eivog pristupa sajber bezbjednosti u Crnoj Gori.<\/p>","protected":false},"excerpt":{"rendered":"<p>U organizaciji Privredne komore Crne Gore, kao partnerske institucije na projektu CSupMNE \u2013 Ja\u010danje sajber bezbjednosti sistema visokog obrazovanja u Crnoj Gori, odr\u017ean je stru\u010dni skup posve\u0107en ja\u010danju sajber bezbjednosti, sa posebnim fokusom na ulogu visokog obrazovanja, ICT sektora i bankarstva u odgovoru na savremene digitalne prijetnje.<\/p>","protected":false},"author":1,"featured_media":915198,"comment_status":"open","ping_status":"open","sticky":false,"template":"","format":"standard","meta":{"_acf_changed":false,"footnotes":""},"categories":[2],"tags":[4172,602,4173],"naslovna":[],"class_list":["post-915197","post","type-post","status-publish","format-standard","has-post-thumbnail","hentry","category-drustvo","tag-agencija","tag-privredna-komora","tag-sajber-bezbijednost"],"acf":[],"yoast_head":"<!-- This site is optimized with the Yoast SEO plugin v27.4 - https:\/\/yoast.com\/product\/yoast-seo-wordpress\/ -->\n<title>\u0160endelj: Sajber bezbjednost zahtijeva koordinisan pristup akademske zajednice, privrede i institucija - dmcsrb.com<\/title>\n<meta name=\"robots\" content=\"index, follow, max-snippet:-1, max-image-preview:large, max-video-preview:-1\" \/>\n<link rel=\"canonical\" href=\"https:\/\/dmcsrb.com\/en\/drustvo\/sendelj-sajber-bezbjednost-zahtijeva-koordinisan-pristup-akademske-zajednice-privrede-i-institucija\/\" \/>\n<meta property=\"og:locale\" content=\"en_GB\" \/>\n<meta property=\"og:type\" content=\"article\" \/>\n<meta property=\"og:title\" content=\"\u0160endelj: Sajber bezbjednost zahtijeva koordinisan pristup akademske zajednice, privrede i institucija - dmcsrb.com\" \/>\n<meta property=\"og:description\" content=\"U organizaciji Privredne komore Crne Gore, kao partnerske institucije na projektu CSupMNE \u2013 Ja\u010danje sajber bezbjednosti sistema visokog obrazovanja u Crnoj Gori, odr\u017ean je stru\u010dni skup posve\u0107en ja\u010danju sajber bezbjednosti, sa posebnim fokusom na ulogu visokog obrazovanja, ICT sektora i bankarstva u odgovoru na savremene digitalne prijetnje.\" \/>\n<meta property=\"og:url\" content=\"https:\/\/dmcsrb.com\/en\/drustvo\/sendelj-sajber-bezbjednost-zahtijeva-koordinisan-pristup-akademske-zajednice-privrede-i-institucija\/\" \/>\n<meta property=\"og:site_name\" content=\"dmcsrb.com\" \/>\n<meta property=\"article:published_time\" content=\"2025-12-23T08:16:43+00:00\" \/>\n<meta property=\"og:image\" content=\"https:\/\/dmcsrb.com\/wp-content\/uploads\/2026\/01\/Cyber-0.jpg\" \/>\n\t<meta property=\"og:image:width\" content=\"945\" \/>\n\t<meta property=\"og:image:height\" content=\"631\" \/>\n\t<meta property=\"og:image:type\" content=\"image\/jpeg\" \/>\n<meta name=\"author\" content=\"dmcsrbija.com@gmail.com\" \/>\n<meta name=\"twitter:card\" content=\"summary_large_image\" \/>\n<meta name=\"twitter:label1\" content=\"Written by\" \/>\n\t<meta name=\"twitter:data1\" content=\"dmcsrbija.com@gmail.com\" \/>\n\t<meta name=\"twitter:label2\" content=\"Estimated reading time\" \/>\n\t<meta name=\"twitter:data2\" content=\"3 minutes\" \/>\n<script type=\"application\/ld+json\" class=\"yoast-schema-graph\">{\"@context\":\"https:\\\/\\\/schema.org\",\"@graph\":[{\"@type\":\"Article\",\"@id\":\"https:\\\/\\\/dmcsrb.com\\\/drustvo\\\/sendelj-sajber-bezbjednost-zahtijeva-koordinisan-pristup-akademske-zajednice-privrede-i-institucija\\\/#article\",\"isPartOf\":{\"@id\":\"https:\\\/\\\/dmcsrb.com\\\/drustvo\\\/sendelj-sajber-bezbjednost-zahtijeva-koordinisan-pristup-akademske-zajednice-privrede-i-institucija\\\/\"},\"author\":{\"name\":\"dmcsrbija.com@gmail.com\",\"@id\":\"https:\\\/\\\/dmcsrb.com\\\/#\\\/schema\\\/person\\\/5c39170f12db1b8b457732d0b5c854e2\"},\"headline\":\"\u0160endelj: Sajber bezbjednost zahtijeva koordinisan pristup akademske zajednice, privrede i institucija\",\"datePublished\":\"2025-12-23T08:16:43+00:00\",\"mainEntityOfPage\":{\"@id\":\"https:\\\/\\\/dmcsrb.com\\\/drustvo\\\/sendelj-sajber-bezbjednost-zahtijeva-koordinisan-pristup-akademske-zajednice-privrede-i-institucija\\\/\"},\"wordCount\":693,\"commentCount\":0,\"image\":{\"@id\":\"https:\\\/\\\/dmcsrb.com\\\/drustvo\\\/sendelj-sajber-bezbjednost-zahtijeva-koordinisan-pristup-akademske-zajednice-privrede-i-institucija\\\/#primaryimage\"},\"thumbnailUrl\":\"https:\\\/\\\/dmcsrb.com\\\/wp-content\\\/uploads\\\/2026\\\/01\\\/Cyber-0.jpg\",\"keywords\":[\"agencija\",\"Privredna komora\",\"sajber bezbijednost\"],\"articleSection\":[\"Dru\u0161tvo\"],\"inLanguage\":\"en-GB\",\"potentialAction\":[{\"@type\":\"CommentAction\",\"name\":\"Comment\",\"target\":[\"https:\\\/\\\/dmcsrb.com\\\/drustvo\\\/sendelj-sajber-bezbjednost-zahtijeva-koordinisan-pristup-akademske-zajednice-privrede-i-institucija\\\/#respond\"]}]},{\"@type\":\"WebPage\",\"@id\":\"https:\\\/\\\/dmcsrb.com\\\/drustvo\\\/sendelj-sajber-bezbjednost-zahtijeva-koordinisan-pristup-akademske-zajednice-privrede-i-institucija\\\/\",\"url\":\"https:\\\/\\\/dmcsrb.com\\\/drustvo\\\/sendelj-sajber-bezbjednost-zahtijeva-koordinisan-pristup-akademske-zajednice-privrede-i-institucija\\\/\",\"name\":\"\u0160endelj: Sajber bezbjednost zahtijeva koordinisan pristup akademske zajednice, privrede i institucija - dmcsrb.com\",\"isPartOf\":{\"@id\":\"https:\\\/\\\/dmcsrb.com\\\/#website\"},\"primaryImageOfPage\":{\"@id\":\"https:\\\/\\\/dmcsrb.com\\\/drustvo\\\/sendelj-sajber-bezbjednost-zahtijeva-koordinisan-pristup-akademske-zajednice-privrede-i-institucija\\\/#primaryimage\"},\"image\":{\"@id\":\"https:\\\/\\\/dmcsrb.com\\\/drustvo\\\/sendelj-sajber-bezbjednost-zahtijeva-koordinisan-pristup-akademske-zajednice-privrede-i-institucija\\\/#primaryimage\"},\"thumbnailUrl\":\"https:\\\/\\\/dmcsrb.com\\\/wp-content\\\/uploads\\\/2026\\\/01\\\/Cyber-0.jpg\",\"datePublished\":\"2025-12-23T08:16:43+00:00\",\"author\":{\"@id\":\"https:\\\/\\\/dmcsrb.com\\\/#\\\/schema\\\/person\\\/5c39170f12db1b8b457732d0b5c854e2\"},\"breadcrumb\":{\"@id\":\"https:\\\/\\\/dmcsrb.com\\\/drustvo\\\/sendelj-sajber-bezbjednost-zahtijeva-koordinisan-pristup-akademske-zajednice-privrede-i-institucija\\\/#breadcrumb\"},\"inLanguage\":\"en-GB\",\"potentialAction\":[{\"@type\":\"ReadAction\",\"target\":[\"https:\\\/\\\/dmcsrb.com\\\/drustvo\\\/sendelj-sajber-bezbjednost-zahtijeva-koordinisan-pristup-akademske-zajednice-privrede-i-institucija\\\/\"]}]},{\"@type\":\"ImageObject\",\"inLanguage\":\"en-GB\",\"@id\":\"https:\\\/\\\/dmcsrb.com\\\/drustvo\\\/sendelj-sajber-bezbjednost-zahtijeva-koordinisan-pristup-akademske-zajednice-privrede-i-institucija\\\/#primaryimage\",\"url\":\"https:\\\/\\\/dmcsrb.com\\\/wp-content\\\/uploads\\\/2026\\\/01\\\/Cyber-0.jpg\",\"contentUrl\":\"https:\\\/\\\/dmcsrb.com\\\/wp-content\\\/uploads\\\/2026\\\/01\\\/Cyber-0.jpg\",\"width\":945,\"height\":631},{\"@type\":\"BreadcrumbList\",\"@id\":\"https:\\\/\\\/dmcsrb.com\\\/drustvo\\\/sendelj-sajber-bezbjednost-zahtijeva-koordinisan-pristup-akademske-zajednice-privrede-i-institucija\\\/#breadcrumb\",\"itemListElement\":[{\"@type\":\"ListItem\",\"position\":1,\"name\":\"Home\",\"item\":\"https:\\\/\\\/dmcsrb.com\\\/\"},{\"@type\":\"ListItem\",\"position\":2,\"name\":\"\u0160endelj: Sajber bezbjednost zahtijeva koordinisan pristup akademske zajednice, privrede i institucija\"}]},{\"@type\":\"WebSite\",\"@id\":\"https:\\\/\\\/dmcsrb.com\\\/#website\",\"url\":\"https:\\\/\\\/dmcsrb.com\\\/\",\"name\":\"dmcsrb.com\",\"description\":\"\",\"potentialAction\":[{\"@type\":\"SearchAction\",\"target\":{\"@type\":\"EntryPoint\",\"urlTemplate\":\"https:\\\/\\\/dmcsrb.com\\\/?s={search_term_string}\"},\"query-input\":{\"@type\":\"PropertyValueSpecification\",\"valueRequired\":true,\"valueName\":\"search_term_string\"}}],\"inLanguage\":\"en-GB\"},{\"@type\":\"Person\",\"@id\":\"https:\\\/\\\/dmcsrb.com\\\/#\\\/schema\\\/person\\\/5c39170f12db1b8b457732d0b5c854e2\",\"name\":\"dmcsrbija.com@gmail.com\",\"image\":{\"@type\":\"ImageObject\",\"inLanguage\":\"en-GB\",\"@id\":\"https:\\\/\\\/secure.gravatar.com\\\/avatar\\\/68592660ad6347fad0fb587f8d5d8f1a7b44961362f56e4f2cd524feb87e9069?s=96&d=mm&r=g\",\"url\":\"https:\\\/\\\/secure.gravatar.com\\\/avatar\\\/68592660ad6347fad0fb587f8d5d8f1a7b44961362f56e4f2cd524feb87e9069?s=96&d=mm&r=g\",\"contentUrl\":\"https:\\\/\\\/secure.gravatar.com\\\/avatar\\\/68592660ad6347fad0fb587f8d5d8f1a7b44961362f56e4f2cd524feb87e9069?s=96&d=mm&r=g\",\"caption\":\"dmcsrbija.com@gmail.com\"},\"sameAs\":[\"https:\\\/\\\/dmcsrb.com\"],\"url\":\"https:\\\/\\\/dmcsrb.com\\\/en\\\/author\\\/dmcsrbija-comgmail-com\\\/\"}]}<\/script>\n<!-- \/ Yoast SEO plugin. -->","yoast_head_json":{"title":"\u0160endelj: Sajber bezbjednost zahtijeva koordinisan pristup akademske zajednice, privrede i institucija - dmcsrb.com","robots":{"index":"index","follow":"follow","max-snippet":"max-snippet:-1","max-image-preview":"max-image-preview:large","max-video-preview":"max-video-preview:-1"},"canonical":"https:\/\/dmcsrb.com\/en\/drustvo\/sendelj-sajber-bezbjednost-zahtijeva-koordinisan-pristup-akademske-zajednice-privrede-i-institucija\/","og_locale":"en_GB","og_type":"article","og_title":"\u0160endelj: Sajber bezbjednost zahtijeva koordinisan pristup akademske zajednice, privrede i institucija - dmcsrb.com","og_description":"U organizaciji Privredne komore Crne Gore, kao partnerske institucije na projektu CSupMNE \u2013 Ja\u010danje sajber bezbjednosti sistema visokog obrazovanja u Crnoj Gori, odr\u017ean je stru\u010dni skup posve\u0107en ja\u010danju sajber bezbjednosti, sa posebnim fokusom na ulogu visokog obrazovanja, ICT sektora i bankarstva u odgovoru na savremene digitalne prijetnje.","og_url":"https:\/\/dmcsrb.com\/en\/drustvo\/sendelj-sajber-bezbjednost-zahtijeva-koordinisan-pristup-akademske-zajednice-privrede-i-institucija\/","og_site_name":"dmcsrb.com","article_published_time":"2025-12-23T08:16:43+00:00","og_image":[{"width":945,"height":631,"url":"https:\/\/dmcsrb.com\/wp-content\/uploads\/2026\/01\/Cyber-0.jpg","type":"image\/jpeg"}],"author":"dmcsrbija.com@gmail.com","twitter_card":"summary_large_image","twitter_misc":{"Written by":"dmcsrbija.com@gmail.com","Estimated reading time":"3 minutes"},"schema":{"@context":"https:\/\/schema.org","@graph":[{"@type":"Article","@id":"https:\/\/dmcsrb.com\/drustvo\/sendelj-sajber-bezbjednost-zahtijeva-koordinisan-pristup-akademske-zajednice-privrede-i-institucija\/#article","isPartOf":{"@id":"https:\/\/dmcsrb.com\/drustvo\/sendelj-sajber-bezbjednost-zahtijeva-koordinisan-pristup-akademske-zajednice-privrede-i-institucija\/"},"author":{"name":"dmcsrbija.com@gmail.com","@id":"https:\/\/dmcsrb.com\/#\/schema\/person\/5c39170f12db1b8b457732d0b5c854e2"},"headline":"\u0160endelj: Sajber bezbjednost zahtijeva koordinisan pristup akademske zajednice, privrede i institucija","datePublished":"2025-12-23T08:16:43+00:00","mainEntityOfPage":{"@id":"https:\/\/dmcsrb.com\/drustvo\/sendelj-sajber-bezbjednost-zahtijeva-koordinisan-pristup-akademske-zajednice-privrede-i-institucija\/"},"wordCount":693,"commentCount":0,"image":{"@id":"https:\/\/dmcsrb.com\/drustvo\/sendelj-sajber-bezbjednost-zahtijeva-koordinisan-pristup-akademske-zajednice-privrede-i-institucija\/#primaryimage"},"thumbnailUrl":"https:\/\/dmcsrb.com\/wp-content\/uploads\/2026\/01\/Cyber-0.jpg","keywords":["agencija","Privredna komora","sajber bezbijednost"],"articleSection":["Dru\u0161tvo"],"inLanguage":"en-GB","potentialAction":[{"@type":"CommentAction","name":"Comment","target":["https:\/\/dmcsrb.com\/drustvo\/sendelj-sajber-bezbjednost-zahtijeva-koordinisan-pristup-akademske-zajednice-privrede-i-institucija\/#respond"]}]},{"@type":"WebPage","@id":"https:\/\/dmcsrb.com\/drustvo\/sendelj-sajber-bezbjednost-zahtijeva-koordinisan-pristup-akademske-zajednice-privrede-i-institucija\/","url":"https:\/\/dmcsrb.com\/drustvo\/sendelj-sajber-bezbjednost-zahtijeva-koordinisan-pristup-akademske-zajednice-privrede-i-institucija\/","name":"\u0160endelj: Sajber bezbjednost zahtijeva koordinisan pristup akademske zajednice, privrede i institucija - dmcsrb.com","isPartOf":{"@id":"https:\/\/dmcsrb.com\/#website"},"primaryImageOfPage":{"@id":"https:\/\/dmcsrb.com\/drustvo\/sendelj-sajber-bezbjednost-zahtijeva-koordinisan-pristup-akademske-zajednice-privrede-i-institucija\/#primaryimage"},"image":{"@id":"https:\/\/dmcsrb.com\/drustvo\/sendelj-sajber-bezbjednost-zahtijeva-koordinisan-pristup-akademske-zajednice-privrede-i-institucija\/#primaryimage"},"thumbnailUrl":"https:\/\/dmcsrb.com\/wp-content\/uploads\/2026\/01\/Cyber-0.jpg","datePublished":"2025-12-23T08:16:43+00:00","author":{"@id":"https:\/\/dmcsrb.com\/#\/schema\/person\/5c39170f12db1b8b457732d0b5c854e2"},"breadcrumb":{"@id":"https:\/\/dmcsrb.com\/drustvo\/sendelj-sajber-bezbjednost-zahtijeva-koordinisan-pristup-akademske-zajednice-privrede-i-institucija\/#breadcrumb"},"inLanguage":"en-GB","potentialAction":[{"@type":"ReadAction","target":["https:\/\/dmcsrb.com\/drustvo\/sendelj-sajber-bezbjednost-zahtijeva-koordinisan-pristup-akademske-zajednice-privrede-i-institucija\/"]}]},{"@type":"ImageObject","inLanguage":"en-GB","@id":"https:\/\/dmcsrb.com\/drustvo\/sendelj-sajber-bezbjednost-zahtijeva-koordinisan-pristup-akademske-zajednice-privrede-i-institucija\/#primaryimage","url":"https:\/\/dmcsrb.com\/wp-content\/uploads\/2026\/01\/Cyber-0.jpg","contentUrl":"https:\/\/dmcsrb.com\/wp-content\/uploads\/2026\/01\/Cyber-0.jpg","width":945,"height":631},{"@type":"BreadcrumbList","@id":"https:\/\/dmcsrb.com\/drustvo\/sendelj-sajber-bezbjednost-zahtijeva-koordinisan-pristup-akademske-zajednice-privrede-i-institucija\/#breadcrumb","itemListElement":[{"@type":"ListItem","position":1,"name":"Home","item":"https:\/\/dmcsrb.com\/"},{"@type":"ListItem","position":2,"name":"\u0160endelj: Sajber bezbjednost zahtijeva koordinisan pristup akademske zajednice, privrede i institucija"}]},{"@type":"WebSite","@id":"https:\/\/dmcsrb.com\/#website","url":"https:\/\/dmcsrb.com\/","name":"dmcsrb.com","description":"","potentialAction":[{"@type":"SearchAction","target":{"@type":"EntryPoint","urlTemplate":"https:\/\/dmcsrb.com\/?s={search_term_string}"},"query-input":{"@type":"PropertyValueSpecification","valueRequired":true,"valueName":"search_term_string"}}],"inLanguage":"en-GB"},{"@type":"Person","@id":"https:\/\/dmcsrb.com\/#\/schema\/person\/5c39170f12db1b8b457732d0b5c854e2","name":"dmcsrbija.com@gmail.com","image":{"@type":"ImageObject","inLanguage":"en-GB","@id":"https:\/\/secure.gravatar.com\/avatar\/68592660ad6347fad0fb587f8d5d8f1a7b44961362f56e4f2cd524feb87e9069?s=96&d=mm&r=g","url":"https:\/\/secure.gravatar.com\/avatar\/68592660ad6347fad0fb587f8d5d8f1a7b44961362f56e4f2cd524feb87e9069?s=96&d=mm&r=g","contentUrl":"https:\/\/secure.gravatar.com\/avatar\/68592660ad6347fad0fb587f8d5d8f1a7b44961362f56e4f2cd524feb87e9069?s=96&d=mm&r=g","caption":"dmcsrbija.com@gmail.com"},"sameAs":["https:\/\/dmcsrb.com"],"url":"https:\/\/dmcsrb.com\/en\/author\/dmcsrbija-comgmail-com\/"}]}},"_links":{"self":[{"href":"https:\/\/dmcsrb.com\/en\/wp-json\/wp\/v2\/posts\/915197","targetHints":{"allow":["GET"]}}],"collection":[{"href":"https:\/\/dmcsrb.com\/en\/wp-json\/wp\/v2\/posts"}],"about":[{"href":"https:\/\/dmcsrb.com\/en\/wp-json\/wp\/v2\/types\/post"}],"author":[{"embeddable":true,"href":"https:\/\/dmcsrb.com\/en\/wp-json\/wp\/v2\/users\/1"}],"replies":[{"embeddable":true,"href":"https:\/\/dmcsrb.com\/en\/wp-json\/wp\/v2\/comments?post=915197"}],"version-history":[{"count":0,"href":"https:\/\/dmcsrb.com\/en\/wp-json\/wp\/v2\/posts\/915197\/revisions"}],"wp:featuredmedia":[{"embeddable":true,"href":"https:\/\/dmcsrb.com\/en\/wp-json\/wp\/v2\/media\/915198"}],"wp:attachment":[{"href":"https:\/\/dmcsrb.com\/en\/wp-json\/wp\/v2\/media?parent=915197"}],"wp:term":[{"taxonomy":"category","embeddable":true,"href":"https:\/\/dmcsrb.com\/en\/wp-json\/wp\/v2\/categories?post=915197"},{"taxonomy":"post_tag","embeddable":true,"href":"https:\/\/dmcsrb.com\/en\/wp-json\/wp\/v2\/tags?post=915197"},{"taxonomy":"naslovna","embeddable":true,"href":"https:\/\/dmcsrb.com\/en\/wp-json\/wp\/v2\/naslovna?post=915197"}],"curies":[{"name":"wp","href":"https:\/\/api.w.org\/{rel}","templated":true}]}}