{"id":915169,"date":"2025-12-23T07:08:00","date_gmt":"2025-12-23T06:08:00","guid":{"rendered":"https:\/\/dmcsrb.com\/uncategorized\/podrska-skupstinskom-odboru-za-mlade\/"},"modified":"2025-12-23T07:08:00","modified_gmt":"2025-12-23T06:08:00","slug":"podrska-skupstinskom-odboru-za-mlade","status":"publish","type":"post","link":"https:\/\/dmcsrb.com\/en\/politika\/podrska-skupstinskom-odboru-za-mlade\/","title":{"rendered":"Podr\u0161ka skup\u0161tinskom odboru za mlade"},"content":{"rendered":"<p><\/p>\n\n\n\n<p><\/p>\n\n\n\n<p>Formiranjem odbora za mlade prvi put bi bio uspostavljen trajan i ozbiljan parlamentarni prostor posve\u0107en mladim osobama, ka\u017ee za na\u0161 Radio poslanica Demokrata An\u0111ela Vojinovi\u0107, koja je u ime parlamentarne ve\u0107ine predala u skup\u0161tinsku proceduru predlog odluke o izmjenama i dopunama Poslovnika Skup\u0161tine Crne Gore.<\/p>\n\n\n\n<p>&#8220;U kojem \u0107e se govoriti zaista o izazovima sa kojima se suo\u010davaju, o njihovim problemima i potrebama, s obzirom na to da su se pitanja mladih u Skup\u0161tini razmatrala, povremeno, bez kontinuiteta i bez prostora za dublju analizu&#8221;, kazala je poslanica.<\/p>\n\n\n\n<p>Taj odbor treba da bude mjesto dijaloga i povjerenja, nagla\u0161ava Vojinovi\u0107.<\/p>\n\n\n\n<p>&#8220;Dakle, mjesto gdje \u0107e se i zakoni i te javne politike posmatrati kroz svakodnevni \u017eivot tih mladih ljudi, bilo da govorimo o obrazovanju i zapo\u0161ljavanju, o stanovanju, o digitalnoj bezbjednosti, o mentalnom zdravlju, o evropskim integracijama, dakle sve one oblasti dru\u0161tvenog \u017eivota u kojima ima mladi aktivni u\u010destvovanje i koje se njih ti\u010du&#8221;, kazala je Vojinocvui\u0107.<\/p>\n\n\n\n<p>Inicijativa u pogledu formiranja adekvatnog odbora za mlade zna\u010dila bi u\u010de\u0161\u0107e mladih u procesu kreiranja javnih politika i dono\u0161enja odluka, ka\u017ee za Radio Crne Gore predsjednik Mre\u017ee za omladinski aktivizam David Vuki\u0107evi\u0107.<\/p>\n\n\n\n<p>&#8220;Osna\u017eivanje polo\u017eaja mladih, odnosno participacija mladih u procesima Kreiranje javnih politika i dono\u0161enje odluka jeste ne\u0161to \u0161to su klju\u010dne demokratske i gra\u0111anske vrijednosti na kojima po\u010diva sama EU&#8221;, ka\u017ee Vuki\u0107evi\u0107.<\/p>\n\n\n\n<p>Jasno je da se u procesu evropskih integracija omladinska politika izdvaja kao zna\u010dajan segment cijelog tog procesa, dodaje Vuki\u0107evi\u0107.<\/p>\n\n\n\n<p>&#8220;U skorijem periodu smo imali da predsjednik Crne Gore formira Savjet omladinskih inicijativa. Imali smo situaciju da je u Skup\u0161tini Glavnog grada formiran savjet za omladinsku obrazovnu politiku kao stalno radno tijelo Skup\u0161tine Glavnog Grada, u tom duhu treba nastaviti i u Skup\u0161tini Crne Gore&#8221;, ka\u017ee aktivista.<\/p>\n\n\n\n<p>Vuki\u0107evi\u0107 podsje\u0107a da mre\u017ea za omladinski aktivizam godinama predano radi na unapre\u0111enju polo\u017eaja mladih.<\/p>","protected":false},"excerpt":{"rendered":"<p>Poslanica Demokratske Crne Gore An\u0111ela Vojinovi\u0107 je u ime parlamentarne ve\u0107ine predala u skup\u0161tinsku proceduru predlog odluke o izmjenama i dopunama poslovnika Skup\u0161tine kojim se predvi\u0111a formiranje odbora za mlade kao stalnog radnog tijela parlamenta. Vojinovi\u0107 je za Radio Crne Gore kazala da se tom inicijativom prvi put uspostavlja jasan i trajan parlamentarni prostor posve\u0107en mladima. Jasno je da se u procesu evropskih integracija omladinska politika izdvaja kao zna\u010dajan segment cijelog tog procesa, kazao nam je predsjednik Mre\u017ee za omladinski aktivizam David Vuki\u0107evi\u0107.<\/p>","protected":false},"author":1,"featured_media":915170,"comment_status":"open","ping_status":"open","sticky":false,"template":"","format":"standard","meta":{"_acf_changed":false,"footnotes":""},"categories":[12],"tags":[3187,15],"naslovna":[],"class_list":["post-915169","post","type-post","status-publish","format-standard","has-post-thumbnail","hentry","category-politika","tag-odbor-za-mlade","tag-skupstina"],"acf":[],"yoast_head":"<!-- This site is optimized with the Yoast SEO plugin v27.0 - https:\/\/yoast.com\/product\/yoast-seo-wordpress\/ -->\n<title>Podr\u0161ka skup\u0161tinskom odboru za mlade - dmcsrb.com<\/title>\n<meta name=\"robots\" content=\"index, follow, max-snippet:-1, max-image-preview:large, max-video-preview:-1\" \/>\n<link rel=\"canonical\" href=\"https:\/\/dmcsrb.com\/en\/politika\/podrska-skupstinskom-odboru-za-mlade\/\" \/>\n<meta property=\"og:locale\" content=\"en_GB\" \/>\n<meta property=\"og:type\" content=\"article\" \/>\n<meta property=\"og:title\" content=\"Podr\u0161ka skup\u0161tinskom odboru za mlade - dmcsrb.com\" \/>\n<meta property=\"og:description\" content=\"Poslanica Demokratske Crne Gore An\u0111ela Vojinovi\u0107 je u ime parlamentarne ve\u0107ine predala u skup\u0161tinsku proceduru predlog odluke o izmjenama i dopunama poslovnika Skup\u0161tine kojim se predvi\u0111a formiranje odbora za mlade kao stalnog radnog tijela parlamenta. Vojinovi\u0107 je za Radio Crne Gore kazala da se tom inicijativom prvi put uspostavlja jasan i trajan parlamentarni prostor posve\u0107en mladima. Jasno je da se u procesu evropskih integracija omladinska politika izdvaja kao zna\u010dajan segment cijelog tog procesa, kazao nam je predsjednik Mre\u017ee za omladinski aktivizam David Vuki\u0107evi\u0107.\" \/>\n<meta property=\"og:url\" content=\"https:\/\/dmcsrb.com\/en\/politika\/podrska-skupstinskom-odboru-za-mlade\/\" \/>\n<meta property=\"og:site_name\" content=\"dmcsrb.com\" \/>\n<meta property=\"article:published_time\" content=\"2025-12-23T06:08:00+00:00\" \/>\n<meta property=\"og:image\" content=\"https:\/\/dmcsrb.com\/wp-content\/uploads\/2026\/01\/image001_599x900.jpg\" \/>\n\t<meta property=\"og:image:width\" content=\"899\" \/>\n\t<meta property=\"og:image:height\" content=\"599\" \/>\n\t<meta property=\"og:image:type\" content=\"image\/jpeg\" \/>\n<meta name=\"author\" content=\"dmcsrbija.com@gmail.com\" \/>\n<meta name=\"twitter:card\" content=\"summary_large_image\" \/>\n<meta name=\"twitter:label1\" content=\"Written by\" \/>\n\t<meta name=\"twitter:data1\" content=\"dmcsrbija.com@gmail.com\" \/>\n\t<meta name=\"twitter:label2\" content=\"Estimated reading time\" \/>\n\t<meta name=\"twitter:data2\" content=\"2 minutes\" \/>\n<script type=\"application\/ld+json\" class=\"yoast-schema-graph\">{\"@context\":\"https:\/\/schema.org\",\"@graph\":[{\"@type\":\"Article\",\"@id\":\"https:\/\/dmcsrb.com\/politika\/podrska-skupstinskom-odboru-za-mlade\/#article\",\"isPartOf\":{\"@id\":\"https:\/\/dmcsrb.com\/politika\/podrska-skupstinskom-odboru-za-mlade\/\"},\"author\":{\"name\":\"dmcsrbija.com@gmail.com\",\"@id\":\"https:\/\/dmcsrb.com\/#\/schema\/person\/5c39170f12db1b8b457732d0b5c854e2\"},\"headline\":\"Podr\u0161ka skup\u0161tinskom odboru za mlade\",\"datePublished\":\"2025-12-23T06:08:00+00:00\",\"mainEntityOfPage\":{\"@id\":\"https:\/\/dmcsrb.com\/politika\/podrska-skupstinskom-odboru-za-mlade\/\"},\"wordCount\":342,\"commentCount\":0,\"image\":{\"@id\":\"https:\/\/dmcsrb.com\/politika\/podrska-skupstinskom-odboru-za-mlade\/#primaryimage\"},\"thumbnailUrl\":\"https:\/\/dmcsrb.com\/wp-content\/uploads\/2026\/01\/image001_599x900.jpg\",\"keywords\":[\"odbor za mlade\",\"Skup\u0161tina\"],\"articleSection\":[\"Politika\"],\"inLanguage\":\"en-GB\",\"potentialAction\":[{\"@type\":\"CommentAction\",\"name\":\"Comment\",\"target\":[\"https:\/\/dmcsrb.com\/politika\/podrska-skupstinskom-odboru-za-mlade\/#respond\"]}]},{\"@type\":\"WebPage\",\"@id\":\"https:\/\/dmcsrb.com\/politika\/podrska-skupstinskom-odboru-za-mlade\/\",\"url\":\"https:\/\/dmcsrb.com\/politika\/podrska-skupstinskom-odboru-za-mlade\/\",\"name\":\"Podr\u0161ka skup\u0161tinskom odboru za mlade - dmcsrb.com\",\"isPartOf\":{\"@id\":\"https:\/\/dmcsrb.com\/#website\"},\"primaryImageOfPage\":{\"@id\":\"https:\/\/dmcsrb.com\/politika\/podrska-skupstinskom-odboru-za-mlade\/#primaryimage\"},\"image\":{\"@id\":\"https:\/\/dmcsrb.com\/politika\/podrska-skupstinskom-odboru-za-mlade\/#primaryimage\"},\"thumbnailUrl\":\"https:\/\/dmcsrb.com\/wp-content\/uploads\/2026\/01\/image001_599x900.jpg\",\"datePublished\":\"2025-12-23T06:08:00+00:00\",\"author\":{\"@id\":\"https:\/\/dmcsrb.com\/#\/schema\/person\/5c39170f12db1b8b457732d0b5c854e2\"},\"breadcrumb\":{\"@id\":\"https:\/\/dmcsrb.com\/politika\/podrska-skupstinskom-odboru-za-mlade\/#breadcrumb\"},\"inLanguage\":\"en-GB\",\"potentialAction\":[{\"@type\":\"ReadAction\",\"target\":[\"https:\/\/dmcsrb.com\/politika\/podrska-skupstinskom-odboru-za-mlade\/\"]}]},{\"@type\":\"ImageObject\",\"inLanguage\":\"en-GB\",\"@id\":\"https:\/\/dmcsrb.com\/politika\/podrska-skupstinskom-odboru-za-mlade\/#primaryimage\",\"url\":\"https:\/\/dmcsrb.com\/wp-content\/uploads\/2026\/01\/image001_599x900.jpg\",\"contentUrl\":\"https:\/\/dmcsrb.com\/wp-content\/uploads\/2026\/01\/image001_599x900.jpg\",\"width\":899,\"height\":599},{\"@type\":\"BreadcrumbList\",\"@id\":\"https:\/\/dmcsrb.com\/politika\/podrska-skupstinskom-odboru-za-mlade\/#breadcrumb\",\"itemListElement\":[{\"@type\":\"ListItem\",\"position\":1,\"name\":\"Home\",\"item\":\"https:\/\/dmcsrb.com\/\"},{\"@type\":\"ListItem\",\"position\":2,\"name\":\"Podr\u0161ka skup\u0161tinskom odboru za mlade\"}]},{\"@type\":\"WebSite\",\"@id\":\"https:\/\/dmcsrb.com\/#website\",\"url\":\"https:\/\/dmcsrb.com\/\",\"name\":\"dmcsrb.com\",\"description\":\"\",\"potentialAction\":[{\"@type\":\"SearchAction\",\"target\":{\"@type\":\"EntryPoint\",\"urlTemplate\":\"https:\/\/dmcsrb.com\/?s={search_term_string}\"},\"query-input\":{\"@type\":\"PropertyValueSpecification\",\"valueRequired\":true,\"valueName\":\"search_term_string\"}}],\"inLanguage\":\"en-GB\"},{\"@type\":\"Person\",\"@id\":\"https:\/\/dmcsrb.com\/#\/schema\/person\/5c39170f12db1b8b457732d0b5c854e2\",\"name\":\"dmcsrbija.com@gmail.com\",\"image\":{\"@type\":\"ImageObject\",\"inLanguage\":\"en-GB\",\"@id\":\"https:\/\/dmcsrb.com\/#\/schema\/person\/image\/\",\"url\":\"https:\/\/secure.gravatar.com\/avatar\/68592660ad6347fad0fb587f8d5d8f1a7b44961362f56e4f2cd524feb87e9069?s=96&d=mm&r=g\",\"contentUrl\":\"https:\/\/secure.gravatar.com\/avatar\/68592660ad6347fad0fb587f8d5d8f1a7b44961362f56e4f2cd524feb87e9069?s=96&d=mm&r=g\",\"caption\":\"dmcsrbija.com@gmail.com\"},\"sameAs\":[\"https:\/\/dmcsrb.com\"],\"url\":\"https:\/\/dmcsrb.com\/en\/author\/dmcsrbija-comgmail-com\/\"}]}<\/script>\n<!-- \/ Yoast SEO plugin. -->","yoast_head_json":{"title":"Podr\u0161ka skup\u0161tinskom odboru za mlade - dmcsrb.com","robots":{"index":"index","follow":"follow","max-snippet":"max-snippet:-1","max-image-preview":"max-image-preview:large","max-video-preview":"max-video-preview:-1"},"canonical":"https:\/\/dmcsrb.com\/en\/politika\/podrska-skupstinskom-odboru-za-mlade\/","og_locale":"en_GB","og_type":"article","og_title":"Podr\u0161ka skup\u0161tinskom odboru za mlade - dmcsrb.com","og_description":"Poslanica Demokratske Crne Gore An\u0111ela Vojinovi\u0107 je u ime parlamentarne ve\u0107ine predala u skup\u0161tinsku proceduru predlog odluke o izmjenama i dopunama poslovnika Skup\u0161tine kojim se predvi\u0111a formiranje odbora za mlade kao stalnog radnog tijela parlamenta. Vojinovi\u0107 je za Radio Crne Gore kazala da se tom inicijativom prvi put uspostavlja jasan i trajan parlamentarni prostor posve\u0107en mladima. Jasno je da se u procesu evropskih integracija omladinska politika izdvaja kao zna\u010dajan segment cijelog tog procesa, kazao nam je predsjednik Mre\u017ee za omladinski aktivizam David Vuki\u0107evi\u0107.","og_url":"https:\/\/dmcsrb.com\/en\/politika\/podrska-skupstinskom-odboru-za-mlade\/","og_site_name":"dmcsrb.com","article_published_time":"2025-12-23T06:08:00+00:00","og_image":[{"width":899,"height":599,"url":"https:\/\/dmcsrb.com\/wp-content\/uploads\/2026\/01\/image001_599x900.jpg","type":"image\/jpeg"}],"author":"dmcsrbija.com@gmail.com","twitter_card":"summary_large_image","twitter_misc":{"Written by":"dmcsrbija.com@gmail.com","Estimated reading time":"2 minutes"},"schema":{"@context":"https:\/\/schema.org","@graph":[{"@type":"Article","@id":"https:\/\/dmcsrb.com\/politika\/podrska-skupstinskom-odboru-za-mlade\/#article","isPartOf":{"@id":"https:\/\/dmcsrb.com\/politika\/podrska-skupstinskom-odboru-za-mlade\/"},"author":{"name":"dmcsrbija.com@gmail.com","@id":"https:\/\/dmcsrb.com\/#\/schema\/person\/5c39170f12db1b8b457732d0b5c854e2"},"headline":"Podr\u0161ka skup\u0161tinskom odboru za mlade","datePublished":"2025-12-23T06:08:00+00:00","mainEntityOfPage":{"@id":"https:\/\/dmcsrb.com\/politika\/podrska-skupstinskom-odboru-za-mlade\/"},"wordCount":342,"commentCount":0,"image":{"@id":"https:\/\/dmcsrb.com\/politika\/podrska-skupstinskom-odboru-za-mlade\/#primaryimage"},"thumbnailUrl":"https:\/\/dmcsrb.com\/wp-content\/uploads\/2026\/01\/image001_599x900.jpg","keywords":["odbor za mlade","Skup\u0161tina"],"articleSection":["Politika"],"inLanguage":"en-GB","potentialAction":[{"@type":"CommentAction","name":"Comment","target":["https:\/\/dmcsrb.com\/politika\/podrska-skupstinskom-odboru-za-mlade\/#respond"]}]},{"@type":"WebPage","@id":"https:\/\/dmcsrb.com\/politika\/podrska-skupstinskom-odboru-za-mlade\/","url":"https:\/\/dmcsrb.com\/politika\/podrska-skupstinskom-odboru-za-mlade\/","name":"Podr\u0161ka skup\u0161tinskom odboru za mlade - dmcsrb.com","isPartOf":{"@id":"https:\/\/dmcsrb.com\/#website"},"primaryImageOfPage":{"@id":"https:\/\/dmcsrb.com\/politika\/podrska-skupstinskom-odboru-za-mlade\/#primaryimage"},"image":{"@id":"https:\/\/dmcsrb.com\/politika\/podrska-skupstinskom-odboru-za-mlade\/#primaryimage"},"thumbnailUrl":"https:\/\/dmcsrb.com\/wp-content\/uploads\/2026\/01\/image001_599x900.jpg","datePublished":"2025-12-23T06:08:00+00:00","author":{"@id":"https:\/\/dmcsrb.com\/#\/schema\/person\/5c39170f12db1b8b457732d0b5c854e2"},"breadcrumb":{"@id":"https:\/\/dmcsrb.com\/politika\/podrska-skupstinskom-odboru-za-mlade\/#breadcrumb"},"inLanguage":"en-GB","potentialAction":[{"@type":"ReadAction","target":["https:\/\/dmcsrb.com\/politika\/podrska-skupstinskom-odboru-za-mlade\/"]}]},{"@type":"ImageObject","inLanguage":"en-GB","@id":"https:\/\/dmcsrb.com\/politika\/podrska-skupstinskom-odboru-za-mlade\/#primaryimage","url":"https:\/\/dmcsrb.com\/wp-content\/uploads\/2026\/01\/image001_599x900.jpg","contentUrl":"https:\/\/dmcsrb.com\/wp-content\/uploads\/2026\/01\/image001_599x900.jpg","width":899,"height":599},{"@type":"BreadcrumbList","@id":"https:\/\/dmcsrb.com\/politika\/podrska-skupstinskom-odboru-za-mlade\/#breadcrumb","itemListElement":[{"@type":"ListItem","position":1,"name":"Home","item":"https:\/\/dmcsrb.com\/"},{"@type":"ListItem","position":2,"name":"Podr\u0161ka skup\u0161tinskom odboru za mlade"}]},{"@type":"WebSite","@id":"https:\/\/dmcsrb.com\/#website","url":"https:\/\/dmcsrb.com\/","name":"dmcsrb.com","description":"","potentialAction":[{"@type":"SearchAction","target":{"@type":"EntryPoint","urlTemplate":"https:\/\/dmcsrb.com\/?s={search_term_string}"},"query-input":{"@type":"PropertyValueSpecification","valueRequired":true,"valueName":"search_term_string"}}],"inLanguage":"en-GB"},{"@type":"Person","@id":"https:\/\/dmcsrb.com\/#\/schema\/person\/5c39170f12db1b8b457732d0b5c854e2","name":"dmcsrbija.com@gmail.com","image":{"@type":"ImageObject","inLanguage":"en-GB","@id":"https:\/\/dmcsrb.com\/#\/schema\/person\/image\/","url":"https:\/\/secure.gravatar.com\/avatar\/68592660ad6347fad0fb587f8d5d8f1a7b44961362f56e4f2cd524feb87e9069?s=96&d=mm&r=g","contentUrl":"https:\/\/secure.gravatar.com\/avatar\/68592660ad6347fad0fb587f8d5d8f1a7b44961362f56e4f2cd524feb87e9069?s=96&d=mm&r=g","caption":"dmcsrbija.com@gmail.com"},"sameAs":["https:\/\/dmcsrb.com"],"url":"https:\/\/dmcsrb.com\/en\/author\/dmcsrbija-comgmail-com\/"}]}},"_links":{"self":[{"href":"https:\/\/dmcsrb.com\/en\/wp-json\/wp\/v2\/posts\/915169","targetHints":{"allow":["GET"]}}],"collection":[{"href":"https:\/\/dmcsrb.com\/en\/wp-json\/wp\/v2\/posts"}],"about":[{"href":"https:\/\/dmcsrb.com\/en\/wp-json\/wp\/v2\/types\/post"}],"author":[{"embeddable":true,"href":"https:\/\/dmcsrb.com\/en\/wp-json\/wp\/v2\/users\/1"}],"replies":[{"embeddable":true,"href":"https:\/\/dmcsrb.com\/en\/wp-json\/wp\/v2\/comments?post=915169"}],"version-history":[{"count":0,"href":"https:\/\/dmcsrb.com\/en\/wp-json\/wp\/v2\/posts\/915169\/revisions"}],"wp:featuredmedia":[{"embeddable":true,"href":"https:\/\/dmcsrb.com\/en\/wp-json\/wp\/v2\/media\/915170"}],"wp:attachment":[{"href":"https:\/\/dmcsrb.com\/en\/wp-json\/wp\/v2\/media?parent=915169"}],"wp:term":[{"taxonomy":"category","embeddable":true,"href":"https:\/\/dmcsrb.com\/en\/wp-json\/wp\/v2\/categories?post=915169"},{"taxonomy":"post_tag","embeddable":true,"href":"https:\/\/dmcsrb.com\/en\/wp-json\/wp\/v2\/tags?post=915169"},{"taxonomy":"naslovna","embeddable":true,"href":"https:\/\/dmcsrb.com\/en\/wp-json\/wp\/v2\/naslovna?post=915169"}],"curies":[{"name":"wp","href":"https:\/\/api.w.org\/{rel}","templated":true}]}}