{"id":915126,"date":"2025-12-22T20:10:00","date_gmt":"2025-12-22T19:10:00","guid":{"rendered":"https:\/\/dmcsrb.com\/uncategorized\/savez-gluvih-i-nagluvih-zakon-o-znakovnom-jeziku-ne-moze-se-kvalitetno-izraditi-bez-direktnog-ucesca-gluvih-osoba\/"},"modified":"2025-12-22T20:10:00","modified_gmt":"2025-12-22T19:10:00","slug":"savez-gluvih-i-nagluvih-zakon-o-znakovnom-jeziku-ne-moze-se-kvalitetno-izraditi-bez-direktnog-ucesca-gluvih-osoba","status":"publish","type":"post","link":"https:\/\/dmcsrb.com\/en\/drustvo\/savez-gluvih-i-nagluvih-zakon-o-znakovnom-jeziku-ne-moze-se-kvalitetno-izraditi-bez-direktnog-ucesca-gluvih-osoba\/","title":{"rendered":"Savez gluvih i nagluvih: Zakon o znakovnom jeziku ne mo\u017ee se kvalitetno izraditi bez direktnog u\u010de\u0161\u0107a gluvih osoba"},"content":{"rendered":"<p><\/p>\n\n\n\n<p>\u201cIstovremeno, \u017eelimo da preciziramo da nas je DPS u jednom trenutku kontaktirao i da smo u okviru tog kontakta davali povratne informacije i sugestije. Me\u0111utim, proces je vo\u0111en u izuzetno kratkim rokovima, uz veliki pritisak, zbog \u010dega smo jasno saop\u0161tili da ne \u017eelimo da u\u010destvujemo u takvom na\u010dinu izrade zakona\u201d, navodi se u saop\u0161tenju tog Saveza.<\/p>\n\n\n\n<p>Savez je, isti\u010du, zauzeo stav da je zakon o znakovnom jeziku kompleksan i sistemski proces, koji zahtijeva vrijeme, stru\u010dnu analizu, uporedna istra\u017eivanja i, \u0161to je najva\u017enije, su\u0161tinsko i kontinuirano u\u010de\u0161\u0107e Gluvih osoba od samog po\u010detka izrade zakona.<\/p>\n\n\n\n<p>\u201cZbog toga smo odlu\u010dili da sa\u010dekamo da Vlada Crne Gore donese odluku o tome koje \u0107e ministarstvo biti vode\u0107e u ovom procesu, te da kroz formiranje zvani\u010dne radne grupe u\u010destvujemo u izradi zakona zajedno sa nadle\u017enim institucijama, u transparentnom i inkluzivnom institucionalnom okviru\u201d, navodi se u saop\u0161tenju.<\/p>\n\n\n\n<p>Posebno nagla\u0161avaju da se zakon o znakovnom jeziku ne mo\u017ee kvalitetno pisati, istra\u017eivati niti sprovoditi bez direktnog u\u010de\u0161\u0107a Gluvih osoba. Znakovni jezik nije administrativno pitanje, ve\u0107 jezik, identitet i osnovno ljudsko pravo Gluvih ljudi.<\/p>\n\n\n\n<p>\u201cSavez organizacija gluvih i nagluvih Crne Gore ostaje otvoren za saradnju sa svim relevantnim akterima, ali jasno poru\u010duje: \u201eNi\u0161ta o Gluvima bez Gluvih\u201d\u201d, dodaju u saop\u0161tenju.<\/p>\n\n\n\n<p>Kako zaklju\u010duju, njihov cilj nije politi\u010dki, ve\u0107 jasan i nedvosmislen \u2013 ravnopravnost, dostupna komunikacija i dostojanstven \u017eivot za gluve i nagluve osobe u Crnoj Gori.<\/p>","protected":false},"excerpt":{"rendered":"<p>Savez organizacija gluvih i nagluvih Crne Gore saop\u0161tio je kako nisu od samog po\u010detka bili uklju\u010deni u izradu Predloga zakona o upotrebi znakovnog jezika, koji je najavljen od strane Kluba poslanika Demokratske partije socijalista (DPS).<\/p>","protected":false},"author":1,"featured_media":915127,"comment_status":"open","ping_status":"open","sticky":false,"template":"","format":"standard","meta":{"_acf_changed":false,"footnotes":""},"categories":[2],"tags":[4126,4127],"naslovna":[],"class_list":["post-915126","post","type-post","status-publish","format-standard","has-post-thumbnail","hentry","category-drustvo","tag-savez-gluvih-i-nagluvih","tag-znakovni-jezik"],"acf":[],"yoast_head":"<!-- This site is optimized with the Yoast SEO plugin v27.0 - https:\/\/yoast.com\/product\/yoast-seo-wordpress\/ -->\n<title>Savez gluvih i nagluvih: Zakon o znakovnom jeziku ne mo\u017ee se kvalitetno izraditi bez direktnog u\u010de\u0161\u0107a gluvih osoba - dmcsrb.com<\/title>\n<meta name=\"robots\" content=\"index, follow, max-snippet:-1, max-image-preview:large, max-video-preview:-1\" \/>\n<link rel=\"canonical\" href=\"https:\/\/dmcsrb.com\/en\/drustvo\/savez-gluvih-i-nagluvih-zakon-o-znakovnom-jeziku-ne-moze-se-kvalitetno-izraditi-bez-direktnog-ucesca-gluvih-osoba\/\" \/>\n<meta property=\"og:locale\" content=\"en_GB\" \/>\n<meta property=\"og:type\" content=\"article\" \/>\n<meta property=\"og:title\" content=\"Savez gluvih i nagluvih: Zakon o znakovnom jeziku ne mo\u017ee se kvalitetno izraditi bez direktnog u\u010de\u0161\u0107a gluvih osoba - dmcsrb.com\" \/>\n<meta property=\"og:description\" content=\"Savez organizacija gluvih i nagluvih Crne Gore saop\u0161tio je kako nisu od samog po\u010detka bili uklju\u010deni u izradu Predloga zakona o upotrebi znakovnog jezika, koji je najavljen od strane Kluba poslanika Demokratske partije socijalista (DPS).\" \/>\n<meta property=\"og:url\" content=\"https:\/\/dmcsrb.com\/en\/drustvo\/savez-gluvih-i-nagluvih-zakon-o-znakovnom-jeziku-ne-moze-se-kvalitetno-izraditi-bez-direktnog-ucesca-gluvih-osoba\/\" \/>\n<meta property=\"og:site_name\" content=\"dmcsrb.com\" \/>\n<meta property=\"article:published_time\" content=\"2025-12-22T19:10:00+00:00\" \/>\n<meta property=\"og:image\" content=\"https:\/\/dmcsrb.com\/wp-content\/uploads\/2026\/01\/znakovni-jezik.jpg\" \/>\n\t<meta property=\"og:image:width\" content=\"1200\" \/>\n\t<meta property=\"og:image:height\" content=\"900\" \/>\n\t<meta property=\"og:image:type\" content=\"image\/jpeg\" \/>\n<meta name=\"author\" content=\"dmcsrbija.com@gmail.com\" \/>\n<meta name=\"twitter:card\" content=\"summary_large_image\" \/>\n<meta name=\"twitter:label1\" content=\"Written by\" \/>\n\t<meta name=\"twitter:data1\" content=\"dmcsrbija.com@gmail.com\" \/>\n\t<meta name=\"twitter:label2\" content=\"Estimated reading time\" \/>\n\t<meta name=\"twitter:data2\" content=\"1 minute\" \/>\n<script type=\"application\/ld+json\" class=\"yoast-schema-graph\">{\"@context\":\"https:\/\/schema.org\",\"@graph\":[{\"@type\":\"Article\",\"@id\":\"https:\/\/dmcsrb.com\/drustvo\/savez-gluvih-i-nagluvih-zakon-o-znakovnom-jeziku-ne-moze-se-kvalitetno-izraditi-bez-direktnog-ucesca-gluvih-osoba\/#article\",\"isPartOf\":{\"@id\":\"https:\/\/dmcsrb.com\/drustvo\/savez-gluvih-i-nagluvih-zakon-o-znakovnom-jeziku-ne-moze-se-kvalitetno-izraditi-bez-direktnog-ucesca-gluvih-osoba\/\"},\"author\":{\"name\":\"dmcsrbija.com@gmail.com\",\"@id\":\"https:\/\/dmcsrb.com\/#\/schema\/person\/5c39170f12db1b8b457732d0b5c854e2\"},\"headline\":\"Savez gluvih i nagluvih: Zakon o znakovnom jeziku ne mo\u017ee se kvalitetno izraditi bez direktnog u\u010de\u0161\u0107a gluvih osoba\",\"datePublished\":\"2025-12-22T19:10:00+00:00\",\"mainEntityOfPage\":{\"@id\":\"https:\/\/dmcsrb.com\/drustvo\/savez-gluvih-i-nagluvih-zakon-o-znakovnom-jeziku-ne-moze-se-kvalitetno-izraditi-bez-direktnog-ucesca-gluvih-osoba\/\"},\"wordCount\":276,\"commentCount\":0,\"image\":{\"@id\":\"https:\/\/dmcsrb.com\/drustvo\/savez-gluvih-i-nagluvih-zakon-o-znakovnom-jeziku-ne-moze-se-kvalitetno-izraditi-bez-direktnog-ucesca-gluvih-osoba\/#primaryimage\"},\"thumbnailUrl\":\"https:\/\/dmcsrb.com\/wp-content\/uploads\/2026\/01\/znakovni-jezik.jpg\",\"keywords\":[\"Savez gluvih i nagluvih\",\"znakovni jezik\"],\"articleSection\":[\"Dru\u0161tvo\"],\"inLanguage\":\"en-GB\",\"potentialAction\":[{\"@type\":\"CommentAction\",\"name\":\"Comment\",\"target\":[\"https:\/\/dmcsrb.com\/drustvo\/savez-gluvih-i-nagluvih-zakon-o-znakovnom-jeziku-ne-moze-se-kvalitetno-izraditi-bez-direktnog-ucesca-gluvih-osoba\/#respond\"]}]},{\"@type\":\"WebPage\",\"@id\":\"https:\/\/dmcsrb.com\/drustvo\/savez-gluvih-i-nagluvih-zakon-o-znakovnom-jeziku-ne-moze-se-kvalitetno-izraditi-bez-direktnog-ucesca-gluvih-osoba\/\",\"url\":\"https:\/\/dmcsrb.com\/drustvo\/savez-gluvih-i-nagluvih-zakon-o-znakovnom-jeziku-ne-moze-se-kvalitetno-izraditi-bez-direktnog-ucesca-gluvih-osoba\/\",\"name\":\"Savez gluvih i nagluvih: Zakon o znakovnom jeziku ne mo\u017ee se kvalitetno izraditi bez direktnog u\u010de\u0161\u0107a gluvih osoba - dmcsrb.com\",\"isPartOf\":{\"@id\":\"https:\/\/dmcsrb.com\/#website\"},\"primaryImageOfPage\":{\"@id\":\"https:\/\/dmcsrb.com\/drustvo\/savez-gluvih-i-nagluvih-zakon-o-znakovnom-jeziku-ne-moze-se-kvalitetno-izraditi-bez-direktnog-ucesca-gluvih-osoba\/#primaryimage\"},\"image\":{\"@id\":\"https:\/\/dmcsrb.com\/drustvo\/savez-gluvih-i-nagluvih-zakon-o-znakovnom-jeziku-ne-moze-se-kvalitetno-izraditi-bez-direktnog-ucesca-gluvih-osoba\/#primaryimage\"},\"thumbnailUrl\":\"https:\/\/dmcsrb.com\/wp-content\/uploads\/2026\/01\/znakovni-jezik.jpg\",\"datePublished\":\"2025-12-22T19:10:00+00:00\",\"author\":{\"@id\":\"https:\/\/dmcsrb.com\/#\/schema\/person\/5c39170f12db1b8b457732d0b5c854e2\"},\"breadcrumb\":{\"@id\":\"https:\/\/dmcsrb.com\/drustvo\/savez-gluvih-i-nagluvih-zakon-o-znakovnom-jeziku-ne-moze-se-kvalitetno-izraditi-bez-direktnog-ucesca-gluvih-osoba\/#breadcrumb\"},\"inLanguage\":\"en-GB\",\"potentialAction\":[{\"@type\":\"ReadAction\",\"target\":[\"https:\/\/dmcsrb.com\/drustvo\/savez-gluvih-i-nagluvih-zakon-o-znakovnom-jeziku-ne-moze-se-kvalitetno-izraditi-bez-direktnog-ucesca-gluvih-osoba\/\"]}]},{\"@type\":\"ImageObject\",\"inLanguage\":\"en-GB\",\"@id\":\"https:\/\/dmcsrb.com\/drustvo\/savez-gluvih-i-nagluvih-zakon-o-znakovnom-jeziku-ne-moze-se-kvalitetno-izraditi-bez-direktnog-ucesca-gluvih-osoba\/#primaryimage\",\"url\":\"https:\/\/dmcsrb.com\/wp-content\/uploads\/2026\/01\/znakovni-jezik.jpg\",\"contentUrl\":\"https:\/\/dmcsrb.com\/wp-content\/uploads\/2026\/01\/znakovni-jezik.jpg\",\"width\":1200,\"height\":900},{\"@type\":\"BreadcrumbList\",\"@id\":\"https:\/\/dmcsrb.com\/drustvo\/savez-gluvih-i-nagluvih-zakon-o-znakovnom-jeziku-ne-moze-se-kvalitetno-izraditi-bez-direktnog-ucesca-gluvih-osoba\/#breadcrumb\",\"itemListElement\":[{\"@type\":\"ListItem\",\"position\":1,\"name\":\"Home\",\"item\":\"https:\/\/dmcsrb.com\/\"},{\"@type\":\"ListItem\",\"position\":2,\"name\":\"Savez gluvih i nagluvih: Zakon o znakovnom jeziku ne mo\u017ee se kvalitetno izraditi bez direktnog u\u010de\u0161\u0107a gluvih osoba\"}]},{\"@type\":\"WebSite\",\"@id\":\"https:\/\/dmcsrb.com\/#website\",\"url\":\"https:\/\/dmcsrb.com\/\",\"name\":\"dmcsrb.com\",\"description\":\"\",\"potentialAction\":[{\"@type\":\"SearchAction\",\"target\":{\"@type\":\"EntryPoint\",\"urlTemplate\":\"https:\/\/dmcsrb.com\/?s={search_term_string}\"},\"query-input\":{\"@type\":\"PropertyValueSpecification\",\"valueRequired\":true,\"valueName\":\"search_term_string\"}}],\"inLanguage\":\"en-GB\"},{\"@type\":\"Person\",\"@id\":\"https:\/\/dmcsrb.com\/#\/schema\/person\/5c39170f12db1b8b457732d0b5c854e2\",\"name\":\"dmcsrbija.com@gmail.com\",\"image\":{\"@type\":\"ImageObject\",\"inLanguage\":\"en-GB\",\"@id\":\"https:\/\/dmcsrb.com\/#\/schema\/person\/image\/\",\"url\":\"https:\/\/secure.gravatar.com\/avatar\/68592660ad6347fad0fb587f8d5d8f1a7b44961362f56e4f2cd524feb87e9069?s=96&d=mm&r=g\",\"contentUrl\":\"https:\/\/secure.gravatar.com\/avatar\/68592660ad6347fad0fb587f8d5d8f1a7b44961362f56e4f2cd524feb87e9069?s=96&d=mm&r=g\",\"caption\":\"dmcsrbija.com@gmail.com\"},\"sameAs\":[\"https:\/\/dmcsrb.com\"],\"url\":\"https:\/\/dmcsrb.com\/en\/author\/dmcsrbija-comgmail-com\/\"}]}<\/script>\n<!-- \/ Yoast SEO plugin. -->","yoast_head_json":{"title":"Savez gluvih i nagluvih: Zakon o znakovnom jeziku ne mo\u017ee se kvalitetno izraditi bez direktnog u\u010de\u0161\u0107a gluvih osoba - dmcsrb.com","robots":{"index":"index","follow":"follow","max-snippet":"max-snippet:-1","max-image-preview":"max-image-preview:large","max-video-preview":"max-video-preview:-1"},"canonical":"https:\/\/dmcsrb.com\/en\/drustvo\/savez-gluvih-i-nagluvih-zakon-o-znakovnom-jeziku-ne-moze-se-kvalitetno-izraditi-bez-direktnog-ucesca-gluvih-osoba\/","og_locale":"en_GB","og_type":"article","og_title":"Savez gluvih i nagluvih: Zakon o znakovnom jeziku ne mo\u017ee se kvalitetno izraditi bez direktnog u\u010de\u0161\u0107a gluvih osoba - dmcsrb.com","og_description":"Savez organizacija gluvih i nagluvih Crne Gore saop\u0161tio je kako nisu od samog po\u010detka bili uklju\u010deni u izradu Predloga zakona o upotrebi znakovnog jezika, koji je najavljen od strane Kluba poslanika Demokratske partije socijalista (DPS).","og_url":"https:\/\/dmcsrb.com\/en\/drustvo\/savez-gluvih-i-nagluvih-zakon-o-znakovnom-jeziku-ne-moze-se-kvalitetno-izraditi-bez-direktnog-ucesca-gluvih-osoba\/","og_site_name":"dmcsrb.com","article_published_time":"2025-12-22T19:10:00+00:00","og_image":[{"width":1200,"height":900,"url":"https:\/\/dmcsrb.com\/wp-content\/uploads\/2026\/01\/znakovni-jezik.jpg","type":"image\/jpeg"}],"author":"dmcsrbija.com@gmail.com","twitter_card":"summary_large_image","twitter_misc":{"Written by":"dmcsrbija.com@gmail.com","Estimated reading time":"1 minute"},"schema":{"@context":"https:\/\/schema.org","@graph":[{"@type":"Article","@id":"https:\/\/dmcsrb.com\/drustvo\/savez-gluvih-i-nagluvih-zakon-o-znakovnom-jeziku-ne-moze-se-kvalitetno-izraditi-bez-direktnog-ucesca-gluvih-osoba\/#article","isPartOf":{"@id":"https:\/\/dmcsrb.com\/drustvo\/savez-gluvih-i-nagluvih-zakon-o-znakovnom-jeziku-ne-moze-se-kvalitetno-izraditi-bez-direktnog-ucesca-gluvih-osoba\/"},"author":{"name":"dmcsrbija.com@gmail.com","@id":"https:\/\/dmcsrb.com\/#\/schema\/person\/5c39170f12db1b8b457732d0b5c854e2"},"headline":"Savez gluvih i nagluvih: Zakon o znakovnom jeziku ne mo\u017ee se kvalitetno izraditi bez direktnog u\u010de\u0161\u0107a gluvih osoba","datePublished":"2025-12-22T19:10:00+00:00","mainEntityOfPage":{"@id":"https:\/\/dmcsrb.com\/drustvo\/savez-gluvih-i-nagluvih-zakon-o-znakovnom-jeziku-ne-moze-se-kvalitetno-izraditi-bez-direktnog-ucesca-gluvih-osoba\/"},"wordCount":276,"commentCount":0,"image":{"@id":"https:\/\/dmcsrb.com\/drustvo\/savez-gluvih-i-nagluvih-zakon-o-znakovnom-jeziku-ne-moze-se-kvalitetno-izraditi-bez-direktnog-ucesca-gluvih-osoba\/#primaryimage"},"thumbnailUrl":"https:\/\/dmcsrb.com\/wp-content\/uploads\/2026\/01\/znakovni-jezik.jpg","keywords":["Savez gluvih i nagluvih","znakovni jezik"],"articleSection":["Dru\u0161tvo"],"inLanguage":"en-GB","potentialAction":[{"@type":"CommentAction","name":"Comment","target":["https:\/\/dmcsrb.com\/drustvo\/savez-gluvih-i-nagluvih-zakon-o-znakovnom-jeziku-ne-moze-se-kvalitetno-izraditi-bez-direktnog-ucesca-gluvih-osoba\/#respond"]}]},{"@type":"WebPage","@id":"https:\/\/dmcsrb.com\/drustvo\/savez-gluvih-i-nagluvih-zakon-o-znakovnom-jeziku-ne-moze-se-kvalitetno-izraditi-bez-direktnog-ucesca-gluvih-osoba\/","url":"https:\/\/dmcsrb.com\/drustvo\/savez-gluvih-i-nagluvih-zakon-o-znakovnom-jeziku-ne-moze-se-kvalitetno-izraditi-bez-direktnog-ucesca-gluvih-osoba\/","name":"Savez gluvih i nagluvih: Zakon o znakovnom jeziku ne mo\u017ee se kvalitetno izraditi bez direktnog u\u010de\u0161\u0107a gluvih osoba - dmcsrb.com","isPartOf":{"@id":"https:\/\/dmcsrb.com\/#website"},"primaryImageOfPage":{"@id":"https:\/\/dmcsrb.com\/drustvo\/savez-gluvih-i-nagluvih-zakon-o-znakovnom-jeziku-ne-moze-se-kvalitetno-izraditi-bez-direktnog-ucesca-gluvih-osoba\/#primaryimage"},"image":{"@id":"https:\/\/dmcsrb.com\/drustvo\/savez-gluvih-i-nagluvih-zakon-o-znakovnom-jeziku-ne-moze-se-kvalitetno-izraditi-bez-direktnog-ucesca-gluvih-osoba\/#primaryimage"},"thumbnailUrl":"https:\/\/dmcsrb.com\/wp-content\/uploads\/2026\/01\/znakovni-jezik.jpg","datePublished":"2025-12-22T19:10:00+00:00","author":{"@id":"https:\/\/dmcsrb.com\/#\/schema\/person\/5c39170f12db1b8b457732d0b5c854e2"},"breadcrumb":{"@id":"https:\/\/dmcsrb.com\/drustvo\/savez-gluvih-i-nagluvih-zakon-o-znakovnom-jeziku-ne-moze-se-kvalitetno-izraditi-bez-direktnog-ucesca-gluvih-osoba\/#breadcrumb"},"inLanguage":"en-GB","potentialAction":[{"@type":"ReadAction","target":["https:\/\/dmcsrb.com\/drustvo\/savez-gluvih-i-nagluvih-zakon-o-znakovnom-jeziku-ne-moze-se-kvalitetno-izraditi-bez-direktnog-ucesca-gluvih-osoba\/"]}]},{"@type":"ImageObject","inLanguage":"en-GB","@id":"https:\/\/dmcsrb.com\/drustvo\/savez-gluvih-i-nagluvih-zakon-o-znakovnom-jeziku-ne-moze-se-kvalitetno-izraditi-bez-direktnog-ucesca-gluvih-osoba\/#primaryimage","url":"https:\/\/dmcsrb.com\/wp-content\/uploads\/2026\/01\/znakovni-jezik.jpg","contentUrl":"https:\/\/dmcsrb.com\/wp-content\/uploads\/2026\/01\/znakovni-jezik.jpg","width":1200,"height":900},{"@type":"BreadcrumbList","@id":"https:\/\/dmcsrb.com\/drustvo\/savez-gluvih-i-nagluvih-zakon-o-znakovnom-jeziku-ne-moze-se-kvalitetno-izraditi-bez-direktnog-ucesca-gluvih-osoba\/#breadcrumb","itemListElement":[{"@type":"ListItem","position":1,"name":"Home","item":"https:\/\/dmcsrb.com\/"},{"@type":"ListItem","position":2,"name":"Savez gluvih i nagluvih: Zakon o znakovnom jeziku ne mo\u017ee se kvalitetno izraditi bez direktnog u\u010de\u0161\u0107a gluvih osoba"}]},{"@type":"WebSite","@id":"https:\/\/dmcsrb.com\/#website","url":"https:\/\/dmcsrb.com\/","name":"dmcsrb.com","description":"","potentialAction":[{"@type":"SearchAction","target":{"@type":"EntryPoint","urlTemplate":"https:\/\/dmcsrb.com\/?s={search_term_string}"},"query-input":{"@type":"PropertyValueSpecification","valueRequired":true,"valueName":"search_term_string"}}],"inLanguage":"en-GB"},{"@type":"Person","@id":"https:\/\/dmcsrb.com\/#\/schema\/person\/5c39170f12db1b8b457732d0b5c854e2","name":"dmcsrbija.com@gmail.com","image":{"@type":"ImageObject","inLanguage":"en-GB","@id":"https:\/\/dmcsrb.com\/#\/schema\/person\/image\/","url":"https:\/\/secure.gravatar.com\/avatar\/68592660ad6347fad0fb587f8d5d8f1a7b44961362f56e4f2cd524feb87e9069?s=96&d=mm&r=g","contentUrl":"https:\/\/secure.gravatar.com\/avatar\/68592660ad6347fad0fb587f8d5d8f1a7b44961362f56e4f2cd524feb87e9069?s=96&d=mm&r=g","caption":"dmcsrbija.com@gmail.com"},"sameAs":["https:\/\/dmcsrb.com"],"url":"https:\/\/dmcsrb.com\/en\/author\/dmcsrbija-comgmail-com\/"}]}},"_links":{"self":[{"href":"https:\/\/dmcsrb.com\/en\/wp-json\/wp\/v2\/posts\/915126","targetHints":{"allow":["GET"]}}],"collection":[{"href":"https:\/\/dmcsrb.com\/en\/wp-json\/wp\/v2\/posts"}],"about":[{"href":"https:\/\/dmcsrb.com\/en\/wp-json\/wp\/v2\/types\/post"}],"author":[{"embeddable":true,"href":"https:\/\/dmcsrb.com\/en\/wp-json\/wp\/v2\/users\/1"}],"replies":[{"embeddable":true,"href":"https:\/\/dmcsrb.com\/en\/wp-json\/wp\/v2\/comments?post=915126"}],"version-history":[{"count":0,"href":"https:\/\/dmcsrb.com\/en\/wp-json\/wp\/v2\/posts\/915126\/revisions"}],"wp:featuredmedia":[{"embeddable":true,"href":"https:\/\/dmcsrb.com\/en\/wp-json\/wp\/v2\/media\/915127"}],"wp:attachment":[{"href":"https:\/\/dmcsrb.com\/en\/wp-json\/wp\/v2\/media?parent=915126"}],"wp:term":[{"taxonomy":"category","embeddable":true,"href":"https:\/\/dmcsrb.com\/en\/wp-json\/wp\/v2\/categories?post=915126"},{"taxonomy":"post_tag","embeddable":true,"href":"https:\/\/dmcsrb.com\/en\/wp-json\/wp\/v2\/tags?post=915126"},{"taxonomy":"naslovna","embeddable":true,"href":"https:\/\/dmcsrb.com\/en\/wp-json\/wp\/v2\/naslovna?post=915126"}],"curies":[{"name":"wp","href":"https:\/\/api.w.org\/{rel}","templated":true}]}}