{"id":915095,"date":"2025-12-22T16:38:00","date_gmt":"2025-12-22T15:38:00","guid":{"rendered":"https:\/\/dmcsrb.com\/uncategorized\/predstavnici-dps-a-sa-dijasporom-u-njujorku-clanstvo-crne-gore-u-eu-uslov-ocuvanja-njenog-gradjanskog-karaktera\/"},"modified":"2025-12-22T16:38:00","modified_gmt":"2025-12-22T15:38:00","slug":"predstavnici-dps-a-sa-dijasporom-u-njujorku-clanstvo-crne-gore-u-eu-uslov-ocuvanja-njenog-gradjanskog-karaktera","status":"publish","type":"post","link":"https:\/\/dmcsrb.com\/en\/politika\/predstavnici-dps-a-sa-dijasporom-u-njujorku-clanstvo-crne-gore-u-eu-uslov-ocuvanja-njenog-gradjanskog-karaktera\/","title":{"rendered":"Predstavnici DPS-a sa dijasporom u Njujorku: \u010clanstvo Crne Gore u EU uslov o\u010duvanja njenog gra\u0111anskog karaktera"},"content":{"rendered":"<p><\/p>\n\n\n\n<p>Odgovaraju\u0107i na pitanje kuda ide Crna Gora, te da li smo bli\u017ei EU ili \u201esrpskom svetu\u201c, \u0161ef Kluba poslanika DPS-a Andrija Nikoli\u0107 odgovorio je da Brisel danas ubrzava politiku pro\u0161irenja Evropske unije pod pritiskom geopoliti\u010dkih kriza, i da Crna Gora uz sve unutra\u0161nje probleme koristi taj momentum. &nbsp;&nbsp;<\/p>\n\n\n\n<p>&#8220;Uprkos ozbiljnoj krizi politi\u010dkog upravljanja, Crna Gora se uz pomo\u0107 Brisela, pribli\u017eava EU. Brz prijem Crne Gore zna\u010di da \u0107e posljedi\u010dno ja\u010dati pritisak na Srbiju, koja zaostaje u tom procesu. Zato je velika nervoza kod Aleksandra Vu\u010di\u0107a i Andrije Mandi\u0107a, jer \u0107e im biti sve te\u017ee da Crnu Goru skrenu s EU puta. Svakako, u narednoj godini, koja \u0107e biti klju\u010dna za EU put Crne Gore, treba o\u010dekivati podgrijavanje novih tema sa idejom da se minira na\u0161e \u010dlanstvo u EU&#8221;, ocijenio je Nikoli\u0107.<\/p>\n\n\n\n<p>Prema mi\u0161ljenju Nikoli\u0107a, za Evropsku uniju pridru\u017eivanje Crne Gore je niskorizi\u010dan potez s velikim efektom, koji bi pokazao da Unija mo\u017ee da oja\u010da povjerenje u svoje liderstvo u neizvjesnim geopoliti\u010dkim vremenima, ali i da onemogu\u0107i zloupotrebu regiona od strane drugih sila koji bi ga koristili kao polugu protiv Evropske unije.<\/p>\n\n\n\n<p>Veliko neznanje, istorijski revizionizam i udar na gra\u0111anski karakter sa kojim se suo\u010dava crnogorsko dru\u0161tvo ostaju najve\u0107i izazovi za Crnu Goru, saop\u0161tio je prisutnima potpredsjednik Demokratske partije socijalista Abaz Dizdarevi\u0107, uz napomenu da smatra da je malo onih koji su glasali za promjene 30. avgusta koji su zadovoljni kako Crna Gora izgleda pola decenije kasnije.<\/p>\n\n\n\n<p>&#8220;Danas se mnogi prave da ne vide institucionalni debakl dr\u017eave koja ne mo\u017ee da uhapsi spomenik ratnom zlo\u010dincu i nosiocu Hitlerovog odlikovanja Pavlu \u0110uri\u0161i\u0107u, ili zloupotrebu represivnog aparata protiv ljudi koji su protestovali kod Vile Gorice zbog uni\u017eavanja 13. julske nagrade. Zato mi tvrdimo da vlast zloupotrebljava proces evropske integracije, i da ga li\u0161ava su\u0161tine, jer uprkos formalnom pribli\u017eavanju Briselu, zemlja je u demokratskoj regresiji&#8221;, istakao je Dizdarevi\u0107.<\/p>\n\n\n\n<p>Da smo prestali da budemo dr\u017eava u kojoj postoji neki minimum respekta prema znanju i da se najve\u0107i dio pa\u017enje parlamentarne ve\u0107ine koncentri\u0161e na podjelu politi\u010dkog plijena, ro\u0111a\u010dko zapo\u0161ljavanje i partitokratiju, istakao je \u010dlan predsjedni\u0161tva DPS-a i predsjednik Skup\u0161tine op\u0161tine Plav Alen Bali\u0107.<\/p>\n\n\n\n<p>&#8220;Pove\u0107ale su se plate. Ali su se vi\u0161e od toga pove\u0107ale cijene. Izgubili smo 5 godina, a nema razvoja. Nema investitora, ali, nema ni ideja. Projekti na sjeveru su tako\u0111e stali. Nema aktivnog pristupa ni prema dijaspori, koja svake godine ubaci u Crnu Goru preko 500 miliona eura. Nama trebaju va\u0161a znanja, iskustva i investicije. Ako ste uspjeli u Njujorku, za\u0161to ne bi mogli i u Crnoj Gori&#8221;, zaklju\u010dio je Bali\u0107.<\/p>\n\n\n\n<p>Dizdarevi\u0107, Nikoli\u0107 i Bali\u0107 poru\u010dili su okupljenim predstavnicima i simpatizerima Fondacije Gusinje u Njujorku, kao i drugim zvanicama, da svi koji misle dobro Crnoj Gori moraju stalno da insistiraju na vrijednostima koje su temelj njenog savremenog razvoja \u2013 antifa\u0161izam, gra\u0111anski karakter dru\u0161tva i multietni\u010dka demokratija, uz posebno akcentovanje da budu\u0107nost saradnje Crne Gore i njene dijaspore treba da bude posve\u0107ena izgradnji znanja, razmjeni iskustava, zajedni\u010dkom planiranju elita i izgradnji institucija, odnosno onome \u0161to dolazi sjutra.<\/p>","protected":false},"excerpt":{"rendered":"<p>Predstavnici Demokratske partije socijalista potpredsjednik Abaz Dizdarevi\u0107, \u0161ef Kluba poslanika DPS-a Andrija Nikoli\u0107 i \u010dlan Predsjedni\u0161tva Alen Bali\u0107, drugog dana boravka u Njujorku u\u010destvovali su na okruglom stolu pod nazivom \u201cQuo vadis Montenegro?\u201d, gdje su sa ostalim u\u010desnicima i ljudima iz dijaspore razgovarali o tome kakav je stvarni dru\u0161tveni i politi\u010dki smjer Crne Gore i kakvu ulogu i zna\u010daj imaju dijaspora i iseljenici za o\u010duvanje gra\u0111anskog koncepta crnogorskog dru\u0161tva, ali i ekonomski razvoj dr\u017eave, naro\u010dito na sjeveru, saop\u0161teno je iz Demokratske partije socijalista.<\/p>","protected":false},"author":1,"featured_media":915096,"comment_status":"open","ping_status":"open","sticky":false,"template":"","format":"standard","meta":{"_acf_changed":false,"footnotes":""},"categories":[12],"tags":[4095,3049,63,10,4096,1784,4097],"naslovna":[],"class_list":["post-915095","post","type-post","status-publish","format-standard","has-post-thumbnail","hentry","category-politika","tag-clanstvo-crne-gore","tag-dijaspora","tag-dps","tag-eu","tag-gradjanski-karakter","tag-njujork","tag-predstavnici"],"acf":[],"yoast_head":"<!-- This site is optimized with the Yoast SEO plugin v27.4 - https:\/\/yoast.com\/product\/yoast-seo-wordpress\/ -->\n<title>Predstavnici DPS-a sa dijasporom u Njujorku: \u010clanstvo Crne Gore u EU uslov o\u010duvanja njenog gra\u0111anskog karaktera - dmcsrb.com<\/title>\n<meta name=\"robots\" content=\"index, follow, max-snippet:-1, max-image-preview:large, max-video-preview:-1\" \/>\n<link rel=\"canonical\" href=\"https:\/\/dmcsrb.com\/en\/politika\/predstavnici-dps-a-sa-dijasporom-u-njujorku-clanstvo-crne-gore-u-eu-uslov-ocuvanja-njenog-gradjanskog-karaktera\/\" \/>\n<meta property=\"og:locale\" content=\"en_GB\" \/>\n<meta property=\"og:type\" content=\"article\" \/>\n<meta property=\"og:title\" content=\"Predstavnici DPS-a sa dijasporom u Njujorku: \u010clanstvo Crne Gore u EU uslov o\u010duvanja njenog gra\u0111anskog karaktera - dmcsrb.com\" \/>\n<meta property=\"og:description\" content=\"Predstavnici Demokratske partije socijalista potpredsjednik Abaz Dizdarevi\u0107, \u0161ef Kluba poslanika DPS-a Andrija Nikoli\u0107 i \u010dlan Predsjedni\u0161tva Alen Bali\u0107, drugog dana boravka u Njujorku u\u010destvovali su na okruglom stolu pod nazivom \u201cQuo vadis Montenegro?\u201d, gdje su sa ostalim u\u010desnicima i ljudima iz dijaspore razgovarali o tome kakav je stvarni dru\u0161tveni i politi\u010dki smjer Crne Gore i kakvu ulogu i zna\u010daj imaju dijaspora i iseljenici za o\u010duvanje gra\u0111anskog koncepta crnogorskog dru\u0161tva, ali i ekonomski razvoj dr\u017eave, naro\u010dito na sjeveru, saop\u0161teno je iz Demokratske partije socijalista.\" \/>\n<meta property=\"og:url\" content=\"https:\/\/dmcsrb.com\/en\/politika\/predstavnici-dps-a-sa-dijasporom-u-njujorku-clanstvo-crne-gore-u-eu-uslov-ocuvanja-njenog-gradjanskog-karaktera\/\" \/>\n<meta property=\"og:site_name\" content=\"dmcsrb.com\" \/>\n<meta property=\"article:published_time\" content=\"2025-12-22T15:38:00+00:00\" \/>\n<meta property=\"og:image\" content=\"https:\/\/dmcsrb.com\/wp-content\/uploads\/2026\/01\/f2cf3c33-e395-48be-ac6e-0f0d2bce9de8.jpeg\" \/>\n\t<meta property=\"og:image:width\" content=\"1280\" \/>\n\t<meta property=\"og:image:height\" content=\"960\" \/>\n\t<meta property=\"og:image:type\" content=\"image\/jpeg\" \/>\n<meta name=\"author\" content=\"dmcsrbija.com@gmail.com\" \/>\n<meta name=\"twitter:card\" content=\"summary_large_image\" \/>\n<meta name=\"twitter:label1\" content=\"Written by\" \/>\n\t<meta name=\"twitter:data1\" content=\"dmcsrbija.com@gmail.com\" \/>\n\t<meta name=\"twitter:label2\" content=\"Estimated reading time\" \/>\n\t<meta name=\"twitter:data2\" content=\"3 minutes\" \/>\n<script type=\"application\/ld+json\" class=\"yoast-schema-graph\">{\"@context\":\"https:\\\/\\\/schema.org\",\"@graph\":[{\"@type\":\"Article\",\"@id\":\"https:\\\/\\\/dmcsrb.com\\\/politika\\\/predstavnici-dps-a-sa-dijasporom-u-njujorku-clanstvo-crne-gore-u-eu-uslov-ocuvanja-njenog-gradjanskog-karaktera\\\/#article\",\"isPartOf\":{\"@id\":\"https:\\\/\\\/dmcsrb.com\\\/politika\\\/predstavnici-dps-a-sa-dijasporom-u-njujorku-clanstvo-crne-gore-u-eu-uslov-ocuvanja-njenog-gradjanskog-karaktera\\\/\"},\"author\":{\"name\":\"dmcsrbija.com@gmail.com\",\"@id\":\"https:\\\/\\\/dmcsrb.com\\\/#\\\/schema\\\/person\\\/5c39170f12db1b8b457732d0b5c854e2\"},\"headline\":\"Predstavnici DPS-a sa dijasporom u Njujorku: \u010clanstvo Crne Gore u EU uslov o\u010duvanja njenog gra\u0111anskog karaktera\",\"datePublished\":\"2025-12-22T15:38:00+00:00\",\"mainEntityOfPage\":{\"@id\":\"https:\\\/\\\/dmcsrb.com\\\/politika\\\/predstavnici-dps-a-sa-dijasporom-u-njujorku-clanstvo-crne-gore-u-eu-uslov-ocuvanja-njenog-gradjanskog-karaktera\\\/\"},\"wordCount\":573,\"commentCount\":0,\"image\":{\"@id\":\"https:\\\/\\\/dmcsrb.com\\\/politika\\\/predstavnici-dps-a-sa-dijasporom-u-njujorku-clanstvo-crne-gore-u-eu-uslov-ocuvanja-njenog-gradjanskog-karaktera\\\/#primaryimage\"},\"thumbnailUrl\":\"https:\\\/\\\/dmcsrb.com\\\/wp-content\\\/uploads\\\/2026\\\/01\\\/f2cf3c33-e395-48be-ac6e-0f0d2bce9de8.jpeg\",\"keywords\":[\"\u010clanstvo Crne Gore\",\"Dijaspora\",\"DPS\",\"EU\",\"Gra\u0111anski karakter\",\"Njujork\",\"predstavnici\"],\"articleSection\":[\"Politika\"],\"inLanguage\":\"en-GB\",\"potentialAction\":[{\"@type\":\"CommentAction\",\"name\":\"Comment\",\"target\":[\"https:\\\/\\\/dmcsrb.com\\\/politika\\\/predstavnici-dps-a-sa-dijasporom-u-njujorku-clanstvo-crne-gore-u-eu-uslov-ocuvanja-njenog-gradjanskog-karaktera\\\/#respond\"]}]},{\"@type\":\"WebPage\",\"@id\":\"https:\\\/\\\/dmcsrb.com\\\/politika\\\/predstavnici-dps-a-sa-dijasporom-u-njujorku-clanstvo-crne-gore-u-eu-uslov-ocuvanja-njenog-gradjanskog-karaktera\\\/\",\"url\":\"https:\\\/\\\/dmcsrb.com\\\/politika\\\/predstavnici-dps-a-sa-dijasporom-u-njujorku-clanstvo-crne-gore-u-eu-uslov-ocuvanja-njenog-gradjanskog-karaktera\\\/\",\"name\":\"Predstavnici DPS-a sa dijasporom u Njujorku: \u010clanstvo Crne Gore u EU uslov o\u010duvanja njenog gra\u0111anskog karaktera - dmcsrb.com\",\"isPartOf\":{\"@id\":\"https:\\\/\\\/dmcsrb.com\\\/#website\"},\"primaryImageOfPage\":{\"@id\":\"https:\\\/\\\/dmcsrb.com\\\/politika\\\/predstavnici-dps-a-sa-dijasporom-u-njujorku-clanstvo-crne-gore-u-eu-uslov-ocuvanja-njenog-gradjanskog-karaktera\\\/#primaryimage\"},\"image\":{\"@id\":\"https:\\\/\\\/dmcsrb.com\\\/politika\\\/predstavnici-dps-a-sa-dijasporom-u-njujorku-clanstvo-crne-gore-u-eu-uslov-ocuvanja-njenog-gradjanskog-karaktera\\\/#primaryimage\"},\"thumbnailUrl\":\"https:\\\/\\\/dmcsrb.com\\\/wp-content\\\/uploads\\\/2026\\\/01\\\/f2cf3c33-e395-48be-ac6e-0f0d2bce9de8.jpeg\",\"datePublished\":\"2025-12-22T15:38:00+00:00\",\"author\":{\"@id\":\"https:\\\/\\\/dmcsrb.com\\\/#\\\/schema\\\/person\\\/5c39170f12db1b8b457732d0b5c854e2\"},\"breadcrumb\":{\"@id\":\"https:\\\/\\\/dmcsrb.com\\\/politika\\\/predstavnici-dps-a-sa-dijasporom-u-njujorku-clanstvo-crne-gore-u-eu-uslov-ocuvanja-njenog-gradjanskog-karaktera\\\/#breadcrumb\"},\"inLanguage\":\"en-GB\",\"potentialAction\":[{\"@type\":\"ReadAction\",\"target\":[\"https:\\\/\\\/dmcsrb.com\\\/politika\\\/predstavnici-dps-a-sa-dijasporom-u-njujorku-clanstvo-crne-gore-u-eu-uslov-ocuvanja-njenog-gradjanskog-karaktera\\\/\"]}]},{\"@type\":\"ImageObject\",\"inLanguage\":\"en-GB\",\"@id\":\"https:\\\/\\\/dmcsrb.com\\\/politika\\\/predstavnici-dps-a-sa-dijasporom-u-njujorku-clanstvo-crne-gore-u-eu-uslov-ocuvanja-njenog-gradjanskog-karaktera\\\/#primaryimage\",\"url\":\"https:\\\/\\\/dmcsrb.com\\\/wp-content\\\/uploads\\\/2026\\\/01\\\/f2cf3c33-e395-48be-ac6e-0f0d2bce9de8.jpeg\",\"contentUrl\":\"https:\\\/\\\/dmcsrb.com\\\/wp-content\\\/uploads\\\/2026\\\/01\\\/f2cf3c33-e395-48be-ac6e-0f0d2bce9de8.jpeg\",\"width\":1280,\"height\":960},{\"@type\":\"BreadcrumbList\",\"@id\":\"https:\\\/\\\/dmcsrb.com\\\/politika\\\/predstavnici-dps-a-sa-dijasporom-u-njujorku-clanstvo-crne-gore-u-eu-uslov-ocuvanja-njenog-gradjanskog-karaktera\\\/#breadcrumb\",\"itemListElement\":[{\"@type\":\"ListItem\",\"position\":1,\"name\":\"Home\",\"item\":\"https:\\\/\\\/dmcsrb.com\\\/\"},{\"@type\":\"ListItem\",\"position\":2,\"name\":\"Predstavnici DPS-a sa dijasporom u Njujorku: \u010clanstvo Crne Gore u EU uslov o\u010duvanja njenog gra\u0111anskog karaktera\"}]},{\"@type\":\"WebSite\",\"@id\":\"https:\\\/\\\/dmcsrb.com\\\/#website\",\"url\":\"https:\\\/\\\/dmcsrb.com\\\/\",\"name\":\"dmcsrb.com\",\"description\":\"\",\"potentialAction\":[{\"@type\":\"SearchAction\",\"target\":{\"@type\":\"EntryPoint\",\"urlTemplate\":\"https:\\\/\\\/dmcsrb.com\\\/?s={search_term_string}\"},\"query-input\":{\"@type\":\"PropertyValueSpecification\",\"valueRequired\":true,\"valueName\":\"search_term_string\"}}],\"inLanguage\":\"en-GB\"},{\"@type\":\"Person\",\"@id\":\"https:\\\/\\\/dmcsrb.com\\\/#\\\/schema\\\/person\\\/5c39170f12db1b8b457732d0b5c854e2\",\"name\":\"dmcsrbija.com@gmail.com\",\"image\":{\"@type\":\"ImageObject\",\"inLanguage\":\"en-GB\",\"@id\":\"https:\\\/\\\/secure.gravatar.com\\\/avatar\\\/68592660ad6347fad0fb587f8d5d8f1a7b44961362f56e4f2cd524feb87e9069?s=96&d=mm&r=g\",\"url\":\"https:\\\/\\\/secure.gravatar.com\\\/avatar\\\/68592660ad6347fad0fb587f8d5d8f1a7b44961362f56e4f2cd524feb87e9069?s=96&d=mm&r=g\",\"contentUrl\":\"https:\\\/\\\/secure.gravatar.com\\\/avatar\\\/68592660ad6347fad0fb587f8d5d8f1a7b44961362f56e4f2cd524feb87e9069?s=96&d=mm&r=g\",\"caption\":\"dmcsrbija.com@gmail.com\"},\"sameAs\":[\"https:\\\/\\\/dmcsrb.com\"],\"url\":\"https:\\\/\\\/dmcsrb.com\\\/en\\\/author\\\/dmcsrbija-comgmail-com\\\/\"}]}<\/script>\n<!-- \/ Yoast SEO plugin. -->","yoast_head_json":{"title":"Predstavnici DPS-a sa dijasporom u Njujorku: \u010clanstvo Crne Gore u EU uslov o\u010duvanja njenog gra\u0111anskog karaktera - dmcsrb.com","robots":{"index":"index","follow":"follow","max-snippet":"max-snippet:-1","max-image-preview":"max-image-preview:large","max-video-preview":"max-video-preview:-1"},"canonical":"https:\/\/dmcsrb.com\/en\/politika\/predstavnici-dps-a-sa-dijasporom-u-njujorku-clanstvo-crne-gore-u-eu-uslov-ocuvanja-njenog-gradjanskog-karaktera\/","og_locale":"en_GB","og_type":"article","og_title":"Predstavnici DPS-a sa dijasporom u Njujorku: \u010clanstvo Crne Gore u EU uslov o\u010duvanja njenog gra\u0111anskog karaktera - dmcsrb.com","og_description":"Predstavnici Demokratske partije socijalista potpredsjednik Abaz Dizdarevi\u0107, \u0161ef Kluba poslanika DPS-a Andrija Nikoli\u0107 i \u010dlan Predsjedni\u0161tva Alen Bali\u0107, drugog dana boravka u Njujorku u\u010destvovali su na okruglom stolu pod nazivom \u201cQuo vadis Montenegro?\u201d, gdje su sa ostalim u\u010desnicima i ljudima iz dijaspore razgovarali o tome kakav je stvarni dru\u0161tveni i politi\u010dki smjer Crne Gore i kakvu ulogu i zna\u010daj imaju dijaspora i iseljenici za o\u010duvanje gra\u0111anskog koncepta crnogorskog dru\u0161tva, ali i ekonomski razvoj dr\u017eave, naro\u010dito na sjeveru, saop\u0161teno je iz Demokratske partije socijalista.","og_url":"https:\/\/dmcsrb.com\/en\/politika\/predstavnici-dps-a-sa-dijasporom-u-njujorku-clanstvo-crne-gore-u-eu-uslov-ocuvanja-njenog-gradjanskog-karaktera\/","og_site_name":"dmcsrb.com","article_published_time":"2025-12-22T15:38:00+00:00","og_image":[{"width":1280,"height":960,"url":"https:\/\/dmcsrb.com\/wp-content\/uploads\/2026\/01\/f2cf3c33-e395-48be-ac6e-0f0d2bce9de8.jpeg","type":"image\/jpeg"}],"author":"dmcsrbija.com@gmail.com","twitter_card":"summary_large_image","twitter_misc":{"Written by":"dmcsrbija.com@gmail.com","Estimated reading time":"3 minutes"},"schema":{"@context":"https:\/\/schema.org","@graph":[{"@type":"Article","@id":"https:\/\/dmcsrb.com\/politika\/predstavnici-dps-a-sa-dijasporom-u-njujorku-clanstvo-crne-gore-u-eu-uslov-ocuvanja-njenog-gradjanskog-karaktera\/#article","isPartOf":{"@id":"https:\/\/dmcsrb.com\/politika\/predstavnici-dps-a-sa-dijasporom-u-njujorku-clanstvo-crne-gore-u-eu-uslov-ocuvanja-njenog-gradjanskog-karaktera\/"},"author":{"name":"dmcsrbija.com@gmail.com","@id":"https:\/\/dmcsrb.com\/#\/schema\/person\/5c39170f12db1b8b457732d0b5c854e2"},"headline":"Predstavnici DPS-a sa dijasporom u Njujorku: \u010clanstvo Crne Gore u EU uslov o\u010duvanja njenog gra\u0111anskog karaktera","datePublished":"2025-12-22T15:38:00+00:00","mainEntityOfPage":{"@id":"https:\/\/dmcsrb.com\/politika\/predstavnici-dps-a-sa-dijasporom-u-njujorku-clanstvo-crne-gore-u-eu-uslov-ocuvanja-njenog-gradjanskog-karaktera\/"},"wordCount":573,"commentCount":0,"image":{"@id":"https:\/\/dmcsrb.com\/politika\/predstavnici-dps-a-sa-dijasporom-u-njujorku-clanstvo-crne-gore-u-eu-uslov-ocuvanja-njenog-gradjanskog-karaktera\/#primaryimage"},"thumbnailUrl":"https:\/\/dmcsrb.com\/wp-content\/uploads\/2026\/01\/f2cf3c33-e395-48be-ac6e-0f0d2bce9de8.jpeg","keywords":["\u010clanstvo Crne Gore","Dijaspora","DPS","EU","Gra\u0111anski karakter","Njujork","predstavnici"],"articleSection":["Politika"],"inLanguage":"en-GB","potentialAction":[{"@type":"CommentAction","name":"Comment","target":["https:\/\/dmcsrb.com\/politika\/predstavnici-dps-a-sa-dijasporom-u-njujorku-clanstvo-crne-gore-u-eu-uslov-ocuvanja-njenog-gradjanskog-karaktera\/#respond"]}]},{"@type":"WebPage","@id":"https:\/\/dmcsrb.com\/politika\/predstavnici-dps-a-sa-dijasporom-u-njujorku-clanstvo-crne-gore-u-eu-uslov-ocuvanja-njenog-gradjanskog-karaktera\/","url":"https:\/\/dmcsrb.com\/politika\/predstavnici-dps-a-sa-dijasporom-u-njujorku-clanstvo-crne-gore-u-eu-uslov-ocuvanja-njenog-gradjanskog-karaktera\/","name":"Predstavnici DPS-a sa dijasporom u Njujorku: \u010clanstvo Crne Gore u EU uslov o\u010duvanja njenog gra\u0111anskog karaktera - dmcsrb.com","isPartOf":{"@id":"https:\/\/dmcsrb.com\/#website"},"primaryImageOfPage":{"@id":"https:\/\/dmcsrb.com\/politika\/predstavnici-dps-a-sa-dijasporom-u-njujorku-clanstvo-crne-gore-u-eu-uslov-ocuvanja-njenog-gradjanskog-karaktera\/#primaryimage"},"image":{"@id":"https:\/\/dmcsrb.com\/politika\/predstavnici-dps-a-sa-dijasporom-u-njujorku-clanstvo-crne-gore-u-eu-uslov-ocuvanja-njenog-gradjanskog-karaktera\/#primaryimage"},"thumbnailUrl":"https:\/\/dmcsrb.com\/wp-content\/uploads\/2026\/01\/f2cf3c33-e395-48be-ac6e-0f0d2bce9de8.jpeg","datePublished":"2025-12-22T15:38:00+00:00","author":{"@id":"https:\/\/dmcsrb.com\/#\/schema\/person\/5c39170f12db1b8b457732d0b5c854e2"},"breadcrumb":{"@id":"https:\/\/dmcsrb.com\/politika\/predstavnici-dps-a-sa-dijasporom-u-njujorku-clanstvo-crne-gore-u-eu-uslov-ocuvanja-njenog-gradjanskog-karaktera\/#breadcrumb"},"inLanguage":"en-GB","potentialAction":[{"@type":"ReadAction","target":["https:\/\/dmcsrb.com\/politika\/predstavnici-dps-a-sa-dijasporom-u-njujorku-clanstvo-crne-gore-u-eu-uslov-ocuvanja-njenog-gradjanskog-karaktera\/"]}]},{"@type":"ImageObject","inLanguage":"en-GB","@id":"https:\/\/dmcsrb.com\/politika\/predstavnici-dps-a-sa-dijasporom-u-njujorku-clanstvo-crne-gore-u-eu-uslov-ocuvanja-njenog-gradjanskog-karaktera\/#primaryimage","url":"https:\/\/dmcsrb.com\/wp-content\/uploads\/2026\/01\/f2cf3c33-e395-48be-ac6e-0f0d2bce9de8.jpeg","contentUrl":"https:\/\/dmcsrb.com\/wp-content\/uploads\/2026\/01\/f2cf3c33-e395-48be-ac6e-0f0d2bce9de8.jpeg","width":1280,"height":960},{"@type":"BreadcrumbList","@id":"https:\/\/dmcsrb.com\/politika\/predstavnici-dps-a-sa-dijasporom-u-njujorku-clanstvo-crne-gore-u-eu-uslov-ocuvanja-njenog-gradjanskog-karaktera\/#breadcrumb","itemListElement":[{"@type":"ListItem","position":1,"name":"Home","item":"https:\/\/dmcsrb.com\/"},{"@type":"ListItem","position":2,"name":"Predstavnici DPS-a sa dijasporom u Njujorku: \u010clanstvo Crne Gore u EU uslov o\u010duvanja njenog gra\u0111anskog karaktera"}]},{"@type":"WebSite","@id":"https:\/\/dmcsrb.com\/#website","url":"https:\/\/dmcsrb.com\/","name":"dmcsrb.com","description":"","potentialAction":[{"@type":"SearchAction","target":{"@type":"EntryPoint","urlTemplate":"https:\/\/dmcsrb.com\/?s={search_term_string}"},"query-input":{"@type":"PropertyValueSpecification","valueRequired":true,"valueName":"search_term_string"}}],"inLanguage":"en-GB"},{"@type":"Person","@id":"https:\/\/dmcsrb.com\/#\/schema\/person\/5c39170f12db1b8b457732d0b5c854e2","name":"dmcsrbija.com@gmail.com","image":{"@type":"ImageObject","inLanguage":"en-GB","@id":"https:\/\/secure.gravatar.com\/avatar\/68592660ad6347fad0fb587f8d5d8f1a7b44961362f56e4f2cd524feb87e9069?s=96&d=mm&r=g","url":"https:\/\/secure.gravatar.com\/avatar\/68592660ad6347fad0fb587f8d5d8f1a7b44961362f56e4f2cd524feb87e9069?s=96&d=mm&r=g","contentUrl":"https:\/\/secure.gravatar.com\/avatar\/68592660ad6347fad0fb587f8d5d8f1a7b44961362f56e4f2cd524feb87e9069?s=96&d=mm&r=g","caption":"dmcsrbija.com@gmail.com"},"sameAs":["https:\/\/dmcsrb.com"],"url":"https:\/\/dmcsrb.com\/en\/author\/dmcsrbija-comgmail-com\/"}]}},"_links":{"self":[{"href":"https:\/\/dmcsrb.com\/en\/wp-json\/wp\/v2\/posts\/915095","targetHints":{"allow":["GET"]}}],"collection":[{"href":"https:\/\/dmcsrb.com\/en\/wp-json\/wp\/v2\/posts"}],"about":[{"href":"https:\/\/dmcsrb.com\/en\/wp-json\/wp\/v2\/types\/post"}],"author":[{"embeddable":true,"href":"https:\/\/dmcsrb.com\/en\/wp-json\/wp\/v2\/users\/1"}],"replies":[{"embeddable":true,"href":"https:\/\/dmcsrb.com\/en\/wp-json\/wp\/v2\/comments?post=915095"}],"version-history":[{"count":0,"href":"https:\/\/dmcsrb.com\/en\/wp-json\/wp\/v2\/posts\/915095\/revisions"}],"wp:featuredmedia":[{"embeddable":true,"href":"https:\/\/dmcsrb.com\/en\/wp-json\/wp\/v2\/media\/915096"}],"wp:attachment":[{"href":"https:\/\/dmcsrb.com\/en\/wp-json\/wp\/v2\/media?parent=915095"}],"wp:term":[{"taxonomy":"category","embeddable":true,"href":"https:\/\/dmcsrb.com\/en\/wp-json\/wp\/v2\/categories?post=915095"},{"taxonomy":"post_tag","embeddable":true,"href":"https:\/\/dmcsrb.com\/en\/wp-json\/wp\/v2\/tags?post=915095"},{"taxonomy":"naslovna","embeddable":true,"href":"https:\/\/dmcsrb.com\/en\/wp-json\/wp\/v2\/naslovna?post=915095"}],"curies":[{"name":"wp","href":"https:\/\/api.w.org\/{rel}","templated":true}]}}