{"id":915065,"date":"2025-12-22T14:38:24","date_gmt":"2025-12-22T13:38:24","guid":{"rendered":"https:\/\/dmcsrb.com\/uncategorized\/spajic-dijalogom-i-politickom-zreloscu-do-kompletiranja-us-sto-prije-uclanjenje-u-eu-kao-nacionalni-interes\/"},"modified":"2025-12-22T14:38:24","modified_gmt":"2025-12-22T13:38:24","slug":"spajic-dijalogom-i-politickom-zreloscu-do-kompletiranja-us-sto-prije-uclanjenje-u-eu-kao-nacionalni-interes","status":"publish","type":"post","link":"https:\/\/dmcsrb.com\/en\/politika\/spajic-dijalogom-i-politickom-zreloscu-do-kompletiranja-us-sto-prije-uclanjenje-u-eu-kao-nacionalni-interes\/","title":{"rendered":"Spaji\u0107: Dijalogom i politi\u010dkom zrelo\u0161\u0107u do kompletiranja US \u0161to prije; u\u010dlanjenje u EU kao nacionalni interes"},"content":{"rendered":"<p><\/p>\n\n\n\n<p>To je poruka sa dana\u0161njih konsultacija koje je povodom izbora sudija Ustavnog suda otvorio predsjednik Vlade <strong>Milojko Spaji\u0107<\/strong> sa predstavnicima parlamentarnih stranaka.<\/p>\n\n\n\n<p>U konsultacijama su u\u010destvovali predstavnici Pokreta Evropa sad <strong>Vasilije \u010carapi\u0107<\/strong>,&nbsp; Demokratske partije socijalista <strong>Danijel \u017divkovi\u0107<\/strong>, Nove srpske demokratije <strong>Jelena Bo\u017eovi\u0107<\/strong>, Demokratske Crne Gore <strong>Nikola Rov\u010danin, <\/strong>Bo\u0161nja\u010dke stranke <strong>Mirsad Nurkovi\u0107<\/strong>, Socijalisti\u010dke narodne partije <strong>Bogdan Bo\u017eovi\u0107<\/strong> i <strong>Krsto Ra\u0111enovi\u0107<\/strong>, Socijaldemokrata <strong>Boris Mugo\u0161a<\/strong>, Hrvatske gra\u0111anske inicijative <strong>Adrijan Vuksanovi\u0107<\/strong>, Albanskog foruma <strong>Artan \u010cobi.<\/strong><\/p>\n\n\n\n<p>Predsjednik Vlade istakao je da je cilj konsultacija inkluzija i postizanje \u0161to \u0161ireg konsenzusa u vezi sa svim va\u017enim pitanjima od interesa gra\u0111ana i dr\u017eave, te ostvarivanja strate\u0161kog cilja &#8211; \u010dlanstva Crne Gore u Evropskoj uniji.<\/p>\n\n\n\n<p>\u201eOtvaramo ciklus intenzivnih razgovora u \u017eelji da obradujemo na\u0161e gra\u0111ane i da \u0161to prije, ukoliko je mogu\u0107e do kraja godine, saop\u0161timo da imamo u potpunosti kompletiran Ustavni sud. Funkcionalnost institucija i stvaranje preduslova za punu vladavinu na\u0161 je prioritet\u201d, poru\u010dio je premijer Spaji\u0107.<\/p>\n\n\n\n<p>Kako je istakao, Crna Gora planiranom dinamikom napreduje ka u\u010dlanjenju u EU, ali da \u0107e u zavr\u0161nici ovog procesa biti jo\u0161 izazova.<\/p>\n\n\n\n<p>\u201eIzme\u0111u ostalih u poglavljima 23 i 24. Zato je na svima nama da u\u010dinimo sve kako bismo kroz dijalog do\u0161li do najboljih rje\u0161enja za sva otvorena pitanja. O\u010dekujem da do kraja godine parlament izabere najmanje jednog sudiju Ustavnog suda, a u predstoje\u0107em intenzivnom radu zajedni\u010dki ispunjavamo sve obaveze iz zahtjevne evropske agende\u201d, naveo je premijer.<\/p>\n\n\n\n<p>Predsjednica Ustavnog odbora Jelena Bo\u017eovi\u0107 saop\u0161tila je da je za sjutra zakazana sjednica tog skup\u0161tinskog tijela na kojoj \u0107e biti konstatovan broj pristiglih prijava za kandidata Ustavnog suda, nakon \u010dega slijedi procedura izbora.<\/p>\n\n\n\n<p>Predstavnici parlamentarnih stranaka ocijenili su pozitivnim to \u0161to je premijer otvorio konsultacije oko va\u017enih pitanja koja se ti\u010du evropskog puta Crne Gore.<\/p>\n\n\n\n<p>Saglasili su se da je integracija dr\u017eave u Evropsku uniju nacionalni interes, te da \u0107e svi u tom smislu dati doprinos, kako kada je u pitanju kompletiranje Ustavnog suda, tako i u odnosu na zakonska rje\u0161enja i uskla\u0111ivanje sa zakonodavstvom EU.<\/p>","protected":false},"excerpt":{"rendered":"<p>Zavr\u0161etak pregovara\u010dkog procesa Crne Gore sa Evropskom unijom je nacionalni interes i stvaranje preduslova za punu vladavinu prava, uklju\u010duju\u0107i izbor sudija Ustavnog suda, treba da bude rezultat konsenzusa vlasti i opozicije.<\/p>","protected":false},"author":1,"featured_media":915066,"comment_status":"open","ping_status":"open","sticky":false,"template":"","format":"standard","meta":{"_acf_changed":false,"footnotes":""},"categories":[12],"tags":[320,4061,166,4062,4063,4064],"naslovna":[],"class_list":["post-915065","post","type-post","status-publish","format-standard","has-post-thumbnail","hentry","category-politika","tag-dijalog","tag-kompletiranje-us","tag-milojko-spajic","tag-nacionalni-interes","tag-spoliticka-zrelost","tag-uclanjenje-u-eu"],"acf":[],"yoast_head":"<!-- This site is optimized with the Yoast SEO plugin v27.0 - https:\/\/yoast.com\/product\/yoast-seo-wordpress\/ -->\n<title>Spaji\u0107: Dijalogom i politi\u010dkom zrelo\u0161\u0107u do kompletiranja US \u0161to prije; u\u010dlanjenje u EU kao nacionalni interes - dmcsrb.com<\/title>\n<meta name=\"robots\" content=\"index, follow, max-snippet:-1, max-image-preview:large, max-video-preview:-1\" \/>\n<link rel=\"canonical\" href=\"https:\/\/dmcsrb.com\/en\/politika\/spajic-dijalogom-i-politickom-zreloscu-do-kompletiranja-us-sto-prije-uclanjenje-u-eu-kao-nacionalni-interes\/\" \/>\n<meta property=\"og:locale\" content=\"en_GB\" \/>\n<meta property=\"og:type\" content=\"article\" \/>\n<meta property=\"og:title\" content=\"Spaji\u0107: Dijalogom i politi\u010dkom zrelo\u0161\u0107u do kompletiranja US \u0161to prije; u\u010dlanjenje u EU kao nacionalni interes - dmcsrb.com\" \/>\n<meta property=\"og:description\" content=\"Zavr\u0161etak pregovara\u010dkog procesa Crne Gore sa Evropskom unijom je nacionalni interes i stvaranje preduslova za punu vladavinu prava, uklju\u010duju\u0107i izbor sudija Ustavnog suda, treba da bude rezultat konsenzusa vlasti i opozicije.\" \/>\n<meta property=\"og:url\" content=\"https:\/\/dmcsrb.com\/en\/politika\/spajic-dijalogom-i-politickom-zreloscu-do-kompletiranja-us-sto-prije-uclanjenje-u-eu-kao-nacionalni-interes\/\" \/>\n<meta property=\"og:site_name\" content=\"dmcsrb.com\" \/>\n<meta property=\"article:published_time\" content=\"2025-12-22T13:38:24+00:00\" \/>\n<meta property=\"og:image\" content=\"https:\/\/dmcsrb.com\/wp-content\/uploads\/2026\/01\/Capture-44.jpg\" \/>\n\t<meta property=\"og:image:width\" content=\"1261\" \/>\n\t<meta property=\"og:image:height\" content=\"703\" \/>\n\t<meta property=\"og:image:type\" content=\"image\/jpeg\" \/>\n<meta name=\"author\" content=\"dmcsrbija.com@gmail.com\" \/>\n<meta name=\"twitter:card\" content=\"summary_large_image\" \/>\n<meta name=\"twitter:label1\" content=\"Written by\" \/>\n\t<meta name=\"twitter:data1\" content=\"dmcsrbija.com@gmail.com\" \/>\n\t<meta name=\"twitter:label2\" content=\"Estimated reading time\" \/>\n\t<meta name=\"twitter:data2\" content=\"2 minutes\" \/>\n<script type=\"application\/ld+json\" class=\"yoast-schema-graph\">{\"@context\":\"https:\/\/schema.org\",\"@graph\":[{\"@type\":\"Article\",\"@id\":\"https:\/\/dmcsrb.com\/politika\/spajic-dijalogom-i-politickom-zreloscu-do-kompletiranja-us-sto-prije-uclanjenje-u-eu-kao-nacionalni-interes\/#article\",\"isPartOf\":{\"@id\":\"https:\/\/dmcsrb.com\/politika\/spajic-dijalogom-i-politickom-zreloscu-do-kompletiranja-us-sto-prije-uclanjenje-u-eu-kao-nacionalni-interes\/\"},\"author\":{\"name\":\"dmcsrbija.com@gmail.com\",\"@id\":\"https:\/\/dmcsrb.com\/#\/schema\/person\/5c39170f12db1b8b457732d0b5c854e2\"},\"headline\":\"Spaji\u0107: Dijalogom i politi\u010dkom zrelo\u0161\u0107u do kompletiranja US \u0161to prije; u\u010dlanjenje u EU kao nacionalni interes\",\"datePublished\":\"2025-12-22T13:38:24+00:00\",\"mainEntityOfPage\":{\"@id\":\"https:\/\/dmcsrb.com\/politika\/spajic-dijalogom-i-politickom-zreloscu-do-kompletiranja-us-sto-prije-uclanjenje-u-eu-kao-nacionalni-interes\/\"},\"wordCount\":378,\"commentCount\":0,\"image\":{\"@id\":\"https:\/\/dmcsrb.com\/politika\/spajic-dijalogom-i-politickom-zreloscu-do-kompletiranja-us-sto-prije-uclanjenje-u-eu-kao-nacionalni-interes\/#primaryimage\"},\"thumbnailUrl\":\"https:\/\/dmcsrb.com\/wp-content\/uploads\/2026\/01\/Capture-44.jpg\",\"keywords\":[\"dijalog\",\"Kompletiranje US\",\"Milojko Spaji\u0107\",\"nacionalni interes\",\"\u0160Politi\u010dka zrelost\",\"U\u010dlanjenje u EU\"],\"articleSection\":[\"Politika\"],\"inLanguage\":\"en-GB\",\"potentialAction\":[{\"@type\":\"CommentAction\",\"name\":\"Comment\",\"target\":[\"https:\/\/dmcsrb.com\/politika\/spajic-dijalogom-i-politickom-zreloscu-do-kompletiranja-us-sto-prije-uclanjenje-u-eu-kao-nacionalni-interes\/#respond\"]}]},{\"@type\":\"WebPage\",\"@id\":\"https:\/\/dmcsrb.com\/politika\/spajic-dijalogom-i-politickom-zreloscu-do-kompletiranja-us-sto-prije-uclanjenje-u-eu-kao-nacionalni-interes\/\",\"url\":\"https:\/\/dmcsrb.com\/politika\/spajic-dijalogom-i-politickom-zreloscu-do-kompletiranja-us-sto-prije-uclanjenje-u-eu-kao-nacionalni-interes\/\",\"name\":\"Spaji\u0107: Dijalogom i politi\u010dkom zrelo\u0161\u0107u do kompletiranja US \u0161to prije; u\u010dlanjenje u EU kao nacionalni interes - dmcsrb.com\",\"isPartOf\":{\"@id\":\"https:\/\/dmcsrb.com\/#website\"},\"primaryImageOfPage\":{\"@id\":\"https:\/\/dmcsrb.com\/politika\/spajic-dijalogom-i-politickom-zreloscu-do-kompletiranja-us-sto-prije-uclanjenje-u-eu-kao-nacionalni-interes\/#primaryimage\"},\"image\":{\"@id\":\"https:\/\/dmcsrb.com\/politika\/spajic-dijalogom-i-politickom-zreloscu-do-kompletiranja-us-sto-prije-uclanjenje-u-eu-kao-nacionalni-interes\/#primaryimage\"},\"thumbnailUrl\":\"https:\/\/dmcsrb.com\/wp-content\/uploads\/2026\/01\/Capture-44.jpg\",\"datePublished\":\"2025-12-22T13:38:24+00:00\",\"author\":{\"@id\":\"https:\/\/dmcsrb.com\/#\/schema\/person\/5c39170f12db1b8b457732d0b5c854e2\"},\"breadcrumb\":{\"@id\":\"https:\/\/dmcsrb.com\/politika\/spajic-dijalogom-i-politickom-zreloscu-do-kompletiranja-us-sto-prije-uclanjenje-u-eu-kao-nacionalni-interes\/#breadcrumb\"},\"inLanguage\":\"en-GB\",\"potentialAction\":[{\"@type\":\"ReadAction\",\"target\":[\"https:\/\/dmcsrb.com\/politika\/spajic-dijalogom-i-politickom-zreloscu-do-kompletiranja-us-sto-prije-uclanjenje-u-eu-kao-nacionalni-interes\/\"]}]},{\"@type\":\"ImageObject\",\"inLanguage\":\"en-GB\",\"@id\":\"https:\/\/dmcsrb.com\/politika\/spajic-dijalogom-i-politickom-zreloscu-do-kompletiranja-us-sto-prije-uclanjenje-u-eu-kao-nacionalni-interes\/#primaryimage\",\"url\":\"https:\/\/dmcsrb.com\/wp-content\/uploads\/2026\/01\/Capture-44.jpg\",\"contentUrl\":\"https:\/\/dmcsrb.com\/wp-content\/uploads\/2026\/01\/Capture-44.jpg\",\"width\":1261,\"height\":703},{\"@type\":\"BreadcrumbList\",\"@id\":\"https:\/\/dmcsrb.com\/politika\/spajic-dijalogom-i-politickom-zreloscu-do-kompletiranja-us-sto-prije-uclanjenje-u-eu-kao-nacionalni-interes\/#breadcrumb\",\"itemListElement\":[{\"@type\":\"ListItem\",\"position\":1,\"name\":\"Home\",\"item\":\"https:\/\/dmcsrb.com\/\"},{\"@type\":\"ListItem\",\"position\":2,\"name\":\"Spaji\u0107: Dijalogom i politi\u010dkom zrelo\u0161\u0107u do kompletiranja US \u0161to prije; u\u010dlanjenje u EU kao nacionalni interes\"}]},{\"@type\":\"WebSite\",\"@id\":\"https:\/\/dmcsrb.com\/#website\",\"url\":\"https:\/\/dmcsrb.com\/\",\"name\":\"dmcsrb.com\",\"description\":\"\",\"potentialAction\":[{\"@type\":\"SearchAction\",\"target\":{\"@type\":\"EntryPoint\",\"urlTemplate\":\"https:\/\/dmcsrb.com\/?s={search_term_string}\"},\"query-input\":{\"@type\":\"PropertyValueSpecification\",\"valueRequired\":true,\"valueName\":\"search_term_string\"}}],\"inLanguage\":\"en-GB\"},{\"@type\":\"Person\",\"@id\":\"https:\/\/dmcsrb.com\/#\/schema\/person\/5c39170f12db1b8b457732d0b5c854e2\",\"name\":\"dmcsrbija.com@gmail.com\",\"image\":{\"@type\":\"ImageObject\",\"inLanguage\":\"en-GB\",\"@id\":\"https:\/\/dmcsrb.com\/#\/schema\/person\/image\/\",\"url\":\"https:\/\/secure.gravatar.com\/avatar\/68592660ad6347fad0fb587f8d5d8f1a7b44961362f56e4f2cd524feb87e9069?s=96&d=mm&r=g\",\"contentUrl\":\"https:\/\/secure.gravatar.com\/avatar\/68592660ad6347fad0fb587f8d5d8f1a7b44961362f56e4f2cd524feb87e9069?s=96&d=mm&r=g\",\"caption\":\"dmcsrbija.com@gmail.com\"},\"sameAs\":[\"https:\/\/dmcsrb.com\"],\"url\":\"https:\/\/dmcsrb.com\/en\/author\/dmcsrbija-comgmail-com\/\"}]}<\/script>\n<!-- \/ Yoast SEO plugin. -->","yoast_head_json":{"title":"Spaji\u0107: Dijalogom i politi\u010dkom zrelo\u0161\u0107u do kompletiranja US \u0161to prije; u\u010dlanjenje u EU kao nacionalni interes - dmcsrb.com","robots":{"index":"index","follow":"follow","max-snippet":"max-snippet:-1","max-image-preview":"max-image-preview:large","max-video-preview":"max-video-preview:-1"},"canonical":"https:\/\/dmcsrb.com\/en\/politika\/spajic-dijalogom-i-politickom-zreloscu-do-kompletiranja-us-sto-prije-uclanjenje-u-eu-kao-nacionalni-interes\/","og_locale":"en_GB","og_type":"article","og_title":"Spaji\u0107: Dijalogom i politi\u010dkom zrelo\u0161\u0107u do kompletiranja US \u0161to prije; u\u010dlanjenje u EU kao nacionalni interes - dmcsrb.com","og_description":"Zavr\u0161etak pregovara\u010dkog procesa Crne Gore sa Evropskom unijom je nacionalni interes i stvaranje preduslova za punu vladavinu prava, uklju\u010duju\u0107i izbor sudija Ustavnog suda, treba da bude rezultat konsenzusa vlasti i opozicije.","og_url":"https:\/\/dmcsrb.com\/en\/politika\/spajic-dijalogom-i-politickom-zreloscu-do-kompletiranja-us-sto-prije-uclanjenje-u-eu-kao-nacionalni-interes\/","og_site_name":"dmcsrb.com","article_published_time":"2025-12-22T13:38:24+00:00","og_image":[{"width":1261,"height":703,"url":"https:\/\/dmcsrb.com\/wp-content\/uploads\/2026\/01\/Capture-44.jpg","type":"image\/jpeg"}],"author":"dmcsrbija.com@gmail.com","twitter_card":"summary_large_image","twitter_misc":{"Written by":"dmcsrbija.com@gmail.com","Estimated reading time":"2 minutes"},"schema":{"@context":"https:\/\/schema.org","@graph":[{"@type":"Article","@id":"https:\/\/dmcsrb.com\/politika\/spajic-dijalogom-i-politickom-zreloscu-do-kompletiranja-us-sto-prije-uclanjenje-u-eu-kao-nacionalni-interes\/#article","isPartOf":{"@id":"https:\/\/dmcsrb.com\/politika\/spajic-dijalogom-i-politickom-zreloscu-do-kompletiranja-us-sto-prije-uclanjenje-u-eu-kao-nacionalni-interes\/"},"author":{"name":"dmcsrbija.com@gmail.com","@id":"https:\/\/dmcsrb.com\/#\/schema\/person\/5c39170f12db1b8b457732d0b5c854e2"},"headline":"Spaji\u0107: Dijalogom i politi\u010dkom zrelo\u0161\u0107u do kompletiranja US \u0161to prije; u\u010dlanjenje u EU kao nacionalni interes","datePublished":"2025-12-22T13:38:24+00:00","mainEntityOfPage":{"@id":"https:\/\/dmcsrb.com\/politika\/spajic-dijalogom-i-politickom-zreloscu-do-kompletiranja-us-sto-prije-uclanjenje-u-eu-kao-nacionalni-interes\/"},"wordCount":378,"commentCount":0,"image":{"@id":"https:\/\/dmcsrb.com\/politika\/spajic-dijalogom-i-politickom-zreloscu-do-kompletiranja-us-sto-prije-uclanjenje-u-eu-kao-nacionalni-interes\/#primaryimage"},"thumbnailUrl":"https:\/\/dmcsrb.com\/wp-content\/uploads\/2026\/01\/Capture-44.jpg","keywords":["dijalog","Kompletiranje US","Milojko Spaji\u0107","nacionalni interes","\u0160Politi\u010dka zrelost","U\u010dlanjenje u EU"],"articleSection":["Politika"],"inLanguage":"en-GB","potentialAction":[{"@type":"CommentAction","name":"Comment","target":["https:\/\/dmcsrb.com\/politika\/spajic-dijalogom-i-politickom-zreloscu-do-kompletiranja-us-sto-prije-uclanjenje-u-eu-kao-nacionalni-interes\/#respond"]}]},{"@type":"WebPage","@id":"https:\/\/dmcsrb.com\/politika\/spajic-dijalogom-i-politickom-zreloscu-do-kompletiranja-us-sto-prije-uclanjenje-u-eu-kao-nacionalni-interes\/","url":"https:\/\/dmcsrb.com\/politika\/spajic-dijalogom-i-politickom-zreloscu-do-kompletiranja-us-sto-prije-uclanjenje-u-eu-kao-nacionalni-interes\/","name":"Spaji\u0107: Dijalogom i politi\u010dkom zrelo\u0161\u0107u do kompletiranja US \u0161to prije; u\u010dlanjenje u EU kao nacionalni interes - dmcsrb.com","isPartOf":{"@id":"https:\/\/dmcsrb.com\/#website"},"primaryImageOfPage":{"@id":"https:\/\/dmcsrb.com\/politika\/spajic-dijalogom-i-politickom-zreloscu-do-kompletiranja-us-sto-prije-uclanjenje-u-eu-kao-nacionalni-interes\/#primaryimage"},"image":{"@id":"https:\/\/dmcsrb.com\/politika\/spajic-dijalogom-i-politickom-zreloscu-do-kompletiranja-us-sto-prije-uclanjenje-u-eu-kao-nacionalni-interes\/#primaryimage"},"thumbnailUrl":"https:\/\/dmcsrb.com\/wp-content\/uploads\/2026\/01\/Capture-44.jpg","datePublished":"2025-12-22T13:38:24+00:00","author":{"@id":"https:\/\/dmcsrb.com\/#\/schema\/person\/5c39170f12db1b8b457732d0b5c854e2"},"breadcrumb":{"@id":"https:\/\/dmcsrb.com\/politika\/spajic-dijalogom-i-politickom-zreloscu-do-kompletiranja-us-sto-prije-uclanjenje-u-eu-kao-nacionalni-interes\/#breadcrumb"},"inLanguage":"en-GB","potentialAction":[{"@type":"ReadAction","target":["https:\/\/dmcsrb.com\/politika\/spajic-dijalogom-i-politickom-zreloscu-do-kompletiranja-us-sto-prije-uclanjenje-u-eu-kao-nacionalni-interes\/"]}]},{"@type":"ImageObject","inLanguage":"en-GB","@id":"https:\/\/dmcsrb.com\/politika\/spajic-dijalogom-i-politickom-zreloscu-do-kompletiranja-us-sto-prije-uclanjenje-u-eu-kao-nacionalni-interes\/#primaryimage","url":"https:\/\/dmcsrb.com\/wp-content\/uploads\/2026\/01\/Capture-44.jpg","contentUrl":"https:\/\/dmcsrb.com\/wp-content\/uploads\/2026\/01\/Capture-44.jpg","width":1261,"height":703},{"@type":"BreadcrumbList","@id":"https:\/\/dmcsrb.com\/politika\/spajic-dijalogom-i-politickom-zreloscu-do-kompletiranja-us-sto-prije-uclanjenje-u-eu-kao-nacionalni-interes\/#breadcrumb","itemListElement":[{"@type":"ListItem","position":1,"name":"Home","item":"https:\/\/dmcsrb.com\/"},{"@type":"ListItem","position":2,"name":"Spaji\u0107: Dijalogom i politi\u010dkom zrelo\u0161\u0107u do kompletiranja US \u0161to prije; u\u010dlanjenje u EU kao nacionalni interes"}]},{"@type":"WebSite","@id":"https:\/\/dmcsrb.com\/#website","url":"https:\/\/dmcsrb.com\/","name":"dmcsrb.com","description":"","potentialAction":[{"@type":"SearchAction","target":{"@type":"EntryPoint","urlTemplate":"https:\/\/dmcsrb.com\/?s={search_term_string}"},"query-input":{"@type":"PropertyValueSpecification","valueRequired":true,"valueName":"search_term_string"}}],"inLanguage":"en-GB"},{"@type":"Person","@id":"https:\/\/dmcsrb.com\/#\/schema\/person\/5c39170f12db1b8b457732d0b5c854e2","name":"dmcsrbija.com@gmail.com","image":{"@type":"ImageObject","inLanguage":"en-GB","@id":"https:\/\/dmcsrb.com\/#\/schema\/person\/image\/","url":"https:\/\/secure.gravatar.com\/avatar\/68592660ad6347fad0fb587f8d5d8f1a7b44961362f56e4f2cd524feb87e9069?s=96&d=mm&r=g","contentUrl":"https:\/\/secure.gravatar.com\/avatar\/68592660ad6347fad0fb587f8d5d8f1a7b44961362f56e4f2cd524feb87e9069?s=96&d=mm&r=g","caption":"dmcsrbija.com@gmail.com"},"sameAs":["https:\/\/dmcsrb.com"],"url":"https:\/\/dmcsrb.com\/en\/author\/dmcsrbija-comgmail-com\/"}]}},"_links":{"self":[{"href":"https:\/\/dmcsrb.com\/en\/wp-json\/wp\/v2\/posts\/915065","targetHints":{"allow":["GET"]}}],"collection":[{"href":"https:\/\/dmcsrb.com\/en\/wp-json\/wp\/v2\/posts"}],"about":[{"href":"https:\/\/dmcsrb.com\/en\/wp-json\/wp\/v2\/types\/post"}],"author":[{"embeddable":true,"href":"https:\/\/dmcsrb.com\/en\/wp-json\/wp\/v2\/users\/1"}],"replies":[{"embeddable":true,"href":"https:\/\/dmcsrb.com\/en\/wp-json\/wp\/v2\/comments?post=915065"}],"version-history":[{"count":0,"href":"https:\/\/dmcsrb.com\/en\/wp-json\/wp\/v2\/posts\/915065\/revisions"}],"wp:featuredmedia":[{"embeddable":true,"href":"https:\/\/dmcsrb.com\/en\/wp-json\/wp\/v2\/media\/915066"}],"wp:attachment":[{"href":"https:\/\/dmcsrb.com\/en\/wp-json\/wp\/v2\/media?parent=915065"}],"wp:term":[{"taxonomy":"category","embeddable":true,"href":"https:\/\/dmcsrb.com\/en\/wp-json\/wp\/v2\/categories?post=915065"},{"taxonomy":"post_tag","embeddable":true,"href":"https:\/\/dmcsrb.com\/en\/wp-json\/wp\/v2\/tags?post=915065"},{"taxonomy":"naslovna","embeddable":true,"href":"https:\/\/dmcsrb.com\/en\/wp-json\/wp\/v2\/naslovna?post=915065"}],"curies":[{"name":"wp","href":"https:\/\/api.w.org\/{rel}","templated":true}]}}