{"id":914918,"date":"2025-12-22T06:40:00","date_gmt":"2025-12-22T05:40:00","guid":{"rendered":"https:\/\/dmcsrb.com\/uncategorized\/camaj-parlament-ce-raditi-i-tokom-vikenda-ceka-nas-puno-posla\/"},"modified":"2025-12-22T06:40:00","modified_gmt":"2025-12-22T05:40:00","slug":"camaj-parlament-ce-raditi-i-tokom-vikenda-ceka-nas-puno-posla","status":"publish","type":"post","link":"https:\/\/dmcsrb.com\/en\/politika\/camaj-parlament-ce-raditi-i-tokom-vikenda-ceka-nas-puno-posla\/","title":{"rendered":"Camaj: Parlament \u0107e raditi i tokom vikenda, \u010deka nas puno posla"},"content":{"rendered":"<p><br><\/p>\n\n\n\n<p><br>&#8220;Dosta tih zakona ve\u0107 ima plavu zastavicu, postoji pozitivan odnos Evropske unije prema njima i oko njih imamo potpunu saglasnost, i u ve\u0107ini i u opoziciji. O tome vjerovatno nema razloga za raspravu dalje od onoga \u0161to je razmatrano na odborima i \u0161to je dogovarano sa predstavnicima EU. Tako da vezano za te zakone sa plavom zastavicom ve\u0107 je sigurno da \u0107e imati podr\u0161ku svih nas&#8221;, kazao je Camaj.<\/p>\n\n\n\n<p>I lider opozicione Hrvatske gra\u0111anske inicijative Adrijan Vuksanovi\u0107 tako\u0111e isti\u010de va\u017enost evropskih integracija, navode\u0107i da je opozicija toga svjesna.<\/p>\n\n\n\n<p>Smatra da se sjednice Skup\u0161tine ne\u0107e svesti na puko izglasavanje i da ne\u0107e izostati kvalitetne diskusije o predlo\u017eenim aktima.<\/p>\n\n\n\n<p>&#8220;Istina, treba biti objektivan i kazati da me\u0111u zakonima ima i veliki broj onih koji su tehni\u010dke prirode, tako da nam to u jednom pogledu olak\u0161ava cjelokupni posao&#8221;, kazao je Vuksanovi\u0107.<\/p>\n\n\n\n<p>Za analiti\u010dara Mila Popovi\u0107a olak\u0161avaju\u0107a okolnost je tako\u0111e \u010dinjenica da su neke ta\u010dke dnevnog reda tehni\u010dke prirode.<\/p>\n\n\n\n<p>Ipak, ukazuje i na zakone od su\u0161tinskog zna\u010daja, poput predloga bud\u017eeta za narednu godinu i zadu\u017eivanja.<\/p>\n\n\n\n<p>Iako smatra da bi valjalo imati vi\u0161e vremena, Popovi\u0107 vjeruje da \u0107e se prirodnom selekcijom izdvojiti nekoliko najbitnijih ta\u010daka.<\/p>\n\n\n\n<p>&#8220;Vjerujem da \u0107e predsjednik Skup\u0161tine Andrija Mandi\u0107 uspjeti da izdvoji one najva\u017enije i da se o njima koliko-toliko kvalitetno raspravlja, imaju\u0107i u vidu njegove vje\u0161tine vezane za vo\u0111enje sjednice Skup\u0161tine Crne Gore&#8221;, kazao je Popovi\u0107.<\/p>\n\n\n\n<p>Dodaje da o\u010dekuje produktivan rad, ali upozorava da je kratak rok problemati\u010dan.<\/p>\n\n\n\n<p>&#8220;Mislim da \u0107e rad biti produktivan, ali smatram da nije dobro to \u0161to imamo samo desetak radnih dana i da bi bilo mnogo bolje da imamo znatno vi\u0161e vremena&#8221;, kazao je Popovi\u0107.<\/p>\n\n\n\n<p><br>Da rasprava ne\u0107e biti sadr\u017eajna, mi\u0161ljenja je analiti\u010dar Boris Mari\u0107, koji smatra da u ovako kratkom periodu nije mogu\u0107e o\u010dekivati kvalitetan pretres predlo\u017eenih akata.<\/p>\n\n\n\n<p>&#8220;Da se nadamo da su predlaga\u010di uradili \u0161to bolje svoj posao, ali znamo da mnoge stvari promaknu, da se mnoge stvari urade iz nekih drugih razloga, interesa ili motiva. Kakvi su ti zakoni i u kojoj mjeri su oni optimalni vidje\u0107emo kada se budu primjenjivali u praksi&#8221;, kazao je Mari\u0107.<\/p>\n\n\n\n<p>Podsje\u0107amo, pred parlamentarcima je do po\u010detka sedme sjednice bilo 11 ta\u010daka dnevnog reda, dok je za dopunu stiglo 25 predloga Vlade i vi\u0161e od 10 predloga izmjena i dopuna iniciranih od poslanika.<\/p>\n\n\n\n<p>O predlogu Gra\u0111anskog pokreta URA da se pove\u0107aju dje\u010dji dodaci ne\u0107e se raspravljati, jer ve\u0107inom glasova nije uvr\u0161ten u dnevni red.<\/p>","protected":false},"excerpt":{"rendered":"<p>Iako je ostalo svega osam radnih dana do kraja ove i po\u010detka nove godine, to za poslanike ne\u0107e biti problem jer \u0107e, kako je najavio potpredsjednik Skup\u0161tine Nikola Camaj, parlament zasjedati i tokom vikenda. O pojedinim zakonima, isti\u010de, bi\u0107e kvalitetne rasprave.<\/p>","protected":false},"author":1,"featured_media":914919,"comment_status":"open","ping_status":"open","sticky":false,"template":"","format":"standard","meta":{"_acf_changed":false,"footnotes":""},"categories":[12],"tags":[1250,15,3985],"naslovna":[],"class_list":["post-914918","post","type-post","status-publish","format-standard","has-post-thumbnail","hentry","category-politika","tag-nikola-camaj","tag-skupstina","tag-zakoni"],"acf":[],"yoast_head":"<!-- This site is optimized with the Yoast SEO plugin v27.4 - https:\/\/yoast.com\/product\/yoast-seo-wordpress\/ -->\n<title>Camaj: Parlament \u0107e raditi i tokom vikenda, \u010deka nas puno posla - dmcsrb.com<\/title>\n<meta name=\"robots\" content=\"index, follow, max-snippet:-1, max-image-preview:large, max-video-preview:-1\" \/>\n<link rel=\"canonical\" href=\"https:\/\/dmcsrb.com\/en\/politika\/camaj-parlament-ce-raditi-i-tokom-vikenda-ceka-nas-puno-posla\/\" \/>\n<meta property=\"og:locale\" content=\"en_GB\" \/>\n<meta property=\"og:type\" content=\"article\" \/>\n<meta property=\"og:title\" content=\"Camaj: Parlament \u0107e raditi i tokom vikenda, \u010deka nas puno posla - dmcsrb.com\" \/>\n<meta property=\"og:description\" content=\"Iako je ostalo svega osam radnih dana do kraja ove i po\u010detka nove godine, to za poslanike ne\u0107e biti problem jer \u0107e, kako je najavio potpredsjednik Skup\u0161tine Nikola Camaj, parlament zasjedati i tokom vikenda. O pojedinim zakonima, isti\u010de, bi\u0107e kvalitetne rasprave.\" \/>\n<meta property=\"og:url\" content=\"https:\/\/dmcsrb.com\/en\/politika\/camaj-parlament-ce-raditi-i-tokom-vikenda-ceka-nas-puno-posla\/\" \/>\n<meta property=\"og:site_name\" content=\"dmcsrb.com\" \/>\n<meta property=\"article:published_time\" content=\"2025-12-22T05:40:00+00:00\" \/>\n<meta property=\"og:image\" content=\"https:\/\/dmcsrb.com\/wp-content\/uploads\/2026\/01\/Nikola-Camaj.jpg\" \/>\n\t<meta property=\"og:image:width\" content=\"1713\" \/>\n\t<meta property=\"og:image:height\" content=\"1277\" \/>\n\t<meta property=\"og:image:type\" content=\"image\/jpeg\" \/>\n<meta name=\"author\" content=\"dmcsrbija.com@gmail.com\" \/>\n<meta name=\"twitter:card\" content=\"summary_large_image\" \/>\n<meta name=\"twitter:label1\" content=\"Written by\" \/>\n\t<meta name=\"twitter:data1\" content=\"dmcsrbija.com@gmail.com\" \/>\n\t<meta name=\"twitter:label2\" content=\"Estimated reading time\" \/>\n\t<meta name=\"twitter:data2\" content=\"2 minutes\" \/>\n<script type=\"application\/ld+json\" class=\"yoast-schema-graph\">{\"@context\":\"https:\\\/\\\/schema.org\",\"@graph\":[{\"@type\":\"Article\",\"@id\":\"https:\\\/\\\/dmcsrb.com\\\/politika\\\/camaj-parlament-ce-raditi-i-tokom-vikenda-ceka-nas-puno-posla\\\/#article\",\"isPartOf\":{\"@id\":\"https:\\\/\\\/dmcsrb.com\\\/politika\\\/camaj-parlament-ce-raditi-i-tokom-vikenda-ceka-nas-puno-posla\\\/\"},\"author\":{\"name\":\"dmcsrbija.com@gmail.com\",\"@id\":\"https:\\\/\\\/dmcsrb.com\\\/#\\\/schema\\\/person\\\/5c39170f12db1b8b457732d0b5c854e2\"},\"headline\":\"Camaj: Parlament \u0107e raditi i tokom vikenda, \u010deka nas puno posla\",\"datePublished\":\"2025-12-22T05:40:00+00:00\",\"mainEntityOfPage\":{\"@id\":\"https:\\\/\\\/dmcsrb.com\\\/politika\\\/camaj-parlament-ce-raditi-i-tokom-vikenda-ceka-nas-puno-posla\\\/\"},\"wordCount\":459,\"commentCount\":0,\"image\":{\"@id\":\"https:\\\/\\\/dmcsrb.com\\\/politika\\\/camaj-parlament-ce-raditi-i-tokom-vikenda-ceka-nas-puno-posla\\\/#primaryimage\"},\"thumbnailUrl\":\"https:\\\/\\\/dmcsrb.com\\\/wp-content\\\/uploads\\\/2026\\\/01\\\/Nikola-Camaj.jpg\",\"keywords\":[\"Nikola CAmaj\",\"Skup\u0161tina\",\"Zakoni\"],\"articleSection\":[\"Politika\"],\"inLanguage\":\"en-GB\",\"potentialAction\":[{\"@type\":\"CommentAction\",\"name\":\"Comment\",\"target\":[\"https:\\\/\\\/dmcsrb.com\\\/politika\\\/camaj-parlament-ce-raditi-i-tokom-vikenda-ceka-nas-puno-posla\\\/#respond\"]}]},{\"@type\":\"WebPage\",\"@id\":\"https:\\\/\\\/dmcsrb.com\\\/politika\\\/camaj-parlament-ce-raditi-i-tokom-vikenda-ceka-nas-puno-posla\\\/\",\"url\":\"https:\\\/\\\/dmcsrb.com\\\/politika\\\/camaj-parlament-ce-raditi-i-tokom-vikenda-ceka-nas-puno-posla\\\/\",\"name\":\"Camaj: Parlament \u0107e raditi i tokom vikenda, \u010deka nas puno posla - dmcsrb.com\",\"isPartOf\":{\"@id\":\"https:\\\/\\\/dmcsrb.com\\\/#website\"},\"primaryImageOfPage\":{\"@id\":\"https:\\\/\\\/dmcsrb.com\\\/politika\\\/camaj-parlament-ce-raditi-i-tokom-vikenda-ceka-nas-puno-posla\\\/#primaryimage\"},\"image\":{\"@id\":\"https:\\\/\\\/dmcsrb.com\\\/politika\\\/camaj-parlament-ce-raditi-i-tokom-vikenda-ceka-nas-puno-posla\\\/#primaryimage\"},\"thumbnailUrl\":\"https:\\\/\\\/dmcsrb.com\\\/wp-content\\\/uploads\\\/2026\\\/01\\\/Nikola-Camaj.jpg\",\"datePublished\":\"2025-12-22T05:40:00+00:00\",\"author\":{\"@id\":\"https:\\\/\\\/dmcsrb.com\\\/#\\\/schema\\\/person\\\/5c39170f12db1b8b457732d0b5c854e2\"},\"breadcrumb\":{\"@id\":\"https:\\\/\\\/dmcsrb.com\\\/politika\\\/camaj-parlament-ce-raditi-i-tokom-vikenda-ceka-nas-puno-posla\\\/#breadcrumb\"},\"inLanguage\":\"en-GB\",\"potentialAction\":[{\"@type\":\"ReadAction\",\"target\":[\"https:\\\/\\\/dmcsrb.com\\\/politika\\\/camaj-parlament-ce-raditi-i-tokom-vikenda-ceka-nas-puno-posla\\\/\"]}]},{\"@type\":\"ImageObject\",\"inLanguage\":\"en-GB\",\"@id\":\"https:\\\/\\\/dmcsrb.com\\\/politika\\\/camaj-parlament-ce-raditi-i-tokom-vikenda-ceka-nas-puno-posla\\\/#primaryimage\",\"url\":\"https:\\\/\\\/dmcsrb.com\\\/wp-content\\\/uploads\\\/2026\\\/01\\\/Nikola-Camaj.jpg\",\"contentUrl\":\"https:\\\/\\\/dmcsrb.com\\\/wp-content\\\/uploads\\\/2026\\\/01\\\/Nikola-Camaj.jpg\",\"width\":1713,\"height\":1277},{\"@type\":\"BreadcrumbList\",\"@id\":\"https:\\\/\\\/dmcsrb.com\\\/politika\\\/camaj-parlament-ce-raditi-i-tokom-vikenda-ceka-nas-puno-posla\\\/#breadcrumb\",\"itemListElement\":[{\"@type\":\"ListItem\",\"position\":1,\"name\":\"Home\",\"item\":\"https:\\\/\\\/dmcsrb.com\\\/\"},{\"@type\":\"ListItem\",\"position\":2,\"name\":\"Camaj: Parlament \u0107e raditi i tokom vikenda, \u010deka nas puno posla\"}]},{\"@type\":\"WebSite\",\"@id\":\"https:\\\/\\\/dmcsrb.com\\\/#website\",\"url\":\"https:\\\/\\\/dmcsrb.com\\\/\",\"name\":\"dmcsrb.com\",\"description\":\"\",\"potentialAction\":[{\"@type\":\"SearchAction\",\"target\":{\"@type\":\"EntryPoint\",\"urlTemplate\":\"https:\\\/\\\/dmcsrb.com\\\/?s={search_term_string}\"},\"query-input\":{\"@type\":\"PropertyValueSpecification\",\"valueRequired\":true,\"valueName\":\"search_term_string\"}}],\"inLanguage\":\"en-GB\"},{\"@type\":\"Person\",\"@id\":\"https:\\\/\\\/dmcsrb.com\\\/#\\\/schema\\\/person\\\/5c39170f12db1b8b457732d0b5c854e2\",\"name\":\"dmcsrbija.com@gmail.com\",\"image\":{\"@type\":\"ImageObject\",\"inLanguage\":\"en-GB\",\"@id\":\"https:\\\/\\\/secure.gravatar.com\\\/avatar\\\/68592660ad6347fad0fb587f8d5d8f1a7b44961362f56e4f2cd524feb87e9069?s=96&d=mm&r=g\",\"url\":\"https:\\\/\\\/secure.gravatar.com\\\/avatar\\\/68592660ad6347fad0fb587f8d5d8f1a7b44961362f56e4f2cd524feb87e9069?s=96&d=mm&r=g\",\"contentUrl\":\"https:\\\/\\\/secure.gravatar.com\\\/avatar\\\/68592660ad6347fad0fb587f8d5d8f1a7b44961362f56e4f2cd524feb87e9069?s=96&d=mm&r=g\",\"caption\":\"dmcsrbija.com@gmail.com\"},\"sameAs\":[\"https:\\\/\\\/dmcsrb.com\"],\"url\":\"https:\\\/\\\/dmcsrb.com\\\/en\\\/author\\\/dmcsrbija-comgmail-com\\\/\"}]}<\/script>\n<!-- \/ Yoast SEO plugin. -->","yoast_head_json":{"title":"Camaj: Parlament \u0107e raditi i tokom vikenda, \u010deka nas puno posla - dmcsrb.com","robots":{"index":"index","follow":"follow","max-snippet":"max-snippet:-1","max-image-preview":"max-image-preview:large","max-video-preview":"max-video-preview:-1"},"canonical":"https:\/\/dmcsrb.com\/en\/politika\/camaj-parlament-ce-raditi-i-tokom-vikenda-ceka-nas-puno-posla\/","og_locale":"en_GB","og_type":"article","og_title":"Camaj: Parlament \u0107e raditi i tokom vikenda, \u010deka nas puno posla - dmcsrb.com","og_description":"Iako je ostalo svega osam radnih dana do kraja ove i po\u010detka nove godine, to za poslanike ne\u0107e biti problem jer \u0107e, kako je najavio potpredsjednik Skup\u0161tine Nikola Camaj, parlament zasjedati i tokom vikenda. O pojedinim zakonima, isti\u010de, bi\u0107e kvalitetne rasprave.","og_url":"https:\/\/dmcsrb.com\/en\/politika\/camaj-parlament-ce-raditi-i-tokom-vikenda-ceka-nas-puno-posla\/","og_site_name":"dmcsrb.com","article_published_time":"2025-12-22T05:40:00+00:00","og_image":[{"width":1713,"height":1277,"url":"https:\/\/dmcsrb.com\/wp-content\/uploads\/2026\/01\/Nikola-Camaj.jpg","type":"image\/jpeg"}],"author":"dmcsrbija.com@gmail.com","twitter_card":"summary_large_image","twitter_misc":{"Written by":"dmcsrbija.com@gmail.com","Estimated reading time":"2 minutes"},"schema":{"@context":"https:\/\/schema.org","@graph":[{"@type":"Article","@id":"https:\/\/dmcsrb.com\/politika\/camaj-parlament-ce-raditi-i-tokom-vikenda-ceka-nas-puno-posla\/#article","isPartOf":{"@id":"https:\/\/dmcsrb.com\/politika\/camaj-parlament-ce-raditi-i-tokom-vikenda-ceka-nas-puno-posla\/"},"author":{"name":"dmcsrbija.com@gmail.com","@id":"https:\/\/dmcsrb.com\/#\/schema\/person\/5c39170f12db1b8b457732d0b5c854e2"},"headline":"Camaj: Parlament \u0107e raditi i tokom vikenda, \u010deka nas puno posla","datePublished":"2025-12-22T05:40:00+00:00","mainEntityOfPage":{"@id":"https:\/\/dmcsrb.com\/politika\/camaj-parlament-ce-raditi-i-tokom-vikenda-ceka-nas-puno-posla\/"},"wordCount":459,"commentCount":0,"image":{"@id":"https:\/\/dmcsrb.com\/politika\/camaj-parlament-ce-raditi-i-tokom-vikenda-ceka-nas-puno-posla\/#primaryimage"},"thumbnailUrl":"https:\/\/dmcsrb.com\/wp-content\/uploads\/2026\/01\/Nikola-Camaj.jpg","keywords":["Nikola CAmaj","Skup\u0161tina","Zakoni"],"articleSection":["Politika"],"inLanguage":"en-GB","potentialAction":[{"@type":"CommentAction","name":"Comment","target":["https:\/\/dmcsrb.com\/politika\/camaj-parlament-ce-raditi-i-tokom-vikenda-ceka-nas-puno-posla\/#respond"]}]},{"@type":"WebPage","@id":"https:\/\/dmcsrb.com\/politika\/camaj-parlament-ce-raditi-i-tokom-vikenda-ceka-nas-puno-posla\/","url":"https:\/\/dmcsrb.com\/politika\/camaj-parlament-ce-raditi-i-tokom-vikenda-ceka-nas-puno-posla\/","name":"Camaj: Parlament \u0107e raditi i tokom vikenda, \u010deka nas puno posla - dmcsrb.com","isPartOf":{"@id":"https:\/\/dmcsrb.com\/#website"},"primaryImageOfPage":{"@id":"https:\/\/dmcsrb.com\/politika\/camaj-parlament-ce-raditi-i-tokom-vikenda-ceka-nas-puno-posla\/#primaryimage"},"image":{"@id":"https:\/\/dmcsrb.com\/politika\/camaj-parlament-ce-raditi-i-tokom-vikenda-ceka-nas-puno-posla\/#primaryimage"},"thumbnailUrl":"https:\/\/dmcsrb.com\/wp-content\/uploads\/2026\/01\/Nikola-Camaj.jpg","datePublished":"2025-12-22T05:40:00+00:00","author":{"@id":"https:\/\/dmcsrb.com\/#\/schema\/person\/5c39170f12db1b8b457732d0b5c854e2"},"breadcrumb":{"@id":"https:\/\/dmcsrb.com\/politika\/camaj-parlament-ce-raditi-i-tokom-vikenda-ceka-nas-puno-posla\/#breadcrumb"},"inLanguage":"en-GB","potentialAction":[{"@type":"ReadAction","target":["https:\/\/dmcsrb.com\/politika\/camaj-parlament-ce-raditi-i-tokom-vikenda-ceka-nas-puno-posla\/"]}]},{"@type":"ImageObject","inLanguage":"en-GB","@id":"https:\/\/dmcsrb.com\/politika\/camaj-parlament-ce-raditi-i-tokom-vikenda-ceka-nas-puno-posla\/#primaryimage","url":"https:\/\/dmcsrb.com\/wp-content\/uploads\/2026\/01\/Nikola-Camaj.jpg","contentUrl":"https:\/\/dmcsrb.com\/wp-content\/uploads\/2026\/01\/Nikola-Camaj.jpg","width":1713,"height":1277},{"@type":"BreadcrumbList","@id":"https:\/\/dmcsrb.com\/politika\/camaj-parlament-ce-raditi-i-tokom-vikenda-ceka-nas-puno-posla\/#breadcrumb","itemListElement":[{"@type":"ListItem","position":1,"name":"Home","item":"https:\/\/dmcsrb.com\/"},{"@type":"ListItem","position":2,"name":"Camaj: Parlament \u0107e raditi i tokom vikenda, \u010deka nas puno posla"}]},{"@type":"WebSite","@id":"https:\/\/dmcsrb.com\/#website","url":"https:\/\/dmcsrb.com\/","name":"dmcsrb.com","description":"","potentialAction":[{"@type":"SearchAction","target":{"@type":"EntryPoint","urlTemplate":"https:\/\/dmcsrb.com\/?s={search_term_string}"},"query-input":{"@type":"PropertyValueSpecification","valueRequired":true,"valueName":"search_term_string"}}],"inLanguage":"en-GB"},{"@type":"Person","@id":"https:\/\/dmcsrb.com\/#\/schema\/person\/5c39170f12db1b8b457732d0b5c854e2","name":"dmcsrbija.com@gmail.com","image":{"@type":"ImageObject","inLanguage":"en-GB","@id":"https:\/\/secure.gravatar.com\/avatar\/68592660ad6347fad0fb587f8d5d8f1a7b44961362f56e4f2cd524feb87e9069?s=96&d=mm&r=g","url":"https:\/\/secure.gravatar.com\/avatar\/68592660ad6347fad0fb587f8d5d8f1a7b44961362f56e4f2cd524feb87e9069?s=96&d=mm&r=g","contentUrl":"https:\/\/secure.gravatar.com\/avatar\/68592660ad6347fad0fb587f8d5d8f1a7b44961362f56e4f2cd524feb87e9069?s=96&d=mm&r=g","caption":"dmcsrbija.com@gmail.com"},"sameAs":["https:\/\/dmcsrb.com"],"url":"https:\/\/dmcsrb.com\/en\/author\/dmcsrbija-comgmail-com\/"}]}},"_links":{"self":[{"href":"https:\/\/dmcsrb.com\/en\/wp-json\/wp\/v2\/posts\/914918","targetHints":{"allow":["GET"]}}],"collection":[{"href":"https:\/\/dmcsrb.com\/en\/wp-json\/wp\/v2\/posts"}],"about":[{"href":"https:\/\/dmcsrb.com\/en\/wp-json\/wp\/v2\/types\/post"}],"author":[{"embeddable":true,"href":"https:\/\/dmcsrb.com\/en\/wp-json\/wp\/v2\/users\/1"}],"replies":[{"embeddable":true,"href":"https:\/\/dmcsrb.com\/en\/wp-json\/wp\/v2\/comments?post=914918"}],"version-history":[{"count":0,"href":"https:\/\/dmcsrb.com\/en\/wp-json\/wp\/v2\/posts\/914918\/revisions"}],"wp:featuredmedia":[{"embeddable":true,"href":"https:\/\/dmcsrb.com\/en\/wp-json\/wp\/v2\/media\/914919"}],"wp:attachment":[{"href":"https:\/\/dmcsrb.com\/en\/wp-json\/wp\/v2\/media?parent=914918"}],"wp:term":[{"taxonomy":"category","embeddable":true,"href":"https:\/\/dmcsrb.com\/en\/wp-json\/wp\/v2\/categories?post=914918"},{"taxonomy":"post_tag","embeddable":true,"href":"https:\/\/dmcsrb.com\/en\/wp-json\/wp\/v2\/tags?post=914918"},{"taxonomy":"naslovna","embeddable":true,"href":"https:\/\/dmcsrb.com\/en\/wp-json\/wp\/v2\/naslovna?post=914918"}],"curies":[{"name":"wp","href":"https:\/\/api.w.org\/{rel}","templated":true}]}}