{"id":914909,"date":"2025-12-21T22:00:00","date_gmt":"2025-12-21T21:00:00","guid":{"rendered":"https:\/\/dmcsrb.com\/uncategorized\/tamara-zivkovic-predstavljace-crnu-goru-na-eurosongu-2026-u-becu\/"},"modified":"2025-12-21T22:00:00","modified_gmt":"2025-12-21T21:00:00","slug":"tamara-zivkovic-predstavljace-crnu-goru-na-eurosongu-2026-u-becu","status":"publish","type":"post","link":"https:\/\/dmcsrb.com\/en\/drustvo\/tamara-zivkovic-predstavljace-crnu-goru-na-eurosongu-2026-u-becu\/","title":{"rendered":"Tamara \u017divkovi\u0107 predstavlja\u0107e Crnu Goru na Eurosongu 2026. u Be\u010du"},"content":{"rendered":"<p>\u010clanica&nbsp;\u017eirija, predstavnica Crne Gore na Dje\u010dijem Eurosongu Asja D\u017eogovi\u0107&nbsp;najve\u0107i broj bodova dala je pjesmi Nova zora koju izvodi Tamara&nbsp;\u017divkovi\u0107, osam bodova dobila je Lara Balti\u0107, a 10 Majda Bo\u017eovi\u0107.<\/p>\n\n\n\n<p>Predstavnici Albanije na pro\u0161logodi\u0161njem Eurosongu 8 poena dali su Miloj Niki\u0107, 10 poena Lani Lopi\u010di\u0107&nbsp;i 12 poena Stefanu Vukoti\u0107u.<\/p>\n\n\n\n<figure class=\"wp-block-image size-full\"><img decoding=\"async\" src=\"https:\/\/gradski.me\/wp-content\/uploads\/2025\/12\/evrovizija-1.png\" alt=\"\" class=\"wp-image-898005\"\/><figcaption class=\"wp-element-caption\">Foto: RTCG\/ Screenshot<\/figcaption><\/figure>\n\n\n\n<p>Predstavnici Njema\u010dke 8 poena dali su Tamari&nbsp;\u017divkovi\u0107, 10 Lari Balti\u0107, a 12 poena dobili su Lana i&nbsp;\u0110or\u0111e.<\/p>\n\n\n\n<p>Osam poena dobila je Andrea Demirovi\u0107, 10 poena Neno Muri\u0107, a 12 poena dobila je Krstinja od kompozitora Vladimira Graji\u0107a Graje.&nbsp;<\/p>\n\n\n\n<p>Predsjednica \u017eirija Nina \u017di\u017ei\u0107 osam poena dala je Tamari \u017divkovi\u0107, 10 Tini D\u017eanki\u0107, a 12 poena dodijelila je Baryaku.&nbsp;<\/p>\n\n\n\n<p>Po mi\u0161ljenju \u017eirija najbolju interpretaciju imala je Majda Bo\u017eovi\u0107.&nbsp;<\/p>\n\n\n\n<p>Izvr\u0161na producentkinja festivala Vladana Vu\u010dini\u0107 kazala je da je stigao 34 931 glas, najvi\u0161e iz Crne Gore i regiona, a glasali su iz 63 zemlje svijeta.&nbsp;<\/p>\n\n\n\n<p>Najvi\u0161e bodova 12 od publike dobila je Lara Balti\u0107.&nbsp;<\/p>\n\n\n\n<p>Montesong je otvoren pjesmom pro\u0161logodi\u0161nje predstavnice na Eurosongu Nine \u017di\u017ei\u0107 &#8220;Dobrodo\u0161li&#8221;.&nbsp;<\/p>","protected":false},"excerpt":{"rendered":"<p>Tamara \u017divkovi\u0107 predstavlja\u0107e Crnu Goru na Eurosongu 2026. u Be\u010du pjesmom Nova zora. Tamara je osvojila najve\u0107i broj bodova na ovogodi\u0161njem Montesongu u organizaciji Radija i Televizije Crne Gore.<\/p>","protected":false},"author":1,"featured_media":914910,"comment_status":"open","ping_status":"open","sticky":false,"template":"","format":"standard","meta":{"_acf_changed":false,"footnotes":""},"categories":[2],"tags":[95,1158,3983],"naslovna":[],"class_list":["post-914909","post","type-post","status-publish","format-standard","has-post-thumbnail","hentry","category-drustvo","tag-crna-gora","tag-eurosong","tag-montevizija"],"acf":[],"yoast_head":"<!-- This site is optimized with the Yoast SEO plugin v27.0 - https:\/\/yoast.com\/product\/yoast-seo-wordpress\/ -->\n<title>Tamara \u017divkovi\u0107 predstavlja\u0107e Crnu Goru na Eurosongu 2026. u Be\u010du - dmcsrb.com<\/title>\n<meta name=\"robots\" content=\"index, follow, max-snippet:-1, max-image-preview:large, max-video-preview:-1\" \/>\n<link rel=\"canonical\" href=\"https:\/\/dmcsrb.com\/en\/drustvo\/tamara-zivkovic-predstavljace-crnu-goru-na-eurosongu-2026-u-becu\/\" \/>\n<meta property=\"og:locale\" content=\"en_GB\" \/>\n<meta property=\"og:type\" content=\"article\" \/>\n<meta property=\"og:title\" content=\"Tamara \u017divkovi\u0107 predstavlja\u0107e Crnu Goru na Eurosongu 2026. u Be\u010du - dmcsrb.com\" \/>\n<meta property=\"og:description\" content=\"Tamara \u017divkovi\u0107 predstavlja\u0107e Crnu Goru na Eurosongu 2026. u Be\u010du pjesmom Nova zora. Tamara je osvojila najve\u0107i broj bodova na ovogodi\u0161njem Montesongu u organizaciji Radija i Televizije Crne Gore.\" \/>\n<meta property=\"og:url\" content=\"https:\/\/dmcsrb.com\/en\/drustvo\/tamara-zivkovic-predstavljace-crnu-goru-na-eurosongu-2026-u-becu\/\" \/>\n<meta property=\"og:site_name\" content=\"dmcsrb.com\" \/>\n<meta property=\"article:published_time\" content=\"2025-12-21T21:00:00+00:00\" \/>\n<meta property=\"og:image\" content=\"https:\/\/dmcsrb.com\/wp-content\/uploads\/2026\/01\/Zivkovic.jpg\" \/>\n\t<meta property=\"og:image:width\" content=\"720\" \/>\n\t<meta property=\"og:image:height\" content=\"405\" \/>\n\t<meta property=\"og:image:type\" content=\"image\/jpeg\" \/>\n<meta name=\"author\" content=\"dmcsrbija.com@gmail.com\" \/>\n<meta name=\"twitter:card\" content=\"summary_large_image\" \/>\n<meta name=\"twitter:label1\" content=\"Written by\" \/>\n\t<meta name=\"twitter:data1\" content=\"dmcsrbija.com@gmail.com\" \/>\n\t<meta name=\"twitter:label2\" content=\"Estimated reading time\" \/>\n\t<meta name=\"twitter:data2\" content=\"1 minute\" \/>\n<script type=\"application\/ld+json\" class=\"yoast-schema-graph\">{\"@context\":\"https:\/\/schema.org\",\"@graph\":[{\"@type\":\"Article\",\"@id\":\"https:\/\/dmcsrb.com\/drustvo\/tamara-zivkovic-predstavljace-crnu-goru-na-eurosongu-2026-u-becu\/#article\",\"isPartOf\":{\"@id\":\"https:\/\/dmcsrb.com\/drustvo\/tamara-zivkovic-predstavljace-crnu-goru-na-eurosongu-2026-u-becu\/\"},\"author\":{\"name\":\"dmcsrbija.com@gmail.com\",\"@id\":\"https:\/\/dmcsrb.com\/#\/schema\/person\/5c39170f12db1b8b457732d0b5c854e2\"},\"headline\":\"Tamara \u017divkovi\u0107 predstavlja\u0107e Crnu Goru na Eurosongu 2026. u Be\u010du\",\"datePublished\":\"2025-12-21T21:00:00+00:00\",\"mainEntityOfPage\":{\"@id\":\"https:\/\/dmcsrb.com\/drustvo\/tamara-zivkovic-predstavljace-crnu-goru-na-eurosongu-2026-u-becu\/\"},\"wordCount\":200,\"commentCount\":0,\"image\":{\"@id\":\"https:\/\/dmcsrb.com\/drustvo\/tamara-zivkovic-predstavljace-crnu-goru-na-eurosongu-2026-u-becu\/#primaryimage\"},\"thumbnailUrl\":\"https:\/\/dmcsrb.com\/wp-content\/uploads\/2026\/01\/Zivkovic.jpg\",\"keywords\":[\"Crna Gora\",\"Eurosong\",\"Montevizija\"],\"articleSection\":[\"Dru\u0161tvo\"],\"inLanguage\":\"en-GB\",\"potentialAction\":[{\"@type\":\"CommentAction\",\"name\":\"Comment\",\"target\":[\"https:\/\/dmcsrb.com\/drustvo\/tamara-zivkovic-predstavljace-crnu-goru-na-eurosongu-2026-u-becu\/#respond\"]}]},{\"@type\":\"WebPage\",\"@id\":\"https:\/\/dmcsrb.com\/drustvo\/tamara-zivkovic-predstavljace-crnu-goru-na-eurosongu-2026-u-becu\/\",\"url\":\"https:\/\/dmcsrb.com\/drustvo\/tamara-zivkovic-predstavljace-crnu-goru-na-eurosongu-2026-u-becu\/\",\"name\":\"Tamara \u017divkovi\u0107 predstavlja\u0107e Crnu Goru na Eurosongu 2026. u Be\u010du - dmcsrb.com\",\"isPartOf\":{\"@id\":\"https:\/\/dmcsrb.com\/#website\"},\"primaryImageOfPage\":{\"@id\":\"https:\/\/dmcsrb.com\/drustvo\/tamara-zivkovic-predstavljace-crnu-goru-na-eurosongu-2026-u-becu\/#primaryimage\"},\"image\":{\"@id\":\"https:\/\/dmcsrb.com\/drustvo\/tamara-zivkovic-predstavljace-crnu-goru-na-eurosongu-2026-u-becu\/#primaryimage\"},\"thumbnailUrl\":\"https:\/\/dmcsrb.com\/wp-content\/uploads\/2026\/01\/Zivkovic.jpg\",\"datePublished\":\"2025-12-21T21:00:00+00:00\",\"author\":{\"@id\":\"https:\/\/dmcsrb.com\/#\/schema\/person\/5c39170f12db1b8b457732d0b5c854e2\"},\"breadcrumb\":{\"@id\":\"https:\/\/dmcsrb.com\/drustvo\/tamara-zivkovic-predstavljace-crnu-goru-na-eurosongu-2026-u-becu\/#breadcrumb\"},\"inLanguage\":\"en-GB\",\"potentialAction\":[{\"@type\":\"ReadAction\",\"target\":[\"https:\/\/dmcsrb.com\/drustvo\/tamara-zivkovic-predstavljace-crnu-goru-na-eurosongu-2026-u-becu\/\"]}]},{\"@type\":\"ImageObject\",\"inLanguage\":\"en-GB\",\"@id\":\"https:\/\/dmcsrb.com\/drustvo\/tamara-zivkovic-predstavljace-crnu-goru-na-eurosongu-2026-u-becu\/#primaryimage\",\"url\":\"https:\/\/dmcsrb.com\/wp-content\/uploads\/2026\/01\/Zivkovic.jpg\",\"contentUrl\":\"https:\/\/dmcsrb.com\/wp-content\/uploads\/2026\/01\/Zivkovic.jpg\",\"width\":720,\"height\":405},{\"@type\":\"BreadcrumbList\",\"@id\":\"https:\/\/dmcsrb.com\/drustvo\/tamara-zivkovic-predstavljace-crnu-goru-na-eurosongu-2026-u-becu\/#breadcrumb\",\"itemListElement\":[{\"@type\":\"ListItem\",\"position\":1,\"name\":\"Home\",\"item\":\"https:\/\/dmcsrb.com\/\"},{\"@type\":\"ListItem\",\"position\":2,\"name\":\"Tamara \u017divkovi\u0107 predstavlja\u0107e Crnu Goru na Eurosongu 2026. u Be\u010du\"}]},{\"@type\":\"WebSite\",\"@id\":\"https:\/\/dmcsrb.com\/#website\",\"url\":\"https:\/\/dmcsrb.com\/\",\"name\":\"dmcsrb.com\",\"description\":\"\",\"potentialAction\":[{\"@type\":\"SearchAction\",\"target\":{\"@type\":\"EntryPoint\",\"urlTemplate\":\"https:\/\/dmcsrb.com\/?s={search_term_string}\"},\"query-input\":{\"@type\":\"PropertyValueSpecification\",\"valueRequired\":true,\"valueName\":\"search_term_string\"}}],\"inLanguage\":\"en-GB\"},{\"@type\":\"Person\",\"@id\":\"https:\/\/dmcsrb.com\/#\/schema\/person\/5c39170f12db1b8b457732d0b5c854e2\",\"name\":\"dmcsrbija.com@gmail.com\",\"image\":{\"@type\":\"ImageObject\",\"inLanguage\":\"en-GB\",\"@id\":\"https:\/\/dmcsrb.com\/#\/schema\/person\/image\/\",\"url\":\"https:\/\/secure.gravatar.com\/avatar\/68592660ad6347fad0fb587f8d5d8f1a7b44961362f56e4f2cd524feb87e9069?s=96&d=mm&r=g\",\"contentUrl\":\"https:\/\/secure.gravatar.com\/avatar\/68592660ad6347fad0fb587f8d5d8f1a7b44961362f56e4f2cd524feb87e9069?s=96&d=mm&r=g\",\"caption\":\"dmcsrbija.com@gmail.com\"},\"sameAs\":[\"https:\/\/dmcsrb.com\"],\"url\":\"https:\/\/dmcsrb.com\/en\/author\/dmcsrbija-comgmail-com\/\"}]}<\/script>\n<!-- \/ Yoast SEO plugin. -->","yoast_head_json":{"title":"Tamara \u017divkovi\u0107 predstavlja\u0107e Crnu Goru na Eurosongu 2026. u Be\u010du - dmcsrb.com","robots":{"index":"index","follow":"follow","max-snippet":"max-snippet:-1","max-image-preview":"max-image-preview:large","max-video-preview":"max-video-preview:-1"},"canonical":"https:\/\/dmcsrb.com\/en\/drustvo\/tamara-zivkovic-predstavljace-crnu-goru-na-eurosongu-2026-u-becu\/","og_locale":"en_GB","og_type":"article","og_title":"Tamara \u017divkovi\u0107 predstavlja\u0107e Crnu Goru na Eurosongu 2026. u Be\u010du - dmcsrb.com","og_description":"Tamara \u017divkovi\u0107 predstavlja\u0107e Crnu Goru na Eurosongu 2026. u Be\u010du pjesmom Nova zora. Tamara je osvojila najve\u0107i broj bodova na ovogodi\u0161njem Montesongu u organizaciji Radija i Televizije Crne Gore.","og_url":"https:\/\/dmcsrb.com\/en\/drustvo\/tamara-zivkovic-predstavljace-crnu-goru-na-eurosongu-2026-u-becu\/","og_site_name":"dmcsrb.com","article_published_time":"2025-12-21T21:00:00+00:00","og_image":[{"width":720,"height":405,"url":"https:\/\/dmcsrb.com\/wp-content\/uploads\/2026\/01\/Zivkovic.jpg","type":"image\/jpeg"}],"author":"dmcsrbija.com@gmail.com","twitter_card":"summary_large_image","twitter_misc":{"Written by":"dmcsrbija.com@gmail.com","Estimated reading time":"1 minute"},"schema":{"@context":"https:\/\/schema.org","@graph":[{"@type":"Article","@id":"https:\/\/dmcsrb.com\/drustvo\/tamara-zivkovic-predstavljace-crnu-goru-na-eurosongu-2026-u-becu\/#article","isPartOf":{"@id":"https:\/\/dmcsrb.com\/drustvo\/tamara-zivkovic-predstavljace-crnu-goru-na-eurosongu-2026-u-becu\/"},"author":{"name":"dmcsrbija.com@gmail.com","@id":"https:\/\/dmcsrb.com\/#\/schema\/person\/5c39170f12db1b8b457732d0b5c854e2"},"headline":"Tamara \u017divkovi\u0107 predstavlja\u0107e Crnu Goru na Eurosongu 2026. u Be\u010du","datePublished":"2025-12-21T21:00:00+00:00","mainEntityOfPage":{"@id":"https:\/\/dmcsrb.com\/drustvo\/tamara-zivkovic-predstavljace-crnu-goru-na-eurosongu-2026-u-becu\/"},"wordCount":200,"commentCount":0,"image":{"@id":"https:\/\/dmcsrb.com\/drustvo\/tamara-zivkovic-predstavljace-crnu-goru-na-eurosongu-2026-u-becu\/#primaryimage"},"thumbnailUrl":"https:\/\/dmcsrb.com\/wp-content\/uploads\/2026\/01\/Zivkovic.jpg","keywords":["Crna Gora","Eurosong","Montevizija"],"articleSection":["Dru\u0161tvo"],"inLanguage":"en-GB","potentialAction":[{"@type":"CommentAction","name":"Comment","target":["https:\/\/dmcsrb.com\/drustvo\/tamara-zivkovic-predstavljace-crnu-goru-na-eurosongu-2026-u-becu\/#respond"]}]},{"@type":"WebPage","@id":"https:\/\/dmcsrb.com\/drustvo\/tamara-zivkovic-predstavljace-crnu-goru-na-eurosongu-2026-u-becu\/","url":"https:\/\/dmcsrb.com\/drustvo\/tamara-zivkovic-predstavljace-crnu-goru-na-eurosongu-2026-u-becu\/","name":"Tamara \u017divkovi\u0107 predstavlja\u0107e Crnu Goru na Eurosongu 2026. u Be\u010du - dmcsrb.com","isPartOf":{"@id":"https:\/\/dmcsrb.com\/#website"},"primaryImageOfPage":{"@id":"https:\/\/dmcsrb.com\/drustvo\/tamara-zivkovic-predstavljace-crnu-goru-na-eurosongu-2026-u-becu\/#primaryimage"},"image":{"@id":"https:\/\/dmcsrb.com\/drustvo\/tamara-zivkovic-predstavljace-crnu-goru-na-eurosongu-2026-u-becu\/#primaryimage"},"thumbnailUrl":"https:\/\/dmcsrb.com\/wp-content\/uploads\/2026\/01\/Zivkovic.jpg","datePublished":"2025-12-21T21:00:00+00:00","author":{"@id":"https:\/\/dmcsrb.com\/#\/schema\/person\/5c39170f12db1b8b457732d0b5c854e2"},"breadcrumb":{"@id":"https:\/\/dmcsrb.com\/drustvo\/tamara-zivkovic-predstavljace-crnu-goru-na-eurosongu-2026-u-becu\/#breadcrumb"},"inLanguage":"en-GB","potentialAction":[{"@type":"ReadAction","target":["https:\/\/dmcsrb.com\/drustvo\/tamara-zivkovic-predstavljace-crnu-goru-na-eurosongu-2026-u-becu\/"]}]},{"@type":"ImageObject","inLanguage":"en-GB","@id":"https:\/\/dmcsrb.com\/drustvo\/tamara-zivkovic-predstavljace-crnu-goru-na-eurosongu-2026-u-becu\/#primaryimage","url":"https:\/\/dmcsrb.com\/wp-content\/uploads\/2026\/01\/Zivkovic.jpg","contentUrl":"https:\/\/dmcsrb.com\/wp-content\/uploads\/2026\/01\/Zivkovic.jpg","width":720,"height":405},{"@type":"BreadcrumbList","@id":"https:\/\/dmcsrb.com\/drustvo\/tamara-zivkovic-predstavljace-crnu-goru-na-eurosongu-2026-u-becu\/#breadcrumb","itemListElement":[{"@type":"ListItem","position":1,"name":"Home","item":"https:\/\/dmcsrb.com\/"},{"@type":"ListItem","position":2,"name":"Tamara \u017divkovi\u0107 predstavlja\u0107e Crnu Goru na Eurosongu 2026. u Be\u010du"}]},{"@type":"WebSite","@id":"https:\/\/dmcsrb.com\/#website","url":"https:\/\/dmcsrb.com\/","name":"dmcsrb.com","description":"","potentialAction":[{"@type":"SearchAction","target":{"@type":"EntryPoint","urlTemplate":"https:\/\/dmcsrb.com\/?s={search_term_string}"},"query-input":{"@type":"PropertyValueSpecification","valueRequired":true,"valueName":"search_term_string"}}],"inLanguage":"en-GB"},{"@type":"Person","@id":"https:\/\/dmcsrb.com\/#\/schema\/person\/5c39170f12db1b8b457732d0b5c854e2","name":"dmcsrbija.com@gmail.com","image":{"@type":"ImageObject","inLanguage":"en-GB","@id":"https:\/\/dmcsrb.com\/#\/schema\/person\/image\/","url":"https:\/\/secure.gravatar.com\/avatar\/68592660ad6347fad0fb587f8d5d8f1a7b44961362f56e4f2cd524feb87e9069?s=96&d=mm&r=g","contentUrl":"https:\/\/secure.gravatar.com\/avatar\/68592660ad6347fad0fb587f8d5d8f1a7b44961362f56e4f2cd524feb87e9069?s=96&d=mm&r=g","caption":"dmcsrbija.com@gmail.com"},"sameAs":["https:\/\/dmcsrb.com"],"url":"https:\/\/dmcsrb.com\/en\/author\/dmcsrbija-comgmail-com\/"}]}},"_links":{"self":[{"href":"https:\/\/dmcsrb.com\/en\/wp-json\/wp\/v2\/posts\/914909","targetHints":{"allow":["GET"]}}],"collection":[{"href":"https:\/\/dmcsrb.com\/en\/wp-json\/wp\/v2\/posts"}],"about":[{"href":"https:\/\/dmcsrb.com\/en\/wp-json\/wp\/v2\/types\/post"}],"author":[{"embeddable":true,"href":"https:\/\/dmcsrb.com\/en\/wp-json\/wp\/v2\/users\/1"}],"replies":[{"embeddable":true,"href":"https:\/\/dmcsrb.com\/en\/wp-json\/wp\/v2\/comments?post=914909"}],"version-history":[{"count":0,"href":"https:\/\/dmcsrb.com\/en\/wp-json\/wp\/v2\/posts\/914909\/revisions"}],"wp:featuredmedia":[{"embeddable":true,"href":"https:\/\/dmcsrb.com\/en\/wp-json\/wp\/v2\/media\/914910"}],"wp:attachment":[{"href":"https:\/\/dmcsrb.com\/en\/wp-json\/wp\/v2\/media?parent=914909"}],"wp:term":[{"taxonomy":"category","embeddable":true,"href":"https:\/\/dmcsrb.com\/en\/wp-json\/wp\/v2\/categories?post=914909"},{"taxonomy":"post_tag","embeddable":true,"href":"https:\/\/dmcsrb.com\/en\/wp-json\/wp\/v2\/tags?post=914909"},{"taxonomy":"naslovna","embeddable":true,"href":"https:\/\/dmcsrb.com\/en\/wp-json\/wp\/v2\/naslovna?post=914909"}],"curies":[{"name":"wp","href":"https:\/\/api.w.org\/{rel}","templated":true}]}}