{"id":914762,"date":"2025-12-21T08:36:00","date_gmt":"2025-12-21T07:36:00","guid":{"rendered":"https:\/\/dmcsrb.com\/uncategorized\/politicka-zrelost-presudna-za-evropski-put-crne-gore\/"},"modified":"2025-12-21T08:36:00","modified_gmt":"2025-12-21T07:36:00","slug":"politicka-zrelost-presudna-za-evropski-put-crne-gore","status":"publish","type":"post","link":"https:\/\/dmcsrb.com\/en\/politika\/politicka-zrelost-presudna-za-evropski-put-crne-gore\/","title":{"rendered":"Politi\u010dka zrelost presudna za evropski put Crne Gore"},"content":{"rendered":"<p>Iako je ishod ocijenjen kao pozitivan, iz CGO-a navode da su proces pratili oprezni politi\u010dki signali i razli\u010dita tuma\u010denja me\u0111u dr\u017eavama \u010dlanicama. Poru\u010duju da je evropska perspektiva Crne Gore realna, ali da njena realizacija zahtijeva punu unutra\u0161nju koordinaciju, politi\u010dku zrelost i odgovorno upravljanje istorijskom prilikom.<\/p>\n\n\n\n<p>Glavni pregovara\u010d Crne Gore sa EU Predrag Zenovi\u0107 kazao je da proces zatvaranja poglavlja podrazumijeva jednoglasnost i slo\u017eene politi\u010dke i tehni\u010dke procedure, te da politi\u010dke odluke ne zavise isklju\u010divo od tehni\u010dke spremnosti. On je istakao da u ovom trenutku me\u0111u dr\u017eavama \u010dlanicama ne postoji spor oko zatvorenih poglavlja niti oko potrebe da Crna Gora zapo\u010dne izradu Ugovora o pristupanju.<\/p>\n\n\n\n<p>Predsjednik Odbora za evropske integracije Skup\u0161tine Crne Gore Ivan Vukovi\u0107 ocijenio je da je 2025. godina bila uspje\u0161na, ali da \u0107e 2026. biti presudna, uz poruku da je potrebna potpuna mobilizacija svih proevropskih snaga i fokus na evropsku agendu.<\/p>\n\n\n\n<p>Sagovornici su saglasni da Crna Gora ne smije biti talac regionalnih aran\u017emana i da je princip individualnog napretka najpravedniji model. Ocijenjeno je i da bi uspjeh Crne Gore imao pozitivan efekat na region, dok \u0107e naredni period pokazati da li dr\u017eava ima dovoljno politi\u010dke zrelosti i institucionalne snage da ovu fazu pretvori u zavr\u0161nicu pregovora.<\/p>","protected":false},"excerpt":{"rendered":"<p>Zatvaranje pet pregovara\u010dkih poglavlja u decembru ozna\u010dilo je ulazak Crne Gore u novu fazu evropskih integracija, ali je istovremeno pokazalo slo\u017eenost politike pro\u0161irenja Evropske unije, saop\u0161tili su iz Centra za gra\u0111ansko obrazovanje (CGO).<\/p>","protected":false},"author":1,"featured_media":914763,"comment_status":"open","ping_status":"open","sticky":false,"template":"","format":"standard","meta":{"_acf_changed":false,"footnotes":""},"categories":[12],"tags":[596,10],"naslovna":[],"class_list":["post-914762","post","type-post","status-publish","format-standard","has-post-thumbnail","hentry","category-politika","tag-cgo","tag-eu"],"acf":[],"yoast_head":"<!-- This site is optimized with the Yoast SEO plugin v27.0 - https:\/\/yoast.com\/product\/yoast-seo-wordpress\/ -->\n<title>Politi\u010dka zrelost presudna za evropski put Crne Gore - dmcsrb.com<\/title>\n<meta name=\"robots\" content=\"index, follow, max-snippet:-1, max-image-preview:large, max-video-preview:-1\" \/>\n<link rel=\"canonical\" href=\"https:\/\/dmcsrb.com\/en\/politika\/politicka-zrelost-presudna-za-evropski-put-crne-gore\/\" \/>\n<meta property=\"og:locale\" content=\"en_GB\" \/>\n<meta property=\"og:type\" content=\"article\" \/>\n<meta property=\"og:title\" content=\"Politi\u010dka zrelost presudna za evropski put Crne Gore - dmcsrb.com\" \/>\n<meta property=\"og:description\" content=\"Zatvaranje pet pregovara\u010dkih poglavlja u decembru ozna\u010dilo je ulazak Crne Gore u novu fazu evropskih integracija, ali je istovremeno pokazalo slo\u017eenost politike pro\u0161irenja Evropske unije, saop\u0161tili su iz Centra za gra\u0111ansko obrazovanje (CGO).\" \/>\n<meta property=\"og:url\" content=\"https:\/\/dmcsrb.com\/en\/politika\/politicka-zrelost-presudna-za-evropski-put-crne-gore\/\" \/>\n<meta property=\"og:site_name\" content=\"dmcsrb.com\" \/>\n<meta property=\"article:published_time\" content=\"2025-12-21T07:36:00+00:00\" \/>\n<meta property=\"og:image\" content=\"https:\/\/dmcsrb.com\/wp-content\/uploads\/2026\/01\/wwww_499x900.jpg\" \/>\n\t<meta property=\"og:image:width\" content=\"899\" \/>\n\t<meta property=\"og:image:height\" content=\"499\" \/>\n\t<meta property=\"og:image:type\" content=\"image\/jpeg\" \/>\n<meta name=\"author\" content=\"dmcsrbija.com@gmail.com\" \/>\n<meta name=\"twitter:card\" content=\"summary_large_image\" \/>\n<meta name=\"twitter:label1\" content=\"Written by\" \/>\n\t<meta name=\"twitter:data1\" content=\"dmcsrbija.com@gmail.com\" \/>\n\t<meta name=\"twitter:label2\" content=\"Estimated reading time\" \/>\n\t<meta name=\"twitter:data2\" content=\"1 minute\" \/>\n<script type=\"application\/ld+json\" class=\"yoast-schema-graph\">{\"@context\":\"https:\/\/schema.org\",\"@graph\":[{\"@type\":\"Article\",\"@id\":\"https:\/\/dmcsrb.com\/en\/politika\/politicka-zrelost-presudna-za-evropski-put-crne-gore\/#article\",\"isPartOf\":{\"@id\":\"https:\/\/dmcsrb.com\/en\/politika\/politicka-zrelost-presudna-za-evropski-put-crne-gore\/\"},\"author\":{\"name\":\"dmcsrbija.com@gmail.com\",\"@id\":\"https:\/\/dmcsrb.com\/#\/schema\/person\/5c39170f12db1b8b457732d0b5c854e2\"},\"headline\":\"Politi\u010dka zrelost presudna za evropski put Crne Gore\",\"datePublished\":\"2025-12-21T07:36:00+00:00\",\"mainEntityOfPage\":{\"@id\":\"https:\/\/dmcsrb.com\/en\/politika\/politicka-zrelost-presudna-za-evropski-put-crne-gore\/\"},\"wordCount\":228,\"commentCount\":0,\"image\":{\"@id\":\"https:\/\/dmcsrb.com\/en\/politika\/politicka-zrelost-presudna-za-evropski-put-crne-gore\/#primaryimage\"},\"thumbnailUrl\":\"https:\/\/dmcsrb.com\/wp-content\/uploads\/2026\/01\/wwww_499x900.jpg\",\"keywords\":[\"CGO\",\"EU\"],\"articleSection\":[\"Politika\"],\"inLanguage\":\"en-GB\",\"potentialAction\":[{\"@type\":\"CommentAction\",\"name\":\"Comment\",\"target\":[\"https:\/\/dmcsrb.com\/en\/politika\/politicka-zrelost-presudna-za-evropski-put-crne-gore\/#respond\"]}]},{\"@type\":\"WebPage\",\"@id\":\"https:\/\/dmcsrb.com\/en\/politika\/politicka-zrelost-presudna-za-evropski-put-crne-gore\/\",\"url\":\"https:\/\/dmcsrb.com\/en\/politika\/politicka-zrelost-presudna-za-evropski-put-crne-gore\/\",\"name\":\"Politi\u010dka zrelost presudna za evropski put Crne Gore - dmcsrb.com\",\"isPartOf\":{\"@id\":\"https:\/\/dmcsrb.com\/#website\"},\"primaryImageOfPage\":{\"@id\":\"https:\/\/dmcsrb.com\/en\/politika\/politicka-zrelost-presudna-za-evropski-put-crne-gore\/#primaryimage\"},\"image\":{\"@id\":\"https:\/\/dmcsrb.com\/en\/politika\/politicka-zrelost-presudna-za-evropski-put-crne-gore\/#primaryimage\"},\"thumbnailUrl\":\"https:\/\/dmcsrb.com\/wp-content\/uploads\/2026\/01\/wwww_499x900.jpg\",\"datePublished\":\"2025-12-21T07:36:00+00:00\",\"author\":{\"@id\":\"https:\/\/dmcsrb.com\/#\/schema\/person\/5c39170f12db1b8b457732d0b5c854e2\"},\"breadcrumb\":{\"@id\":\"https:\/\/dmcsrb.com\/en\/politika\/politicka-zrelost-presudna-za-evropski-put-crne-gore\/#breadcrumb\"},\"inLanguage\":\"en-GB\",\"potentialAction\":[{\"@type\":\"ReadAction\",\"target\":[\"https:\/\/dmcsrb.com\/en\/politika\/politicka-zrelost-presudna-za-evropski-put-crne-gore\/\"]}]},{\"@type\":\"ImageObject\",\"inLanguage\":\"en-GB\",\"@id\":\"https:\/\/dmcsrb.com\/en\/politika\/politicka-zrelost-presudna-za-evropski-put-crne-gore\/#primaryimage\",\"url\":\"https:\/\/dmcsrb.com\/wp-content\/uploads\/2026\/01\/wwww_499x900.jpg\",\"contentUrl\":\"https:\/\/dmcsrb.com\/wp-content\/uploads\/2026\/01\/wwww_499x900.jpg\",\"width\":899,\"height\":499},{\"@type\":\"BreadcrumbList\",\"@id\":\"https:\/\/dmcsrb.com\/en\/politika\/politicka-zrelost-presudna-za-evropski-put-crne-gore\/#breadcrumb\",\"itemListElement\":[{\"@type\":\"ListItem\",\"position\":1,\"name\":\"Home\",\"item\":\"https:\/\/dmcsrb.com\/\"},{\"@type\":\"ListItem\",\"position\":2,\"name\":\"Politi\u010dka zrelost presudna za evropski put Crne Gore\"}]},{\"@type\":\"WebSite\",\"@id\":\"https:\/\/dmcsrb.com\/#website\",\"url\":\"https:\/\/dmcsrb.com\/\",\"name\":\"dmcsrb.com\",\"description\":\"\",\"potentialAction\":[{\"@type\":\"SearchAction\",\"target\":{\"@type\":\"EntryPoint\",\"urlTemplate\":\"https:\/\/dmcsrb.com\/?s={search_term_string}\"},\"query-input\":{\"@type\":\"PropertyValueSpecification\",\"valueRequired\":true,\"valueName\":\"search_term_string\"}}],\"inLanguage\":\"en-GB\"},{\"@type\":\"Person\",\"@id\":\"https:\/\/dmcsrb.com\/#\/schema\/person\/5c39170f12db1b8b457732d0b5c854e2\",\"name\":\"dmcsrbija.com@gmail.com\",\"image\":{\"@type\":\"ImageObject\",\"inLanguage\":\"en-GB\",\"@id\":\"https:\/\/dmcsrb.com\/#\/schema\/person\/image\/\",\"url\":\"https:\/\/secure.gravatar.com\/avatar\/68592660ad6347fad0fb587f8d5d8f1a7b44961362f56e4f2cd524feb87e9069?s=96&d=mm&r=g\",\"contentUrl\":\"https:\/\/secure.gravatar.com\/avatar\/68592660ad6347fad0fb587f8d5d8f1a7b44961362f56e4f2cd524feb87e9069?s=96&d=mm&r=g\",\"caption\":\"dmcsrbija.com@gmail.com\"},\"sameAs\":[\"https:\/\/dmcsrb.com\"],\"url\":\"https:\/\/dmcsrb.com\/en\/author\/dmcsrbija-comgmail-com\/\"}]}<\/script>\n<!-- \/ Yoast SEO plugin. -->","yoast_head_json":{"title":"Politi\u010dka zrelost presudna za evropski put Crne Gore - dmcsrb.com","robots":{"index":"index","follow":"follow","max-snippet":"max-snippet:-1","max-image-preview":"max-image-preview:large","max-video-preview":"max-video-preview:-1"},"canonical":"https:\/\/dmcsrb.com\/en\/politika\/politicka-zrelost-presudna-za-evropski-put-crne-gore\/","og_locale":"en_GB","og_type":"article","og_title":"Politi\u010dka zrelost presudna za evropski put Crne Gore - dmcsrb.com","og_description":"Zatvaranje pet pregovara\u010dkih poglavlja u decembru ozna\u010dilo je ulazak Crne Gore u novu fazu evropskih integracija, ali je istovremeno pokazalo slo\u017eenost politike pro\u0161irenja Evropske unije, saop\u0161tili su iz Centra za gra\u0111ansko obrazovanje (CGO).","og_url":"https:\/\/dmcsrb.com\/en\/politika\/politicka-zrelost-presudna-za-evropski-put-crne-gore\/","og_site_name":"dmcsrb.com","article_published_time":"2025-12-21T07:36:00+00:00","og_image":[{"width":899,"height":499,"url":"https:\/\/dmcsrb.com\/wp-content\/uploads\/2026\/01\/wwww_499x900.jpg","type":"image\/jpeg"}],"author":"dmcsrbija.com@gmail.com","twitter_card":"summary_large_image","twitter_misc":{"Written by":"dmcsrbija.com@gmail.com","Estimated reading time":"1 minute"},"schema":{"@context":"https:\/\/schema.org","@graph":[{"@type":"Article","@id":"https:\/\/dmcsrb.com\/en\/politika\/politicka-zrelost-presudna-za-evropski-put-crne-gore\/#article","isPartOf":{"@id":"https:\/\/dmcsrb.com\/en\/politika\/politicka-zrelost-presudna-za-evropski-put-crne-gore\/"},"author":{"name":"dmcsrbija.com@gmail.com","@id":"https:\/\/dmcsrb.com\/#\/schema\/person\/5c39170f12db1b8b457732d0b5c854e2"},"headline":"Politi\u010dka zrelost presudna za evropski put Crne Gore","datePublished":"2025-12-21T07:36:00+00:00","mainEntityOfPage":{"@id":"https:\/\/dmcsrb.com\/en\/politika\/politicka-zrelost-presudna-za-evropski-put-crne-gore\/"},"wordCount":228,"commentCount":0,"image":{"@id":"https:\/\/dmcsrb.com\/en\/politika\/politicka-zrelost-presudna-za-evropski-put-crne-gore\/#primaryimage"},"thumbnailUrl":"https:\/\/dmcsrb.com\/wp-content\/uploads\/2026\/01\/wwww_499x900.jpg","keywords":["CGO","EU"],"articleSection":["Politika"],"inLanguage":"en-GB","potentialAction":[{"@type":"CommentAction","name":"Comment","target":["https:\/\/dmcsrb.com\/en\/politika\/politicka-zrelost-presudna-za-evropski-put-crne-gore\/#respond"]}]},{"@type":"WebPage","@id":"https:\/\/dmcsrb.com\/en\/politika\/politicka-zrelost-presudna-za-evropski-put-crne-gore\/","url":"https:\/\/dmcsrb.com\/en\/politika\/politicka-zrelost-presudna-za-evropski-put-crne-gore\/","name":"Politi\u010dka zrelost presudna za evropski put Crne Gore - dmcsrb.com","isPartOf":{"@id":"https:\/\/dmcsrb.com\/#website"},"primaryImageOfPage":{"@id":"https:\/\/dmcsrb.com\/en\/politika\/politicka-zrelost-presudna-za-evropski-put-crne-gore\/#primaryimage"},"image":{"@id":"https:\/\/dmcsrb.com\/en\/politika\/politicka-zrelost-presudna-za-evropski-put-crne-gore\/#primaryimage"},"thumbnailUrl":"https:\/\/dmcsrb.com\/wp-content\/uploads\/2026\/01\/wwww_499x900.jpg","datePublished":"2025-12-21T07:36:00+00:00","author":{"@id":"https:\/\/dmcsrb.com\/#\/schema\/person\/5c39170f12db1b8b457732d0b5c854e2"},"breadcrumb":{"@id":"https:\/\/dmcsrb.com\/en\/politika\/politicka-zrelost-presudna-za-evropski-put-crne-gore\/#breadcrumb"},"inLanguage":"en-GB","potentialAction":[{"@type":"ReadAction","target":["https:\/\/dmcsrb.com\/en\/politika\/politicka-zrelost-presudna-za-evropski-put-crne-gore\/"]}]},{"@type":"ImageObject","inLanguage":"en-GB","@id":"https:\/\/dmcsrb.com\/en\/politika\/politicka-zrelost-presudna-za-evropski-put-crne-gore\/#primaryimage","url":"https:\/\/dmcsrb.com\/wp-content\/uploads\/2026\/01\/wwww_499x900.jpg","contentUrl":"https:\/\/dmcsrb.com\/wp-content\/uploads\/2026\/01\/wwww_499x900.jpg","width":899,"height":499},{"@type":"BreadcrumbList","@id":"https:\/\/dmcsrb.com\/en\/politika\/politicka-zrelost-presudna-za-evropski-put-crne-gore\/#breadcrumb","itemListElement":[{"@type":"ListItem","position":1,"name":"Home","item":"https:\/\/dmcsrb.com\/"},{"@type":"ListItem","position":2,"name":"Politi\u010dka zrelost presudna za evropski put Crne Gore"}]},{"@type":"WebSite","@id":"https:\/\/dmcsrb.com\/#website","url":"https:\/\/dmcsrb.com\/","name":"dmcsrb.com","description":"","potentialAction":[{"@type":"SearchAction","target":{"@type":"EntryPoint","urlTemplate":"https:\/\/dmcsrb.com\/?s={search_term_string}"},"query-input":{"@type":"PropertyValueSpecification","valueRequired":true,"valueName":"search_term_string"}}],"inLanguage":"en-GB"},{"@type":"Person","@id":"https:\/\/dmcsrb.com\/#\/schema\/person\/5c39170f12db1b8b457732d0b5c854e2","name":"dmcsrbija.com@gmail.com","image":{"@type":"ImageObject","inLanguage":"en-GB","@id":"https:\/\/dmcsrb.com\/#\/schema\/person\/image\/","url":"https:\/\/secure.gravatar.com\/avatar\/68592660ad6347fad0fb587f8d5d8f1a7b44961362f56e4f2cd524feb87e9069?s=96&d=mm&r=g","contentUrl":"https:\/\/secure.gravatar.com\/avatar\/68592660ad6347fad0fb587f8d5d8f1a7b44961362f56e4f2cd524feb87e9069?s=96&d=mm&r=g","caption":"dmcsrbija.com@gmail.com"},"sameAs":["https:\/\/dmcsrb.com"],"url":"https:\/\/dmcsrb.com\/en\/author\/dmcsrbija-comgmail-com\/"}]}},"_links":{"self":[{"href":"https:\/\/dmcsrb.com\/en\/wp-json\/wp\/v2\/posts\/914762","targetHints":{"allow":["GET"]}}],"collection":[{"href":"https:\/\/dmcsrb.com\/en\/wp-json\/wp\/v2\/posts"}],"about":[{"href":"https:\/\/dmcsrb.com\/en\/wp-json\/wp\/v2\/types\/post"}],"author":[{"embeddable":true,"href":"https:\/\/dmcsrb.com\/en\/wp-json\/wp\/v2\/users\/1"}],"replies":[{"embeddable":true,"href":"https:\/\/dmcsrb.com\/en\/wp-json\/wp\/v2\/comments?post=914762"}],"version-history":[{"count":0,"href":"https:\/\/dmcsrb.com\/en\/wp-json\/wp\/v2\/posts\/914762\/revisions"}],"wp:featuredmedia":[{"embeddable":true,"href":"https:\/\/dmcsrb.com\/en\/wp-json\/wp\/v2\/media\/914763"}],"wp:attachment":[{"href":"https:\/\/dmcsrb.com\/en\/wp-json\/wp\/v2\/media?parent=914762"}],"wp:term":[{"taxonomy":"category","embeddable":true,"href":"https:\/\/dmcsrb.com\/en\/wp-json\/wp\/v2\/categories?post=914762"},{"taxonomy":"post_tag","embeddable":true,"href":"https:\/\/dmcsrb.com\/en\/wp-json\/wp\/v2\/tags?post=914762"},{"taxonomy":"naslovna","embeddable":true,"href":"https:\/\/dmcsrb.com\/en\/wp-json\/wp\/v2\/naslovna?post=914762"}],"curies":[{"name":"wp","href":"https:\/\/api.w.org\/{rel}","templated":true}]}}