{"id":914756,"date":"2025-12-21T08:22:00","date_gmt":"2025-12-21T07:22:00","guid":{"rendered":"https:\/\/dmcsrb.com\/uncategorized\/amscg-magla-na-sjeveru-vise-obustava-zbog-radova\/"},"modified":"2025-12-21T08:22:00","modified_gmt":"2025-12-21T07:22:00","slug":"amscg-magla-na-sjeveru-vise-obustava-zbog-radova","status":"publish","type":"post","link":"https:\/\/dmcsrb.com\/en\/drustvo\/amscg-magla-na-sjeveru-vise-obustava-zbog-radova\/","title":{"rendered":"AMSCG: Magla na sjeveru, vi\u0161e obustava zbog radova"},"content":{"rendered":"<p>U periodu od 15. novembra 2025. do 1. aprila 2026. godine obavezna je upotreba pneumatika za zimsku upotrebu za sva motorna vozila na putevima gdje je to ozna\u010deno saobra\u0107ajnom signalizacijom, bez obzira na to da li na tim dionicama postoje zimski uslovi. Na ostalim putevima koji nijesu obuhva\u0107eni Naredbom, zimski pneumatici na svim to\u010dkovima obavezni su u slu\u010daju snije\u017enih padavina, snijega, leda ili poledice na kolovozu. Minimalna dubina \u0161are pneumatika u ovom periodu mora iznositi \u010detiri milimetra.<\/p>\n\n\n\n<p>Na regionalnom putu R-10 \u0110ur\u0111evi\u0107a Tara \u2013 Mojkovac, u mjestu Sokolovina, na snazi je totalna obustava saobra\u0107aja za sve vrste vozila zbog odronjavanja stijenske mase u okviru sanacije kriti\u010dne ta\u010dke. Na regionalnom putu R-29 Bar \u2013 Kameni\u010dki most \u2013 Krute, zbog rekonstrukcije puta, dolazi do obustave saobra\u0107aja za sva vozila u terminima od osam do 11 i od 13 do 16 sati.<\/p>\n\n\n\n<p>Na regionalnom putu R-17, dionica \u010cevo \u2013 Ridjani, od 16. decembra 2025. godine pa do zavr\u0161etka radova, odobrena je totalna obustava saobra\u0107aja za sve vrste vozila u terminu od osam do 14 \u010dasova zbog adaptacije puta. Zbog radova na rekonstrukciji saobra\u0107ajnice Petnjica \u2013 Bio\u010da saobra\u0107aj se odvija naizmjeni\u010dno, a mogu\u0107e su i povremene totalne obustave ne du\u017ee od 60 minuta, koje se radnim danima ne mogu koristiti u terminima od sedam do devet i od 12 do 14 \u010dasova.<\/p>\n\n\n\n<p>Na regionalnom putu R-30, dionica Petnjica \u2013 Bio\u010da, na potezu Bio\u010da \u2013 Lje\u0161nica, u periodu od 1. do 30. decembra 2025. godine odobrena je totalna obustava saobra\u0107aja od osam do 12 i od 13 do 16.30 \u010dasova. Na magistralnom putu M-3, dionica Plu\u017eine \u2013 Jasenovo Polje, na lokalitetu Zaborje \u2013 Jasenovo Polje, saobra\u0107aj se odvija naizmjeni\u010dno jednom trakom i regulisan je svjetlosnom signalizacijom zbog izvo\u0111enja radova.<\/p>\n\n\n\n<p>Promijenjen je re\u017eim saobra\u0107aja sa dvosmjernog na naizmjeni\u010dno odvijanje na prilaznim saobra\u0107ajnicama mostu \u0110ur\u0111evi\u0107a Tara, kao i na magistralnom putu M-6, dionica \u017dabljak \u2013 Pljevlja, zbog rekonstrukcije mosta. Na auto-putu \u201ePrinceza Ksenija\u201c zbog redovnog odr\u017eavanja kolovoza i sistema, od 10. novembra 2025. godine vr\u0161i se mjestimi\u010dno zatvaranje po jedne saobra\u0107ajne trake u smjeru Veru\u0161a \u2013 Mate\u0161evo, uz obavezno po\u0161tovanje postavljene signalizacije.<\/p>\n\n\n\n<p>Zbog izgradnje bulevara u Podgorici obustavljen je saobra\u0107aj u Ulici Vojislavljevi\u0107a od 3. juna 2025. godine, a saobra\u0107aj se odvija alternativnim pravcima. Intenzitet saobra\u0107aja je umjeren.<\/p>\n\n\n\n<p>U protekla 24 sata na putevima u Crnoj Gori dogodilo se 13 saobra\u0107ajnih nezgoda, u kojima je jedna osoba zadobila te\u0161ke, a tri lake tjelesne povrede.<\/p>\n\n\n\n<p>Auto-moto savez Crne Gore pru\u017ea tehni\u010dku pomo\u0107 u\u010desnicima u saobra\u0107aju na javnim putevima, koja obuhvata pomo\u0107 na putu, otklanjanje manjih kvarova i besplatno \u0161lepanje vozila do prvog servisa za sva vozila registrovana u Crnoj Gori. Informativni centar i slu\u017eba pomo\u0107i na putu dostupni su gra\u0111anima 24 sata, a informacije se mogu dobiti putem telefona 19807, 020\/234-999 i 063.<\/p>","protected":false},"excerpt":{"rendered":"<p>U ve\u0107em dijelu zemlje saobra\u0107aj se odvija po prete\u017eno suvim kolovozima, dok je u jutarnjim satima po kotlinama na sjeveru prisutna magla, saop\u0161teno je iz Auto moto saveza. Voza\u010dima se skre\u0107e pa\u017enja na mogu\u0107e sitnije odrone, kao i na povremene obustave ili ograni\u010denja saobra\u0107aja na dionicama gdje su u toku sanacioni radovi.<\/p>","protected":false},"author":1,"featured_media":909628,"comment_status":"open","ping_status":"open","sticky":false,"template":"","format":"standard","meta":{"_acf_changed":false,"footnotes":""},"categories":[2],"tags":[3908,660],"naslovna":[],"class_list":["post-914756","post","type-post","status-publish","format-standard","has-post-thumbnail","hentry","category-drustvo","tag-magla","tag-stanje-na-putevima"],"acf":[],"yoast_head":"<!-- This site is optimized with the Yoast SEO plugin v27.4 - https:\/\/yoast.com\/product\/yoast-seo-wordpress\/ -->\n<title>AMSCG: Magla na sjeveru, vi\u0161e obustava zbog radova - dmcsrb.com<\/title>\n<meta name=\"robots\" content=\"index, follow, max-snippet:-1, max-image-preview:large, max-video-preview:-1\" \/>\n<link rel=\"canonical\" href=\"https:\/\/dmcsrb.com\/en\/drustvo\/amscg-magla-na-sjeveru-vise-obustava-zbog-radova\/\" \/>\n<meta property=\"og:locale\" content=\"en_GB\" \/>\n<meta property=\"og:type\" content=\"article\" \/>\n<meta property=\"og:title\" content=\"AMSCG: Magla na sjeveru, vi\u0161e obustava zbog radova - dmcsrb.com\" \/>\n<meta property=\"og:description\" content=\"U ve\u0107em dijelu zemlje saobra\u0107aj se odvija po prete\u017eno suvim kolovozima, dok je u jutarnjim satima po kotlinama na sjeveru prisutna magla, saop\u0161teno je iz Auto moto saveza. Voza\u010dima se skre\u0107e pa\u017enja na mogu\u0107e sitnije odrone, kao i na povremene obustave ili ograni\u010denja saobra\u0107aja na dionicama gdje su u toku sanacioni radovi.\" \/>\n<meta property=\"og:url\" content=\"https:\/\/dmcsrb.com\/en\/drustvo\/amscg-magla-na-sjeveru-vise-obustava-zbog-radova\/\" \/>\n<meta property=\"og:site_name\" content=\"dmcsrb.com\" \/>\n<meta property=\"article:published_time\" content=\"2025-12-21T07:22:00+00:00\" \/>\n<meta property=\"og:image\" content=\"https:\/\/dmcsrb.com\/wp-content\/uploads\/2026\/01\/Kisa-magla-putevi-Podgorica-Cetinje-foto-gradski-me.jpg\" \/>\n\t<meta property=\"og:image:width\" content=\"1090\" \/>\n\t<meta property=\"og:image:height\" content=\"701\" \/>\n\t<meta property=\"og:image:type\" content=\"image\/jpeg\" \/>\n<meta name=\"author\" content=\"dmcsrbija.com@gmail.com\" \/>\n<meta name=\"twitter:card\" content=\"summary_large_image\" \/>\n<meta name=\"twitter:label1\" content=\"Written by\" \/>\n\t<meta name=\"twitter:data1\" content=\"dmcsrbija.com@gmail.com\" \/>\n\t<meta name=\"twitter:label2\" content=\"Estimated reading time\" \/>\n\t<meta name=\"twitter:data2\" content=\"2 minutes\" \/>\n<script type=\"application\/ld+json\" class=\"yoast-schema-graph\">{\"@context\":\"https:\\\/\\\/schema.org\",\"@graph\":[{\"@type\":\"Article\",\"@id\":\"https:\\\/\\\/dmcsrb.com\\\/drustvo\\\/amscg-magla-na-sjeveru-vise-obustava-zbog-radova\\\/#article\",\"isPartOf\":{\"@id\":\"https:\\\/\\\/dmcsrb.com\\\/drustvo\\\/amscg-magla-na-sjeveru-vise-obustava-zbog-radova\\\/\"},\"author\":{\"name\":\"dmcsrbija.com@gmail.com\",\"@id\":\"https:\\\/\\\/dmcsrb.com\\\/#\\\/schema\\\/person\\\/5c39170f12db1b8b457732d0b5c854e2\"},\"headline\":\"AMSCG: Magla na sjeveru, vi\u0161e obustava zbog radova\",\"datePublished\":\"2025-12-21T07:22:00+00:00\",\"mainEntityOfPage\":{\"@id\":\"https:\\\/\\\/dmcsrb.com\\\/drustvo\\\/amscg-magla-na-sjeveru-vise-obustava-zbog-radova\\\/\"},\"wordCount\":480,\"commentCount\":0,\"image\":{\"@id\":\"https:\\\/\\\/dmcsrb.com\\\/drustvo\\\/amscg-magla-na-sjeveru-vise-obustava-zbog-radova\\\/#primaryimage\"},\"thumbnailUrl\":\"https:\\\/\\\/dmcsrb.com\\\/wp-content\\\/uploads\\\/2026\\\/01\\\/Kisa-magla-putevi-Podgorica-Cetinje-foto-gradski-me.jpg\",\"keywords\":[\"magla\",\"stanje na putevima\"],\"articleSection\":[\"Dru\u0161tvo\"],\"inLanguage\":\"en-GB\",\"potentialAction\":[{\"@type\":\"CommentAction\",\"name\":\"Comment\",\"target\":[\"https:\\\/\\\/dmcsrb.com\\\/drustvo\\\/amscg-magla-na-sjeveru-vise-obustava-zbog-radova\\\/#respond\"]}]},{\"@type\":\"WebPage\",\"@id\":\"https:\\\/\\\/dmcsrb.com\\\/drustvo\\\/amscg-magla-na-sjeveru-vise-obustava-zbog-radova\\\/\",\"url\":\"https:\\\/\\\/dmcsrb.com\\\/drustvo\\\/amscg-magla-na-sjeveru-vise-obustava-zbog-radova\\\/\",\"name\":\"AMSCG: Magla na sjeveru, vi\u0161e obustava zbog radova - dmcsrb.com\",\"isPartOf\":{\"@id\":\"https:\\\/\\\/dmcsrb.com\\\/#website\"},\"primaryImageOfPage\":{\"@id\":\"https:\\\/\\\/dmcsrb.com\\\/drustvo\\\/amscg-magla-na-sjeveru-vise-obustava-zbog-radova\\\/#primaryimage\"},\"image\":{\"@id\":\"https:\\\/\\\/dmcsrb.com\\\/drustvo\\\/amscg-magla-na-sjeveru-vise-obustava-zbog-radova\\\/#primaryimage\"},\"thumbnailUrl\":\"https:\\\/\\\/dmcsrb.com\\\/wp-content\\\/uploads\\\/2026\\\/01\\\/Kisa-magla-putevi-Podgorica-Cetinje-foto-gradski-me.jpg\",\"datePublished\":\"2025-12-21T07:22:00+00:00\",\"author\":{\"@id\":\"https:\\\/\\\/dmcsrb.com\\\/#\\\/schema\\\/person\\\/5c39170f12db1b8b457732d0b5c854e2\"},\"breadcrumb\":{\"@id\":\"https:\\\/\\\/dmcsrb.com\\\/drustvo\\\/amscg-magla-na-sjeveru-vise-obustava-zbog-radova\\\/#breadcrumb\"},\"inLanguage\":\"en-GB\",\"potentialAction\":[{\"@type\":\"ReadAction\",\"target\":[\"https:\\\/\\\/dmcsrb.com\\\/drustvo\\\/amscg-magla-na-sjeveru-vise-obustava-zbog-radova\\\/\"]}]},{\"@type\":\"ImageObject\",\"inLanguage\":\"en-GB\",\"@id\":\"https:\\\/\\\/dmcsrb.com\\\/drustvo\\\/amscg-magla-na-sjeveru-vise-obustava-zbog-radova\\\/#primaryimage\",\"url\":\"https:\\\/\\\/dmcsrb.com\\\/wp-content\\\/uploads\\\/2026\\\/01\\\/Kisa-magla-putevi-Podgorica-Cetinje-foto-gradski-me.jpg\",\"contentUrl\":\"https:\\\/\\\/dmcsrb.com\\\/wp-content\\\/uploads\\\/2026\\\/01\\\/Kisa-magla-putevi-Podgorica-Cetinje-foto-gradski-me.jpg\",\"width\":1090,\"height\":701},{\"@type\":\"BreadcrumbList\",\"@id\":\"https:\\\/\\\/dmcsrb.com\\\/drustvo\\\/amscg-magla-na-sjeveru-vise-obustava-zbog-radova\\\/#breadcrumb\",\"itemListElement\":[{\"@type\":\"ListItem\",\"position\":1,\"name\":\"Home\",\"item\":\"https:\\\/\\\/dmcsrb.com\\\/\"},{\"@type\":\"ListItem\",\"position\":2,\"name\":\"AMSCG: Magla na sjeveru, vi\u0161e obustava zbog radova\"}]},{\"@type\":\"WebSite\",\"@id\":\"https:\\\/\\\/dmcsrb.com\\\/#website\",\"url\":\"https:\\\/\\\/dmcsrb.com\\\/\",\"name\":\"dmcsrb.com\",\"description\":\"\",\"potentialAction\":[{\"@type\":\"SearchAction\",\"target\":{\"@type\":\"EntryPoint\",\"urlTemplate\":\"https:\\\/\\\/dmcsrb.com\\\/?s={search_term_string}\"},\"query-input\":{\"@type\":\"PropertyValueSpecification\",\"valueRequired\":true,\"valueName\":\"search_term_string\"}}],\"inLanguage\":\"en-GB\"},{\"@type\":\"Person\",\"@id\":\"https:\\\/\\\/dmcsrb.com\\\/#\\\/schema\\\/person\\\/5c39170f12db1b8b457732d0b5c854e2\",\"name\":\"dmcsrbija.com@gmail.com\",\"image\":{\"@type\":\"ImageObject\",\"inLanguage\":\"en-GB\",\"@id\":\"https:\\\/\\\/secure.gravatar.com\\\/avatar\\\/68592660ad6347fad0fb587f8d5d8f1a7b44961362f56e4f2cd524feb87e9069?s=96&d=mm&r=g\",\"url\":\"https:\\\/\\\/secure.gravatar.com\\\/avatar\\\/68592660ad6347fad0fb587f8d5d8f1a7b44961362f56e4f2cd524feb87e9069?s=96&d=mm&r=g\",\"contentUrl\":\"https:\\\/\\\/secure.gravatar.com\\\/avatar\\\/68592660ad6347fad0fb587f8d5d8f1a7b44961362f56e4f2cd524feb87e9069?s=96&d=mm&r=g\",\"caption\":\"dmcsrbija.com@gmail.com\"},\"sameAs\":[\"https:\\\/\\\/dmcsrb.com\"],\"url\":\"https:\\\/\\\/dmcsrb.com\\\/en\\\/author\\\/dmcsrbija-comgmail-com\\\/\"}]}<\/script>\n<!-- \/ Yoast SEO plugin. -->","yoast_head_json":{"title":"AMSCG: Magla na sjeveru, vi\u0161e obustava zbog radova - dmcsrb.com","robots":{"index":"index","follow":"follow","max-snippet":"max-snippet:-1","max-image-preview":"max-image-preview:large","max-video-preview":"max-video-preview:-1"},"canonical":"https:\/\/dmcsrb.com\/en\/drustvo\/amscg-magla-na-sjeveru-vise-obustava-zbog-radova\/","og_locale":"en_GB","og_type":"article","og_title":"AMSCG: Magla na sjeveru, vi\u0161e obustava zbog radova - dmcsrb.com","og_description":"U ve\u0107em dijelu zemlje saobra\u0107aj se odvija po prete\u017eno suvim kolovozima, dok je u jutarnjim satima po kotlinama na sjeveru prisutna magla, saop\u0161teno je iz Auto moto saveza. Voza\u010dima se skre\u0107e pa\u017enja na mogu\u0107e sitnije odrone, kao i na povremene obustave ili ograni\u010denja saobra\u0107aja na dionicama gdje su u toku sanacioni radovi.","og_url":"https:\/\/dmcsrb.com\/en\/drustvo\/amscg-magla-na-sjeveru-vise-obustava-zbog-radova\/","og_site_name":"dmcsrb.com","article_published_time":"2025-12-21T07:22:00+00:00","og_image":[{"width":1090,"height":701,"url":"https:\/\/dmcsrb.com\/wp-content\/uploads\/2026\/01\/Kisa-magla-putevi-Podgorica-Cetinje-foto-gradski-me.jpg","type":"image\/jpeg"}],"author":"dmcsrbija.com@gmail.com","twitter_card":"summary_large_image","twitter_misc":{"Written by":"dmcsrbija.com@gmail.com","Estimated reading time":"2 minutes"},"schema":{"@context":"https:\/\/schema.org","@graph":[{"@type":"Article","@id":"https:\/\/dmcsrb.com\/drustvo\/amscg-magla-na-sjeveru-vise-obustava-zbog-radova\/#article","isPartOf":{"@id":"https:\/\/dmcsrb.com\/drustvo\/amscg-magla-na-sjeveru-vise-obustava-zbog-radova\/"},"author":{"name":"dmcsrbija.com@gmail.com","@id":"https:\/\/dmcsrb.com\/#\/schema\/person\/5c39170f12db1b8b457732d0b5c854e2"},"headline":"AMSCG: Magla na sjeveru, vi\u0161e obustava zbog radova","datePublished":"2025-12-21T07:22:00+00:00","mainEntityOfPage":{"@id":"https:\/\/dmcsrb.com\/drustvo\/amscg-magla-na-sjeveru-vise-obustava-zbog-radova\/"},"wordCount":480,"commentCount":0,"image":{"@id":"https:\/\/dmcsrb.com\/drustvo\/amscg-magla-na-sjeveru-vise-obustava-zbog-radova\/#primaryimage"},"thumbnailUrl":"https:\/\/dmcsrb.com\/wp-content\/uploads\/2026\/01\/Kisa-magla-putevi-Podgorica-Cetinje-foto-gradski-me.jpg","keywords":["magla","stanje na putevima"],"articleSection":["Dru\u0161tvo"],"inLanguage":"en-GB","potentialAction":[{"@type":"CommentAction","name":"Comment","target":["https:\/\/dmcsrb.com\/drustvo\/amscg-magla-na-sjeveru-vise-obustava-zbog-radova\/#respond"]}]},{"@type":"WebPage","@id":"https:\/\/dmcsrb.com\/drustvo\/amscg-magla-na-sjeveru-vise-obustava-zbog-radova\/","url":"https:\/\/dmcsrb.com\/drustvo\/amscg-magla-na-sjeveru-vise-obustava-zbog-radova\/","name":"AMSCG: Magla na sjeveru, vi\u0161e obustava zbog radova - dmcsrb.com","isPartOf":{"@id":"https:\/\/dmcsrb.com\/#website"},"primaryImageOfPage":{"@id":"https:\/\/dmcsrb.com\/drustvo\/amscg-magla-na-sjeveru-vise-obustava-zbog-radova\/#primaryimage"},"image":{"@id":"https:\/\/dmcsrb.com\/drustvo\/amscg-magla-na-sjeveru-vise-obustava-zbog-radova\/#primaryimage"},"thumbnailUrl":"https:\/\/dmcsrb.com\/wp-content\/uploads\/2026\/01\/Kisa-magla-putevi-Podgorica-Cetinje-foto-gradski-me.jpg","datePublished":"2025-12-21T07:22:00+00:00","author":{"@id":"https:\/\/dmcsrb.com\/#\/schema\/person\/5c39170f12db1b8b457732d0b5c854e2"},"breadcrumb":{"@id":"https:\/\/dmcsrb.com\/drustvo\/amscg-magla-na-sjeveru-vise-obustava-zbog-radova\/#breadcrumb"},"inLanguage":"en-GB","potentialAction":[{"@type":"ReadAction","target":["https:\/\/dmcsrb.com\/drustvo\/amscg-magla-na-sjeveru-vise-obustava-zbog-radova\/"]}]},{"@type":"ImageObject","inLanguage":"en-GB","@id":"https:\/\/dmcsrb.com\/drustvo\/amscg-magla-na-sjeveru-vise-obustava-zbog-radova\/#primaryimage","url":"https:\/\/dmcsrb.com\/wp-content\/uploads\/2026\/01\/Kisa-magla-putevi-Podgorica-Cetinje-foto-gradski-me.jpg","contentUrl":"https:\/\/dmcsrb.com\/wp-content\/uploads\/2026\/01\/Kisa-magla-putevi-Podgorica-Cetinje-foto-gradski-me.jpg","width":1090,"height":701},{"@type":"BreadcrumbList","@id":"https:\/\/dmcsrb.com\/drustvo\/amscg-magla-na-sjeveru-vise-obustava-zbog-radova\/#breadcrumb","itemListElement":[{"@type":"ListItem","position":1,"name":"Home","item":"https:\/\/dmcsrb.com\/"},{"@type":"ListItem","position":2,"name":"AMSCG: Magla na sjeveru, vi\u0161e obustava zbog radova"}]},{"@type":"WebSite","@id":"https:\/\/dmcsrb.com\/#website","url":"https:\/\/dmcsrb.com\/","name":"dmcsrb.com","description":"","potentialAction":[{"@type":"SearchAction","target":{"@type":"EntryPoint","urlTemplate":"https:\/\/dmcsrb.com\/?s={search_term_string}"},"query-input":{"@type":"PropertyValueSpecification","valueRequired":true,"valueName":"search_term_string"}}],"inLanguage":"en-GB"},{"@type":"Person","@id":"https:\/\/dmcsrb.com\/#\/schema\/person\/5c39170f12db1b8b457732d0b5c854e2","name":"dmcsrbija.com@gmail.com","image":{"@type":"ImageObject","inLanguage":"en-GB","@id":"https:\/\/secure.gravatar.com\/avatar\/68592660ad6347fad0fb587f8d5d8f1a7b44961362f56e4f2cd524feb87e9069?s=96&d=mm&r=g","url":"https:\/\/secure.gravatar.com\/avatar\/68592660ad6347fad0fb587f8d5d8f1a7b44961362f56e4f2cd524feb87e9069?s=96&d=mm&r=g","contentUrl":"https:\/\/secure.gravatar.com\/avatar\/68592660ad6347fad0fb587f8d5d8f1a7b44961362f56e4f2cd524feb87e9069?s=96&d=mm&r=g","caption":"dmcsrbija.com@gmail.com"},"sameAs":["https:\/\/dmcsrb.com"],"url":"https:\/\/dmcsrb.com\/en\/author\/dmcsrbija-comgmail-com\/"}]}},"_links":{"self":[{"href":"https:\/\/dmcsrb.com\/en\/wp-json\/wp\/v2\/posts\/914756","targetHints":{"allow":["GET"]}}],"collection":[{"href":"https:\/\/dmcsrb.com\/en\/wp-json\/wp\/v2\/posts"}],"about":[{"href":"https:\/\/dmcsrb.com\/en\/wp-json\/wp\/v2\/types\/post"}],"author":[{"embeddable":true,"href":"https:\/\/dmcsrb.com\/en\/wp-json\/wp\/v2\/users\/1"}],"replies":[{"embeddable":true,"href":"https:\/\/dmcsrb.com\/en\/wp-json\/wp\/v2\/comments?post=914756"}],"version-history":[{"count":0,"href":"https:\/\/dmcsrb.com\/en\/wp-json\/wp\/v2\/posts\/914756\/revisions"}],"wp:featuredmedia":[{"embeddable":true,"href":"https:\/\/dmcsrb.com\/en\/wp-json\/wp\/v2\/media\/909628"}],"wp:attachment":[{"href":"https:\/\/dmcsrb.com\/en\/wp-json\/wp\/v2\/media?parent=914756"}],"wp:term":[{"taxonomy":"category","embeddable":true,"href":"https:\/\/dmcsrb.com\/en\/wp-json\/wp\/v2\/categories?post=914756"},{"taxonomy":"post_tag","embeddable":true,"href":"https:\/\/dmcsrb.com\/en\/wp-json\/wp\/v2\/tags?post=914756"},{"taxonomy":"naslovna","embeddable":true,"href":"https:\/\/dmcsrb.com\/en\/wp-json\/wp\/v2\/naslovna?post=914756"}],"curies":[{"name":"wp","href":"https:\/\/api.w.org\/{rel}","templated":true}]}}