{"id":914669,"date":"2025-12-20T15:24:00","date_gmt":"2025-12-20T14:24:00","guid":{"rendered":"https:\/\/dmcsrb.com\/uncategorized\/obiljezen-prvi-eu-dan-na-podgorickom-pazaru-evropske-vrijednosti-kroz-igru-muziku-i-druzenje\/"},"modified":"2025-12-20T15:24:00","modified_gmt":"2025-12-20T14:24:00","slug":"obiljezen-prvi-eu-dan-na-podgorickom-pazaru-evropske-vrijednosti-kroz-igru-muziku-i-druzenje","status":"publish","type":"post","link":"https:\/\/dmcsrb.com\/en\/podgorica\/obiljezen-prvi-eu-dan-na-podgorickom-pazaru-evropske-vrijednosti-kroz-igru-muziku-i-druzenje\/","title":{"rendered":"Obilje\u017een prvi EU dan na Podgori\u010dkom pazaru: Evropske vrijednosti kroz igru, muziku i dru\u017eenje"},"content":{"rendered":"<p><\/p>\n\n\n\n<p>Tokom dru\u017eenja na pazaru, brojni posjetioci svih generacija u\u017eivali su u programu i opu\u0161tenoj atmosferi, koja je jo\u0161 jednom pokazala da se Evropska unija najbolje razumije kada se do\u017eivljava u svakodnevnom \u017eivotu i otvorenom dijalogu. Ministarka evropskih poslova <strong>Maida Gor\u010devi\u0107 <\/strong>istakla je da je EU dan najbolji na\u010din da se zaokru\u017ei najupsje\u0161nija godina Crne Gore u EU integraciji kada je zatvreno \u0161est poglavlja, Nik\u0161i\u0107 progla\u0161en za Prijestonicu kulture 2030. a Podgorica za Prijestonicu mladih 2028.<\/p>\n\n\n\n<figure class=\"wp-block-image size-large\"><img decoding=\"async\" src=\"https:\/\/gradski.me\/wp-content\/uploads\/2025\/12\/2-1-1024x683.jpeg\" alt=\"\" class=\"wp-image-897272\"\/><figcaption class=\"wp-element-caption\">foto: MEP<\/figcaption><\/figure>\n\n\n\n<p>\u201ePred nama je puno posla u 2026. godini. \u017delim vam dobru energiju i lijepo dru\u017eenje danas, da zajedno obilje\u017eimo i Dan Podgorice i idemo ka 2028. godini, kada ne\u0107emo slaviti samo \u010dlanstvo Crne Gore u Evropskoj uniji, ve\u0107 i Podgoricu kao Evropsku prijestonicu mladih\u201c, rekla je Gor\u010devi\u0107.<\/p>\n\n\n\n<p>Obra\u0107aju\u0107i se prisutnima, predsjednica gradskog Parlamenta <strong>Jelena Borovini\u0107 Bojovi\u0107<\/strong> je istakla da Podgori\u010dki pazar predstavlja jednu od najljep\u0161ih manifestacija Glavnog grada, jer okuplja sve generacije i slavi vrijednosti zajedni\u0161tva, radosti i porodice. Posebno je naglasila zna\u010daj \u010dinjenice da se EU dan ove godine prvi put odr\u017eava u okviru Pazara.<\/p>\n\n\n\n<figure class=\"wp-block-image size-large\"><img decoding=\"async\" src=\"https:\/\/gradski.me\/wp-content\/uploads\/2025\/12\/3-1-1024x683.jpeg\" alt=\"\" class=\"wp-image-897274\"\/><figcaption class=\"wp-element-caption\">foto: MEP<\/figcaption><\/figure>\n\n\n\n<p>,,EU ku\u0107ica na na\u0161em Trgu je simbol zajedni\u010dkih evropskih vrijednosti koje Podgorica dijeli sa Evropskom unijom. Danas je Trg nezavisnosti mjesto susreta dje\u010djeg smijeha, muzike, igre i kreativnosti, mjesto gdje se evropske vrijednosti ne samo promovi\u0161u, ve\u0107 i \u017eive\u201c, poru\u010dila je Borovini\u0107 Bojovi\u0107, nagla\u0161avaju\u0107i da je Podgorica grad koji povezuje generacije, po\u0161tuje razli\u010ditosti i gradi evropsku budu\u0107nost po mjeri svih ljudi.<\/p>\n\n\n\n<p>Muzi\u010dki dio programa zapo\u010deo je izvo\u0111enjem himni Crne Gore i Evropske unije u interpretaciji hora <strong>\u201eVokalisti\u201c<\/strong>, pod dirigentskom palicom Sa\u0161e Barjaktarovi\u0107a, nakon \u010dega je publiku posebno razigrao Dje\u010diji hor <strong>JU \u201eZahumlje<\/strong>\u201c, uz obrade poznatih evropskih pop i rok numera, ali i nezaboravne pjesme Miladina \u0160obi\u0107a. Poseban pe\u010dat doga\u0111aju dao je mini koncert <strong>Sne\u017eane Ljubojevi\u0107,<\/strong> koja je emotivnim nastupom podsjetila za\u0161to je region ve\u0107 do\u017eivljava kao zvijezdu.<\/p>\n\n\n\n<p>Najmla\u0111i posjetioci u\u017eivali su u originalnim igrama sa <strong>\u017darkom \u017dapcem,<\/strong> kao i u kreativnoj radionici <strong>\u201eSuper Zvjezdana kroz \u010das crtanja\u201c<\/strong>, kroz koje su u\u010dili o Evropskoj uniji i pokazivali svoju ma\u0161tovitost. Ljubitelji novih tehnologija imali su priliku da kroz VR iskustvo posjete <strong>Polinator Park<\/strong> i saznaju vi\u0161e o zna\u010daju opra\u0161iva\u010da za o\u010duvanje ekosistema.<\/p>\n\n\n\n<p>Prvi EU dan na Podgori\u010dkom pazaru pokazao je da evropske teme mogu biti bliske, razumljive i \u017eive kada se predstave u prostoru grada koji pripada svima.<\/p>\n\n\n\n<figure class=\"wp-block-image size-large\"><img decoding=\"async\" src=\"https:\/\/gradski.me\/wp-content\/uploads\/2025\/12\/4-1024x683.jpeg\" alt=\"\" class=\"wp-image-897275\"\/><figcaption class=\"wp-element-caption\">foto: MEP<\/figcaption><\/figure>","protected":false},"excerpt":{"rendered":"<p>Uz muziku, igru, dje\u010dji smijeh i prepoznatljivo novogodi\u0161nje \u0161arenilo Glavnog grada, na Trgu nezavisnosti obilje\u017een je prvi EU dan na Podgori\u010dkom pazaru. Doga\u0111aj su organizovali Ministarstvo evropskih poslova i Glavni grad Podgorica, uz podr\u0161ku Delegacije Evropske unije u Crnoj Gori, kroz projekte EU4ME i Evropska ku\u0107a, saop\u0161teno je iz Ministarstva evropskih poslova.<\/p>","protected":false},"author":1,"featured_media":914670,"comment_status":"open","ping_status":"open","sticky":false,"template":"","format":"standard","meta":{"_acf_changed":false,"footnotes":""},"categories":[56],"tags":[10,1483,1025,3414,2328],"naslovna":[],"class_list":["post-914669","post","type-post","status-publish","format-standard","has-post-thumbnail","hentry","category-podgorica","tag-eu","tag-jelena-borovinc-bojovic","tag-maida-gorcevic-2","tag-mep","tag-podgoricki-pazar"],"acf":[],"yoast_head":"<!-- This site is optimized with the Yoast SEO plugin v27.0 - https:\/\/yoast.com\/product\/yoast-seo-wordpress\/ -->\n<title>Obilje\u017een prvi EU dan na Podgori\u010dkom pazaru: Evropske vrijednosti kroz igru, muziku i dru\u017eenje - dmcsrb.com<\/title>\n<meta name=\"robots\" content=\"index, follow, max-snippet:-1, max-image-preview:large, max-video-preview:-1\" \/>\n<link rel=\"canonical\" href=\"https:\/\/dmcsrb.com\/en\/podgorica\/obiljezen-prvi-eu-dan-na-podgorickom-pazaru-evropske-vrijednosti-kroz-igru-muziku-i-druzenje\/\" \/>\n<meta property=\"og:locale\" content=\"en_GB\" \/>\n<meta property=\"og:type\" content=\"article\" \/>\n<meta property=\"og:title\" content=\"Obilje\u017een prvi EU dan na Podgori\u010dkom pazaru: Evropske vrijednosti kroz igru, muziku i dru\u017eenje - dmcsrb.com\" \/>\n<meta property=\"og:description\" content=\"Uz muziku, igru, dje\u010dji smijeh i prepoznatljivo novogodi\u0161nje \u0161arenilo Glavnog grada, na Trgu nezavisnosti obilje\u017een je prvi EU dan na Podgori\u010dkom pazaru. Doga\u0111aj su organizovali Ministarstvo evropskih poslova i Glavni grad Podgorica, uz podr\u0161ku Delegacije Evropske unije u Crnoj Gori, kroz projekte EU4ME i Evropska ku\u0107a, saop\u0161teno je iz Ministarstva evropskih poslova.\" \/>\n<meta property=\"og:url\" content=\"https:\/\/dmcsrb.com\/en\/podgorica\/obiljezen-prvi-eu-dan-na-podgorickom-pazaru-evropske-vrijednosti-kroz-igru-muziku-i-druzenje\/\" \/>\n<meta property=\"og:site_name\" content=\"dmcsrb.com\" \/>\n<meta property=\"article:published_time\" content=\"2025-12-20T14:24:00+00:00\" \/>\n<meta property=\"og:image\" content=\"https:\/\/dmcsrb.com\/wp-content\/uploads\/2026\/01\/1-1-scaled-1.jpeg\" \/>\n\t<meta property=\"og:image:width\" content=\"2560\" \/>\n\t<meta property=\"og:image:height\" content=\"1707\" \/>\n\t<meta property=\"og:image:type\" content=\"image\/jpeg\" \/>\n<meta name=\"author\" content=\"dmcsrbija.com@gmail.com\" \/>\n<meta name=\"twitter:card\" content=\"summary_large_image\" \/>\n<meta name=\"twitter:label1\" content=\"Written by\" \/>\n\t<meta name=\"twitter:data1\" content=\"dmcsrbija.com@gmail.com\" \/>\n\t<meta name=\"twitter:label2\" content=\"Estimated reading time\" \/>\n\t<meta name=\"twitter:data2\" content=\"2 minutes\" \/>\n<script type=\"application\/ld+json\" class=\"yoast-schema-graph\">{\"@context\":\"https:\/\/schema.org\",\"@graph\":[{\"@type\":\"Article\",\"@id\":\"https:\/\/dmcsrb.com\/podgorica\/obiljezen-prvi-eu-dan-na-podgorickom-pazaru-evropske-vrijednosti-kroz-igru-muziku-i-druzenje\/#article\",\"isPartOf\":{\"@id\":\"https:\/\/dmcsrb.com\/podgorica\/obiljezen-prvi-eu-dan-na-podgorickom-pazaru-evropske-vrijednosti-kroz-igru-muziku-i-druzenje\/\"},\"author\":{\"name\":\"dmcsrbija.com@gmail.com\",\"@id\":\"https:\/\/dmcsrb.com\/#\/schema\/person\/5c39170f12db1b8b457732d0b5c854e2\"},\"headline\":\"Obilje\u017een prvi EU dan na Podgori\u010dkom pazaru: Evropske vrijednosti kroz igru, muziku i dru\u017eenje\",\"datePublished\":\"2025-12-20T14:24:00+00:00\",\"mainEntityOfPage\":{\"@id\":\"https:\/\/dmcsrb.com\/podgorica\/obiljezen-prvi-eu-dan-na-podgorickom-pazaru-evropske-vrijednosti-kroz-igru-muziku-i-druzenje\/\"},\"wordCount\":450,\"commentCount\":0,\"image\":{\"@id\":\"https:\/\/dmcsrb.com\/podgorica\/obiljezen-prvi-eu-dan-na-podgorickom-pazaru-evropske-vrijednosti-kroz-igru-muziku-i-druzenje\/#primaryimage\"},\"thumbnailUrl\":\"https:\/\/dmcsrb.com\/wp-content\/uploads\/2026\/01\/1-1-scaled-1.jpeg\",\"keywords\":[\"EU\",\"jelena Borovin\u0107 Bojovi\u0107\",\"Maida Gor\u010devi\u0107\",\"MEP\",\"podgori\u010dki pazar\"],\"articleSection\":[\"Podgorica\"],\"inLanguage\":\"en-GB\",\"potentialAction\":[{\"@type\":\"CommentAction\",\"name\":\"Comment\",\"target\":[\"https:\/\/dmcsrb.com\/podgorica\/obiljezen-prvi-eu-dan-na-podgorickom-pazaru-evropske-vrijednosti-kroz-igru-muziku-i-druzenje\/#respond\"]}]},{\"@type\":\"WebPage\",\"@id\":\"https:\/\/dmcsrb.com\/podgorica\/obiljezen-prvi-eu-dan-na-podgorickom-pazaru-evropske-vrijednosti-kroz-igru-muziku-i-druzenje\/\",\"url\":\"https:\/\/dmcsrb.com\/podgorica\/obiljezen-prvi-eu-dan-na-podgorickom-pazaru-evropske-vrijednosti-kroz-igru-muziku-i-druzenje\/\",\"name\":\"Obilje\u017een prvi EU dan na Podgori\u010dkom pazaru: Evropske vrijednosti kroz igru, muziku i dru\u017eenje - dmcsrb.com\",\"isPartOf\":{\"@id\":\"https:\/\/dmcsrb.com\/#website\"},\"primaryImageOfPage\":{\"@id\":\"https:\/\/dmcsrb.com\/podgorica\/obiljezen-prvi-eu-dan-na-podgorickom-pazaru-evropske-vrijednosti-kroz-igru-muziku-i-druzenje\/#primaryimage\"},\"image\":{\"@id\":\"https:\/\/dmcsrb.com\/podgorica\/obiljezen-prvi-eu-dan-na-podgorickom-pazaru-evropske-vrijednosti-kroz-igru-muziku-i-druzenje\/#primaryimage\"},\"thumbnailUrl\":\"https:\/\/dmcsrb.com\/wp-content\/uploads\/2026\/01\/1-1-scaled-1.jpeg\",\"datePublished\":\"2025-12-20T14:24:00+00:00\",\"author\":{\"@id\":\"https:\/\/dmcsrb.com\/#\/schema\/person\/5c39170f12db1b8b457732d0b5c854e2\"},\"breadcrumb\":{\"@id\":\"https:\/\/dmcsrb.com\/podgorica\/obiljezen-prvi-eu-dan-na-podgorickom-pazaru-evropske-vrijednosti-kroz-igru-muziku-i-druzenje\/#breadcrumb\"},\"inLanguage\":\"en-GB\",\"potentialAction\":[{\"@type\":\"ReadAction\",\"target\":[\"https:\/\/dmcsrb.com\/podgorica\/obiljezen-prvi-eu-dan-na-podgorickom-pazaru-evropske-vrijednosti-kroz-igru-muziku-i-druzenje\/\"]}]},{\"@type\":\"ImageObject\",\"inLanguage\":\"en-GB\",\"@id\":\"https:\/\/dmcsrb.com\/podgorica\/obiljezen-prvi-eu-dan-na-podgorickom-pazaru-evropske-vrijednosti-kroz-igru-muziku-i-druzenje\/#primaryimage\",\"url\":\"https:\/\/dmcsrb.com\/wp-content\/uploads\/2026\/01\/1-1-scaled-1.jpeg\",\"contentUrl\":\"https:\/\/dmcsrb.com\/wp-content\/uploads\/2026\/01\/1-1-scaled-1.jpeg\",\"width\":2560,\"height\":1707},{\"@type\":\"BreadcrumbList\",\"@id\":\"https:\/\/dmcsrb.com\/podgorica\/obiljezen-prvi-eu-dan-na-podgorickom-pazaru-evropske-vrijednosti-kroz-igru-muziku-i-druzenje\/#breadcrumb\",\"itemListElement\":[{\"@type\":\"ListItem\",\"position\":1,\"name\":\"Home\",\"item\":\"https:\/\/dmcsrb.com\/\"},{\"@type\":\"ListItem\",\"position\":2,\"name\":\"Obilje\u017een prvi EU dan na Podgori\u010dkom pazaru: Evropske vrijednosti kroz igru, muziku i dru\u017eenje\"}]},{\"@type\":\"WebSite\",\"@id\":\"https:\/\/dmcsrb.com\/#website\",\"url\":\"https:\/\/dmcsrb.com\/\",\"name\":\"dmcsrb.com\",\"description\":\"\",\"potentialAction\":[{\"@type\":\"SearchAction\",\"target\":{\"@type\":\"EntryPoint\",\"urlTemplate\":\"https:\/\/dmcsrb.com\/?s={search_term_string}\"},\"query-input\":{\"@type\":\"PropertyValueSpecification\",\"valueRequired\":true,\"valueName\":\"search_term_string\"}}],\"inLanguage\":\"en-GB\"},{\"@type\":\"Person\",\"@id\":\"https:\/\/dmcsrb.com\/#\/schema\/person\/5c39170f12db1b8b457732d0b5c854e2\",\"name\":\"dmcsrbija.com@gmail.com\",\"image\":{\"@type\":\"ImageObject\",\"inLanguage\":\"en-GB\",\"@id\":\"https:\/\/dmcsrb.com\/#\/schema\/person\/image\/\",\"url\":\"https:\/\/secure.gravatar.com\/avatar\/68592660ad6347fad0fb587f8d5d8f1a7b44961362f56e4f2cd524feb87e9069?s=96&d=mm&r=g\",\"contentUrl\":\"https:\/\/secure.gravatar.com\/avatar\/68592660ad6347fad0fb587f8d5d8f1a7b44961362f56e4f2cd524feb87e9069?s=96&d=mm&r=g\",\"caption\":\"dmcsrbija.com@gmail.com\"},\"sameAs\":[\"https:\/\/dmcsrb.com\"],\"url\":\"https:\/\/dmcsrb.com\/en\/author\/dmcsrbija-comgmail-com\/\"}]}<\/script>\n<!-- \/ Yoast SEO plugin. -->","yoast_head_json":{"title":"Obilje\u017een prvi EU dan na Podgori\u010dkom pazaru: Evropske vrijednosti kroz igru, muziku i dru\u017eenje - dmcsrb.com","robots":{"index":"index","follow":"follow","max-snippet":"max-snippet:-1","max-image-preview":"max-image-preview:large","max-video-preview":"max-video-preview:-1"},"canonical":"https:\/\/dmcsrb.com\/en\/podgorica\/obiljezen-prvi-eu-dan-na-podgorickom-pazaru-evropske-vrijednosti-kroz-igru-muziku-i-druzenje\/","og_locale":"en_GB","og_type":"article","og_title":"Obilje\u017een prvi EU dan na Podgori\u010dkom pazaru: Evropske vrijednosti kroz igru, muziku i dru\u017eenje - dmcsrb.com","og_description":"Uz muziku, igru, dje\u010dji smijeh i prepoznatljivo novogodi\u0161nje \u0161arenilo Glavnog grada, na Trgu nezavisnosti obilje\u017een je prvi EU dan na Podgori\u010dkom pazaru. Doga\u0111aj su organizovali Ministarstvo evropskih poslova i Glavni grad Podgorica, uz podr\u0161ku Delegacije Evropske unije u Crnoj Gori, kroz projekte EU4ME i Evropska ku\u0107a, saop\u0161teno je iz Ministarstva evropskih poslova.","og_url":"https:\/\/dmcsrb.com\/en\/podgorica\/obiljezen-prvi-eu-dan-na-podgorickom-pazaru-evropske-vrijednosti-kroz-igru-muziku-i-druzenje\/","og_site_name":"dmcsrb.com","article_published_time":"2025-12-20T14:24:00+00:00","og_image":[{"width":2560,"height":1707,"url":"https:\/\/dmcsrb.com\/wp-content\/uploads\/2026\/01\/1-1-scaled-1.jpeg","type":"image\/jpeg"}],"author":"dmcsrbija.com@gmail.com","twitter_card":"summary_large_image","twitter_misc":{"Written by":"dmcsrbija.com@gmail.com","Estimated reading time":"2 minutes"},"schema":{"@context":"https:\/\/schema.org","@graph":[{"@type":"Article","@id":"https:\/\/dmcsrb.com\/podgorica\/obiljezen-prvi-eu-dan-na-podgorickom-pazaru-evropske-vrijednosti-kroz-igru-muziku-i-druzenje\/#article","isPartOf":{"@id":"https:\/\/dmcsrb.com\/podgorica\/obiljezen-prvi-eu-dan-na-podgorickom-pazaru-evropske-vrijednosti-kroz-igru-muziku-i-druzenje\/"},"author":{"name":"dmcsrbija.com@gmail.com","@id":"https:\/\/dmcsrb.com\/#\/schema\/person\/5c39170f12db1b8b457732d0b5c854e2"},"headline":"Obilje\u017een prvi EU dan na Podgori\u010dkom pazaru: Evropske vrijednosti kroz igru, muziku i dru\u017eenje","datePublished":"2025-12-20T14:24:00+00:00","mainEntityOfPage":{"@id":"https:\/\/dmcsrb.com\/podgorica\/obiljezen-prvi-eu-dan-na-podgorickom-pazaru-evropske-vrijednosti-kroz-igru-muziku-i-druzenje\/"},"wordCount":450,"commentCount":0,"image":{"@id":"https:\/\/dmcsrb.com\/podgorica\/obiljezen-prvi-eu-dan-na-podgorickom-pazaru-evropske-vrijednosti-kroz-igru-muziku-i-druzenje\/#primaryimage"},"thumbnailUrl":"https:\/\/dmcsrb.com\/wp-content\/uploads\/2026\/01\/1-1-scaled-1.jpeg","keywords":["EU","jelena Borovin\u0107 Bojovi\u0107","Maida Gor\u010devi\u0107","MEP","podgori\u010dki pazar"],"articleSection":["Podgorica"],"inLanguage":"en-GB","potentialAction":[{"@type":"CommentAction","name":"Comment","target":["https:\/\/dmcsrb.com\/podgorica\/obiljezen-prvi-eu-dan-na-podgorickom-pazaru-evropske-vrijednosti-kroz-igru-muziku-i-druzenje\/#respond"]}]},{"@type":"WebPage","@id":"https:\/\/dmcsrb.com\/podgorica\/obiljezen-prvi-eu-dan-na-podgorickom-pazaru-evropske-vrijednosti-kroz-igru-muziku-i-druzenje\/","url":"https:\/\/dmcsrb.com\/podgorica\/obiljezen-prvi-eu-dan-na-podgorickom-pazaru-evropske-vrijednosti-kroz-igru-muziku-i-druzenje\/","name":"Obilje\u017een prvi EU dan na Podgori\u010dkom pazaru: Evropske vrijednosti kroz igru, muziku i dru\u017eenje - dmcsrb.com","isPartOf":{"@id":"https:\/\/dmcsrb.com\/#website"},"primaryImageOfPage":{"@id":"https:\/\/dmcsrb.com\/podgorica\/obiljezen-prvi-eu-dan-na-podgorickom-pazaru-evropske-vrijednosti-kroz-igru-muziku-i-druzenje\/#primaryimage"},"image":{"@id":"https:\/\/dmcsrb.com\/podgorica\/obiljezen-prvi-eu-dan-na-podgorickom-pazaru-evropske-vrijednosti-kroz-igru-muziku-i-druzenje\/#primaryimage"},"thumbnailUrl":"https:\/\/dmcsrb.com\/wp-content\/uploads\/2026\/01\/1-1-scaled-1.jpeg","datePublished":"2025-12-20T14:24:00+00:00","author":{"@id":"https:\/\/dmcsrb.com\/#\/schema\/person\/5c39170f12db1b8b457732d0b5c854e2"},"breadcrumb":{"@id":"https:\/\/dmcsrb.com\/podgorica\/obiljezen-prvi-eu-dan-na-podgorickom-pazaru-evropske-vrijednosti-kroz-igru-muziku-i-druzenje\/#breadcrumb"},"inLanguage":"en-GB","potentialAction":[{"@type":"ReadAction","target":["https:\/\/dmcsrb.com\/podgorica\/obiljezen-prvi-eu-dan-na-podgorickom-pazaru-evropske-vrijednosti-kroz-igru-muziku-i-druzenje\/"]}]},{"@type":"ImageObject","inLanguage":"en-GB","@id":"https:\/\/dmcsrb.com\/podgorica\/obiljezen-prvi-eu-dan-na-podgorickom-pazaru-evropske-vrijednosti-kroz-igru-muziku-i-druzenje\/#primaryimage","url":"https:\/\/dmcsrb.com\/wp-content\/uploads\/2026\/01\/1-1-scaled-1.jpeg","contentUrl":"https:\/\/dmcsrb.com\/wp-content\/uploads\/2026\/01\/1-1-scaled-1.jpeg","width":2560,"height":1707},{"@type":"BreadcrumbList","@id":"https:\/\/dmcsrb.com\/podgorica\/obiljezen-prvi-eu-dan-na-podgorickom-pazaru-evropske-vrijednosti-kroz-igru-muziku-i-druzenje\/#breadcrumb","itemListElement":[{"@type":"ListItem","position":1,"name":"Home","item":"https:\/\/dmcsrb.com\/"},{"@type":"ListItem","position":2,"name":"Obilje\u017een prvi EU dan na Podgori\u010dkom pazaru: Evropske vrijednosti kroz igru, muziku i dru\u017eenje"}]},{"@type":"WebSite","@id":"https:\/\/dmcsrb.com\/#website","url":"https:\/\/dmcsrb.com\/","name":"dmcsrb.com","description":"","potentialAction":[{"@type":"SearchAction","target":{"@type":"EntryPoint","urlTemplate":"https:\/\/dmcsrb.com\/?s={search_term_string}"},"query-input":{"@type":"PropertyValueSpecification","valueRequired":true,"valueName":"search_term_string"}}],"inLanguage":"en-GB"},{"@type":"Person","@id":"https:\/\/dmcsrb.com\/#\/schema\/person\/5c39170f12db1b8b457732d0b5c854e2","name":"dmcsrbija.com@gmail.com","image":{"@type":"ImageObject","inLanguage":"en-GB","@id":"https:\/\/dmcsrb.com\/#\/schema\/person\/image\/","url":"https:\/\/secure.gravatar.com\/avatar\/68592660ad6347fad0fb587f8d5d8f1a7b44961362f56e4f2cd524feb87e9069?s=96&d=mm&r=g","contentUrl":"https:\/\/secure.gravatar.com\/avatar\/68592660ad6347fad0fb587f8d5d8f1a7b44961362f56e4f2cd524feb87e9069?s=96&d=mm&r=g","caption":"dmcsrbija.com@gmail.com"},"sameAs":["https:\/\/dmcsrb.com"],"url":"https:\/\/dmcsrb.com\/en\/author\/dmcsrbija-comgmail-com\/"}]}},"_links":{"self":[{"href":"https:\/\/dmcsrb.com\/en\/wp-json\/wp\/v2\/posts\/914669","targetHints":{"allow":["GET"]}}],"collection":[{"href":"https:\/\/dmcsrb.com\/en\/wp-json\/wp\/v2\/posts"}],"about":[{"href":"https:\/\/dmcsrb.com\/en\/wp-json\/wp\/v2\/types\/post"}],"author":[{"embeddable":true,"href":"https:\/\/dmcsrb.com\/en\/wp-json\/wp\/v2\/users\/1"}],"replies":[{"embeddable":true,"href":"https:\/\/dmcsrb.com\/en\/wp-json\/wp\/v2\/comments?post=914669"}],"version-history":[{"count":0,"href":"https:\/\/dmcsrb.com\/en\/wp-json\/wp\/v2\/posts\/914669\/revisions"}],"wp:featuredmedia":[{"embeddable":true,"href":"https:\/\/dmcsrb.com\/en\/wp-json\/wp\/v2\/media\/914670"}],"wp:attachment":[{"href":"https:\/\/dmcsrb.com\/en\/wp-json\/wp\/v2\/media?parent=914669"}],"wp:term":[{"taxonomy":"category","embeddable":true,"href":"https:\/\/dmcsrb.com\/en\/wp-json\/wp\/v2\/categories?post=914669"},{"taxonomy":"post_tag","embeddable":true,"href":"https:\/\/dmcsrb.com\/en\/wp-json\/wp\/v2\/tags?post=914669"},{"taxonomy":"naslovna","embeddable":true,"href":"https:\/\/dmcsrb.com\/en\/wp-json\/wp\/v2\/naslovna?post=914669"}],"curies":[{"name":"wp","href":"https:\/\/api.w.org\/{rel}","templated":true}]}}