{"id":914657,"date":"2025-12-20T16:40:00","date_gmt":"2025-12-20T15:40:00","guid":{"rendered":"https:\/\/dmcsrb.com\/uncategorized\/ruski-izaslanik-putuje-u-sad-na-razgovore-o-ratu-u-ukrajini\/"},"modified":"2025-12-20T16:40:00","modified_gmt":"2025-12-20T15:40:00","slug":"ruski-izaslanik-putuje-u-sad-na-razgovore-o-ratu-u-ukrajini","status":"publish","type":"post","link":"https:\/\/dmcsrb.com\/en\/svijet\/ruski-izaslanik-putuje-u-sad-na-razgovore-o-ratu-u-ukrajini\/","title":{"rendered":"Ruski izaslanik putuje u SAD na razgovore o ratu u Ukrajini"},"content":{"rendered":"<p>Ukrajinski i evropski timovi tako\u0111e su bili u ameri\u010dkom gradu radi pregovora koje su vodili izaslanik ameri\u010dkog predsjednika Donalda Trampa, Stiv Vitkof,&nbsp; i predsjednikov zet D\u017eared Ku\u0161ner.<\/p>\n\n\n\n<p>&#8220;Na putu za Majami&#8221;, napisao je Dmitriev u objavi na X-u, dodav\u0161i emoji goluba i prilo\u017eiv\u0161i kratki video jutarnjeg sunca koje probija kroz oblake iznad pla\u017ee s palmama.<\/p>\n\n\n\n<p>&#8220;Dok podstreka\u010di rata nastavljaju neumorno raditi na potkopavanju ameri\u010dkog mirovnog plana za Ukrajinu, sjetio sam se ovog videa s moje prethodne posjete \u2013 svjetlosti koja probija kroz olujne oblake&#8221;, dodao je on.<\/p>\n\n\n\n<p>Uklju\u010divanje Rusije i Evrope u pregovore ozna\u010dava korak naprijed u odnosu na prethodnu fazu, kada su Amerikanci vodili odvojene razgovore sa svakom stranom u razli\u010ditim zemljama.<\/p>\n\n\n\n<p>Ipak, malo je vjerovatno da \u0107e Dmitriev voditi direktne pregovore s ukrajinskim i evropskim pregovara\u010dima, jer odnosi izme\u0111u dvije strane ostaju napeti.<\/p>\n\n\n\n<p>Moskva, koja je pokrenula invaziju punog obima na Ukrajinu 2022. godine, tvrdi da \u0107e uklju\u010divanje Evrope u pregovore samo omesti proces i nastoji prikazati lidere kontinenta kao zagovornike rata.<\/p>\n\n\n\n<p>Pregovori tokom vikenda dolaze nakon \u0161to je ruski predsjednik Vladimir Putin obe\u0107ao da \u0107e nastaviti vojnu ofanzivu u Ukrajini, hvale\u0107i napredak Moskve na bojnom polju gotovo \u010detiri godine nakon po\u010detka rata, tokom godi\u0161nje konferencije za medije odr\u017eane dan ranije.<\/p>\n\n\n\n<p>Trampovi izaslanici su promovisali plan prema kojem bi Sjedinjene Dr\u017eave ponudile Ukrajini sigurnosne garancije, ali se o\u010dekuje da Kijev odustane od dijela teritorije \u2013 ideja koju mnogi Ukrajinci odbacuju.<\/p>","protected":false},"excerpt":{"rendered":"<p>Ruski izaslanik Kirill Dmitriev izjavio je 20. decembra da je na putu za Majami u Sjedinjenim Ameri\u010dkim Dr\u017eavama, gdje \u0107e se odr\u017eati nova runda pregovora o okon\u010danju rata u Ukrajini.<\/p>","protected":false},"author":1,"featured_media":910013,"comment_status":"open","ping_status":"open","sticky":false,"template":"","format":"standard","meta":{"_acf_changed":false,"footnotes":""},"categories":[144],"tags":[1399,651,195,234],"naslovna":[],"class_list":["post-914657","post","type-post","status-publish","format-standard","has-post-thumbnail","hentry","category-svijet","tag-rat","tag-rusija","tag-sad","tag-ukrajina"],"acf":[],"yoast_head":"<!-- This site is optimized with the Yoast SEO plugin v27.0 - https:\/\/yoast.com\/product\/yoast-seo-wordpress\/ -->\n<title>Ruski izaslanik putuje u SAD na razgovore o ratu u Ukrajini - dmcsrb.com<\/title>\n<meta name=\"robots\" content=\"index, follow, max-snippet:-1, max-image-preview:large, max-video-preview:-1\" \/>\n<link rel=\"canonical\" href=\"https:\/\/dmcsrb.com\/en\/svijet\/ruski-izaslanik-putuje-u-sad-na-razgovore-o-ratu-u-ukrajini\/\" \/>\n<meta property=\"og:locale\" content=\"en_GB\" \/>\n<meta property=\"og:type\" content=\"article\" \/>\n<meta property=\"og:title\" content=\"Ruski izaslanik putuje u SAD na razgovore o ratu u Ukrajini - dmcsrb.com\" \/>\n<meta property=\"og:description\" content=\"Ruski izaslanik Kirill Dmitriev izjavio je 20. decembra da je na putu za Majami u Sjedinjenim Ameri\u010dkim Dr\u017eavama, gdje \u0107e se odr\u017eati nova runda pregovora o okon\u010danju rata u Ukrajini.\" \/>\n<meta property=\"og:url\" content=\"https:\/\/dmcsrb.com\/en\/svijet\/ruski-izaslanik-putuje-u-sad-na-razgovore-o-ratu-u-ukrajini\/\" \/>\n<meta property=\"og:site_name\" content=\"dmcsrb.com\" \/>\n<meta property=\"article:published_time\" content=\"2025-12-20T15:40:00+00:00\" \/>\n<meta property=\"og:image\" content=\"https:\/\/dmcsrb.com\/wp-content\/uploads\/2026\/01\/kremlj.jpg\" \/>\n\t<meta property=\"og:image:width\" content=\"750\" \/>\n\t<meta property=\"og:image:height\" content=\"499\" \/>\n\t<meta property=\"og:image:type\" content=\"image\/jpeg\" \/>\n<meta name=\"author\" content=\"dmcsrbija.com@gmail.com\" \/>\n<meta name=\"twitter:card\" content=\"summary_large_image\" \/>\n<meta name=\"twitter:label1\" content=\"Written by\" \/>\n\t<meta name=\"twitter:data1\" content=\"dmcsrbija.com@gmail.com\" \/>\n\t<meta name=\"twitter:label2\" content=\"Estimated reading time\" \/>\n\t<meta name=\"twitter:data2\" content=\"1 minute\" \/>\n<script type=\"application\/ld+json\" class=\"yoast-schema-graph\">{\"@context\":\"https:\/\/schema.org\",\"@graph\":[{\"@type\":\"Article\",\"@id\":\"https:\/\/dmcsrb.com\/en\/svijet\/ruski-izaslanik-putuje-u-sad-na-razgovore-o-ratu-u-ukrajini\/#article\",\"isPartOf\":{\"@id\":\"https:\/\/dmcsrb.com\/en\/svijet\/ruski-izaslanik-putuje-u-sad-na-razgovore-o-ratu-u-ukrajini\/\"},\"author\":{\"name\":\"dmcsrbija.com@gmail.com\",\"@id\":\"https:\/\/dmcsrb.com\/#\/schema\/person\/5c39170f12db1b8b457732d0b5c854e2\"},\"headline\":\"Ruski izaslanik putuje u SAD na razgovore o ratu u Ukrajini\",\"datePublished\":\"2025-12-20T15:40:00+00:00\",\"mainEntityOfPage\":{\"@id\":\"https:\/\/dmcsrb.com\/en\/svijet\/ruski-izaslanik-putuje-u-sad-na-razgovore-o-ratu-u-ukrajini\/\"},\"wordCount\":265,\"commentCount\":0,\"image\":{\"@id\":\"https:\/\/dmcsrb.com\/en\/svijet\/ruski-izaslanik-putuje-u-sad-na-razgovore-o-ratu-u-ukrajini\/#primaryimage\"},\"thumbnailUrl\":\"https:\/\/dmcsrb.com\/wp-content\/uploads\/2026\/01\/kremlj.jpg\",\"keywords\":[\"rat\",\"Rusija\",\"SAD\",\"Ukrajina\"],\"articleSection\":[\"Svijet\"],\"inLanguage\":\"en-GB\",\"potentialAction\":[{\"@type\":\"CommentAction\",\"name\":\"Comment\",\"target\":[\"https:\/\/dmcsrb.com\/en\/svijet\/ruski-izaslanik-putuje-u-sad-na-razgovore-o-ratu-u-ukrajini\/#respond\"]}]},{\"@type\":\"WebPage\",\"@id\":\"https:\/\/dmcsrb.com\/en\/svijet\/ruski-izaslanik-putuje-u-sad-na-razgovore-o-ratu-u-ukrajini\/\",\"url\":\"https:\/\/dmcsrb.com\/en\/svijet\/ruski-izaslanik-putuje-u-sad-na-razgovore-o-ratu-u-ukrajini\/\",\"name\":\"Ruski izaslanik putuje u SAD na razgovore o ratu u Ukrajini - dmcsrb.com\",\"isPartOf\":{\"@id\":\"https:\/\/dmcsrb.com\/#website\"},\"primaryImageOfPage\":{\"@id\":\"https:\/\/dmcsrb.com\/en\/svijet\/ruski-izaslanik-putuje-u-sad-na-razgovore-o-ratu-u-ukrajini\/#primaryimage\"},\"image\":{\"@id\":\"https:\/\/dmcsrb.com\/en\/svijet\/ruski-izaslanik-putuje-u-sad-na-razgovore-o-ratu-u-ukrajini\/#primaryimage\"},\"thumbnailUrl\":\"https:\/\/dmcsrb.com\/wp-content\/uploads\/2026\/01\/kremlj.jpg\",\"datePublished\":\"2025-12-20T15:40:00+00:00\",\"author\":{\"@id\":\"https:\/\/dmcsrb.com\/#\/schema\/person\/5c39170f12db1b8b457732d0b5c854e2\"},\"breadcrumb\":{\"@id\":\"https:\/\/dmcsrb.com\/en\/svijet\/ruski-izaslanik-putuje-u-sad-na-razgovore-o-ratu-u-ukrajini\/#breadcrumb\"},\"inLanguage\":\"en-GB\",\"potentialAction\":[{\"@type\":\"ReadAction\",\"target\":[\"https:\/\/dmcsrb.com\/en\/svijet\/ruski-izaslanik-putuje-u-sad-na-razgovore-o-ratu-u-ukrajini\/\"]}]},{\"@type\":\"ImageObject\",\"inLanguage\":\"en-GB\",\"@id\":\"https:\/\/dmcsrb.com\/en\/svijet\/ruski-izaslanik-putuje-u-sad-na-razgovore-o-ratu-u-ukrajini\/#primaryimage\",\"url\":\"https:\/\/dmcsrb.com\/wp-content\/uploads\/2026\/01\/kremlj.jpg\",\"contentUrl\":\"https:\/\/dmcsrb.com\/wp-content\/uploads\/2026\/01\/kremlj.jpg\",\"width\":750,\"height\":499},{\"@type\":\"BreadcrumbList\",\"@id\":\"https:\/\/dmcsrb.com\/en\/svijet\/ruski-izaslanik-putuje-u-sad-na-razgovore-o-ratu-u-ukrajini\/#breadcrumb\",\"itemListElement\":[{\"@type\":\"ListItem\",\"position\":1,\"name\":\"Home\",\"item\":\"https:\/\/dmcsrb.com\/\"},{\"@type\":\"ListItem\",\"position\":2,\"name\":\"Ruski izaslanik putuje u SAD na razgovore o ratu u Ukrajini\"}]},{\"@type\":\"WebSite\",\"@id\":\"https:\/\/dmcsrb.com\/#website\",\"url\":\"https:\/\/dmcsrb.com\/\",\"name\":\"dmcsrb.com\",\"description\":\"\",\"potentialAction\":[{\"@type\":\"SearchAction\",\"target\":{\"@type\":\"EntryPoint\",\"urlTemplate\":\"https:\/\/dmcsrb.com\/?s={search_term_string}\"},\"query-input\":{\"@type\":\"PropertyValueSpecification\",\"valueRequired\":true,\"valueName\":\"search_term_string\"}}],\"inLanguage\":\"en-GB\"},{\"@type\":\"Person\",\"@id\":\"https:\/\/dmcsrb.com\/#\/schema\/person\/5c39170f12db1b8b457732d0b5c854e2\",\"name\":\"dmcsrbija.com@gmail.com\",\"image\":{\"@type\":\"ImageObject\",\"inLanguage\":\"en-GB\",\"@id\":\"https:\/\/dmcsrb.com\/#\/schema\/person\/image\/\",\"url\":\"https:\/\/secure.gravatar.com\/avatar\/68592660ad6347fad0fb587f8d5d8f1a7b44961362f56e4f2cd524feb87e9069?s=96&d=mm&r=g\",\"contentUrl\":\"https:\/\/secure.gravatar.com\/avatar\/68592660ad6347fad0fb587f8d5d8f1a7b44961362f56e4f2cd524feb87e9069?s=96&d=mm&r=g\",\"caption\":\"dmcsrbija.com@gmail.com\"},\"sameAs\":[\"https:\/\/dmcsrb.com\"],\"url\":\"https:\/\/dmcsrb.com\/en\/author\/dmcsrbija-comgmail-com\/\"}]}<\/script>\n<!-- \/ Yoast SEO plugin. -->","yoast_head_json":{"title":"Ruski izaslanik putuje u SAD na razgovore o ratu u Ukrajini - dmcsrb.com","robots":{"index":"index","follow":"follow","max-snippet":"max-snippet:-1","max-image-preview":"max-image-preview:large","max-video-preview":"max-video-preview:-1"},"canonical":"https:\/\/dmcsrb.com\/en\/svijet\/ruski-izaslanik-putuje-u-sad-na-razgovore-o-ratu-u-ukrajini\/","og_locale":"en_GB","og_type":"article","og_title":"Ruski izaslanik putuje u SAD na razgovore o ratu u Ukrajini - dmcsrb.com","og_description":"Ruski izaslanik Kirill Dmitriev izjavio je 20. decembra da je na putu za Majami u Sjedinjenim Ameri\u010dkim Dr\u017eavama, gdje \u0107e se odr\u017eati nova runda pregovora o okon\u010danju rata u Ukrajini.","og_url":"https:\/\/dmcsrb.com\/en\/svijet\/ruski-izaslanik-putuje-u-sad-na-razgovore-o-ratu-u-ukrajini\/","og_site_name":"dmcsrb.com","article_published_time":"2025-12-20T15:40:00+00:00","og_image":[{"width":750,"height":499,"url":"https:\/\/dmcsrb.com\/wp-content\/uploads\/2026\/01\/kremlj.jpg","type":"image\/jpeg"}],"author":"dmcsrbija.com@gmail.com","twitter_card":"summary_large_image","twitter_misc":{"Written by":"dmcsrbija.com@gmail.com","Estimated reading time":"1 minute"},"schema":{"@context":"https:\/\/schema.org","@graph":[{"@type":"Article","@id":"https:\/\/dmcsrb.com\/en\/svijet\/ruski-izaslanik-putuje-u-sad-na-razgovore-o-ratu-u-ukrajini\/#article","isPartOf":{"@id":"https:\/\/dmcsrb.com\/en\/svijet\/ruski-izaslanik-putuje-u-sad-na-razgovore-o-ratu-u-ukrajini\/"},"author":{"name":"dmcsrbija.com@gmail.com","@id":"https:\/\/dmcsrb.com\/#\/schema\/person\/5c39170f12db1b8b457732d0b5c854e2"},"headline":"Ruski izaslanik putuje u SAD na razgovore o ratu u Ukrajini","datePublished":"2025-12-20T15:40:00+00:00","mainEntityOfPage":{"@id":"https:\/\/dmcsrb.com\/en\/svijet\/ruski-izaslanik-putuje-u-sad-na-razgovore-o-ratu-u-ukrajini\/"},"wordCount":265,"commentCount":0,"image":{"@id":"https:\/\/dmcsrb.com\/en\/svijet\/ruski-izaslanik-putuje-u-sad-na-razgovore-o-ratu-u-ukrajini\/#primaryimage"},"thumbnailUrl":"https:\/\/dmcsrb.com\/wp-content\/uploads\/2026\/01\/kremlj.jpg","keywords":["rat","Rusija","SAD","Ukrajina"],"articleSection":["Svijet"],"inLanguage":"en-GB","potentialAction":[{"@type":"CommentAction","name":"Comment","target":["https:\/\/dmcsrb.com\/en\/svijet\/ruski-izaslanik-putuje-u-sad-na-razgovore-o-ratu-u-ukrajini\/#respond"]}]},{"@type":"WebPage","@id":"https:\/\/dmcsrb.com\/en\/svijet\/ruski-izaslanik-putuje-u-sad-na-razgovore-o-ratu-u-ukrajini\/","url":"https:\/\/dmcsrb.com\/en\/svijet\/ruski-izaslanik-putuje-u-sad-na-razgovore-o-ratu-u-ukrajini\/","name":"Ruski izaslanik putuje u SAD na razgovore o ratu u Ukrajini - dmcsrb.com","isPartOf":{"@id":"https:\/\/dmcsrb.com\/#website"},"primaryImageOfPage":{"@id":"https:\/\/dmcsrb.com\/en\/svijet\/ruski-izaslanik-putuje-u-sad-na-razgovore-o-ratu-u-ukrajini\/#primaryimage"},"image":{"@id":"https:\/\/dmcsrb.com\/en\/svijet\/ruski-izaslanik-putuje-u-sad-na-razgovore-o-ratu-u-ukrajini\/#primaryimage"},"thumbnailUrl":"https:\/\/dmcsrb.com\/wp-content\/uploads\/2026\/01\/kremlj.jpg","datePublished":"2025-12-20T15:40:00+00:00","author":{"@id":"https:\/\/dmcsrb.com\/#\/schema\/person\/5c39170f12db1b8b457732d0b5c854e2"},"breadcrumb":{"@id":"https:\/\/dmcsrb.com\/en\/svijet\/ruski-izaslanik-putuje-u-sad-na-razgovore-o-ratu-u-ukrajini\/#breadcrumb"},"inLanguage":"en-GB","potentialAction":[{"@type":"ReadAction","target":["https:\/\/dmcsrb.com\/en\/svijet\/ruski-izaslanik-putuje-u-sad-na-razgovore-o-ratu-u-ukrajini\/"]}]},{"@type":"ImageObject","inLanguage":"en-GB","@id":"https:\/\/dmcsrb.com\/en\/svijet\/ruski-izaslanik-putuje-u-sad-na-razgovore-o-ratu-u-ukrajini\/#primaryimage","url":"https:\/\/dmcsrb.com\/wp-content\/uploads\/2026\/01\/kremlj.jpg","contentUrl":"https:\/\/dmcsrb.com\/wp-content\/uploads\/2026\/01\/kremlj.jpg","width":750,"height":499},{"@type":"BreadcrumbList","@id":"https:\/\/dmcsrb.com\/en\/svijet\/ruski-izaslanik-putuje-u-sad-na-razgovore-o-ratu-u-ukrajini\/#breadcrumb","itemListElement":[{"@type":"ListItem","position":1,"name":"Home","item":"https:\/\/dmcsrb.com\/"},{"@type":"ListItem","position":2,"name":"Ruski izaslanik putuje u SAD na razgovore o ratu u Ukrajini"}]},{"@type":"WebSite","@id":"https:\/\/dmcsrb.com\/#website","url":"https:\/\/dmcsrb.com\/","name":"dmcsrb.com","description":"","potentialAction":[{"@type":"SearchAction","target":{"@type":"EntryPoint","urlTemplate":"https:\/\/dmcsrb.com\/?s={search_term_string}"},"query-input":{"@type":"PropertyValueSpecification","valueRequired":true,"valueName":"search_term_string"}}],"inLanguage":"en-GB"},{"@type":"Person","@id":"https:\/\/dmcsrb.com\/#\/schema\/person\/5c39170f12db1b8b457732d0b5c854e2","name":"dmcsrbija.com@gmail.com","image":{"@type":"ImageObject","inLanguage":"en-GB","@id":"https:\/\/dmcsrb.com\/#\/schema\/person\/image\/","url":"https:\/\/secure.gravatar.com\/avatar\/68592660ad6347fad0fb587f8d5d8f1a7b44961362f56e4f2cd524feb87e9069?s=96&d=mm&r=g","contentUrl":"https:\/\/secure.gravatar.com\/avatar\/68592660ad6347fad0fb587f8d5d8f1a7b44961362f56e4f2cd524feb87e9069?s=96&d=mm&r=g","caption":"dmcsrbija.com@gmail.com"},"sameAs":["https:\/\/dmcsrb.com"],"url":"https:\/\/dmcsrb.com\/en\/author\/dmcsrbija-comgmail-com\/"}]}},"_links":{"self":[{"href":"https:\/\/dmcsrb.com\/en\/wp-json\/wp\/v2\/posts\/914657","targetHints":{"allow":["GET"]}}],"collection":[{"href":"https:\/\/dmcsrb.com\/en\/wp-json\/wp\/v2\/posts"}],"about":[{"href":"https:\/\/dmcsrb.com\/en\/wp-json\/wp\/v2\/types\/post"}],"author":[{"embeddable":true,"href":"https:\/\/dmcsrb.com\/en\/wp-json\/wp\/v2\/users\/1"}],"replies":[{"embeddable":true,"href":"https:\/\/dmcsrb.com\/en\/wp-json\/wp\/v2\/comments?post=914657"}],"version-history":[{"count":0,"href":"https:\/\/dmcsrb.com\/en\/wp-json\/wp\/v2\/posts\/914657\/revisions"}],"wp:featuredmedia":[{"embeddable":true,"href":"https:\/\/dmcsrb.com\/en\/wp-json\/wp\/v2\/media\/910013"}],"wp:attachment":[{"href":"https:\/\/dmcsrb.com\/en\/wp-json\/wp\/v2\/media?parent=914657"}],"wp:term":[{"taxonomy":"category","embeddable":true,"href":"https:\/\/dmcsrb.com\/en\/wp-json\/wp\/v2\/categories?post=914657"},{"taxonomy":"post_tag","embeddable":true,"href":"https:\/\/dmcsrb.com\/en\/wp-json\/wp\/v2\/tags?post=914657"},{"taxonomy":"naslovna","embeddable":true,"href":"https:\/\/dmcsrb.com\/en\/wp-json\/wp\/v2\/naslovna?post=914657"}],"curies":[{"name":"wp","href":"https:\/\/api.w.org\/{rel}","templated":true}]}}