{"id":914637,"date":"2025-12-20T12:19:32","date_gmt":"2025-12-20T11:19:32","guid":{"rendered":"https:\/\/dmcsrb.com\/uncategorized\/medo-ostaje-uz-miodraga-gradonacelnik-mujovic-obustavio-rjesenje-o-oduzimanju-terapijskog-psa\/"},"modified":"2025-12-20T12:19:32","modified_gmt":"2025-12-20T11:19:32","slug":"medo-ostaje-uz-miodraga-gradonacelnik-mujovic-obustavio-rjesenje-o-oduzimanju-terapijskog-psa","status":"publish","type":"post","link":"https:\/\/dmcsrb.com\/en\/podgorica\/medo-ostaje-uz-miodraga-gradonacelnik-mujovic-obustavio-rjesenje-o-oduzimanju-terapijskog-psa\/","title":{"rendered":"Medo ostaje uz Miodraga: Gradona\u010delnik Mujovi\u0107 obustavio rje\u0161enje o oduzimanju terapijskog psa"},"content":{"rendered":"<p><\/p>\n\n\n\n<p>&#8220;Po nalogu gradona\u010delnika data je instrukcija za obustavu izvr\u0161enja rje\u0161enja, a vezano za najavljeno oduzimanje psa Meda, vlasnice Danijele Mihajlovi\u0107, a koje je zakazano za 23. decembar teku\u0107e godine&#8221;, saop\u0161teno je RTV Podgorica iz kabineta gradona\u010delnika Mujovi\u0107a, nakon na\u0161eg upita \u0161ta \u0107e \u0161ta \u0107e preduzeti gradona\u010delnik po pitanju slu\u010daja Medo koji je izazvao veliku pa\u017enju javnosti.<\/p>\n\n\n\n<p>Objasnili su i za\u0161to je zatra\u017eena obustava rje\u0161enja.<\/p>\n\n\n\n<p>&#8220;Uva\u017eavaju\u0107i \u010dinjenicu da su inspektori samostalni u svom radu, zbog specifi\u010dnosti situacije u konkretnom slu\u010daju, gradonacelnik je zatra\u017eio da se obustavi izvr\u0161enje rje\u0161enja, posebno imaju\u0107i u vidu \u010dinjenicu da se o\u010dekuje usvajanje Odluke o ku\u0107nim ljubimcima i napu\u0161tenim \u017eivotinjama&#8221;, istakli su iz kabineta Mujovi\u0107a.<\/p>\n\n\n\n<p>Podsjetimo, porodica Mihajlovi\u0107 do\u017eivjela je tragediju koja je zauvijek promijenila njihove \u017eivote. Smrt oca ostavila je duboku prazninu, naro\u010dito u srcu dvanaestogodi\u0161njeg Miodraga. U poku\u0161aju da svom sinu pomogne da prebrodi bol i tugu, majka Danijela je po savjetu psihologa, donijela odluku da mu kupi malog psa Meda \u2013 ne kao ku\u0107nog ljubimca, ve\u0107 kao terapeuta, prijatelja i utjehu u najte\u017eim danima.<\/p>\n\n\n\n<p>Me\u0111utim, sudbina je na trenutak bila nemilosrdna i prema ovom dje\u010daku. Komunalna inspekcija donijela je rje\u0161enje o oduzimanju psa, uz obrazlo\u017eenje da pojedine kom\u0161ija podnosi prijave zbog, navodno, u\u010destalog lave\u017ea Meda.<\/p>\n\n\n\n<p>Za Miodraga, Medo nije samo pas, to je bio oslonac, tiha podr\u0161ka i jedino bi\u0107e koje mu je pomagalo da nosi teret prerano izgubljenog oca, zbog \u010dega mu je, kako je ve\u0107 za RTVPG govorila njegova majka Danijela, mogu\u0107nost oduzimanja malog prijatelja te\u0161ko pala.<\/p>\n\n\n\n<p>Gar\u0111ani Podgorice nisu ostali nijemi. Empatija i ljudskost su se probudile, a glas javnosti bio je jasan: ne dirajte dje\u010dakovu utjehu. Ovom deviznom se vodio i gradona\u010delnik Podgorice Sa\u0161a Mujovi\u0107, koji nije ostao skriven iza procedura i paragrafa. Li\u010dno je reagovao i zatra\u017eio da se izvr\u0161enje rje\u0161enja ukine i da Miodrag zadr\u017ei psa.<\/p>\n\n\n\n<p>Samim tim Medo ostaje kod ku\u0107e. Ostaje uz Miodraga. Ostaje tamo gdje pripada\u2026<\/p>","protected":false},"excerpt":{"rendered":"<p>U vremenu kada se \u010desto govori o hladno\u0107i sistema, Podgorica je ovih dana dobila sna\u017ean podsjetnik da vlast mo\u017ee, i mora, imati ljudsko lice. Gradona\u010delnik Podgorice, Sa\u0161a Mujovi\u0107, pokazao je da funkcija ne zna\u010di udaljenost od gra\u0111ana, ve\u0107 naprotiv, odgovornost, empatiju i razumijevanje. Upravo zato, kako je saop\u0161teno RTV Podgorica, Mujovi\u0107 je zatra\u017eio od Uprave za inspekcijske poslove Glavnog grada obustavu izvr\u0161enja rje\u0161enja kojim je od porodice Mihajlovi\u0107 trebao biti oduzet terapijski pas Medo.<\/p>","protected":false},"author":1,"featured_media":914638,"comment_status":"open","ping_status":"open","sticky":false,"template":"","format":"standard","meta":{"_acf_changed":false,"footnotes":""},"categories":[56],"tags":[3827,3828,3829],"naslovna":[],"class_list":["post-914637","post","type-post","status-publish","format-standard","has-post-thumbnail","hentry","category-podgorica","tag-inspekcija","tag-pas","tag-sasa-mujovc"],"acf":[],"yoast_head":"<!-- This site is optimized with the Yoast SEO plugin v27.0 - https:\/\/yoast.com\/product\/yoast-seo-wordpress\/ -->\n<title>Medo ostaje uz Miodraga: Gradona\u010delnik Mujovi\u0107 obustavio rje\u0161enje o oduzimanju terapijskog psa - dmcsrb.com<\/title>\n<meta name=\"robots\" content=\"index, follow, max-snippet:-1, max-image-preview:large, max-video-preview:-1\" \/>\n<link rel=\"canonical\" href=\"https:\/\/dmcsrb.com\/en\/podgorica\/medo-ostaje-uz-miodraga-gradonacelnik-mujovic-obustavio-rjesenje-o-oduzimanju-terapijskog-psa\/\" \/>\n<meta property=\"og:locale\" content=\"en_GB\" \/>\n<meta property=\"og:type\" content=\"article\" \/>\n<meta property=\"og:title\" content=\"Medo ostaje uz Miodraga: Gradona\u010delnik Mujovi\u0107 obustavio rje\u0161enje o oduzimanju terapijskog psa - dmcsrb.com\" \/>\n<meta property=\"og:description\" content=\"U vremenu kada se \u010desto govori o hladno\u0107i sistema, Podgorica je ovih dana dobila sna\u017ean podsjetnik da vlast mo\u017ee, i mora, imati ljudsko lice. Gradona\u010delnik Podgorice, Sa\u0161a Mujovi\u0107, pokazao je da funkcija ne zna\u010di udaljenost od gra\u0111ana, ve\u0107 naprotiv, odgovornost, empatiju i razumijevanje. Upravo zato, kako je saop\u0161teno RTV Podgorica, Mujovi\u0107 je zatra\u017eio od Uprave za inspekcijske poslove Glavnog grada obustavu izvr\u0161enja rje\u0161enja kojim je od porodice Mihajlovi\u0107 trebao biti oduzet terapijski pas Medo.\" \/>\n<meta property=\"og:url\" content=\"https:\/\/dmcsrb.com\/en\/podgorica\/medo-ostaje-uz-miodraga-gradonacelnik-mujovic-obustavio-rjesenje-o-oduzimanju-terapijskog-psa\/\" \/>\n<meta property=\"og:site_name\" content=\"dmcsrb.com\" \/>\n<meta property=\"article:published_time\" content=\"2025-12-20T11:19:32+00:00\" \/>\n<meta property=\"og:image\" content=\"https:\/\/dmcsrb.com\/wp-content\/uploads\/2026\/01\/slikeee-scaled-1.jpg\" \/>\n\t<meta property=\"og:image:width\" content=\"2560\" \/>\n\t<meta property=\"og:image:height\" content=\"1435\" \/>\n\t<meta property=\"og:image:type\" content=\"image\/jpeg\" \/>\n<meta name=\"author\" content=\"dmcsrbija.com@gmail.com\" \/>\n<meta name=\"twitter:card\" content=\"summary_large_image\" \/>\n<meta name=\"twitter:label1\" content=\"Written by\" \/>\n\t<meta name=\"twitter:data1\" content=\"dmcsrbija.com@gmail.com\" \/>\n\t<meta name=\"twitter:label2\" content=\"Estimated reading time\" \/>\n\t<meta name=\"twitter:data2\" content=\"2 minutes\" \/>\n<script type=\"application\/ld+json\" class=\"yoast-schema-graph\">{\"@context\":\"https:\/\/schema.org\",\"@graph\":[{\"@type\":\"Article\",\"@id\":\"https:\/\/dmcsrb.com\/podgorica\/medo-ostaje-uz-miodraga-gradonacelnik-mujovic-obustavio-rjesenje-o-oduzimanju-terapijskog-psa\/#article\",\"isPartOf\":{\"@id\":\"https:\/\/dmcsrb.com\/podgorica\/medo-ostaje-uz-miodraga-gradonacelnik-mujovic-obustavio-rjesenje-o-oduzimanju-terapijskog-psa\/\"},\"author\":{\"name\":\"dmcsrbija.com@gmail.com\",\"@id\":\"https:\/\/dmcsrb.com\/#\/schema\/person\/5c39170f12db1b8b457732d0b5c854e2\"},\"headline\":\"Medo ostaje uz Miodraga: Gradona\u010delnik Mujovi\u0107 obustavio rje\u0161enje o oduzimanju terapijskog psa\",\"datePublished\":\"2025-12-20T11:19:32+00:00\",\"mainEntityOfPage\":{\"@id\":\"https:\/\/dmcsrb.com\/podgorica\/medo-ostaje-uz-miodraga-gradonacelnik-mujovic-obustavio-rjesenje-o-oduzimanju-terapijskog-psa\/\"},\"wordCount\":376,\"commentCount\":0,\"image\":{\"@id\":\"https:\/\/dmcsrb.com\/podgorica\/medo-ostaje-uz-miodraga-gradonacelnik-mujovic-obustavio-rjesenje-o-oduzimanju-terapijskog-psa\/#primaryimage\"},\"thumbnailUrl\":\"https:\/\/dmcsrb.com\/wp-content\/uploads\/2026\/01\/slikeee-scaled-1.jpg\",\"keywords\":[\"Inspekcija\",\"pas\",\"Sa\u0161a Mujov\u0107\"],\"articleSection\":[\"Podgorica\"],\"inLanguage\":\"en-GB\",\"potentialAction\":[{\"@type\":\"CommentAction\",\"name\":\"Comment\",\"target\":[\"https:\/\/dmcsrb.com\/podgorica\/medo-ostaje-uz-miodraga-gradonacelnik-mujovic-obustavio-rjesenje-o-oduzimanju-terapijskog-psa\/#respond\"]}]},{\"@type\":\"WebPage\",\"@id\":\"https:\/\/dmcsrb.com\/podgorica\/medo-ostaje-uz-miodraga-gradonacelnik-mujovic-obustavio-rjesenje-o-oduzimanju-terapijskog-psa\/\",\"url\":\"https:\/\/dmcsrb.com\/podgorica\/medo-ostaje-uz-miodraga-gradonacelnik-mujovic-obustavio-rjesenje-o-oduzimanju-terapijskog-psa\/\",\"name\":\"Medo ostaje uz Miodraga: Gradona\u010delnik Mujovi\u0107 obustavio rje\u0161enje o oduzimanju terapijskog psa - dmcsrb.com\",\"isPartOf\":{\"@id\":\"https:\/\/dmcsrb.com\/#website\"},\"primaryImageOfPage\":{\"@id\":\"https:\/\/dmcsrb.com\/podgorica\/medo-ostaje-uz-miodraga-gradonacelnik-mujovic-obustavio-rjesenje-o-oduzimanju-terapijskog-psa\/#primaryimage\"},\"image\":{\"@id\":\"https:\/\/dmcsrb.com\/podgorica\/medo-ostaje-uz-miodraga-gradonacelnik-mujovic-obustavio-rjesenje-o-oduzimanju-terapijskog-psa\/#primaryimage\"},\"thumbnailUrl\":\"https:\/\/dmcsrb.com\/wp-content\/uploads\/2026\/01\/slikeee-scaled-1.jpg\",\"datePublished\":\"2025-12-20T11:19:32+00:00\",\"author\":{\"@id\":\"https:\/\/dmcsrb.com\/#\/schema\/person\/5c39170f12db1b8b457732d0b5c854e2\"},\"breadcrumb\":{\"@id\":\"https:\/\/dmcsrb.com\/podgorica\/medo-ostaje-uz-miodraga-gradonacelnik-mujovic-obustavio-rjesenje-o-oduzimanju-terapijskog-psa\/#breadcrumb\"},\"inLanguage\":\"en-GB\",\"potentialAction\":[{\"@type\":\"ReadAction\",\"target\":[\"https:\/\/dmcsrb.com\/podgorica\/medo-ostaje-uz-miodraga-gradonacelnik-mujovic-obustavio-rjesenje-o-oduzimanju-terapijskog-psa\/\"]}]},{\"@type\":\"ImageObject\",\"inLanguage\":\"en-GB\",\"@id\":\"https:\/\/dmcsrb.com\/podgorica\/medo-ostaje-uz-miodraga-gradonacelnik-mujovic-obustavio-rjesenje-o-oduzimanju-terapijskog-psa\/#primaryimage\",\"url\":\"https:\/\/dmcsrb.com\/wp-content\/uploads\/2026\/01\/slikeee-scaled-1.jpg\",\"contentUrl\":\"https:\/\/dmcsrb.com\/wp-content\/uploads\/2026\/01\/slikeee-scaled-1.jpg\",\"width\":2560,\"height\":1435},{\"@type\":\"BreadcrumbList\",\"@id\":\"https:\/\/dmcsrb.com\/podgorica\/medo-ostaje-uz-miodraga-gradonacelnik-mujovic-obustavio-rjesenje-o-oduzimanju-terapijskog-psa\/#breadcrumb\",\"itemListElement\":[{\"@type\":\"ListItem\",\"position\":1,\"name\":\"Home\",\"item\":\"https:\/\/dmcsrb.com\/\"},{\"@type\":\"ListItem\",\"position\":2,\"name\":\"Medo ostaje uz Miodraga: Gradona\u010delnik Mujovi\u0107 obustavio rje\u0161enje o oduzimanju terapijskog psa\"}]},{\"@type\":\"WebSite\",\"@id\":\"https:\/\/dmcsrb.com\/#website\",\"url\":\"https:\/\/dmcsrb.com\/\",\"name\":\"dmcsrb.com\",\"description\":\"\",\"potentialAction\":[{\"@type\":\"SearchAction\",\"target\":{\"@type\":\"EntryPoint\",\"urlTemplate\":\"https:\/\/dmcsrb.com\/?s={search_term_string}\"},\"query-input\":{\"@type\":\"PropertyValueSpecification\",\"valueRequired\":true,\"valueName\":\"search_term_string\"}}],\"inLanguage\":\"en-GB\"},{\"@type\":\"Person\",\"@id\":\"https:\/\/dmcsrb.com\/#\/schema\/person\/5c39170f12db1b8b457732d0b5c854e2\",\"name\":\"dmcsrbija.com@gmail.com\",\"image\":{\"@type\":\"ImageObject\",\"inLanguage\":\"en-GB\",\"@id\":\"https:\/\/dmcsrb.com\/#\/schema\/person\/image\/\",\"url\":\"https:\/\/secure.gravatar.com\/avatar\/68592660ad6347fad0fb587f8d5d8f1a7b44961362f56e4f2cd524feb87e9069?s=96&d=mm&r=g\",\"contentUrl\":\"https:\/\/secure.gravatar.com\/avatar\/68592660ad6347fad0fb587f8d5d8f1a7b44961362f56e4f2cd524feb87e9069?s=96&d=mm&r=g\",\"caption\":\"dmcsrbija.com@gmail.com\"},\"sameAs\":[\"https:\/\/dmcsrb.com\"],\"url\":\"https:\/\/dmcsrb.com\/en\/author\/dmcsrbija-comgmail-com\/\"}]}<\/script>\n<!-- \/ Yoast SEO plugin. -->","yoast_head_json":{"title":"Medo ostaje uz Miodraga: Gradona\u010delnik Mujovi\u0107 obustavio rje\u0161enje o oduzimanju terapijskog psa - dmcsrb.com","robots":{"index":"index","follow":"follow","max-snippet":"max-snippet:-1","max-image-preview":"max-image-preview:large","max-video-preview":"max-video-preview:-1"},"canonical":"https:\/\/dmcsrb.com\/en\/podgorica\/medo-ostaje-uz-miodraga-gradonacelnik-mujovic-obustavio-rjesenje-o-oduzimanju-terapijskog-psa\/","og_locale":"en_GB","og_type":"article","og_title":"Medo ostaje uz Miodraga: Gradona\u010delnik Mujovi\u0107 obustavio rje\u0161enje o oduzimanju terapijskog psa - dmcsrb.com","og_description":"U vremenu kada se \u010desto govori o hladno\u0107i sistema, Podgorica je ovih dana dobila sna\u017ean podsjetnik da vlast mo\u017ee, i mora, imati ljudsko lice. Gradona\u010delnik Podgorice, Sa\u0161a Mujovi\u0107, pokazao je da funkcija ne zna\u010di udaljenost od gra\u0111ana, ve\u0107 naprotiv, odgovornost, empatiju i razumijevanje. Upravo zato, kako je saop\u0161teno RTV Podgorica, Mujovi\u0107 je zatra\u017eio od Uprave za inspekcijske poslove Glavnog grada obustavu izvr\u0161enja rje\u0161enja kojim je od porodice Mihajlovi\u0107 trebao biti oduzet terapijski pas Medo.","og_url":"https:\/\/dmcsrb.com\/en\/podgorica\/medo-ostaje-uz-miodraga-gradonacelnik-mujovic-obustavio-rjesenje-o-oduzimanju-terapijskog-psa\/","og_site_name":"dmcsrb.com","article_published_time":"2025-12-20T11:19:32+00:00","og_image":[{"width":2560,"height":1435,"url":"https:\/\/dmcsrb.com\/wp-content\/uploads\/2026\/01\/slikeee-scaled-1.jpg","type":"image\/jpeg"}],"author":"dmcsrbija.com@gmail.com","twitter_card":"summary_large_image","twitter_misc":{"Written by":"dmcsrbija.com@gmail.com","Estimated reading time":"2 minutes"},"schema":{"@context":"https:\/\/schema.org","@graph":[{"@type":"Article","@id":"https:\/\/dmcsrb.com\/podgorica\/medo-ostaje-uz-miodraga-gradonacelnik-mujovic-obustavio-rjesenje-o-oduzimanju-terapijskog-psa\/#article","isPartOf":{"@id":"https:\/\/dmcsrb.com\/podgorica\/medo-ostaje-uz-miodraga-gradonacelnik-mujovic-obustavio-rjesenje-o-oduzimanju-terapijskog-psa\/"},"author":{"name":"dmcsrbija.com@gmail.com","@id":"https:\/\/dmcsrb.com\/#\/schema\/person\/5c39170f12db1b8b457732d0b5c854e2"},"headline":"Medo ostaje uz Miodraga: Gradona\u010delnik Mujovi\u0107 obustavio rje\u0161enje o oduzimanju terapijskog psa","datePublished":"2025-12-20T11:19:32+00:00","mainEntityOfPage":{"@id":"https:\/\/dmcsrb.com\/podgorica\/medo-ostaje-uz-miodraga-gradonacelnik-mujovic-obustavio-rjesenje-o-oduzimanju-terapijskog-psa\/"},"wordCount":376,"commentCount":0,"image":{"@id":"https:\/\/dmcsrb.com\/podgorica\/medo-ostaje-uz-miodraga-gradonacelnik-mujovic-obustavio-rjesenje-o-oduzimanju-terapijskog-psa\/#primaryimage"},"thumbnailUrl":"https:\/\/dmcsrb.com\/wp-content\/uploads\/2026\/01\/slikeee-scaled-1.jpg","keywords":["Inspekcija","pas","Sa\u0161a Mujov\u0107"],"articleSection":["Podgorica"],"inLanguage":"en-GB","potentialAction":[{"@type":"CommentAction","name":"Comment","target":["https:\/\/dmcsrb.com\/podgorica\/medo-ostaje-uz-miodraga-gradonacelnik-mujovic-obustavio-rjesenje-o-oduzimanju-terapijskog-psa\/#respond"]}]},{"@type":"WebPage","@id":"https:\/\/dmcsrb.com\/podgorica\/medo-ostaje-uz-miodraga-gradonacelnik-mujovic-obustavio-rjesenje-o-oduzimanju-terapijskog-psa\/","url":"https:\/\/dmcsrb.com\/podgorica\/medo-ostaje-uz-miodraga-gradonacelnik-mujovic-obustavio-rjesenje-o-oduzimanju-terapijskog-psa\/","name":"Medo ostaje uz Miodraga: Gradona\u010delnik Mujovi\u0107 obustavio rje\u0161enje o oduzimanju terapijskog psa - dmcsrb.com","isPartOf":{"@id":"https:\/\/dmcsrb.com\/#website"},"primaryImageOfPage":{"@id":"https:\/\/dmcsrb.com\/podgorica\/medo-ostaje-uz-miodraga-gradonacelnik-mujovic-obustavio-rjesenje-o-oduzimanju-terapijskog-psa\/#primaryimage"},"image":{"@id":"https:\/\/dmcsrb.com\/podgorica\/medo-ostaje-uz-miodraga-gradonacelnik-mujovic-obustavio-rjesenje-o-oduzimanju-terapijskog-psa\/#primaryimage"},"thumbnailUrl":"https:\/\/dmcsrb.com\/wp-content\/uploads\/2026\/01\/slikeee-scaled-1.jpg","datePublished":"2025-12-20T11:19:32+00:00","author":{"@id":"https:\/\/dmcsrb.com\/#\/schema\/person\/5c39170f12db1b8b457732d0b5c854e2"},"breadcrumb":{"@id":"https:\/\/dmcsrb.com\/podgorica\/medo-ostaje-uz-miodraga-gradonacelnik-mujovic-obustavio-rjesenje-o-oduzimanju-terapijskog-psa\/#breadcrumb"},"inLanguage":"en-GB","potentialAction":[{"@type":"ReadAction","target":["https:\/\/dmcsrb.com\/podgorica\/medo-ostaje-uz-miodraga-gradonacelnik-mujovic-obustavio-rjesenje-o-oduzimanju-terapijskog-psa\/"]}]},{"@type":"ImageObject","inLanguage":"en-GB","@id":"https:\/\/dmcsrb.com\/podgorica\/medo-ostaje-uz-miodraga-gradonacelnik-mujovic-obustavio-rjesenje-o-oduzimanju-terapijskog-psa\/#primaryimage","url":"https:\/\/dmcsrb.com\/wp-content\/uploads\/2026\/01\/slikeee-scaled-1.jpg","contentUrl":"https:\/\/dmcsrb.com\/wp-content\/uploads\/2026\/01\/slikeee-scaled-1.jpg","width":2560,"height":1435},{"@type":"BreadcrumbList","@id":"https:\/\/dmcsrb.com\/podgorica\/medo-ostaje-uz-miodraga-gradonacelnik-mujovic-obustavio-rjesenje-o-oduzimanju-terapijskog-psa\/#breadcrumb","itemListElement":[{"@type":"ListItem","position":1,"name":"Home","item":"https:\/\/dmcsrb.com\/"},{"@type":"ListItem","position":2,"name":"Medo ostaje uz Miodraga: Gradona\u010delnik Mujovi\u0107 obustavio rje\u0161enje o oduzimanju terapijskog psa"}]},{"@type":"WebSite","@id":"https:\/\/dmcsrb.com\/#website","url":"https:\/\/dmcsrb.com\/","name":"dmcsrb.com","description":"","potentialAction":[{"@type":"SearchAction","target":{"@type":"EntryPoint","urlTemplate":"https:\/\/dmcsrb.com\/?s={search_term_string}"},"query-input":{"@type":"PropertyValueSpecification","valueRequired":true,"valueName":"search_term_string"}}],"inLanguage":"en-GB"},{"@type":"Person","@id":"https:\/\/dmcsrb.com\/#\/schema\/person\/5c39170f12db1b8b457732d0b5c854e2","name":"dmcsrbija.com@gmail.com","image":{"@type":"ImageObject","inLanguage":"en-GB","@id":"https:\/\/dmcsrb.com\/#\/schema\/person\/image\/","url":"https:\/\/secure.gravatar.com\/avatar\/68592660ad6347fad0fb587f8d5d8f1a7b44961362f56e4f2cd524feb87e9069?s=96&d=mm&r=g","contentUrl":"https:\/\/secure.gravatar.com\/avatar\/68592660ad6347fad0fb587f8d5d8f1a7b44961362f56e4f2cd524feb87e9069?s=96&d=mm&r=g","caption":"dmcsrbija.com@gmail.com"},"sameAs":["https:\/\/dmcsrb.com"],"url":"https:\/\/dmcsrb.com\/en\/author\/dmcsrbija-comgmail-com\/"}]}},"_links":{"self":[{"href":"https:\/\/dmcsrb.com\/en\/wp-json\/wp\/v2\/posts\/914637","targetHints":{"allow":["GET"]}}],"collection":[{"href":"https:\/\/dmcsrb.com\/en\/wp-json\/wp\/v2\/posts"}],"about":[{"href":"https:\/\/dmcsrb.com\/en\/wp-json\/wp\/v2\/types\/post"}],"author":[{"embeddable":true,"href":"https:\/\/dmcsrb.com\/en\/wp-json\/wp\/v2\/users\/1"}],"replies":[{"embeddable":true,"href":"https:\/\/dmcsrb.com\/en\/wp-json\/wp\/v2\/comments?post=914637"}],"version-history":[{"count":0,"href":"https:\/\/dmcsrb.com\/en\/wp-json\/wp\/v2\/posts\/914637\/revisions"}],"wp:featuredmedia":[{"embeddable":true,"href":"https:\/\/dmcsrb.com\/en\/wp-json\/wp\/v2\/media\/914638"}],"wp:attachment":[{"href":"https:\/\/dmcsrb.com\/en\/wp-json\/wp\/v2\/media?parent=914637"}],"wp:term":[{"taxonomy":"category","embeddable":true,"href":"https:\/\/dmcsrb.com\/en\/wp-json\/wp\/v2\/categories?post=914637"},{"taxonomy":"post_tag","embeddable":true,"href":"https:\/\/dmcsrb.com\/en\/wp-json\/wp\/v2\/tags?post=914637"},{"taxonomy":"naslovna","embeddable":true,"href":"https:\/\/dmcsrb.com\/en\/wp-json\/wp\/v2\/naslovna?post=914637"}],"curies":[{"name":"wp","href":"https:\/\/api.w.org\/{rel}","templated":true}]}}