{"id":914570,"date":"2025-12-20T09:07:00","date_gmt":"2025-12-20T08:07:00","guid":{"rendered":"https:\/\/dmcsrb.com\/uncategorized\/kraj-jedne-ere-vavrinka-zavrsava-karijeru-2026\/"},"modified":"2025-12-20T09:07:00","modified_gmt":"2025-12-20T08:07:00","slug":"kraj-jedne-ere-vavrinka-zavrsava-karijeru-2026","status":"publish","type":"post","link":"https:\/\/dmcsrb.com\/en\/sport\/kraj-jedne-ere-vavrinka-zavrsava-karijeru-2026\/","title":{"rendered":"Kraj jedne ere: Vavrinka zavr\u0161ava karijeru 2026."},"content":{"rendered":"<p>On je ovu odluku potvrdio putem dru\u0161tvenih mre\u017ea, istakav\u0161i da je do\u0161ao trenutak za opro\u0161taj od profesionalnog tenisa.<\/p>\n\n\n\n<p>Tokom karijere osvojio je tri grend slem titule \u2013 Australijan open, Rolan Garos i US open \u2013 te ukupno 16 ATP trofeja, a najbolji plasman bilo mu je tre\u0107e mjesto na ATP listi. <\/p>\n\n\n\n<p>Znao je da uzme mjeru &#8220;Velikoj \u010detvorki&#8221; &#8211; Federeru, Nadalu, \u0110okovi\u0107u i Mareju, a njegov jednoru\u010dni bekhend mnogi smatraju najljep\u0161im i najboljim na Turu. <\/p>\n\n\n\n<figure class=\"wp-block-embed is-type-video is-provider-youtube wp-block-embed-youtube wp-embed-aspect-16-9 wp-has-aspect-ratio\"><div class=\"wp-block-embed__wrapper\">\n<iframe loading=\"lazy\" title=\"Stan Wawrinka: Best-Ever ATP Backhands\" width=\"500\" height=\"281\" src=\"https:\/\/www.youtube.com\/embed\/kyplW6HyR9c?feature=oembed\" frameborder=\"0\" allow=\"accelerometer; autoplay; clipboard-write; encrypted-media; gyroscope; picture-in-picture; web-share\" referrerpolicy=\"strict-origin-when-cross-origin\" allowfullscreen><\/iframe>\n<\/div><\/figure>\n\n\n\n<p>Iako je danas daleko od vrha (157. na ATP listi) Vavrinka isti\u010de da i dalje osje\u0107a strast prema tenisu i \u017eeli da karijeru zavr\u0161i dostojanstveno. <\/p>\n\n\n\n<p>Kako je naglasio, cilj mu je da posljednju sezonu odigra sa istom emocijom i posve\u0107eno\u0161\u0107u koje su ga krasile tokom \u010ditavog puta.<\/p>\n\n\n\n<p>Do sada je od tenisera zaradio preko 38 miliona ameri\u010dkih dolara. <\/p>\n\n\n\n<p><\/p>","protected":false},"excerpt":{"rendered":"<p>\u0160vajcarski teniser Sten Vavrinka (40) odlu\u010dio je da naredne godine zatvori jedno od najupe\u010datljivijih poglavlja modernog tenisa, jer \u0107e sezona 2026. biti njegova posljednja na ATP turu.<\/p>","protected":false},"author":1,"featured_media":914571,"comment_status":"open","ping_status":"open","sticky":false,"template":"","format":"standard","meta":{"_acf_changed":false,"footnotes":""},"categories":[148],"tags":[3790],"naslovna":[],"class_list":["post-914570","post","type-post","status-publish","format-standard","has-post-thumbnail","hentry","category-sport","tag-sten-vavrinka"],"acf":[],"yoast_head":"<!-- This site is optimized with the Yoast SEO plugin v27.0 - https:\/\/yoast.com\/product\/yoast-seo-wordpress\/ -->\n<title>Kraj jedne ere: Vavrinka zavr\u0161ava karijeru 2026. - dmcsrb.com<\/title>\n<meta name=\"robots\" content=\"index, follow, max-snippet:-1, max-image-preview:large, max-video-preview:-1\" \/>\n<link rel=\"canonical\" href=\"https:\/\/dmcsrb.com\/en\/sport\/kraj-jedne-ere-vavrinka-zavrsava-karijeru-2026\/\" \/>\n<meta property=\"og:locale\" content=\"en_GB\" \/>\n<meta property=\"og:type\" content=\"article\" \/>\n<meta property=\"og:title\" content=\"Kraj jedne ere: Vavrinka zavr\u0161ava karijeru 2026. - dmcsrb.com\" \/>\n<meta property=\"og:description\" content=\"\u0160vajcarski teniser Sten Vavrinka (40) odlu\u010dio je da naredne godine zatvori jedno od najupe\u010datljivijih poglavlja modernog tenisa, jer \u0107e sezona 2026. biti njegova posljednja na ATP turu.\" \/>\n<meta property=\"og:url\" content=\"https:\/\/dmcsrb.com\/en\/sport\/kraj-jedne-ere-vavrinka-zavrsava-karijeru-2026\/\" \/>\n<meta property=\"og:site_name\" content=\"dmcsrb.com\" \/>\n<meta property=\"article:published_time\" content=\"2025-12-20T08:07:00+00:00\" \/>\n<meta property=\"og:image\" content=\"https:\/\/dmcsrb.com\/wp-content\/uploads\/2026\/01\/Vavrinka-Peter-Schneider-Keysone-via-AP.webp\" \/>\n\t<meta property=\"og:image:width\" content=\"1440\" \/>\n\t<meta property=\"og:image:height\" content=\"960\" \/>\n\t<meta property=\"og:image:type\" content=\"image\/webp\" \/>\n<meta name=\"author\" content=\"dmcsrbija.com@gmail.com\" \/>\n<meta name=\"twitter:card\" content=\"summary_large_image\" \/>\n<meta name=\"twitter:label1\" content=\"Written by\" \/>\n\t<meta name=\"twitter:data1\" content=\"dmcsrbija.com@gmail.com\" \/>\n\t<meta name=\"twitter:label2\" content=\"Estimated reading time\" \/>\n\t<meta name=\"twitter:data2\" content=\"1 minute\" \/>\n<script type=\"application\/ld+json\" class=\"yoast-schema-graph\">{\"@context\":\"https:\/\/schema.org\",\"@graph\":[{\"@type\":\"Article\",\"@id\":\"https:\/\/dmcsrb.com\/sport\/kraj-jedne-ere-vavrinka-zavrsava-karijeru-2026\/#article\",\"isPartOf\":{\"@id\":\"https:\/\/dmcsrb.com\/sport\/kraj-jedne-ere-vavrinka-zavrsava-karijeru-2026\/\"},\"author\":{\"name\":\"dmcsrbija.com@gmail.com\",\"@id\":\"https:\/\/dmcsrb.com\/#\/schema\/person\/5c39170f12db1b8b457732d0b5c854e2\"},\"headline\":\"Kraj jedne ere: Vavrinka zavr\u0161ava karijeru 2026.\",\"datePublished\":\"2025-12-20T08:07:00+00:00\",\"mainEntityOfPage\":{\"@id\":\"https:\/\/dmcsrb.com\/sport\/kraj-jedne-ere-vavrinka-zavrsava-karijeru-2026\/\"},\"wordCount\":156,\"commentCount\":0,\"image\":{\"@id\":\"https:\/\/dmcsrb.com\/sport\/kraj-jedne-ere-vavrinka-zavrsava-karijeru-2026\/#primaryimage\"},\"thumbnailUrl\":\"https:\/\/dmcsrb.com\/wp-content\/uploads\/2026\/01\/Vavrinka-Peter-Schneider-Keysone-via-AP.webp\",\"keywords\":[\"Sten Vavrinka\"],\"articleSection\":[\"Sport\"],\"inLanguage\":\"en-GB\",\"potentialAction\":[{\"@type\":\"CommentAction\",\"name\":\"Comment\",\"target\":[\"https:\/\/dmcsrb.com\/sport\/kraj-jedne-ere-vavrinka-zavrsava-karijeru-2026\/#respond\"]}]},{\"@type\":\"WebPage\",\"@id\":\"https:\/\/dmcsrb.com\/sport\/kraj-jedne-ere-vavrinka-zavrsava-karijeru-2026\/\",\"url\":\"https:\/\/dmcsrb.com\/sport\/kraj-jedne-ere-vavrinka-zavrsava-karijeru-2026\/\",\"name\":\"Kraj jedne ere: Vavrinka zavr\u0161ava karijeru 2026. - dmcsrb.com\",\"isPartOf\":{\"@id\":\"https:\/\/dmcsrb.com\/#website\"},\"primaryImageOfPage\":{\"@id\":\"https:\/\/dmcsrb.com\/sport\/kraj-jedne-ere-vavrinka-zavrsava-karijeru-2026\/#primaryimage\"},\"image\":{\"@id\":\"https:\/\/dmcsrb.com\/sport\/kraj-jedne-ere-vavrinka-zavrsava-karijeru-2026\/#primaryimage\"},\"thumbnailUrl\":\"https:\/\/dmcsrb.com\/wp-content\/uploads\/2026\/01\/Vavrinka-Peter-Schneider-Keysone-via-AP.webp\",\"datePublished\":\"2025-12-20T08:07:00+00:00\",\"author\":{\"@id\":\"https:\/\/dmcsrb.com\/#\/schema\/person\/5c39170f12db1b8b457732d0b5c854e2\"},\"breadcrumb\":{\"@id\":\"https:\/\/dmcsrb.com\/sport\/kraj-jedne-ere-vavrinka-zavrsava-karijeru-2026\/#breadcrumb\"},\"inLanguage\":\"en-GB\",\"potentialAction\":[{\"@type\":\"ReadAction\",\"target\":[\"https:\/\/dmcsrb.com\/sport\/kraj-jedne-ere-vavrinka-zavrsava-karijeru-2026\/\"]}]},{\"@type\":\"ImageObject\",\"inLanguage\":\"en-GB\",\"@id\":\"https:\/\/dmcsrb.com\/sport\/kraj-jedne-ere-vavrinka-zavrsava-karijeru-2026\/#primaryimage\",\"url\":\"https:\/\/dmcsrb.com\/wp-content\/uploads\/2026\/01\/Vavrinka-Peter-Schneider-Keysone-via-AP.webp\",\"contentUrl\":\"https:\/\/dmcsrb.com\/wp-content\/uploads\/2026\/01\/Vavrinka-Peter-Schneider-Keysone-via-AP.webp\",\"width\":1440,\"height\":960},{\"@type\":\"BreadcrumbList\",\"@id\":\"https:\/\/dmcsrb.com\/sport\/kraj-jedne-ere-vavrinka-zavrsava-karijeru-2026\/#breadcrumb\",\"itemListElement\":[{\"@type\":\"ListItem\",\"position\":1,\"name\":\"Home\",\"item\":\"https:\/\/dmcsrb.com\/\"},{\"@type\":\"ListItem\",\"position\":2,\"name\":\"Kraj jedne ere: Vavrinka zavr\u0161ava karijeru 2026.\"}]},{\"@type\":\"WebSite\",\"@id\":\"https:\/\/dmcsrb.com\/#website\",\"url\":\"https:\/\/dmcsrb.com\/\",\"name\":\"dmcsrb.com\",\"description\":\"\",\"potentialAction\":[{\"@type\":\"SearchAction\",\"target\":{\"@type\":\"EntryPoint\",\"urlTemplate\":\"https:\/\/dmcsrb.com\/?s={search_term_string}\"},\"query-input\":{\"@type\":\"PropertyValueSpecification\",\"valueRequired\":true,\"valueName\":\"search_term_string\"}}],\"inLanguage\":\"en-GB\"},{\"@type\":\"Person\",\"@id\":\"https:\/\/dmcsrb.com\/#\/schema\/person\/5c39170f12db1b8b457732d0b5c854e2\",\"name\":\"dmcsrbija.com@gmail.com\",\"image\":{\"@type\":\"ImageObject\",\"inLanguage\":\"en-GB\",\"@id\":\"https:\/\/dmcsrb.com\/#\/schema\/person\/image\/\",\"url\":\"https:\/\/secure.gravatar.com\/avatar\/68592660ad6347fad0fb587f8d5d8f1a7b44961362f56e4f2cd524feb87e9069?s=96&d=mm&r=g\",\"contentUrl\":\"https:\/\/secure.gravatar.com\/avatar\/68592660ad6347fad0fb587f8d5d8f1a7b44961362f56e4f2cd524feb87e9069?s=96&d=mm&r=g\",\"caption\":\"dmcsrbija.com@gmail.com\"},\"sameAs\":[\"https:\/\/dmcsrb.com\"],\"url\":\"https:\/\/dmcsrb.com\/en\/author\/dmcsrbija-comgmail-com\/\"}]}<\/script>\n<!-- \/ Yoast SEO plugin. -->","yoast_head_json":{"title":"Kraj jedne ere: Vavrinka zavr\u0161ava karijeru 2026. - dmcsrb.com","robots":{"index":"index","follow":"follow","max-snippet":"max-snippet:-1","max-image-preview":"max-image-preview:large","max-video-preview":"max-video-preview:-1"},"canonical":"https:\/\/dmcsrb.com\/en\/sport\/kraj-jedne-ere-vavrinka-zavrsava-karijeru-2026\/","og_locale":"en_GB","og_type":"article","og_title":"Kraj jedne ere: Vavrinka zavr\u0161ava karijeru 2026. - dmcsrb.com","og_description":"\u0160vajcarski teniser Sten Vavrinka (40) odlu\u010dio je da naredne godine zatvori jedno od najupe\u010datljivijih poglavlja modernog tenisa, jer \u0107e sezona 2026. biti njegova posljednja na ATP turu.","og_url":"https:\/\/dmcsrb.com\/en\/sport\/kraj-jedne-ere-vavrinka-zavrsava-karijeru-2026\/","og_site_name":"dmcsrb.com","article_published_time":"2025-12-20T08:07:00+00:00","og_image":[{"width":1440,"height":960,"url":"https:\/\/dmcsrb.com\/wp-content\/uploads\/2026\/01\/Vavrinka-Peter-Schneider-Keysone-via-AP.webp","type":"image\/webp"}],"author":"dmcsrbija.com@gmail.com","twitter_card":"summary_large_image","twitter_misc":{"Written by":"dmcsrbija.com@gmail.com","Estimated reading time":"1 minute"},"schema":{"@context":"https:\/\/schema.org","@graph":[{"@type":"Article","@id":"https:\/\/dmcsrb.com\/sport\/kraj-jedne-ere-vavrinka-zavrsava-karijeru-2026\/#article","isPartOf":{"@id":"https:\/\/dmcsrb.com\/sport\/kraj-jedne-ere-vavrinka-zavrsava-karijeru-2026\/"},"author":{"name":"dmcsrbija.com@gmail.com","@id":"https:\/\/dmcsrb.com\/#\/schema\/person\/5c39170f12db1b8b457732d0b5c854e2"},"headline":"Kraj jedne ere: Vavrinka zavr\u0161ava karijeru 2026.","datePublished":"2025-12-20T08:07:00+00:00","mainEntityOfPage":{"@id":"https:\/\/dmcsrb.com\/sport\/kraj-jedne-ere-vavrinka-zavrsava-karijeru-2026\/"},"wordCount":156,"commentCount":0,"image":{"@id":"https:\/\/dmcsrb.com\/sport\/kraj-jedne-ere-vavrinka-zavrsava-karijeru-2026\/#primaryimage"},"thumbnailUrl":"https:\/\/dmcsrb.com\/wp-content\/uploads\/2026\/01\/Vavrinka-Peter-Schneider-Keysone-via-AP.webp","keywords":["Sten Vavrinka"],"articleSection":["Sport"],"inLanguage":"en-GB","potentialAction":[{"@type":"CommentAction","name":"Comment","target":["https:\/\/dmcsrb.com\/sport\/kraj-jedne-ere-vavrinka-zavrsava-karijeru-2026\/#respond"]}]},{"@type":"WebPage","@id":"https:\/\/dmcsrb.com\/sport\/kraj-jedne-ere-vavrinka-zavrsava-karijeru-2026\/","url":"https:\/\/dmcsrb.com\/sport\/kraj-jedne-ere-vavrinka-zavrsava-karijeru-2026\/","name":"Kraj jedne ere: Vavrinka zavr\u0161ava karijeru 2026. - dmcsrb.com","isPartOf":{"@id":"https:\/\/dmcsrb.com\/#website"},"primaryImageOfPage":{"@id":"https:\/\/dmcsrb.com\/sport\/kraj-jedne-ere-vavrinka-zavrsava-karijeru-2026\/#primaryimage"},"image":{"@id":"https:\/\/dmcsrb.com\/sport\/kraj-jedne-ere-vavrinka-zavrsava-karijeru-2026\/#primaryimage"},"thumbnailUrl":"https:\/\/dmcsrb.com\/wp-content\/uploads\/2026\/01\/Vavrinka-Peter-Schneider-Keysone-via-AP.webp","datePublished":"2025-12-20T08:07:00+00:00","author":{"@id":"https:\/\/dmcsrb.com\/#\/schema\/person\/5c39170f12db1b8b457732d0b5c854e2"},"breadcrumb":{"@id":"https:\/\/dmcsrb.com\/sport\/kraj-jedne-ere-vavrinka-zavrsava-karijeru-2026\/#breadcrumb"},"inLanguage":"en-GB","potentialAction":[{"@type":"ReadAction","target":["https:\/\/dmcsrb.com\/sport\/kraj-jedne-ere-vavrinka-zavrsava-karijeru-2026\/"]}]},{"@type":"ImageObject","inLanguage":"en-GB","@id":"https:\/\/dmcsrb.com\/sport\/kraj-jedne-ere-vavrinka-zavrsava-karijeru-2026\/#primaryimage","url":"https:\/\/dmcsrb.com\/wp-content\/uploads\/2026\/01\/Vavrinka-Peter-Schneider-Keysone-via-AP.webp","contentUrl":"https:\/\/dmcsrb.com\/wp-content\/uploads\/2026\/01\/Vavrinka-Peter-Schneider-Keysone-via-AP.webp","width":1440,"height":960},{"@type":"BreadcrumbList","@id":"https:\/\/dmcsrb.com\/sport\/kraj-jedne-ere-vavrinka-zavrsava-karijeru-2026\/#breadcrumb","itemListElement":[{"@type":"ListItem","position":1,"name":"Home","item":"https:\/\/dmcsrb.com\/"},{"@type":"ListItem","position":2,"name":"Kraj jedne ere: Vavrinka zavr\u0161ava karijeru 2026."}]},{"@type":"WebSite","@id":"https:\/\/dmcsrb.com\/#website","url":"https:\/\/dmcsrb.com\/","name":"dmcsrb.com","description":"","potentialAction":[{"@type":"SearchAction","target":{"@type":"EntryPoint","urlTemplate":"https:\/\/dmcsrb.com\/?s={search_term_string}"},"query-input":{"@type":"PropertyValueSpecification","valueRequired":true,"valueName":"search_term_string"}}],"inLanguage":"en-GB"},{"@type":"Person","@id":"https:\/\/dmcsrb.com\/#\/schema\/person\/5c39170f12db1b8b457732d0b5c854e2","name":"dmcsrbija.com@gmail.com","image":{"@type":"ImageObject","inLanguage":"en-GB","@id":"https:\/\/dmcsrb.com\/#\/schema\/person\/image\/","url":"https:\/\/secure.gravatar.com\/avatar\/68592660ad6347fad0fb587f8d5d8f1a7b44961362f56e4f2cd524feb87e9069?s=96&d=mm&r=g","contentUrl":"https:\/\/secure.gravatar.com\/avatar\/68592660ad6347fad0fb587f8d5d8f1a7b44961362f56e4f2cd524feb87e9069?s=96&d=mm&r=g","caption":"dmcsrbija.com@gmail.com"},"sameAs":["https:\/\/dmcsrb.com"],"url":"https:\/\/dmcsrb.com\/en\/author\/dmcsrbija-comgmail-com\/"}]}},"_links":{"self":[{"href":"https:\/\/dmcsrb.com\/en\/wp-json\/wp\/v2\/posts\/914570","targetHints":{"allow":["GET"]}}],"collection":[{"href":"https:\/\/dmcsrb.com\/en\/wp-json\/wp\/v2\/posts"}],"about":[{"href":"https:\/\/dmcsrb.com\/en\/wp-json\/wp\/v2\/types\/post"}],"author":[{"embeddable":true,"href":"https:\/\/dmcsrb.com\/en\/wp-json\/wp\/v2\/users\/1"}],"replies":[{"embeddable":true,"href":"https:\/\/dmcsrb.com\/en\/wp-json\/wp\/v2\/comments?post=914570"}],"version-history":[{"count":0,"href":"https:\/\/dmcsrb.com\/en\/wp-json\/wp\/v2\/posts\/914570\/revisions"}],"wp:featuredmedia":[{"embeddable":true,"href":"https:\/\/dmcsrb.com\/en\/wp-json\/wp\/v2\/media\/914571"}],"wp:attachment":[{"href":"https:\/\/dmcsrb.com\/en\/wp-json\/wp\/v2\/media?parent=914570"}],"wp:term":[{"taxonomy":"category","embeddable":true,"href":"https:\/\/dmcsrb.com\/en\/wp-json\/wp\/v2\/categories?post=914570"},{"taxonomy":"post_tag","embeddable":true,"href":"https:\/\/dmcsrb.com\/en\/wp-json\/wp\/v2\/tags?post=914570"},{"taxonomy":"naslovna","embeddable":true,"href":"https:\/\/dmcsrb.com\/en\/wp-json\/wp\/v2\/naslovna?post=914570"}],"curies":[{"name":"wp","href":"https:\/\/api.w.org\/{rel}","templated":true}]}}