{"id":914552,"date":"2025-12-19T21:35:00","date_gmt":"2025-12-19T20:35:00","guid":{"rendered":"https:\/\/dmcsrb.com\/uncategorized\/sjutra-eu-dan-na-podgorickom-trgu-nezavisnosti\/"},"modified":"2025-12-19T21:35:00","modified_gmt":"2025-12-19T20:35:00","slug":"sjutra-eu-dan-na-podgorickom-trgu-nezavisnosti","status":"publish","type":"post","link":"https:\/\/dmcsrb.com\/en\/podgorica\/sjutra-eu-dan-na-podgorickom-trgu-nezavisnosti\/","title":{"rendered":"Sjutra EU dan na podgori\u010dkom Trgu nezavisnosti"},"content":{"rendered":"<p><\/p>\n\n\n\n<p>Kako je saop\u0161teno iz MEP-a, manifestacija se organizuje uz podr\u0161ku EU projekata EU4ME i Evropska ku\u0107a, a bi\u0107e odr\u017eana u periodu od 11 do 14 sati.<\/p>\n\n\n\n<p>\u201ePrvo izdanje ove manifestacije donosi raznovrstan i sadr\u017eajan program namijenjen svim generacijama, a poseban doga\u0111aj bi\u0107e mini koncert Sne\u017eane Ljubojevi\u0107, koja \u0107e se prvi put u\u017eivo predstaviti podgori\u010dkoj publici\u201c, ka\u017ee se u saop\u0161tenju.<\/p>\n\n\n\n<p>Doga\u0111aj \u0107e otvoriti ministarka evropskih poslova Maida Gor\u010devi\u0107 i predsjednica Skup\u0161tine Glavnog grada Jelena Borovini\u0107 Bojovi\u0107, nakon \u010dega \u0107e uslijediti muzi\u010dki program.&nbsp;<\/p>\n\n\n\n<p>Na bini \u0107e, kako je najavljeno, nastupiti hor Vokalisti, pod dirigentskom palicom Sa\u0161e Barjaktarovi\u0107a, kao i Dje\u010dji hor \u201eZahumlje\u201c, kojim diriguje Ivana Popovi\u0107, sa obradama poznatih evropskih pop i rock numera.<\/p>\n\n\n\n<p>\u201eU okviru programa, od 13 sati, bi\u0107e odr\u017ean i mini koncert Sne\u017eane Ljubojevi\u0107, dok su za najmla\u0111e pripremljene EU igre sa \u017darkom \u017dapcem, kao i kreativna radionica Super Zvjezdana kroz \u010das crtanja\u201c, kazali su iz MEP-a.<\/p>\n\n\n\n<p>Kako su naveli, ljubitelji novih tehnologija ima\u0107e priliku da posjete Pollinator Park u virtuelnoj realnosti, gdje \u0107e kroz VR iskustvo upoznati svijet opra\u0161iva\u010da i njihov zna\u010daj za ekosistem.<\/p>\n\n\n\n<p>\u201eTokom cijelog trajanja doga\u0111aja bi\u0107e otvorena i EU ku\u0107ica na trgu, sa zabavnim kvizom znanja i podjelom promo poklona za najuspje\u0161nije u\u010desnike\u201c, dodaje se u saop\u0161tenju.<\/p>","protected":false},"excerpt":{"rendered":"<p>Ministarstvo evropskih poslova (MEP) i Delegacija Evropske unije u Crnoj Gori, u partnerstvu sa Glavnim gradom, organizova\u0107e sjutra EU dan na Podgori\u010dkom pazaru, na Trgu nezavisnosti.<\/p>","protected":false},"author":1,"featured_media":914553,"comment_status":"open","ping_status":"open","sticky":false,"template":"","format":"standard","meta":{"_acf_changed":false,"footnotes":""},"categories":[56],"tags":[3782,3414,2328],"naslovna":[],"class_list":["post-914552","post","type-post","status-publish","format-standard","has-post-thumbnail","hentry","category-podgorica","tag-eu-dan","tag-mep","tag-podgoricki-pazar"],"acf":[],"yoast_head":"<!-- This site is optimized with the Yoast SEO plugin v27.0 - https:\/\/yoast.com\/product\/yoast-seo-wordpress\/ -->\n<title>Sjutra EU dan na podgori\u010dkom Trgu nezavisnosti - dmcsrb.com<\/title>\n<meta name=\"robots\" content=\"index, follow, max-snippet:-1, max-image-preview:large, max-video-preview:-1\" \/>\n<link rel=\"canonical\" href=\"https:\/\/dmcsrb.com\/en\/podgorica\/sjutra-eu-dan-na-podgorickom-trgu-nezavisnosti\/\" \/>\n<meta property=\"og:locale\" content=\"en_GB\" \/>\n<meta property=\"og:type\" content=\"article\" \/>\n<meta property=\"og:title\" content=\"Sjutra EU dan na podgori\u010dkom Trgu nezavisnosti - dmcsrb.com\" \/>\n<meta property=\"og:description\" content=\"Ministarstvo evropskih poslova (MEP) i Delegacija Evropske unije u Crnoj Gori, u partnerstvu sa Glavnim gradom, organizova\u0107e sjutra EU dan na Podgori\u010dkom pazaru, na Trgu nezavisnosti.\" \/>\n<meta property=\"og:url\" content=\"https:\/\/dmcsrb.com\/en\/podgorica\/sjutra-eu-dan-na-podgorickom-trgu-nezavisnosti\/\" \/>\n<meta property=\"og:site_name\" content=\"dmcsrb.com\" \/>\n<meta property=\"article:published_time\" content=\"2025-12-19T20:35:00+00:00\" \/>\n<meta property=\"og:image\" content=\"https:\/\/dmcsrb.com\/wp-content\/uploads\/2026\/01\/20251219144652_big_730x400_5.webp\" \/>\n\t<meta property=\"og:image:width\" content=\"730\" \/>\n\t<meta property=\"og:image:height\" content=\"913\" \/>\n\t<meta property=\"og:image:type\" content=\"image\/webp\" \/>\n<meta name=\"author\" content=\"dmcsrbija.com@gmail.com\" \/>\n<meta name=\"twitter:card\" content=\"summary_large_image\" \/>\n<meta name=\"twitter:label1\" content=\"Written by\" \/>\n\t<meta name=\"twitter:data1\" content=\"dmcsrbija.com@gmail.com\" \/>\n\t<meta name=\"twitter:label2\" content=\"Estimated reading time\" \/>\n\t<meta name=\"twitter:data2\" content=\"1 minute\" \/>\n<script type=\"application\/ld+json\" class=\"yoast-schema-graph\">{\"@context\":\"https:\/\/schema.org\",\"@graph\":[{\"@type\":\"Article\",\"@id\":\"https:\/\/dmcsrb.com\/podgorica\/sjutra-eu-dan-na-podgorickom-trgu-nezavisnosti\/#article\",\"isPartOf\":{\"@id\":\"https:\/\/dmcsrb.com\/podgorica\/sjutra-eu-dan-na-podgorickom-trgu-nezavisnosti\/\"},\"author\":{\"name\":\"dmcsrbija.com@gmail.com\",\"@id\":\"https:\/\/dmcsrb.com\/#\/schema\/person\/5c39170f12db1b8b457732d0b5c854e2\"},\"headline\":\"Sjutra EU dan na podgori\u010dkom Trgu nezavisnosti\",\"datePublished\":\"2025-12-19T20:35:00+00:00\",\"mainEntityOfPage\":{\"@id\":\"https:\/\/dmcsrb.com\/podgorica\/sjutra-eu-dan-na-podgorickom-trgu-nezavisnosti\/\"},\"wordCount\":243,\"commentCount\":0,\"image\":{\"@id\":\"https:\/\/dmcsrb.com\/podgorica\/sjutra-eu-dan-na-podgorickom-trgu-nezavisnosti\/#primaryimage\"},\"thumbnailUrl\":\"https:\/\/dmcsrb.com\/wp-content\/uploads\/2026\/01\/20251219144652_big_730x400_5.webp\",\"keywords\":[\"EU dan\",\"MEP\",\"podgori\u010dki pazar\"],\"articleSection\":[\"Podgorica\"],\"inLanguage\":\"en-GB\",\"potentialAction\":[{\"@type\":\"CommentAction\",\"name\":\"Comment\",\"target\":[\"https:\/\/dmcsrb.com\/podgorica\/sjutra-eu-dan-na-podgorickom-trgu-nezavisnosti\/#respond\"]}]},{\"@type\":\"WebPage\",\"@id\":\"https:\/\/dmcsrb.com\/podgorica\/sjutra-eu-dan-na-podgorickom-trgu-nezavisnosti\/\",\"url\":\"https:\/\/dmcsrb.com\/podgorica\/sjutra-eu-dan-na-podgorickom-trgu-nezavisnosti\/\",\"name\":\"Sjutra EU dan na podgori\u010dkom Trgu nezavisnosti - dmcsrb.com\",\"isPartOf\":{\"@id\":\"https:\/\/dmcsrb.com\/#website\"},\"primaryImageOfPage\":{\"@id\":\"https:\/\/dmcsrb.com\/podgorica\/sjutra-eu-dan-na-podgorickom-trgu-nezavisnosti\/#primaryimage\"},\"image\":{\"@id\":\"https:\/\/dmcsrb.com\/podgorica\/sjutra-eu-dan-na-podgorickom-trgu-nezavisnosti\/#primaryimage\"},\"thumbnailUrl\":\"https:\/\/dmcsrb.com\/wp-content\/uploads\/2026\/01\/20251219144652_big_730x400_5.webp\",\"datePublished\":\"2025-12-19T20:35:00+00:00\",\"author\":{\"@id\":\"https:\/\/dmcsrb.com\/#\/schema\/person\/5c39170f12db1b8b457732d0b5c854e2\"},\"breadcrumb\":{\"@id\":\"https:\/\/dmcsrb.com\/podgorica\/sjutra-eu-dan-na-podgorickom-trgu-nezavisnosti\/#breadcrumb\"},\"inLanguage\":\"en-GB\",\"potentialAction\":[{\"@type\":\"ReadAction\",\"target\":[\"https:\/\/dmcsrb.com\/podgorica\/sjutra-eu-dan-na-podgorickom-trgu-nezavisnosti\/\"]}]},{\"@type\":\"ImageObject\",\"inLanguage\":\"en-GB\",\"@id\":\"https:\/\/dmcsrb.com\/podgorica\/sjutra-eu-dan-na-podgorickom-trgu-nezavisnosti\/#primaryimage\",\"url\":\"https:\/\/dmcsrb.com\/wp-content\/uploads\/2026\/01\/20251219144652_big_730x400_5.webp\",\"contentUrl\":\"https:\/\/dmcsrb.com\/wp-content\/uploads\/2026\/01\/20251219144652_big_730x400_5.webp\",\"width\":730,\"height\":913},{\"@type\":\"BreadcrumbList\",\"@id\":\"https:\/\/dmcsrb.com\/podgorica\/sjutra-eu-dan-na-podgorickom-trgu-nezavisnosti\/#breadcrumb\",\"itemListElement\":[{\"@type\":\"ListItem\",\"position\":1,\"name\":\"Home\",\"item\":\"https:\/\/dmcsrb.com\/\"},{\"@type\":\"ListItem\",\"position\":2,\"name\":\"Sjutra EU dan na podgori\u010dkom Trgu nezavisnosti\"}]},{\"@type\":\"WebSite\",\"@id\":\"https:\/\/dmcsrb.com\/#website\",\"url\":\"https:\/\/dmcsrb.com\/\",\"name\":\"dmcsrb.com\",\"description\":\"\",\"potentialAction\":[{\"@type\":\"SearchAction\",\"target\":{\"@type\":\"EntryPoint\",\"urlTemplate\":\"https:\/\/dmcsrb.com\/?s={search_term_string}\"},\"query-input\":{\"@type\":\"PropertyValueSpecification\",\"valueRequired\":true,\"valueName\":\"search_term_string\"}}],\"inLanguage\":\"en-GB\"},{\"@type\":\"Person\",\"@id\":\"https:\/\/dmcsrb.com\/#\/schema\/person\/5c39170f12db1b8b457732d0b5c854e2\",\"name\":\"dmcsrbija.com@gmail.com\",\"image\":{\"@type\":\"ImageObject\",\"inLanguage\":\"en-GB\",\"@id\":\"https:\/\/dmcsrb.com\/#\/schema\/person\/image\/\",\"url\":\"https:\/\/secure.gravatar.com\/avatar\/68592660ad6347fad0fb587f8d5d8f1a7b44961362f56e4f2cd524feb87e9069?s=96&d=mm&r=g\",\"contentUrl\":\"https:\/\/secure.gravatar.com\/avatar\/68592660ad6347fad0fb587f8d5d8f1a7b44961362f56e4f2cd524feb87e9069?s=96&d=mm&r=g\",\"caption\":\"dmcsrbija.com@gmail.com\"},\"sameAs\":[\"https:\/\/dmcsrb.com\"],\"url\":\"https:\/\/dmcsrb.com\/en\/author\/dmcsrbija-comgmail-com\/\"}]}<\/script>\n<!-- \/ Yoast SEO plugin. -->","yoast_head_json":{"title":"Sjutra EU dan na podgori\u010dkom Trgu nezavisnosti - dmcsrb.com","robots":{"index":"index","follow":"follow","max-snippet":"max-snippet:-1","max-image-preview":"max-image-preview:large","max-video-preview":"max-video-preview:-1"},"canonical":"https:\/\/dmcsrb.com\/en\/podgorica\/sjutra-eu-dan-na-podgorickom-trgu-nezavisnosti\/","og_locale":"en_GB","og_type":"article","og_title":"Sjutra EU dan na podgori\u010dkom Trgu nezavisnosti - dmcsrb.com","og_description":"Ministarstvo evropskih poslova (MEP) i Delegacija Evropske unije u Crnoj Gori, u partnerstvu sa Glavnim gradom, organizova\u0107e sjutra EU dan na Podgori\u010dkom pazaru, na Trgu nezavisnosti.","og_url":"https:\/\/dmcsrb.com\/en\/podgorica\/sjutra-eu-dan-na-podgorickom-trgu-nezavisnosti\/","og_site_name":"dmcsrb.com","article_published_time":"2025-12-19T20:35:00+00:00","og_image":[{"width":730,"height":913,"url":"https:\/\/dmcsrb.com\/wp-content\/uploads\/2026\/01\/20251219144652_big_730x400_5.webp","type":"image\/webp"}],"author":"dmcsrbija.com@gmail.com","twitter_card":"summary_large_image","twitter_misc":{"Written by":"dmcsrbija.com@gmail.com","Estimated reading time":"1 minute"},"schema":{"@context":"https:\/\/schema.org","@graph":[{"@type":"Article","@id":"https:\/\/dmcsrb.com\/podgorica\/sjutra-eu-dan-na-podgorickom-trgu-nezavisnosti\/#article","isPartOf":{"@id":"https:\/\/dmcsrb.com\/podgorica\/sjutra-eu-dan-na-podgorickom-trgu-nezavisnosti\/"},"author":{"name":"dmcsrbija.com@gmail.com","@id":"https:\/\/dmcsrb.com\/#\/schema\/person\/5c39170f12db1b8b457732d0b5c854e2"},"headline":"Sjutra EU dan na podgori\u010dkom Trgu nezavisnosti","datePublished":"2025-12-19T20:35:00+00:00","mainEntityOfPage":{"@id":"https:\/\/dmcsrb.com\/podgorica\/sjutra-eu-dan-na-podgorickom-trgu-nezavisnosti\/"},"wordCount":243,"commentCount":0,"image":{"@id":"https:\/\/dmcsrb.com\/podgorica\/sjutra-eu-dan-na-podgorickom-trgu-nezavisnosti\/#primaryimage"},"thumbnailUrl":"https:\/\/dmcsrb.com\/wp-content\/uploads\/2026\/01\/20251219144652_big_730x400_5.webp","keywords":["EU dan","MEP","podgori\u010dki pazar"],"articleSection":["Podgorica"],"inLanguage":"en-GB","potentialAction":[{"@type":"CommentAction","name":"Comment","target":["https:\/\/dmcsrb.com\/podgorica\/sjutra-eu-dan-na-podgorickom-trgu-nezavisnosti\/#respond"]}]},{"@type":"WebPage","@id":"https:\/\/dmcsrb.com\/podgorica\/sjutra-eu-dan-na-podgorickom-trgu-nezavisnosti\/","url":"https:\/\/dmcsrb.com\/podgorica\/sjutra-eu-dan-na-podgorickom-trgu-nezavisnosti\/","name":"Sjutra EU dan na podgori\u010dkom Trgu nezavisnosti - dmcsrb.com","isPartOf":{"@id":"https:\/\/dmcsrb.com\/#website"},"primaryImageOfPage":{"@id":"https:\/\/dmcsrb.com\/podgorica\/sjutra-eu-dan-na-podgorickom-trgu-nezavisnosti\/#primaryimage"},"image":{"@id":"https:\/\/dmcsrb.com\/podgorica\/sjutra-eu-dan-na-podgorickom-trgu-nezavisnosti\/#primaryimage"},"thumbnailUrl":"https:\/\/dmcsrb.com\/wp-content\/uploads\/2026\/01\/20251219144652_big_730x400_5.webp","datePublished":"2025-12-19T20:35:00+00:00","author":{"@id":"https:\/\/dmcsrb.com\/#\/schema\/person\/5c39170f12db1b8b457732d0b5c854e2"},"breadcrumb":{"@id":"https:\/\/dmcsrb.com\/podgorica\/sjutra-eu-dan-na-podgorickom-trgu-nezavisnosti\/#breadcrumb"},"inLanguage":"en-GB","potentialAction":[{"@type":"ReadAction","target":["https:\/\/dmcsrb.com\/podgorica\/sjutra-eu-dan-na-podgorickom-trgu-nezavisnosti\/"]}]},{"@type":"ImageObject","inLanguage":"en-GB","@id":"https:\/\/dmcsrb.com\/podgorica\/sjutra-eu-dan-na-podgorickom-trgu-nezavisnosti\/#primaryimage","url":"https:\/\/dmcsrb.com\/wp-content\/uploads\/2026\/01\/20251219144652_big_730x400_5.webp","contentUrl":"https:\/\/dmcsrb.com\/wp-content\/uploads\/2026\/01\/20251219144652_big_730x400_5.webp","width":730,"height":913},{"@type":"BreadcrumbList","@id":"https:\/\/dmcsrb.com\/podgorica\/sjutra-eu-dan-na-podgorickom-trgu-nezavisnosti\/#breadcrumb","itemListElement":[{"@type":"ListItem","position":1,"name":"Home","item":"https:\/\/dmcsrb.com\/"},{"@type":"ListItem","position":2,"name":"Sjutra EU dan na podgori\u010dkom Trgu nezavisnosti"}]},{"@type":"WebSite","@id":"https:\/\/dmcsrb.com\/#website","url":"https:\/\/dmcsrb.com\/","name":"dmcsrb.com","description":"","potentialAction":[{"@type":"SearchAction","target":{"@type":"EntryPoint","urlTemplate":"https:\/\/dmcsrb.com\/?s={search_term_string}"},"query-input":{"@type":"PropertyValueSpecification","valueRequired":true,"valueName":"search_term_string"}}],"inLanguage":"en-GB"},{"@type":"Person","@id":"https:\/\/dmcsrb.com\/#\/schema\/person\/5c39170f12db1b8b457732d0b5c854e2","name":"dmcsrbija.com@gmail.com","image":{"@type":"ImageObject","inLanguage":"en-GB","@id":"https:\/\/dmcsrb.com\/#\/schema\/person\/image\/","url":"https:\/\/secure.gravatar.com\/avatar\/68592660ad6347fad0fb587f8d5d8f1a7b44961362f56e4f2cd524feb87e9069?s=96&d=mm&r=g","contentUrl":"https:\/\/secure.gravatar.com\/avatar\/68592660ad6347fad0fb587f8d5d8f1a7b44961362f56e4f2cd524feb87e9069?s=96&d=mm&r=g","caption":"dmcsrbija.com@gmail.com"},"sameAs":["https:\/\/dmcsrb.com"],"url":"https:\/\/dmcsrb.com\/en\/author\/dmcsrbija-comgmail-com\/"}]}},"_links":{"self":[{"href":"https:\/\/dmcsrb.com\/en\/wp-json\/wp\/v2\/posts\/914552","targetHints":{"allow":["GET"]}}],"collection":[{"href":"https:\/\/dmcsrb.com\/en\/wp-json\/wp\/v2\/posts"}],"about":[{"href":"https:\/\/dmcsrb.com\/en\/wp-json\/wp\/v2\/types\/post"}],"author":[{"embeddable":true,"href":"https:\/\/dmcsrb.com\/en\/wp-json\/wp\/v2\/users\/1"}],"replies":[{"embeddable":true,"href":"https:\/\/dmcsrb.com\/en\/wp-json\/wp\/v2\/comments?post=914552"}],"version-history":[{"count":0,"href":"https:\/\/dmcsrb.com\/en\/wp-json\/wp\/v2\/posts\/914552\/revisions"}],"wp:featuredmedia":[{"embeddable":true,"href":"https:\/\/dmcsrb.com\/en\/wp-json\/wp\/v2\/media\/914553"}],"wp:attachment":[{"href":"https:\/\/dmcsrb.com\/en\/wp-json\/wp\/v2\/media?parent=914552"}],"wp:term":[{"taxonomy":"category","embeddable":true,"href":"https:\/\/dmcsrb.com\/en\/wp-json\/wp\/v2\/categories?post=914552"},{"taxonomy":"post_tag","embeddable":true,"href":"https:\/\/dmcsrb.com\/en\/wp-json\/wp\/v2\/tags?post=914552"},{"taxonomy":"naslovna","embeddable":true,"href":"https:\/\/dmcsrb.com\/en\/wp-json\/wp\/v2\/naslovna?post=914552"}],"curies":[{"name":"wp","href":"https:\/\/api.w.org\/{rel}","templated":true}]}}