{"id":914545,"date":"2025-12-19T20:40:00","date_gmt":"2025-12-19T19:40:00","guid":{"rendered":"https:\/\/dmcsrb.com\/uncategorized\/i-gradjani-bijelog-polja-disu-opasan-vazduh-sve-vise-djece-u-bolnici\/"},"modified":"2025-12-19T20:40:00","modified_gmt":"2025-12-19T19:40:00","slug":"i-gradjani-bijelog-polja-disu-opasan-vazduh-sve-vise-djece-u-bolnici","status":"publish","type":"post","link":"https:\/\/dmcsrb.com\/en\/drustvo\/i-gradjani-bijelog-polja-disu-opasan-vazduh-sve-vise-djece-u-bolnici\/","title":{"rendered":"I gra\u0111ani Bijelog Polja di\u0161u opasan vazduh: Sve vi\u0161e djece u bolnici"},"content":{"rendered":"<p><br><\/p>\n\n\n\n<p><br>Na Odjeljenju pedijatrije bjelopoljske Op\u0161te bolnice sve je vi\u0161e djece. Za samo 15 dana decembra, na bolni\u010dkom lije\u010denju zavr\u0161ila su 32 mali\u0161ana, dok je tokom cijelog decembra pro\u0161le godine hospitalizovano njih 36. Ljekari upozoravaju da zaga\u0111en vazduh dodatno pogor\u0161ava zdravstveno stanje najmla\u0111ih pa savjetuje roditelje da u danima visoke zaga\u0111enosti vazduha djecu ne izvode napolje.<\/p>\n\n\n\n<p>&#8220;S obzirom da djeca ubrzano di\u0161u, odnosno dva puta vi\u0161e nego odrasli i unos tih \u010destica bude mnogo ve\u0107i nego kod odraslih, pa simptomi budu mnogo izra\u017eeniji. I pogotovu kod djece koja su predisponirana i imaju alergijsku astmu, ona odreaguju mnogo te\u017eom klini\u010dkom slikom nego ina\u010de&#8221;, kazala je za Televiziju Vijesti, dr Ismihana Erovi\u0107, na\u010delnica Odjeljenja pedijatrije u Op\u0161toj bolnici u Bijelom Polju.<\/p>\n\n\n\n<p>Bjelopoljci od po\u010detka sezone grijanja gotovo svakodnevno udi\u0161u zaga\u0111en vazduh. Najve\u0107i nivo zaga\u0111enja zabilje\u017een je 16. novembra, kada je koncentracija \u0161tetnih PM10 \u010destica iznosila \u010dak 440 mikrograma po kubnom metru, \u0161to je gotovo devet puta vi\u0161e od dozvoljene dnevne granice. I posljednjih dana vrijednosti opasnih \u010destica dosti\u017eu visoke nivoe, \u0161to gra\u0111ani, kako ka\u017eu, jasno osje\u0107aju.<\/p>\n\n\n\n<p>Zbog svega je Op\u0161tina Bijelo Polje prije nekoliko dana zatra\u017eila od EPCG da i njima, kao Pljevljacima, uvede zimski popust od 50 posto na struju.<\/p>\n\n\n\n<p>&#8220;Iako su Op\u0161tina i Eko-fond realizovali niz mjera me\u0111u kojima su podjela oko 1.000 energetski efikasnih klima-ure\u0111aja, subvencije za termo-fasade, zamjena lo\u017ei\u0161ta i podr\u0161ka toplotnim pumpama &#8211; efekti nijesu dovoljni bez ja\u010de podr\u0161ke dr\u017eave&#8221;, kazali su iz Op\u0161tine Bijelo Polje.<\/p>\n\n\n\n<p>Ljekari, u me\u0111uvremenu, savjetuju niz preventivnih mjera.<\/p>\n\n\n\n<p>&#8220;Provjetravanje prostorija i to pra\u0107enje kada su \u010destice u vazduhu najni\u017eeg stepena. Minimalan boravak napolju, unos te\u010dnosti, vitamina, vo\u0107a, povr\u0107a i jednostavno da se na taj na\u010din za\u0161titimo&#8221;, rekla je Erovi\u0107.<\/p>\n\n\n\n<p>Po posljednjim procjenama Evropske agencije za za\u0161titu \u017eivotne sredine, zaga\u0111enje vazduha u Crnoj Gori doprinosi prijevremenoj smrti oko 1.200 stanovnika godi\u0161nje.<\/p>","protected":false},"excerpt":{"rendered":"<p>Dok se gra\u0111ani Pljevalja gu\u0161e u sumpor-dioksidu, i vazduh u Bijelom Polju od po\u010detka sezone grijanja bilje\u017ei rekordne koncentracije \u0161tetnih \u010destica. Zato je sve vi\u0161e djece na bolni\u010dkom lije\u010denju, a ljekari upozoravaju na ozbiljne rizike po zdravlje. Op\u0161tina, za sada bezuspje\u0161no, tra\u017ei od Elektroprivrede Crne Gore (EPCG) popust na potro\u0161enu struju.<\/p>","protected":false},"author":1,"featured_media":914546,"comment_status":"open","ping_status":"open","sticky":false,"template":"","format":"standard","meta":{"_acf_changed":false,"footnotes":""},"categories":[2],"tags":[1144,3161,3171],"naslovna":[],"class_list":["post-914545","post","type-post","status-publish","format-standard","has-post-thumbnail","hentry","category-drustvo","tag-bijelo-polje","tag-vazduh","tag-zagadjenost"],"acf":[],"yoast_head":"<!-- This site is optimized with the Yoast SEO plugin v27.4 - https:\/\/yoast.com\/product\/yoast-seo-wordpress\/ -->\n<title>I gra\u0111ani Bijelog Polja di\u0161u opasan vazduh: Sve vi\u0161e djece u bolnici - dmcsrb.com<\/title>\n<meta name=\"robots\" content=\"index, follow, max-snippet:-1, max-image-preview:large, max-video-preview:-1\" \/>\n<link rel=\"canonical\" href=\"https:\/\/dmcsrb.com\/en\/drustvo\/i-gradjani-bijelog-polja-disu-opasan-vazduh-sve-vise-djece-u-bolnici\/\" \/>\n<meta property=\"og:locale\" content=\"en_GB\" \/>\n<meta property=\"og:type\" content=\"article\" \/>\n<meta property=\"og:title\" content=\"I gra\u0111ani Bijelog Polja di\u0161u opasan vazduh: Sve vi\u0161e djece u bolnici - dmcsrb.com\" \/>\n<meta property=\"og:description\" content=\"Dok se gra\u0111ani Pljevalja gu\u0161e u sumpor-dioksidu, i vazduh u Bijelom Polju od po\u010detka sezone grijanja bilje\u017ei rekordne koncentracije \u0161tetnih \u010destica. Zato je sve vi\u0161e djece na bolni\u010dkom lije\u010denju, a ljekari upozoravaju na ozbiljne rizike po zdravlje. Op\u0161tina, za sada bezuspje\u0161no, tra\u017ei od Elektroprivrede Crne Gore (EPCG) popust na potro\u0161enu struju.\" \/>\n<meta property=\"og:url\" content=\"https:\/\/dmcsrb.com\/en\/drustvo\/i-gradjani-bijelog-polja-disu-opasan-vazduh-sve-vise-djece-u-bolnici\/\" \/>\n<meta property=\"og:site_name\" content=\"dmcsrb.com\" \/>\n<meta property=\"article:published_time\" content=\"2025-12-19T19:40:00+00:00\" \/>\n<meta property=\"og:image\" content=\"https:\/\/dmcsrb.com\/wp-content\/uploads\/2026\/01\/BPrtcg.jpg\" \/>\n\t<meta property=\"og:image:width\" content=\"838\" \/>\n\t<meta property=\"og:image:height\" content=\"446\" \/>\n\t<meta property=\"og:image:type\" content=\"image\/jpeg\" \/>\n<meta name=\"author\" content=\"dmcsrbija.com@gmail.com\" \/>\n<meta name=\"twitter:card\" content=\"summary_large_image\" \/>\n<meta name=\"twitter:label1\" content=\"Written by\" \/>\n\t<meta name=\"twitter:data1\" content=\"dmcsrbija.com@gmail.com\" \/>\n\t<meta name=\"twitter:label2\" content=\"Estimated reading time\" \/>\n\t<meta name=\"twitter:data2\" content=\"2 minutes\" \/>\n<script type=\"application\/ld+json\" class=\"yoast-schema-graph\">{\"@context\":\"https:\\\/\\\/schema.org\",\"@graph\":[{\"@type\":\"Article\",\"@id\":\"https:\\\/\\\/dmcsrb.com\\\/drustvo\\\/i-gradjani-bijelog-polja-disu-opasan-vazduh-sve-vise-djece-u-bolnici\\\/#article\",\"isPartOf\":{\"@id\":\"https:\\\/\\\/dmcsrb.com\\\/drustvo\\\/i-gradjani-bijelog-polja-disu-opasan-vazduh-sve-vise-djece-u-bolnici\\\/\"},\"author\":{\"name\":\"dmcsrbija.com@gmail.com\",\"@id\":\"https:\\\/\\\/dmcsrb.com\\\/#\\\/schema\\\/person\\\/5c39170f12db1b8b457732d0b5c854e2\"},\"headline\":\"I gra\u0111ani Bijelog Polja di\u0161u opasan vazduh: Sve vi\u0161e djece u bolnici\",\"datePublished\":\"2025-12-19T19:40:00+00:00\",\"mainEntityOfPage\":{\"@id\":\"https:\\\/\\\/dmcsrb.com\\\/drustvo\\\/i-gradjani-bijelog-polja-disu-opasan-vazduh-sve-vise-djece-u-bolnici\\\/\"},\"wordCount\":358,\"commentCount\":0,\"image\":{\"@id\":\"https:\\\/\\\/dmcsrb.com\\\/drustvo\\\/i-gradjani-bijelog-polja-disu-opasan-vazduh-sve-vise-djece-u-bolnici\\\/#primaryimage\"},\"thumbnailUrl\":\"https:\\\/\\\/dmcsrb.com\\\/wp-content\\\/uploads\\\/2026\\\/01\\\/BPrtcg.jpg\",\"keywords\":[\"Bijelo Polje\",\"vazduh\",\"zaga\u0111enost\"],\"articleSection\":[\"Dru\u0161tvo\"],\"inLanguage\":\"en-GB\",\"potentialAction\":[{\"@type\":\"CommentAction\",\"name\":\"Comment\",\"target\":[\"https:\\\/\\\/dmcsrb.com\\\/drustvo\\\/i-gradjani-bijelog-polja-disu-opasan-vazduh-sve-vise-djece-u-bolnici\\\/#respond\"]}]},{\"@type\":\"WebPage\",\"@id\":\"https:\\\/\\\/dmcsrb.com\\\/drustvo\\\/i-gradjani-bijelog-polja-disu-opasan-vazduh-sve-vise-djece-u-bolnici\\\/\",\"url\":\"https:\\\/\\\/dmcsrb.com\\\/drustvo\\\/i-gradjani-bijelog-polja-disu-opasan-vazduh-sve-vise-djece-u-bolnici\\\/\",\"name\":\"I gra\u0111ani Bijelog Polja di\u0161u opasan vazduh: Sve vi\u0161e djece u bolnici - dmcsrb.com\",\"isPartOf\":{\"@id\":\"https:\\\/\\\/dmcsrb.com\\\/#website\"},\"primaryImageOfPage\":{\"@id\":\"https:\\\/\\\/dmcsrb.com\\\/drustvo\\\/i-gradjani-bijelog-polja-disu-opasan-vazduh-sve-vise-djece-u-bolnici\\\/#primaryimage\"},\"image\":{\"@id\":\"https:\\\/\\\/dmcsrb.com\\\/drustvo\\\/i-gradjani-bijelog-polja-disu-opasan-vazduh-sve-vise-djece-u-bolnici\\\/#primaryimage\"},\"thumbnailUrl\":\"https:\\\/\\\/dmcsrb.com\\\/wp-content\\\/uploads\\\/2026\\\/01\\\/BPrtcg.jpg\",\"datePublished\":\"2025-12-19T19:40:00+00:00\",\"author\":{\"@id\":\"https:\\\/\\\/dmcsrb.com\\\/#\\\/schema\\\/person\\\/5c39170f12db1b8b457732d0b5c854e2\"},\"breadcrumb\":{\"@id\":\"https:\\\/\\\/dmcsrb.com\\\/drustvo\\\/i-gradjani-bijelog-polja-disu-opasan-vazduh-sve-vise-djece-u-bolnici\\\/#breadcrumb\"},\"inLanguage\":\"en-GB\",\"potentialAction\":[{\"@type\":\"ReadAction\",\"target\":[\"https:\\\/\\\/dmcsrb.com\\\/drustvo\\\/i-gradjani-bijelog-polja-disu-opasan-vazduh-sve-vise-djece-u-bolnici\\\/\"]}]},{\"@type\":\"ImageObject\",\"inLanguage\":\"en-GB\",\"@id\":\"https:\\\/\\\/dmcsrb.com\\\/drustvo\\\/i-gradjani-bijelog-polja-disu-opasan-vazduh-sve-vise-djece-u-bolnici\\\/#primaryimage\",\"url\":\"https:\\\/\\\/dmcsrb.com\\\/wp-content\\\/uploads\\\/2026\\\/01\\\/BPrtcg.jpg\",\"contentUrl\":\"https:\\\/\\\/dmcsrb.com\\\/wp-content\\\/uploads\\\/2026\\\/01\\\/BPrtcg.jpg\",\"width\":838,\"height\":446},{\"@type\":\"BreadcrumbList\",\"@id\":\"https:\\\/\\\/dmcsrb.com\\\/drustvo\\\/i-gradjani-bijelog-polja-disu-opasan-vazduh-sve-vise-djece-u-bolnici\\\/#breadcrumb\",\"itemListElement\":[{\"@type\":\"ListItem\",\"position\":1,\"name\":\"Home\",\"item\":\"https:\\\/\\\/dmcsrb.com\\\/\"},{\"@type\":\"ListItem\",\"position\":2,\"name\":\"I gra\u0111ani Bijelog Polja di\u0161u opasan vazduh: Sve vi\u0161e djece u bolnici\"}]},{\"@type\":\"WebSite\",\"@id\":\"https:\\\/\\\/dmcsrb.com\\\/#website\",\"url\":\"https:\\\/\\\/dmcsrb.com\\\/\",\"name\":\"dmcsrb.com\",\"description\":\"\",\"potentialAction\":[{\"@type\":\"SearchAction\",\"target\":{\"@type\":\"EntryPoint\",\"urlTemplate\":\"https:\\\/\\\/dmcsrb.com\\\/?s={search_term_string}\"},\"query-input\":{\"@type\":\"PropertyValueSpecification\",\"valueRequired\":true,\"valueName\":\"search_term_string\"}}],\"inLanguage\":\"en-GB\"},{\"@type\":\"Person\",\"@id\":\"https:\\\/\\\/dmcsrb.com\\\/#\\\/schema\\\/person\\\/5c39170f12db1b8b457732d0b5c854e2\",\"name\":\"dmcsrbija.com@gmail.com\",\"image\":{\"@type\":\"ImageObject\",\"inLanguage\":\"en-GB\",\"@id\":\"https:\\\/\\\/secure.gravatar.com\\\/avatar\\\/68592660ad6347fad0fb587f8d5d8f1a7b44961362f56e4f2cd524feb87e9069?s=96&d=mm&r=g\",\"url\":\"https:\\\/\\\/secure.gravatar.com\\\/avatar\\\/68592660ad6347fad0fb587f8d5d8f1a7b44961362f56e4f2cd524feb87e9069?s=96&d=mm&r=g\",\"contentUrl\":\"https:\\\/\\\/secure.gravatar.com\\\/avatar\\\/68592660ad6347fad0fb587f8d5d8f1a7b44961362f56e4f2cd524feb87e9069?s=96&d=mm&r=g\",\"caption\":\"dmcsrbija.com@gmail.com\"},\"sameAs\":[\"https:\\\/\\\/dmcsrb.com\"],\"url\":\"https:\\\/\\\/dmcsrb.com\\\/en\\\/author\\\/dmcsrbija-comgmail-com\\\/\"}]}<\/script>\n<!-- \/ Yoast SEO plugin. -->","yoast_head_json":{"title":"I gra\u0111ani Bijelog Polja di\u0161u opasan vazduh: Sve vi\u0161e djece u bolnici - dmcsrb.com","robots":{"index":"index","follow":"follow","max-snippet":"max-snippet:-1","max-image-preview":"max-image-preview:large","max-video-preview":"max-video-preview:-1"},"canonical":"https:\/\/dmcsrb.com\/en\/drustvo\/i-gradjani-bijelog-polja-disu-opasan-vazduh-sve-vise-djece-u-bolnici\/","og_locale":"en_GB","og_type":"article","og_title":"I gra\u0111ani Bijelog Polja di\u0161u opasan vazduh: Sve vi\u0161e djece u bolnici - dmcsrb.com","og_description":"Dok se gra\u0111ani Pljevalja gu\u0161e u sumpor-dioksidu, i vazduh u Bijelom Polju od po\u010detka sezone grijanja bilje\u017ei rekordne koncentracije \u0161tetnih \u010destica. Zato je sve vi\u0161e djece na bolni\u010dkom lije\u010denju, a ljekari upozoravaju na ozbiljne rizike po zdravlje. Op\u0161tina, za sada bezuspje\u0161no, tra\u017ei od Elektroprivrede Crne Gore (EPCG) popust na potro\u0161enu struju.","og_url":"https:\/\/dmcsrb.com\/en\/drustvo\/i-gradjani-bijelog-polja-disu-opasan-vazduh-sve-vise-djece-u-bolnici\/","og_site_name":"dmcsrb.com","article_published_time":"2025-12-19T19:40:00+00:00","og_image":[{"width":838,"height":446,"url":"https:\/\/dmcsrb.com\/wp-content\/uploads\/2026\/01\/BPrtcg.jpg","type":"image\/jpeg"}],"author":"dmcsrbija.com@gmail.com","twitter_card":"summary_large_image","twitter_misc":{"Written by":"dmcsrbija.com@gmail.com","Estimated reading time":"2 minutes"},"schema":{"@context":"https:\/\/schema.org","@graph":[{"@type":"Article","@id":"https:\/\/dmcsrb.com\/drustvo\/i-gradjani-bijelog-polja-disu-opasan-vazduh-sve-vise-djece-u-bolnici\/#article","isPartOf":{"@id":"https:\/\/dmcsrb.com\/drustvo\/i-gradjani-bijelog-polja-disu-opasan-vazduh-sve-vise-djece-u-bolnici\/"},"author":{"name":"dmcsrbija.com@gmail.com","@id":"https:\/\/dmcsrb.com\/#\/schema\/person\/5c39170f12db1b8b457732d0b5c854e2"},"headline":"I gra\u0111ani Bijelog Polja di\u0161u opasan vazduh: Sve vi\u0161e djece u bolnici","datePublished":"2025-12-19T19:40:00+00:00","mainEntityOfPage":{"@id":"https:\/\/dmcsrb.com\/drustvo\/i-gradjani-bijelog-polja-disu-opasan-vazduh-sve-vise-djece-u-bolnici\/"},"wordCount":358,"commentCount":0,"image":{"@id":"https:\/\/dmcsrb.com\/drustvo\/i-gradjani-bijelog-polja-disu-opasan-vazduh-sve-vise-djece-u-bolnici\/#primaryimage"},"thumbnailUrl":"https:\/\/dmcsrb.com\/wp-content\/uploads\/2026\/01\/BPrtcg.jpg","keywords":["Bijelo Polje","vazduh","zaga\u0111enost"],"articleSection":["Dru\u0161tvo"],"inLanguage":"en-GB","potentialAction":[{"@type":"CommentAction","name":"Comment","target":["https:\/\/dmcsrb.com\/drustvo\/i-gradjani-bijelog-polja-disu-opasan-vazduh-sve-vise-djece-u-bolnici\/#respond"]}]},{"@type":"WebPage","@id":"https:\/\/dmcsrb.com\/drustvo\/i-gradjani-bijelog-polja-disu-opasan-vazduh-sve-vise-djece-u-bolnici\/","url":"https:\/\/dmcsrb.com\/drustvo\/i-gradjani-bijelog-polja-disu-opasan-vazduh-sve-vise-djece-u-bolnici\/","name":"I gra\u0111ani Bijelog Polja di\u0161u opasan vazduh: Sve vi\u0161e djece u bolnici - dmcsrb.com","isPartOf":{"@id":"https:\/\/dmcsrb.com\/#website"},"primaryImageOfPage":{"@id":"https:\/\/dmcsrb.com\/drustvo\/i-gradjani-bijelog-polja-disu-opasan-vazduh-sve-vise-djece-u-bolnici\/#primaryimage"},"image":{"@id":"https:\/\/dmcsrb.com\/drustvo\/i-gradjani-bijelog-polja-disu-opasan-vazduh-sve-vise-djece-u-bolnici\/#primaryimage"},"thumbnailUrl":"https:\/\/dmcsrb.com\/wp-content\/uploads\/2026\/01\/BPrtcg.jpg","datePublished":"2025-12-19T19:40:00+00:00","author":{"@id":"https:\/\/dmcsrb.com\/#\/schema\/person\/5c39170f12db1b8b457732d0b5c854e2"},"breadcrumb":{"@id":"https:\/\/dmcsrb.com\/drustvo\/i-gradjani-bijelog-polja-disu-opasan-vazduh-sve-vise-djece-u-bolnici\/#breadcrumb"},"inLanguage":"en-GB","potentialAction":[{"@type":"ReadAction","target":["https:\/\/dmcsrb.com\/drustvo\/i-gradjani-bijelog-polja-disu-opasan-vazduh-sve-vise-djece-u-bolnici\/"]}]},{"@type":"ImageObject","inLanguage":"en-GB","@id":"https:\/\/dmcsrb.com\/drustvo\/i-gradjani-bijelog-polja-disu-opasan-vazduh-sve-vise-djece-u-bolnici\/#primaryimage","url":"https:\/\/dmcsrb.com\/wp-content\/uploads\/2026\/01\/BPrtcg.jpg","contentUrl":"https:\/\/dmcsrb.com\/wp-content\/uploads\/2026\/01\/BPrtcg.jpg","width":838,"height":446},{"@type":"BreadcrumbList","@id":"https:\/\/dmcsrb.com\/drustvo\/i-gradjani-bijelog-polja-disu-opasan-vazduh-sve-vise-djece-u-bolnici\/#breadcrumb","itemListElement":[{"@type":"ListItem","position":1,"name":"Home","item":"https:\/\/dmcsrb.com\/"},{"@type":"ListItem","position":2,"name":"I gra\u0111ani Bijelog Polja di\u0161u opasan vazduh: Sve vi\u0161e djece u bolnici"}]},{"@type":"WebSite","@id":"https:\/\/dmcsrb.com\/#website","url":"https:\/\/dmcsrb.com\/","name":"dmcsrb.com","description":"","potentialAction":[{"@type":"SearchAction","target":{"@type":"EntryPoint","urlTemplate":"https:\/\/dmcsrb.com\/?s={search_term_string}"},"query-input":{"@type":"PropertyValueSpecification","valueRequired":true,"valueName":"search_term_string"}}],"inLanguage":"en-GB"},{"@type":"Person","@id":"https:\/\/dmcsrb.com\/#\/schema\/person\/5c39170f12db1b8b457732d0b5c854e2","name":"dmcsrbija.com@gmail.com","image":{"@type":"ImageObject","inLanguage":"en-GB","@id":"https:\/\/secure.gravatar.com\/avatar\/68592660ad6347fad0fb587f8d5d8f1a7b44961362f56e4f2cd524feb87e9069?s=96&d=mm&r=g","url":"https:\/\/secure.gravatar.com\/avatar\/68592660ad6347fad0fb587f8d5d8f1a7b44961362f56e4f2cd524feb87e9069?s=96&d=mm&r=g","contentUrl":"https:\/\/secure.gravatar.com\/avatar\/68592660ad6347fad0fb587f8d5d8f1a7b44961362f56e4f2cd524feb87e9069?s=96&d=mm&r=g","caption":"dmcsrbija.com@gmail.com"},"sameAs":["https:\/\/dmcsrb.com"],"url":"https:\/\/dmcsrb.com\/en\/author\/dmcsrbija-comgmail-com\/"}]}},"_links":{"self":[{"href":"https:\/\/dmcsrb.com\/en\/wp-json\/wp\/v2\/posts\/914545","targetHints":{"allow":["GET"]}}],"collection":[{"href":"https:\/\/dmcsrb.com\/en\/wp-json\/wp\/v2\/posts"}],"about":[{"href":"https:\/\/dmcsrb.com\/en\/wp-json\/wp\/v2\/types\/post"}],"author":[{"embeddable":true,"href":"https:\/\/dmcsrb.com\/en\/wp-json\/wp\/v2\/users\/1"}],"replies":[{"embeddable":true,"href":"https:\/\/dmcsrb.com\/en\/wp-json\/wp\/v2\/comments?post=914545"}],"version-history":[{"count":0,"href":"https:\/\/dmcsrb.com\/en\/wp-json\/wp\/v2\/posts\/914545\/revisions"}],"wp:featuredmedia":[{"embeddable":true,"href":"https:\/\/dmcsrb.com\/en\/wp-json\/wp\/v2\/media\/914546"}],"wp:attachment":[{"href":"https:\/\/dmcsrb.com\/en\/wp-json\/wp\/v2\/media?parent=914545"}],"wp:term":[{"taxonomy":"category","embeddable":true,"href":"https:\/\/dmcsrb.com\/en\/wp-json\/wp\/v2\/categories?post=914545"},{"taxonomy":"post_tag","embeddable":true,"href":"https:\/\/dmcsrb.com\/en\/wp-json\/wp\/v2\/tags?post=914545"},{"taxonomy":"naslovna","embeddable":true,"href":"https:\/\/dmcsrb.com\/en\/wp-json\/wp\/v2\/naslovna?post=914545"}],"curies":[{"name":"wp","href":"https:\/\/api.w.org\/{rel}","templated":true}]}}