{"id":914543,"date":"2025-12-19T18:37:04","date_gmt":"2025-12-19T17:37:04","guid":{"rendered":"https:\/\/dmcsrb.com\/uncategorized\/na-trgu-nezavisnosti-svecano-otvoren-podgoricki-pazar\/"},"modified":"2025-12-19T18:37:04","modified_gmt":"2025-12-19T17:37:04","slug":"na-trgu-nezavisnosti-svecano-otvoren-podgoricki-pazar","status":"publish","type":"post","link":"https:\/\/dmcsrb.com\/en\/podgorica\/na-trgu-nezavisnosti-svecano-otvoren-podgoricki-pazar\/","title":{"rendered":"Na Trgu nezavisnosti sve\u010dano otvoren Podgori\u010dki pazar"},"content":{"rendered":"<p><\/p>\n\n\n\n<p><\/p>\n\n\n\n<p><\/p>\n\n\n\n<p><\/p>\n\n\n\n<p>U muzi\u010dkom dijelu programa ve\u010deras nastupaju Gradski hor \u201cStanko Dragojevi\u0107\u201d, sastav L\u2019ombelico, a od 22 sata za dobru atmosferu na Trgu nezavisnosti pobrinu\u0107e se regionalna pop zvijezda Nata\u0161a Bekvalac.<\/p>\n\n\n\n<p>Prema rije\u010dima Sla\u0111ane Rabrenovi\u0107 iz TO Podgorica posjetioci Podgori\u010dkog pazara sve do 8. januara ima\u0107e priliku da u\u017eivaju u brojnim muzi\u010dkim nastupima renomiranih izvo\u0111a\u010da i lokalnih bendova razli\u010ditih muzi\u010dkih \u017eanrova, kao i nastupima DJ-eva.<\/p>\n\n\n\n<p>Rabrenovi\u0107  je istakla da je posebna pa\u017enja i ove godine posve\u0107ena najmla\u0111ima, kroz bogat dje\u010dji program koji obuhvata predstave, animacije, kreativne radionice i interaktivne sadr\u017eaje. <\/p>\n\n\n\n<p>Pored zabavnog segmenta, program uklju\u010duje i raznovrsne kulturno-umjetni\u010dke sadr\u017eaje, poput nastupa folklornih ansambala, horskih koncerata, prigodnih programa inspirisanih tradicijom i prazni\u010dnim duhom.<\/p>\n\n\n\n<p>Detaljan program manifestacije dostupan je na zvani\u010dnim stranicama Podgori\u010dkog pazara, TO Podgorica i Sekretarijata za kulturu Glavnog grada na dru\u0161tvenim mre\u017eama.<\/p>\n\n\n\n<p><\/p>","protected":false},"excerpt":{"rendered":"<p>Aktiviranjem dekorativne rasvjete ve\u010deras je po\u010dela tradicionalna manifestacija Podgori\u010dki pazar, koja i ove godine donosi bogat, raznovrstan i pa\u017eljivo osmi\u0161ijen program. Manifestaciju su proglasili otvorenom predsjednica Skup\u0161tine Glavnog grada dr Jelena Borovini\u0107 Bojovi\u0107 i gradona\u010delnik Podgorice, prof. dr Sa\u0161a Mujovi\u0107.<\/p>","protected":false},"author":1,"featured_media":914544,"comment_status":"open","ping_status":"open","sticky":false,"template":"","format":"standard","meta":{"_acf_changed":false,"footnotes":""},"categories":[56],"tags":[3773,2328,3774],"naslovna":[],"class_list":["post-914543","post","type-post","status-publish","format-standard","has-post-thumbnail","hentry","category-podgorica","tag-otvoren","tag-podgoricki-pazar","tag-svecanost"],"acf":[],"yoast_head":"<!-- This site is optimized with the Yoast SEO plugin v27.0 - https:\/\/yoast.com\/product\/yoast-seo-wordpress\/ -->\n<title>Na Trgu nezavisnosti sve\u010dano otvoren Podgori\u010dki pazar - dmcsrb.com<\/title>\n<meta name=\"robots\" content=\"index, follow, max-snippet:-1, max-image-preview:large, max-video-preview:-1\" \/>\n<link rel=\"canonical\" href=\"https:\/\/dmcsrb.com\/en\/podgorica\/na-trgu-nezavisnosti-svecano-otvoren-podgoricki-pazar\/\" \/>\n<meta property=\"og:locale\" content=\"en_GB\" \/>\n<meta property=\"og:type\" content=\"article\" \/>\n<meta property=\"og:title\" content=\"Na Trgu nezavisnosti sve\u010dano otvoren Podgori\u010dki pazar - dmcsrb.com\" \/>\n<meta property=\"og:description\" content=\"Aktiviranjem dekorativne rasvjete ve\u010deras je po\u010dela tradicionalna manifestacija Podgori\u010dki pazar, koja i ove godine donosi bogat, raznovrstan i pa\u017eljivo osmi\u0161ijen program. Manifestaciju su proglasili otvorenom predsjednica Skup\u0161tine Glavnog grada dr Jelena Borovini\u0107 Bojovi\u0107 i gradona\u010delnik Podgorice, prof. dr Sa\u0161a Mujovi\u0107.\" \/>\n<meta property=\"og:url\" content=\"https:\/\/dmcsrb.com\/en\/podgorica\/na-trgu-nezavisnosti-svecano-otvoren-podgoricki-pazar\/\" \/>\n<meta property=\"og:site_name\" content=\"dmcsrb.com\" \/>\n<meta property=\"article:published_time\" content=\"2025-12-19T17:37:04+00:00\" \/>\n<meta property=\"og:image\" content=\"https:\/\/dmcsrb.com\/wp-content\/uploads\/2026\/01\/pazar4.jpg\" \/>\n\t<meta property=\"og:image:width\" content=\"1152\" \/>\n\t<meta property=\"og:image:height\" content=\"635\" \/>\n\t<meta property=\"og:image:type\" content=\"image\/jpeg\" \/>\n<meta name=\"author\" content=\"dmcsrbija.com@gmail.com\" \/>\n<meta name=\"twitter:card\" content=\"summary_large_image\" \/>\n<meta name=\"twitter:label1\" content=\"Written by\" \/>\n\t<meta name=\"twitter:data1\" content=\"dmcsrbija.com@gmail.com\" \/>\n\t<meta name=\"twitter:label2\" content=\"Estimated reading time\" \/>\n\t<meta name=\"twitter:data2\" content=\"1 minute\" \/>\n<script type=\"application\/ld+json\" class=\"yoast-schema-graph\">{\"@context\":\"https:\/\/schema.org\",\"@graph\":[{\"@type\":\"Article\",\"@id\":\"https:\/\/dmcsrb.com\/podgorica\/na-trgu-nezavisnosti-svecano-otvoren-podgoricki-pazar\/#article\",\"isPartOf\":{\"@id\":\"https:\/\/dmcsrb.com\/podgorica\/na-trgu-nezavisnosti-svecano-otvoren-podgoricki-pazar\/\"},\"author\":{\"name\":\"dmcsrbija.com@gmail.com\",\"@id\":\"https:\/\/dmcsrb.com\/#\/schema\/person\/5c39170f12db1b8b457732d0b5c854e2\"},\"headline\":\"Na Trgu nezavisnosti sve\u010dano otvoren Podgori\u010dki pazar\",\"datePublished\":\"2025-12-19T17:37:04+00:00\",\"mainEntityOfPage\":{\"@id\":\"https:\/\/dmcsrb.com\/podgorica\/na-trgu-nezavisnosti-svecano-otvoren-podgoricki-pazar\/\"},\"wordCount\":166,\"commentCount\":0,\"image\":{\"@id\":\"https:\/\/dmcsrb.com\/podgorica\/na-trgu-nezavisnosti-svecano-otvoren-podgoricki-pazar\/#primaryimage\"},\"thumbnailUrl\":\"https:\/\/dmcsrb.com\/wp-content\/uploads\/2026\/01\/pazar4.jpg\",\"keywords\":[\"otvoren\",\"podgori\u010dki pazar\",\"Sve\u010danost\"],\"articleSection\":[\"Podgorica\"],\"inLanguage\":\"en-GB\",\"potentialAction\":[{\"@type\":\"CommentAction\",\"name\":\"Comment\",\"target\":[\"https:\/\/dmcsrb.com\/podgorica\/na-trgu-nezavisnosti-svecano-otvoren-podgoricki-pazar\/#respond\"]}]},{\"@type\":\"WebPage\",\"@id\":\"https:\/\/dmcsrb.com\/podgorica\/na-trgu-nezavisnosti-svecano-otvoren-podgoricki-pazar\/\",\"url\":\"https:\/\/dmcsrb.com\/podgorica\/na-trgu-nezavisnosti-svecano-otvoren-podgoricki-pazar\/\",\"name\":\"Na Trgu nezavisnosti sve\u010dano otvoren Podgori\u010dki pazar - dmcsrb.com\",\"isPartOf\":{\"@id\":\"https:\/\/dmcsrb.com\/#website\"},\"primaryImageOfPage\":{\"@id\":\"https:\/\/dmcsrb.com\/podgorica\/na-trgu-nezavisnosti-svecano-otvoren-podgoricki-pazar\/#primaryimage\"},\"image\":{\"@id\":\"https:\/\/dmcsrb.com\/podgorica\/na-trgu-nezavisnosti-svecano-otvoren-podgoricki-pazar\/#primaryimage\"},\"thumbnailUrl\":\"https:\/\/dmcsrb.com\/wp-content\/uploads\/2026\/01\/pazar4.jpg\",\"datePublished\":\"2025-12-19T17:37:04+00:00\",\"author\":{\"@id\":\"https:\/\/dmcsrb.com\/#\/schema\/person\/5c39170f12db1b8b457732d0b5c854e2\"},\"breadcrumb\":{\"@id\":\"https:\/\/dmcsrb.com\/podgorica\/na-trgu-nezavisnosti-svecano-otvoren-podgoricki-pazar\/#breadcrumb\"},\"inLanguage\":\"en-GB\",\"potentialAction\":[{\"@type\":\"ReadAction\",\"target\":[\"https:\/\/dmcsrb.com\/podgorica\/na-trgu-nezavisnosti-svecano-otvoren-podgoricki-pazar\/\"]}]},{\"@type\":\"ImageObject\",\"inLanguage\":\"en-GB\",\"@id\":\"https:\/\/dmcsrb.com\/podgorica\/na-trgu-nezavisnosti-svecano-otvoren-podgoricki-pazar\/#primaryimage\",\"url\":\"https:\/\/dmcsrb.com\/wp-content\/uploads\/2026\/01\/pazar4.jpg\",\"contentUrl\":\"https:\/\/dmcsrb.com\/wp-content\/uploads\/2026\/01\/pazar4.jpg\",\"width\":1152,\"height\":635},{\"@type\":\"BreadcrumbList\",\"@id\":\"https:\/\/dmcsrb.com\/podgorica\/na-trgu-nezavisnosti-svecano-otvoren-podgoricki-pazar\/#breadcrumb\",\"itemListElement\":[{\"@type\":\"ListItem\",\"position\":1,\"name\":\"Home\",\"item\":\"https:\/\/dmcsrb.com\/\"},{\"@type\":\"ListItem\",\"position\":2,\"name\":\"Na Trgu nezavisnosti sve\u010dano otvoren Podgori\u010dki pazar\"}]},{\"@type\":\"WebSite\",\"@id\":\"https:\/\/dmcsrb.com\/#website\",\"url\":\"https:\/\/dmcsrb.com\/\",\"name\":\"dmcsrb.com\",\"description\":\"\",\"potentialAction\":[{\"@type\":\"SearchAction\",\"target\":{\"@type\":\"EntryPoint\",\"urlTemplate\":\"https:\/\/dmcsrb.com\/?s={search_term_string}\"},\"query-input\":{\"@type\":\"PropertyValueSpecification\",\"valueRequired\":true,\"valueName\":\"search_term_string\"}}],\"inLanguage\":\"en-GB\"},{\"@type\":\"Person\",\"@id\":\"https:\/\/dmcsrb.com\/#\/schema\/person\/5c39170f12db1b8b457732d0b5c854e2\",\"name\":\"dmcsrbija.com@gmail.com\",\"image\":{\"@type\":\"ImageObject\",\"inLanguage\":\"en-GB\",\"@id\":\"https:\/\/dmcsrb.com\/#\/schema\/person\/image\/\",\"url\":\"https:\/\/secure.gravatar.com\/avatar\/68592660ad6347fad0fb587f8d5d8f1a7b44961362f56e4f2cd524feb87e9069?s=96&d=mm&r=g\",\"contentUrl\":\"https:\/\/secure.gravatar.com\/avatar\/68592660ad6347fad0fb587f8d5d8f1a7b44961362f56e4f2cd524feb87e9069?s=96&d=mm&r=g\",\"caption\":\"dmcsrbija.com@gmail.com\"},\"sameAs\":[\"https:\/\/dmcsrb.com\"],\"url\":\"https:\/\/dmcsrb.com\/en\/author\/dmcsrbija-comgmail-com\/\"}]}<\/script>\n<!-- \/ Yoast SEO plugin. -->","yoast_head_json":{"title":"Na Trgu nezavisnosti sve\u010dano otvoren Podgori\u010dki pazar - dmcsrb.com","robots":{"index":"index","follow":"follow","max-snippet":"max-snippet:-1","max-image-preview":"max-image-preview:large","max-video-preview":"max-video-preview:-1"},"canonical":"https:\/\/dmcsrb.com\/en\/podgorica\/na-trgu-nezavisnosti-svecano-otvoren-podgoricki-pazar\/","og_locale":"en_GB","og_type":"article","og_title":"Na Trgu nezavisnosti sve\u010dano otvoren Podgori\u010dki pazar - dmcsrb.com","og_description":"Aktiviranjem dekorativne rasvjete ve\u010deras je po\u010dela tradicionalna manifestacija Podgori\u010dki pazar, koja i ove godine donosi bogat, raznovrstan i pa\u017eljivo osmi\u0161ijen program. Manifestaciju su proglasili otvorenom predsjednica Skup\u0161tine Glavnog grada dr Jelena Borovini\u0107 Bojovi\u0107 i gradona\u010delnik Podgorice, prof. dr Sa\u0161a Mujovi\u0107.","og_url":"https:\/\/dmcsrb.com\/en\/podgorica\/na-trgu-nezavisnosti-svecano-otvoren-podgoricki-pazar\/","og_site_name":"dmcsrb.com","article_published_time":"2025-12-19T17:37:04+00:00","og_image":[{"width":1152,"height":635,"url":"https:\/\/dmcsrb.com\/wp-content\/uploads\/2026\/01\/pazar4.jpg","type":"image\/jpeg"}],"author":"dmcsrbija.com@gmail.com","twitter_card":"summary_large_image","twitter_misc":{"Written by":"dmcsrbija.com@gmail.com","Estimated reading time":"1 minute"},"schema":{"@context":"https:\/\/schema.org","@graph":[{"@type":"Article","@id":"https:\/\/dmcsrb.com\/podgorica\/na-trgu-nezavisnosti-svecano-otvoren-podgoricki-pazar\/#article","isPartOf":{"@id":"https:\/\/dmcsrb.com\/podgorica\/na-trgu-nezavisnosti-svecano-otvoren-podgoricki-pazar\/"},"author":{"name":"dmcsrbija.com@gmail.com","@id":"https:\/\/dmcsrb.com\/#\/schema\/person\/5c39170f12db1b8b457732d0b5c854e2"},"headline":"Na Trgu nezavisnosti sve\u010dano otvoren Podgori\u010dki pazar","datePublished":"2025-12-19T17:37:04+00:00","mainEntityOfPage":{"@id":"https:\/\/dmcsrb.com\/podgorica\/na-trgu-nezavisnosti-svecano-otvoren-podgoricki-pazar\/"},"wordCount":166,"commentCount":0,"image":{"@id":"https:\/\/dmcsrb.com\/podgorica\/na-trgu-nezavisnosti-svecano-otvoren-podgoricki-pazar\/#primaryimage"},"thumbnailUrl":"https:\/\/dmcsrb.com\/wp-content\/uploads\/2026\/01\/pazar4.jpg","keywords":["otvoren","podgori\u010dki pazar","Sve\u010danost"],"articleSection":["Podgorica"],"inLanguage":"en-GB","potentialAction":[{"@type":"CommentAction","name":"Comment","target":["https:\/\/dmcsrb.com\/podgorica\/na-trgu-nezavisnosti-svecano-otvoren-podgoricki-pazar\/#respond"]}]},{"@type":"WebPage","@id":"https:\/\/dmcsrb.com\/podgorica\/na-trgu-nezavisnosti-svecano-otvoren-podgoricki-pazar\/","url":"https:\/\/dmcsrb.com\/podgorica\/na-trgu-nezavisnosti-svecano-otvoren-podgoricki-pazar\/","name":"Na Trgu nezavisnosti sve\u010dano otvoren Podgori\u010dki pazar - dmcsrb.com","isPartOf":{"@id":"https:\/\/dmcsrb.com\/#website"},"primaryImageOfPage":{"@id":"https:\/\/dmcsrb.com\/podgorica\/na-trgu-nezavisnosti-svecano-otvoren-podgoricki-pazar\/#primaryimage"},"image":{"@id":"https:\/\/dmcsrb.com\/podgorica\/na-trgu-nezavisnosti-svecano-otvoren-podgoricki-pazar\/#primaryimage"},"thumbnailUrl":"https:\/\/dmcsrb.com\/wp-content\/uploads\/2026\/01\/pazar4.jpg","datePublished":"2025-12-19T17:37:04+00:00","author":{"@id":"https:\/\/dmcsrb.com\/#\/schema\/person\/5c39170f12db1b8b457732d0b5c854e2"},"breadcrumb":{"@id":"https:\/\/dmcsrb.com\/podgorica\/na-trgu-nezavisnosti-svecano-otvoren-podgoricki-pazar\/#breadcrumb"},"inLanguage":"en-GB","potentialAction":[{"@type":"ReadAction","target":["https:\/\/dmcsrb.com\/podgorica\/na-trgu-nezavisnosti-svecano-otvoren-podgoricki-pazar\/"]}]},{"@type":"ImageObject","inLanguage":"en-GB","@id":"https:\/\/dmcsrb.com\/podgorica\/na-trgu-nezavisnosti-svecano-otvoren-podgoricki-pazar\/#primaryimage","url":"https:\/\/dmcsrb.com\/wp-content\/uploads\/2026\/01\/pazar4.jpg","contentUrl":"https:\/\/dmcsrb.com\/wp-content\/uploads\/2026\/01\/pazar4.jpg","width":1152,"height":635},{"@type":"BreadcrumbList","@id":"https:\/\/dmcsrb.com\/podgorica\/na-trgu-nezavisnosti-svecano-otvoren-podgoricki-pazar\/#breadcrumb","itemListElement":[{"@type":"ListItem","position":1,"name":"Home","item":"https:\/\/dmcsrb.com\/"},{"@type":"ListItem","position":2,"name":"Na Trgu nezavisnosti sve\u010dano otvoren Podgori\u010dki pazar"}]},{"@type":"WebSite","@id":"https:\/\/dmcsrb.com\/#website","url":"https:\/\/dmcsrb.com\/","name":"dmcsrb.com","description":"","potentialAction":[{"@type":"SearchAction","target":{"@type":"EntryPoint","urlTemplate":"https:\/\/dmcsrb.com\/?s={search_term_string}"},"query-input":{"@type":"PropertyValueSpecification","valueRequired":true,"valueName":"search_term_string"}}],"inLanguage":"en-GB"},{"@type":"Person","@id":"https:\/\/dmcsrb.com\/#\/schema\/person\/5c39170f12db1b8b457732d0b5c854e2","name":"dmcsrbija.com@gmail.com","image":{"@type":"ImageObject","inLanguage":"en-GB","@id":"https:\/\/dmcsrb.com\/#\/schema\/person\/image\/","url":"https:\/\/secure.gravatar.com\/avatar\/68592660ad6347fad0fb587f8d5d8f1a7b44961362f56e4f2cd524feb87e9069?s=96&d=mm&r=g","contentUrl":"https:\/\/secure.gravatar.com\/avatar\/68592660ad6347fad0fb587f8d5d8f1a7b44961362f56e4f2cd524feb87e9069?s=96&d=mm&r=g","caption":"dmcsrbija.com@gmail.com"},"sameAs":["https:\/\/dmcsrb.com"],"url":"https:\/\/dmcsrb.com\/en\/author\/dmcsrbija-comgmail-com\/"}]}},"_links":{"self":[{"href":"https:\/\/dmcsrb.com\/en\/wp-json\/wp\/v2\/posts\/914543","targetHints":{"allow":["GET"]}}],"collection":[{"href":"https:\/\/dmcsrb.com\/en\/wp-json\/wp\/v2\/posts"}],"about":[{"href":"https:\/\/dmcsrb.com\/en\/wp-json\/wp\/v2\/types\/post"}],"author":[{"embeddable":true,"href":"https:\/\/dmcsrb.com\/en\/wp-json\/wp\/v2\/users\/1"}],"replies":[{"embeddable":true,"href":"https:\/\/dmcsrb.com\/en\/wp-json\/wp\/v2\/comments?post=914543"}],"version-history":[{"count":0,"href":"https:\/\/dmcsrb.com\/en\/wp-json\/wp\/v2\/posts\/914543\/revisions"}],"wp:featuredmedia":[{"embeddable":true,"href":"https:\/\/dmcsrb.com\/en\/wp-json\/wp\/v2\/media\/914544"}],"wp:attachment":[{"href":"https:\/\/dmcsrb.com\/en\/wp-json\/wp\/v2\/media?parent=914543"}],"wp:term":[{"taxonomy":"category","embeddable":true,"href":"https:\/\/dmcsrb.com\/en\/wp-json\/wp\/v2\/categories?post=914543"},{"taxonomy":"post_tag","embeddable":true,"href":"https:\/\/dmcsrb.com\/en\/wp-json\/wp\/v2\/tags?post=914543"},{"taxonomy":"naslovna","embeddable":true,"href":"https:\/\/dmcsrb.com\/en\/wp-json\/wp\/v2\/naslovna?post=914543"}],"curies":[{"name":"wp","href":"https:\/\/api.w.org\/{rel}","templated":true}]}}