{"id":914533,"date":"2025-12-19T19:17:00","date_gmt":"2025-12-19T18:17:00","guid":{"rendered":"https:\/\/dmcsrb.com\/uncategorized\/cikotic-solidarna-sa-boljevicem-i-radulovicem-dijelim-i-stav-i-transparent\/"},"modified":"2025-12-19T19:17:00","modified_gmt":"2025-12-19T18:17:00","slug":"cikotic-solidarna-sa-boljevicem-i-radulovicem-dijelim-i-stav-i-transparent","status":"publish","type":"post","link":"https:\/\/dmcsrb.com\/en\/politika\/cikotic-solidarna-sa-boljevicem-i-radulovicem-dijelim-i-stav-i-transparent\/","title":{"rendered":"Cikoti\u0107: Solidarna sa Boljevi\u0107em i Radulovi\u0107em, dijelim i stav i transparent"},"content":{"rendered":"<p><br><br><\/p>\n\n\n\n<p>Ona je komentarisala to \u0161to je policija po nalogu tu\u017eila\u0161tva pozvala autore transparenta istaknutog na dana\u0161njem skupu na Gorici. Poziv je upu\u0107en penzionisanom inspektoru Predragu Boljevi\u0107u i arhitekti Veselinu Batu Radulovi\u0107u, i to zbog transparenta na kojem je pisalo \u201cUsta\u0161e i \u010detnici zajedno ste bje\u017eali\u201d.<\/p>\n\n\n\n<p>\u201cSolidarna sa drugovima Boljevi\u0107em i Radulovi\u0107em, dijelim i stav i transparent\u201d, naglasila je Cikoti\u0107 na mri X.<\/p>\n\n\n\n<p><\/p>","protected":false},"excerpt":{"rendered":"<p>Uhvatite prvo Pavla \u0110uri\u0161i\u0107a, pa slobodno do\u0111ite po nas. Nas \u017eive \u0107ete lak\u0161e na\u0107i, nego mrtvog \u010dovjeka, poru\u010dila je Amina Cikoti\u0107, Uhvatite prvo Pavla \u0110uri\u0161i\u0107a, pa slobodno do\u0111ite po nas. Nas \u017eive \u0107ete lak\u0161e na\u0107i, nego mrtvog \u010dovjeka, poru\u010dila je Amina Cikoti\u0107, potpredsjednica SDP-a i predstavnica Evropskog saveza..<\/p>","protected":false},"author":1,"featured_media":910088,"comment_status":"open","ping_status":"open","sticky":false,"template":"","format":"standard","meta":{"_acf_changed":false,"footnotes":""},"categories":[12],"tags":[1377,3779],"naslovna":[],"class_list":["post-914533","post","type-post","status-publish","format-standard","has-post-thumbnail","hentry","category-politika","tag-amina-cikotic","tag-predragboljevic"],"acf":[],"yoast_head":"<!-- This site is optimized with the Yoast SEO plugin v27.4 - https:\/\/yoast.com\/product\/yoast-seo-wordpress\/ -->\n<title>Cikoti\u0107: Solidarna sa Boljevi\u0107em i Radulovi\u0107em, dijelim i stav i transparent - dmcsrb.com<\/title>\n<meta name=\"robots\" content=\"index, follow, max-snippet:-1, max-image-preview:large, max-video-preview:-1\" \/>\n<link rel=\"canonical\" href=\"https:\/\/dmcsrb.com\/en\/politika\/cikotic-solidarna-sa-boljevicem-i-radulovicem-dijelim-i-stav-i-transparent\/\" \/>\n<meta property=\"og:locale\" content=\"en_GB\" \/>\n<meta property=\"og:type\" content=\"article\" \/>\n<meta property=\"og:title\" content=\"Cikoti\u0107: Solidarna sa Boljevi\u0107em i Radulovi\u0107em, dijelim i stav i transparent - dmcsrb.com\" \/>\n<meta property=\"og:description\" content=\"Uhvatite prvo Pavla \u0110uri\u0161i\u0107a, pa slobodno do\u0111ite po nas. Nas \u017eive \u0107ete lak\u0161e na\u0107i, nego mrtvog \u010dovjeka, poru\u010dila je Amina Cikoti\u0107, Uhvatite prvo Pavla \u0110uri\u0161i\u0107a, pa slobodno do\u0111ite po nas. Nas \u017eive \u0107ete lak\u0161e na\u0107i, nego mrtvog \u010dovjeka, poru\u010dila je Amina Cikoti\u0107, potpredsjednica SDP-a i predstavnica Evropskog saveza..\" \/>\n<meta property=\"og:url\" content=\"https:\/\/dmcsrb.com\/en\/politika\/cikotic-solidarna-sa-boljevicem-i-radulovicem-dijelim-i-stav-i-transparent\/\" \/>\n<meta property=\"og:site_name\" content=\"dmcsrb.com\" \/>\n<meta property=\"article:published_time\" content=\"2025-12-19T18:17:00+00:00\" \/>\n<meta property=\"og:image\" content=\"https:\/\/dmcsrb.com\/wp-content\/uploads\/2026\/01\/Amina-Cikotic-foto-Evropski-savez.jpg\" \/>\n\t<meta property=\"og:image:width\" content=\"970\" \/>\n\t<meta property=\"og:image:height\" content=\"552\" \/>\n\t<meta property=\"og:image:type\" content=\"image\/jpeg\" \/>\n<meta name=\"author\" content=\"dmcsrbija.com@gmail.com\" \/>\n<meta name=\"twitter:card\" content=\"summary_large_image\" \/>\n<meta name=\"twitter:label1\" content=\"Written by\" \/>\n\t<meta name=\"twitter:data1\" content=\"dmcsrbija.com@gmail.com\" \/>\n<script type=\"application\/ld+json\" class=\"yoast-schema-graph\">{\"@context\":\"https:\\\/\\\/schema.org\",\"@graph\":[{\"@type\":\"Article\",\"@id\":\"https:\\\/\\\/dmcsrb.com\\\/politika\\\/cikotic-solidarna-sa-boljevicem-i-radulovicem-dijelim-i-stav-i-transparent\\\/#article\",\"isPartOf\":{\"@id\":\"https:\\\/\\\/dmcsrb.com\\\/politika\\\/cikotic-solidarna-sa-boljevicem-i-radulovicem-dijelim-i-stav-i-transparent\\\/\"},\"author\":{\"name\":\"dmcsrbija.com@gmail.com\",\"@id\":\"https:\\\/\\\/dmcsrb.com\\\/#\\\/schema\\\/person\\\/5c39170f12db1b8b457732d0b5c854e2\"},\"headline\":\"Cikoti\u0107: Solidarna sa Boljevi\u0107em i Radulovi\u0107em, dijelim i stav i transparent\",\"datePublished\":\"2025-12-19T18:17:00+00:00\",\"mainEntityOfPage\":{\"@id\":\"https:\\\/\\\/dmcsrb.com\\\/politika\\\/cikotic-solidarna-sa-boljevicem-i-radulovicem-dijelim-i-stav-i-transparent\\\/\"},\"wordCount\":85,\"commentCount\":0,\"image\":{\"@id\":\"https:\\\/\\\/dmcsrb.com\\\/politika\\\/cikotic-solidarna-sa-boljevicem-i-radulovicem-dijelim-i-stav-i-transparent\\\/#primaryimage\"},\"thumbnailUrl\":\"https:\\\/\\\/dmcsrb.com\\\/wp-content\\\/uploads\\\/2026\\\/01\\\/Amina-Cikotic-foto-Evropski-savez.jpg\",\"keywords\":[\"Amina Cikoti\u0107\",\"PredragBoljevi\u0107\"],\"articleSection\":[\"Politika\"],\"inLanguage\":\"en-GB\",\"potentialAction\":[{\"@type\":\"CommentAction\",\"name\":\"Comment\",\"target\":[\"https:\\\/\\\/dmcsrb.com\\\/politika\\\/cikotic-solidarna-sa-boljevicem-i-radulovicem-dijelim-i-stav-i-transparent\\\/#respond\"]}]},{\"@type\":\"WebPage\",\"@id\":\"https:\\\/\\\/dmcsrb.com\\\/politika\\\/cikotic-solidarna-sa-boljevicem-i-radulovicem-dijelim-i-stav-i-transparent\\\/\",\"url\":\"https:\\\/\\\/dmcsrb.com\\\/politika\\\/cikotic-solidarna-sa-boljevicem-i-radulovicem-dijelim-i-stav-i-transparent\\\/\",\"name\":\"Cikoti\u0107: Solidarna sa Boljevi\u0107em i Radulovi\u0107em, dijelim i stav i transparent - dmcsrb.com\",\"isPartOf\":{\"@id\":\"https:\\\/\\\/dmcsrb.com\\\/#website\"},\"primaryImageOfPage\":{\"@id\":\"https:\\\/\\\/dmcsrb.com\\\/politika\\\/cikotic-solidarna-sa-boljevicem-i-radulovicem-dijelim-i-stav-i-transparent\\\/#primaryimage\"},\"image\":{\"@id\":\"https:\\\/\\\/dmcsrb.com\\\/politika\\\/cikotic-solidarna-sa-boljevicem-i-radulovicem-dijelim-i-stav-i-transparent\\\/#primaryimage\"},\"thumbnailUrl\":\"https:\\\/\\\/dmcsrb.com\\\/wp-content\\\/uploads\\\/2026\\\/01\\\/Amina-Cikotic-foto-Evropski-savez.jpg\",\"datePublished\":\"2025-12-19T18:17:00+00:00\",\"author\":{\"@id\":\"https:\\\/\\\/dmcsrb.com\\\/#\\\/schema\\\/person\\\/5c39170f12db1b8b457732d0b5c854e2\"},\"breadcrumb\":{\"@id\":\"https:\\\/\\\/dmcsrb.com\\\/politika\\\/cikotic-solidarna-sa-boljevicem-i-radulovicem-dijelim-i-stav-i-transparent\\\/#breadcrumb\"},\"inLanguage\":\"en-GB\",\"potentialAction\":[{\"@type\":\"ReadAction\",\"target\":[\"https:\\\/\\\/dmcsrb.com\\\/politika\\\/cikotic-solidarna-sa-boljevicem-i-radulovicem-dijelim-i-stav-i-transparent\\\/\"]}]},{\"@type\":\"ImageObject\",\"inLanguage\":\"en-GB\",\"@id\":\"https:\\\/\\\/dmcsrb.com\\\/politika\\\/cikotic-solidarna-sa-boljevicem-i-radulovicem-dijelim-i-stav-i-transparent\\\/#primaryimage\",\"url\":\"https:\\\/\\\/dmcsrb.com\\\/wp-content\\\/uploads\\\/2026\\\/01\\\/Amina-Cikotic-foto-Evropski-savez.jpg\",\"contentUrl\":\"https:\\\/\\\/dmcsrb.com\\\/wp-content\\\/uploads\\\/2026\\\/01\\\/Amina-Cikotic-foto-Evropski-savez.jpg\",\"width\":970,\"height\":552},{\"@type\":\"BreadcrumbList\",\"@id\":\"https:\\\/\\\/dmcsrb.com\\\/politika\\\/cikotic-solidarna-sa-boljevicem-i-radulovicem-dijelim-i-stav-i-transparent\\\/#breadcrumb\",\"itemListElement\":[{\"@type\":\"ListItem\",\"position\":1,\"name\":\"Home\",\"item\":\"https:\\\/\\\/dmcsrb.com\\\/\"},{\"@type\":\"ListItem\",\"position\":2,\"name\":\"Cikoti\u0107: Solidarna sa Boljevi\u0107em i Radulovi\u0107em, dijelim i stav i transparent\"}]},{\"@type\":\"WebSite\",\"@id\":\"https:\\\/\\\/dmcsrb.com\\\/#website\",\"url\":\"https:\\\/\\\/dmcsrb.com\\\/\",\"name\":\"dmcsrb.com\",\"description\":\"\",\"potentialAction\":[{\"@type\":\"SearchAction\",\"target\":{\"@type\":\"EntryPoint\",\"urlTemplate\":\"https:\\\/\\\/dmcsrb.com\\\/?s={search_term_string}\"},\"query-input\":{\"@type\":\"PropertyValueSpecification\",\"valueRequired\":true,\"valueName\":\"search_term_string\"}}],\"inLanguage\":\"en-GB\"},{\"@type\":\"Person\",\"@id\":\"https:\\\/\\\/dmcsrb.com\\\/#\\\/schema\\\/person\\\/5c39170f12db1b8b457732d0b5c854e2\",\"name\":\"dmcsrbija.com@gmail.com\",\"image\":{\"@type\":\"ImageObject\",\"inLanguage\":\"en-GB\",\"@id\":\"https:\\\/\\\/secure.gravatar.com\\\/avatar\\\/68592660ad6347fad0fb587f8d5d8f1a7b44961362f56e4f2cd524feb87e9069?s=96&d=mm&r=g\",\"url\":\"https:\\\/\\\/secure.gravatar.com\\\/avatar\\\/68592660ad6347fad0fb587f8d5d8f1a7b44961362f56e4f2cd524feb87e9069?s=96&d=mm&r=g\",\"contentUrl\":\"https:\\\/\\\/secure.gravatar.com\\\/avatar\\\/68592660ad6347fad0fb587f8d5d8f1a7b44961362f56e4f2cd524feb87e9069?s=96&d=mm&r=g\",\"caption\":\"dmcsrbija.com@gmail.com\"},\"sameAs\":[\"https:\\\/\\\/dmcsrb.com\"],\"url\":\"https:\\\/\\\/dmcsrb.com\\\/en\\\/author\\\/dmcsrbija-comgmail-com\\\/\"}]}<\/script>\n<!-- \/ Yoast SEO plugin. -->","yoast_head_json":{"title":"Cikoti\u0107: Solidarna sa Boljevi\u0107em i Radulovi\u0107em, dijelim i stav i transparent - dmcsrb.com","robots":{"index":"index","follow":"follow","max-snippet":"max-snippet:-1","max-image-preview":"max-image-preview:large","max-video-preview":"max-video-preview:-1"},"canonical":"https:\/\/dmcsrb.com\/en\/politika\/cikotic-solidarna-sa-boljevicem-i-radulovicem-dijelim-i-stav-i-transparent\/","og_locale":"en_GB","og_type":"article","og_title":"Cikoti\u0107: Solidarna sa Boljevi\u0107em i Radulovi\u0107em, dijelim i stav i transparent - dmcsrb.com","og_description":"Uhvatite prvo Pavla \u0110uri\u0161i\u0107a, pa slobodno do\u0111ite po nas. Nas \u017eive \u0107ete lak\u0161e na\u0107i, nego mrtvog \u010dovjeka, poru\u010dila je Amina Cikoti\u0107, Uhvatite prvo Pavla \u0110uri\u0161i\u0107a, pa slobodno do\u0111ite po nas. Nas \u017eive \u0107ete lak\u0161e na\u0107i, nego mrtvog \u010dovjeka, poru\u010dila je Amina Cikoti\u0107, potpredsjednica SDP-a i predstavnica Evropskog saveza..","og_url":"https:\/\/dmcsrb.com\/en\/politika\/cikotic-solidarna-sa-boljevicem-i-radulovicem-dijelim-i-stav-i-transparent\/","og_site_name":"dmcsrb.com","article_published_time":"2025-12-19T18:17:00+00:00","og_image":[{"width":970,"height":552,"url":"https:\/\/dmcsrb.com\/wp-content\/uploads\/2026\/01\/Amina-Cikotic-foto-Evropski-savez.jpg","type":"image\/jpeg"}],"author":"dmcsrbija.com@gmail.com","twitter_card":"summary_large_image","twitter_misc":{"Written by":"dmcsrbija.com@gmail.com"},"schema":{"@context":"https:\/\/schema.org","@graph":[{"@type":"Article","@id":"https:\/\/dmcsrb.com\/politika\/cikotic-solidarna-sa-boljevicem-i-radulovicem-dijelim-i-stav-i-transparent\/#article","isPartOf":{"@id":"https:\/\/dmcsrb.com\/politika\/cikotic-solidarna-sa-boljevicem-i-radulovicem-dijelim-i-stav-i-transparent\/"},"author":{"name":"dmcsrbija.com@gmail.com","@id":"https:\/\/dmcsrb.com\/#\/schema\/person\/5c39170f12db1b8b457732d0b5c854e2"},"headline":"Cikoti\u0107: Solidarna sa Boljevi\u0107em i Radulovi\u0107em, dijelim i stav i transparent","datePublished":"2025-12-19T18:17:00+00:00","mainEntityOfPage":{"@id":"https:\/\/dmcsrb.com\/politika\/cikotic-solidarna-sa-boljevicem-i-radulovicem-dijelim-i-stav-i-transparent\/"},"wordCount":85,"commentCount":0,"image":{"@id":"https:\/\/dmcsrb.com\/politika\/cikotic-solidarna-sa-boljevicem-i-radulovicem-dijelim-i-stav-i-transparent\/#primaryimage"},"thumbnailUrl":"https:\/\/dmcsrb.com\/wp-content\/uploads\/2026\/01\/Amina-Cikotic-foto-Evropski-savez.jpg","keywords":["Amina Cikoti\u0107","PredragBoljevi\u0107"],"articleSection":["Politika"],"inLanguage":"en-GB","potentialAction":[{"@type":"CommentAction","name":"Comment","target":["https:\/\/dmcsrb.com\/politika\/cikotic-solidarna-sa-boljevicem-i-radulovicem-dijelim-i-stav-i-transparent\/#respond"]}]},{"@type":"WebPage","@id":"https:\/\/dmcsrb.com\/politika\/cikotic-solidarna-sa-boljevicem-i-radulovicem-dijelim-i-stav-i-transparent\/","url":"https:\/\/dmcsrb.com\/politika\/cikotic-solidarna-sa-boljevicem-i-radulovicem-dijelim-i-stav-i-transparent\/","name":"Cikoti\u0107: Solidarna sa Boljevi\u0107em i Radulovi\u0107em, dijelim i stav i transparent - dmcsrb.com","isPartOf":{"@id":"https:\/\/dmcsrb.com\/#website"},"primaryImageOfPage":{"@id":"https:\/\/dmcsrb.com\/politika\/cikotic-solidarna-sa-boljevicem-i-radulovicem-dijelim-i-stav-i-transparent\/#primaryimage"},"image":{"@id":"https:\/\/dmcsrb.com\/politika\/cikotic-solidarna-sa-boljevicem-i-radulovicem-dijelim-i-stav-i-transparent\/#primaryimage"},"thumbnailUrl":"https:\/\/dmcsrb.com\/wp-content\/uploads\/2026\/01\/Amina-Cikotic-foto-Evropski-savez.jpg","datePublished":"2025-12-19T18:17:00+00:00","author":{"@id":"https:\/\/dmcsrb.com\/#\/schema\/person\/5c39170f12db1b8b457732d0b5c854e2"},"breadcrumb":{"@id":"https:\/\/dmcsrb.com\/politika\/cikotic-solidarna-sa-boljevicem-i-radulovicem-dijelim-i-stav-i-transparent\/#breadcrumb"},"inLanguage":"en-GB","potentialAction":[{"@type":"ReadAction","target":["https:\/\/dmcsrb.com\/politika\/cikotic-solidarna-sa-boljevicem-i-radulovicem-dijelim-i-stav-i-transparent\/"]}]},{"@type":"ImageObject","inLanguage":"en-GB","@id":"https:\/\/dmcsrb.com\/politika\/cikotic-solidarna-sa-boljevicem-i-radulovicem-dijelim-i-stav-i-transparent\/#primaryimage","url":"https:\/\/dmcsrb.com\/wp-content\/uploads\/2026\/01\/Amina-Cikotic-foto-Evropski-savez.jpg","contentUrl":"https:\/\/dmcsrb.com\/wp-content\/uploads\/2026\/01\/Amina-Cikotic-foto-Evropski-savez.jpg","width":970,"height":552},{"@type":"BreadcrumbList","@id":"https:\/\/dmcsrb.com\/politika\/cikotic-solidarna-sa-boljevicem-i-radulovicem-dijelim-i-stav-i-transparent\/#breadcrumb","itemListElement":[{"@type":"ListItem","position":1,"name":"Home","item":"https:\/\/dmcsrb.com\/"},{"@type":"ListItem","position":2,"name":"Cikoti\u0107: Solidarna sa Boljevi\u0107em i Radulovi\u0107em, dijelim i stav i transparent"}]},{"@type":"WebSite","@id":"https:\/\/dmcsrb.com\/#website","url":"https:\/\/dmcsrb.com\/","name":"dmcsrb.com","description":"","potentialAction":[{"@type":"SearchAction","target":{"@type":"EntryPoint","urlTemplate":"https:\/\/dmcsrb.com\/?s={search_term_string}"},"query-input":{"@type":"PropertyValueSpecification","valueRequired":true,"valueName":"search_term_string"}}],"inLanguage":"en-GB"},{"@type":"Person","@id":"https:\/\/dmcsrb.com\/#\/schema\/person\/5c39170f12db1b8b457732d0b5c854e2","name":"dmcsrbija.com@gmail.com","image":{"@type":"ImageObject","inLanguage":"en-GB","@id":"https:\/\/secure.gravatar.com\/avatar\/68592660ad6347fad0fb587f8d5d8f1a7b44961362f56e4f2cd524feb87e9069?s=96&d=mm&r=g","url":"https:\/\/secure.gravatar.com\/avatar\/68592660ad6347fad0fb587f8d5d8f1a7b44961362f56e4f2cd524feb87e9069?s=96&d=mm&r=g","contentUrl":"https:\/\/secure.gravatar.com\/avatar\/68592660ad6347fad0fb587f8d5d8f1a7b44961362f56e4f2cd524feb87e9069?s=96&d=mm&r=g","caption":"dmcsrbija.com@gmail.com"},"sameAs":["https:\/\/dmcsrb.com"],"url":"https:\/\/dmcsrb.com\/en\/author\/dmcsrbija-comgmail-com\/"}]}},"_links":{"self":[{"href":"https:\/\/dmcsrb.com\/en\/wp-json\/wp\/v2\/posts\/914533","targetHints":{"allow":["GET"]}}],"collection":[{"href":"https:\/\/dmcsrb.com\/en\/wp-json\/wp\/v2\/posts"}],"about":[{"href":"https:\/\/dmcsrb.com\/en\/wp-json\/wp\/v2\/types\/post"}],"author":[{"embeddable":true,"href":"https:\/\/dmcsrb.com\/en\/wp-json\/wp\/v2\/users\/1"}],"replies":[{"embeddable":true,"href":"https:\/\/dmcsrb.com\/en\/wp-json\/wp\/v2\/comments?post=914533"}],"version-history":[{"count":0,"href":"https:\/\/dmcsrb.com\/en\/wp-json\/wp\/v2\/posts\/914533\/revisions"}],"wp:featuredmedia":[{"embeddable":true,"href":"https:\/\/dmcsrb.com\/en\/wp-json\/wp\/v2\/media\/910088"}],"wp:attachment":[{"href":"https:\/\/dmcsrb.com\/en\/wp-json\/wp\/v2\/media?parent=914533"}],"wp:term":[{"taxonomy":"category","embeddable":true,"href":"https:\/\/dmcsrb.com\/en\/wp-json\/wp\/v2\/categories?post=914533"},{"taxonomy":"post_tag","embeddable":true,"href":"https:\/\/dmcsrb.com\/en\/wp-json\/wp\/v2\/tags?post=914533"},{"taxonomy":"naslovna","embeddable":true,"href":"https:\/\/dmcsrb.com\/en\/wp-json\/wp\/v2\/naslovna?post=914533"}],"curies":[{"name":"wp","href":"https:\/\/api.w.org\/{rel}","templated":true}]}}