{"id":914482,"date":"2025-12-19T13:22:54","date_gmt":"2025-12-19T12:22:54","guid":{"rendered":"https:\/\/dmcsrb.com\/uncategorized\/jokovic-zatvaranje-poglavlja-11-i-13-potvrdjuje-da-crna-gora-ima-kapacitet-da-usvaja-evropske-standarde\/"},"modified":"2025-12-19T13:22:54","modified_gmt":"2025-12-19T12:22:54","slug":"jokovic-zatvaranje-poglavlja-11-i-13-potvrdjuje-da-crna-gora-ima-kapacitet-da-usvaja-evropske-standarde","status":"publish","type":"post","link":"https:\/\/dmcsrb.com\/en\/ekonomija\/jokovic-zatvaranje-poglavlja-11-i-13-potvrdjuje-da-crna-gora-ima-kapacitet-da-usvaja-evropske-standarde\/","title":{"rendered":"Jokovi\u0107: Zatvaranje poglavlja 11 i 13 potvr\u0111uje da Crna Gora ima kapacitet da usvaja evropske standarde"},"content":{"rendered":"<p><\/p>\n\n\n\n<p><\/p>\n\n\n\n<p>\u201cTokom cjelodnevnog dijaloga razmatrane su nacionalne politike i institucionalni okviri za transformaciju agro-prehrambenih sistema, predstavljeni konkretni primjeri i dokazi sa terena iz zemalja regiona, kao i iskustva sa lokalnog i urbanog nivoa. Posebno su doprinijele sesije i primjeri predstavnika institucija iz Srbije, Bosne i Hercegovine i Sjeverne Makedonije, kao i regionalnih NVO, \u010dime je dodatno istaknut stvarni regionalni karakter doga\u0111aja i omogu\u0107ena razmjena iskustava sa razli\u010ditih nivoa i iz razli\u010ditih sistema. Doga\u0111aj je organizovan u interaktivnom formatu, kroz vo\u0111ene panel diskusije, prezentacije primjera iz prakse i otvorenu razmjenu mi\u0161ljenja sa u\u010desnicima, \u0161to je omogu\u0107ilo direktan dijalog izme\u0111u kreatora politika, stru\u010dnjaka i drugih aktera. Poseban fokus stavljen je na ja\u010danje upravljanja i koordinacije, ulogu podataka i znanja u kreiranju politika, te na identifikovanje mogu\u0107nosti za ubrzanje reformi, ulaganja i ja\u010du regionalnu saradnju\u201d, navodi se u saop\u0161tenju.<\/p>\n\n\n\n<p>Otvaraju\u0107i doga\u0111aj, ministar poljoprivrede, \u0161umarstva i vodoprivrede Crne Gore,&nbsp;<strong>Vladimir Jokovi\u0107<\/strong>, istakao je, ka\u017eu, da se dijalog odr\u017eava u izuzetno va\u017enom trenutku za Crnu Goru, neposredno nakon zatvaranja pregovara\u010dkih poglavlja 11 \u2013 Poljoprivreda i ruralni razvoj i 13 \u2013 Ribarstvo.<\/p>\n\n\n\n<p>\u201eZatvaranje ovih poglavlja potvr\u0111uje da Crna Gora ima kapacitet da usvaja evropske standarde i gradi moderne, odr\u017eive i konkurentne agro-prehrambene sisteme. Transformacija ovog sektora nije kratkoro\u010dan proces, ve\u0107 dugoro\u010dna reforma koja zahtijeva sna\u017enu koordinaciju institucija i partnerstvo sa svim relevantnim akterima\u201c, poru\u010dio je Jokovi\u0107.<\/p>\n\n\n\n<p>Ministarka evropskih poslova,&nbsp;<strong>Maida Gor\u010devi\u0107<\/strong>, naglasila je da je evropska integracija prirodni okvir za transformaciju agro-prehrambenih sistema u Crnoj Gori.<\/p>\n\n\n\n<p>\u201eZatvaranje poglavlja 11 i 13 jasno pokazuje da smo poljoprivredu i ribarstvo pribli\u017eili evropskim standardima i postavili temelje za odr\u017eiviji, inkluzivniji i otporniji sistem. Evropska unija donosi ve\u0107u finansijsku podr\u0161ku, nova ulaganja i pristup jedinstvenom tr\u017ei\u0161tu, ali i obavezu da reforme sprovodimo odgovorno, uz sna\u017enu podr\u0161ku poljoprivrednicima i ruralnim zajednicama\u201c, istakla je Gor\u010devi\u0107.<\/p>\n\n\n\n<p>Stalna predstavnica Kancelarije Ujedinjenih nacija u Crnoj Gori,&nbsp;<strong>Karolin Tiso<\/strong>, podsjetila je da transformacija agro-prehrambenih sistema prevazilazi samu poljoprivredu i predstavlja \u0161iri dru\u0161tveni izazov.<\/p>\n\n\n\n<p>\u201cKlimatske promjene, tr\u017ei\u0161na nestabilnost, demografski trendovi i potreba za ve\u0107im uklju\u010divanjem mladih i \u017eena u ruralnim podru\u010djima zahtijevaju koordinisan, regionalni pristup i saradnju. Tiso je naglasila da Crna Gora ve\u0107 ostvaruje zna\u010dajan napredak kroz ja\u010danje sistema bezbjednosti hrane, ulaganja u klimatski pametnu poljoprivredu i uskla\u0111ivanje politika sa evropskim standardima, ali da je za narednu fazu potrebna integracija poljoprivrede sa za\u0161titom \u017eivotne sredine, zdravljem, trgovinom i socijalnom inkluzijom\u201d, navodi se u saop\u0161tenju.<\/p>\n\n\n\n<p>Zamjenik regionalnog predstavnika FAO za Evropu i Centralnu Aziju,&nbsp;<strong>Nabil Gangi<\/strong>, podsjetio je da transformacija agro-prehrambenih sistema nije samo poljoprivredna agenda.<\/p>\n\n\n\n<p>\u201eRije\u010d je o slo\u017eenom sistemu u kojem se prepli\u0107u pitanja klime, zdravlja, ishrane, prirodnih resursa i ekonomije. Nijedan izazov ne mo\u017ee se rje\u0161avati izolovano, ve\u0107 kroz dugoro\u010dan i sistemski pristup, zasnovan na pouzdanim podacima, koordinisanim politikama i sna\u017enoj saradnji izme\u0111u sektora\u201c, kazao je Gangi.<\/p>\n\n\n\n<p>U\u010desnici dijaloga posebno su, ka\u017eu, istakli da odr\u017eivo i predvidivo finansiranje predstavlja klju\u010dni preduslov uspje\u0161ne transformacije, uz potrebu sna\u017enijeg uklju\u010divanja me\u0111unarodnih organizacija, bilateralnih donatora, finansijskih institucija i diplomatskih partnera.<\/p>\n\n\n\n<p>\u201cNagla\u0161eno je da transformacija agro-prehrambenih sistema ne mo\u017ee zavisiti od jednog dokumenta ili strategije, ve\u0107 zahtijeva dugoro\u010dan proces, kontinuirani politi\u010dki dijalog, uklju\u010divanje svih aktera i jasnu povezanost nacionalnih politika sa lokalnim potrebama i regionalnim prioritetima. Dana\u0161nji doga\u0111aj je potvrdio da evropske integracije predstavljaju prirodan okvir za unapre\u0111enje agro-prehrambenih sistema u Crnoj Gori, te da regionalna saradnja i razmjena iskustava imaju klju\u010dnu ulogu u ubrzavanju odr\u017eivih i inkluzivnih rje\u0161enja u cijelom Zapadnom Balkanu\u201d, navodi se u saop\u0161tenju.<\/p>\n\n\n\n<p>Doga\u0111aj je, zaklju\u010duju, organizovan uz podr\u0161ku Organizacije za hranu i poljoprivredu Ujedinjenih nacija (FAO) i sistema Ujedinjenih nacija, kao dio \u0161ireg napora da se u regionu osna\u017ee politike i partnerstva za budu\u0107nost agro-prehrambenih sistema.<\/p>","protected":false},"excerpt":{"rendered":"<p>Regionalni dijalog o politikama o ubrzanju napretka ka odr\u017eivim, inkluzivnim i otpornim agro-prehrambenim sistemima u Zapadnom Balkanu danas je okupio u Podgorici visoke predstavnike vlada, me\u0111unarodnih organizacija, akademske zajednice, civilnog dru\u0161tva i privatnog sektora, saop\u0161teno je iz Ministarstva poljoprivrede, \u0161umarstva i vodoprivrede. Cilj doga\u0111aja bio je, kako navode, ja\u010danje me\u0111usektorske saradnje, razmjena iskustava i definisanje zajedni\u010dkih pravaca za budu\u0107i razvoj.<\/p>","protected":false},"author":1,"featured_media":914483,"comment_status":"open","ping_status":"open","sticky":false,"template":"","format":"standard","meta":{"_acf_changed":false,"footnotes":""},"categories":[27],"tags":[3748,2774],"naslovna":[],"class_list":["post-914482","post","type-post","status-publish","format-standard","has-post-thumbnail","hentry","category-ekonomija","tag-jokovic-2","tag-poglavlja"],"acf":[],"yoast_head":"<!-- This site is optimized with the Yoast SEO plugin v27.4 - https:\/\/yoast.com\/product\/yoast-seo-wordpress\/ -->\n<title>Jokovi\u0107: Zatvaranje poglavlja 11 i 13 potvr\u0111uje da Crna Gora ima kapacitet da usvaja evropske standarde - dmcsrb.com<\/title>\n<meta name=\"robots\" content=\"index, follow, max-snippet:-1, max-image-preview:large, max-video-preview:-1\" \/>\n<link rel=\"canonical\" href=\"https:\/\/dmcsrb.com\/en\/ekonomija\/jokovic-zatvaranje-poglavlja-11-i-13-potvrdjuje-da-crna-gora-ima-kapacitet-da-usvaja-evropske-standarde\/\" \/>\n<meta property=\"og:locale\" content=\"en_GB\" \/>\n<meta property=\"og:type\" content=\"article\" \/>\n<meta property=\"og:title\" content=\"Jokovi\u0107: Zatvaranje poglavlja 11 i 13 potvr\u0111uje da Crna Gora ima kapacitet da usvaja evropske standarde - dmcsrb.com\" \/>\n<meta property=\"og:description\" content=\"Regionalni dijalog o politikama o ubrzanju napretka ka odr\u017eivim, inkluzivnim i otpornim agro-prehrambenim sistemima u Zapadnom Balkanu danas je okupio u Podgorici visoke predstavnike vlada, me\u0111unarodnih organizacija, akademske zajednice, civilnog dru\u0161tva i privatnog sektora, saop\u0161teno je iz Ministarstva poljoprivrede, \u0161umarstva i vodoprivrede. Cilj doga\u0111aja bio je, kako navode, ja\u010danje me\u0111usektorske saradnje, razmjena iskustava i definisanje zajedni\u010dkih pravaca za budu\u0107i razvoj.\" \/>\n<meta property=\"og:url\" content=\"https:\/\/dmcsrb.com\/en\/ekonomija\/jokovic-zatvaranje-poglavlja-11-i-13-potvrdjuje-da-crna-gora-ima-kapacitet-da-usvaja-evropske-standarde\/\" \/>\n<meta property=\"og:site_name\" content=\"dmcsrb.com\" \/>\n<meta property=\"article:published_time\" content=\"2025-12-19T12:22:54+00:00\" \/>\n<meta property=\"og:image\" content=\"https:\/\/dmcsrb.com\/wp-content\/uploads\/2026\/01\/54991661288_5b92351d2d_o-1000x555-1.jpg\" \/>\n\t<meta property=\"og:image:width\" content=\"1000\" \/>\n\t<meta property=\"og:image:height\" content=\"555\" \/>\n\t<meta property=\"og:image:type\" content=\"image\/jpeg\" \/>\n<meta name=\"author\" content=\"dmcsrbija.com@gmail.com\" \/>\n<meta name=\"twitter:card\" content=\"summary_large_image\" \/>\n<meta name=\"twitter:label1\" content=\"Written by\" \/>\n\t<meta name=\"twitter:data1\" content=\"dmcsrbija.com@gmail.com\" \/>\n\t<meta name=\"twitter:label2\" content=\"Estimated reading time\" \/>\n\t<meta name=\"twitter:data2\" content=\"3 minutes\" \/>\n<script type=\"application\/ld+json\" class=\"yoast-schema-graph\">{\"@context\":\"https:\\\/\\\/schema.org\",\"@graph\":[{\"@type\":\"Article\",\"@id\":\"https:\\\/\\\/dmcsrb.com\\\/ekonomija\\\/jokovic-zatvaranje-poglavlja-11-i-13-potvrdjuje-da-crna-gora-ima-kapacitet-da-usvaja-evropske-standarde\\\/#article\",\"isPartOf\":{\"@id\":\"https:\\\/\\\/dmcsrb.com\\\/ekonomija\\\/jokovic-zatvaranje-poglavlja-11-i-13-potvrdjuje-da-crna-gora-ima-kapacitet-da-usvaja-evropske-standarde\\\/\"},\"author\":{\"name\":\"dmcsrbija.com@gmail.com\",\"@id\":\"https:\\\/\\\/dmcsrb.com\\\/#\\\/schema\\\/person\\\/5c39170f12db1b8b457732d0b5c854e2\"},\"headline\":\"Jokovi\u0107: Zatvaranje poglavlja 11 i 13 potvr\u0111uje da Crna Gora ima kapacitet da usvaja evropske standarde\",\"datePublished\":\"2025-12-19T12:22:54+00:00\",\"mainEntityOfPage\":{\"@id\":\"https:\\\/\\\/dmcsrb.com\\\/ekonomija\\\/jokovic-zatvaranje-poglavlja-11-i-13-potvrdjuje-da-crna-gora-ima-kapacitet-da-usvaja-evropske-standarde\\\/\"},\"wordCount\":684,\"commentCount\":0,\"image\":{\"@id\":\"https:\\\/\\\/dmcsrb.com\\\/ekonomija\\\/jokovic-zatvaranje-poglavlja-11-i-13-potvrdjuje-da-crna-gora-ima-kapacitet-da-usvaja-evropske-standarde\\\/#primaryimage\"},\"thumbnailUrl\":\"https:\\\/\\\/dmcsrb.com\\\/wp-content\\\/uploads\\\/2026\\\/01\\\/54991661288_5b92351d2d_o-1000x555-1.jpg\",\"keywords\":[\"jokovic\",\"poglavlja\"],\"articleSection\":[\"Ekonomija\"],\"inLanguage\":\"en-GB\",\"potentialAction\":[{\"@type\":\"CommentAction\",\"name\":\"Comment\",\"target\":[\"https:\\\/\\\/dmcsrb.com\\\/ekonomija\\\/jokovic-zatvaranje-poglavlja-11-i-13-potvrdjuje-da-crna-gora-ima-kapacitet-da-usvaja-evropske-standarde\\\/#respond\"]}]},{\"@type\":\"WebPage\",\"@id\":\"https:\\\/\\\/dmcsrb.com\\\/ekonomija\\\/jokovic-zatvaranje-poglavlja-11-i-13-potvrdjuje-da-crna-gora-ima-kapacitet-da-usvaja-evropske-standarde\\\/\",\"url\":\"https:\\\/\\\/dmcsrb.com\\\/ekonomija\\\/jokovic-zatvaranje-poglavlja-11-i-13-potvrdjuje-da-crna-gora-ima-kapacitet-da-usvaja-evropske-standarde\\\/\",\"name\":\"Jokovi\u0107: Zatvaranje poglavlja 11 i 13 potvr\u0111uje da Crna Gora ima kapacitet da usvaja evropske standarde - dmcsrb.com\",\"isPartOf\":{\"@id\":\"https:\\\/\\\/dmcsrb.com\\\/#website\"},\"primaryImageOfPage\":{\"@id\":\"https:\\\/\\\/dmcsrb.com\\\/ekonomija\\\/jokovic-zatvaranje-poglavlja-11-i-13-potvrdjuje-da-crna-gora-ima-kapacitet-da-usvaja-evropske-standarde\\\/#primaryimage\"},\"image\":{\"@id\":\"https:\\\/\\\/dmcsrb.com\\\/ekonomija\\\/jokovic-zatvaranje-poglavlja-11-i-13-potvrdjuje-da-crna-gora-ima-kapacitet-da-usvaja-evropske-standarde\\\/#primaryimage\"},\"thumbnailUrl\":\"https:\\\/\\\/dmcsrb.com\\\/wp-content\\\/uploads\\\/2026\\\/01\\\/54991661288_5b92351d2d_o-1000x555-1.jpg\",\"datePublished\":\"2025-12-19T12:22:54+00:00\",\"author\":{\"@id\":\"https:\\\/\\\/dmcsrb.com\\\/#\\\/schema\\\/person\\\/5c39170f12db1b8b457732d0b5c854e2\"},\"breadcrumb\":{\"@id\":\"https:\\\/\\\/dmcsrb.com\\\/ekonomija\\\/jokovic-zatvaranje-poglavlja-11-i-13-potvrdjuje-da-crna-gora-ima-kapacitet-da-usvaja-evropske-standarde\\\/#breadcrumb\"},\"inLanguage\":\"en-GB\",\"potentialAction\":[{\"@type\":\"ReadAction\",\"target\":[\"https:\\\/\\\/dmcsrb.com\\\/ekonomija\\\/jokovic-zatvaranje-poglavlja-11-i-13-potvrdjuje-da-crna-gora-ima-kapacitet-da-usvaja-evropske-standarde\\\/\"]}]},{\"@type\":\"ImageObject\",\"inLanguage\":\"en-GB\",\"@id\":\"https:\\\/\\\/dmcsrb.com\\\/ekonomija\\\/jokovic-zatvaranje-poglavlja-11-i-13-potvrdjuje-da-crna-gora-ima-kapacitet-da-usvaja-evropske-standarde\\\/#primaryimage\",\"url\":\"https:\\\/\\\/dmcsrb.com\\\/wp-content\\\/uploads\\\/2026\\\/01\\\/54991661288_5b92351d2d_o-1000x555-1.jpg\",\"contentUrl\":\"https:\\\/\\\/dmcsrb.com\\\/wp-content\\\/uploads\\\/2026\\\/01\\\/54991661288_5b92351d2d_o-1000x555-1.jpg\",\"width\":1000,\"height\":555},{\"@type\":\"BreadcrumbList\",\"@id\":\"https:\\\/\\\/dmcsrb.com\\\/ekonomija\\\/jokovic-zatvaranje-poglavlja-11-i-13-potvrdjuje-da-crna-gora-ima-kapacitet-da-usvaja-evropske-standarde\\\/#breadcrumb\",\"itemListElement\":[{\"@type\":\"ListItem\",\"position\":1,\"name\":\"Home\",\"item\":\"https:\\\/\\\/dmcsrb.com\\\/\"},{\"@type\":\"ListItem\",\"position\":2,\"name\":\"Jokovi\u0107: Zatvaranje poglavlja 11 i 13 potvr\u0111uje da Crna Gora ima kapacitet da usvaja evropske standarde\"}]},{\"@type\":\"WebSite\",\"@id\":\"https:\\\/\\\/dmcsrb.com\\\/#website\",\"url\":\"https:\\\/\\\/dmcsrb.com\\\/\",\"name\":\"dmcsrb.com\",\"description\":\"\",\"potentialAction\":[{\"@type\":\"SearchAction\",\"target\":{\"@type\":\"EntryPoint\",\"urlTemplate\":\"https:\\\/\\\/dmcsrb.com\\\/?s={search_term_string}\"},\"query-input\":{\"@type\":\"PropertyValueSpecification\",\"valueRequired\":true,\"valueName\":\"search_term_string\"}}],\"inLanguage\":\"en-GB\"},{\"@type\":\"Person\",\"@id\":\"https:\\\/\\\/dmcsrb.com\\\/#\\\/schema\\\/person\\\/5c39170f12db1b8b457732d0b5c854e2\",\"name\":\"dmcsrbija.com@gmail.com\",\"image\":{\"@type\":\"ImageObject\",\"inLanguage\":\"en-GB\",\"@id\":\"https:\\\/\\\/secure.gravatar.com\\\/avatar\\\/68592660ad6347fad0fb587f8d5d8f1a7b44961362f56e4f2cd524feb87e9069?s=96&d=mm&r=g\",\"url\":\"https:\\\/\\\/secure.gravatar.com\\\/avatar\\\/68592660ad6347fad0fb587f8d5d8f1a7b44961362f56e4f2cd524feb87e9069?s=96&d=mm&r=g\",\"contentUrl\":\"https:\\\/\\\/secure.gravatar.com\\\/avatar\\\/68592660ad6347fad0fb587f8d5d8f1a7b44961362f56e4f2cd524feb87e9069?s=96&d=mm&r=g\",\"caption\":\"dmcsrbija.com@gmail.com\"},\"sameAs\":[\"https:\\\/\\\/dmcsrb.com\"],\"url\":\"https:\\\/\\\/dmcsrb.com\\\/en\\\/author\\\/dmcsrbija-comgmail-com\\\/\"}]}<\/script>\n<!-- \/ Yoast SEO plugin. -->","yoast_head_json":{"title":"Jokovi\u0107: Zatvaranje poglavlja 11 i 13 potvr\u0111uje da Crna Gora ima kapacitet da usvaja evropske standarde - dmcsrb.com","robots":{"index":"index","follow":"follow","max-snippet":"max-snippet:-1","max-image-preview":"max-image-preview:large","max-video-preview":"max-video-preview:-1"},"canonical":"https:\/\/dmcsrb.com\/en\/ekonomija\/jokovic-zatvaranje-poglavlja-11-i-13-potvrdjuje-da-crna-gora-ima-kapacitet-da-usvaja-evropske-standarde\/","og_locale":"en_GB","og_type":"article","og_title":"Jokovi\u0107: Zatvaranje poglavlja 11 i 13 potvr\u0111uje da Crna Gora ima kapacitet da usvaja evropske standarde - dmcsrb.com","og_description":"Regionalni dijalog o politikama o ubrzanju napretka ka odr\u017eivim, inkluzivnim i otpornim agro-prehrambenim sistemima u Zapadnom Balkanu danas je okupio u Podgorici visoke predstavnike vlada, me\u0111unarodnih organizacija, akademske zajednice, civilnog dru\u0161tva i privatnog sektora, saop\u0161teno je iz Ministarstva poljoprivrede, \u0161umarstva i vodoprivrede. Cilj doga\u0111aja bio je, kako navode, ja\u010danje me\u0111usektorske saradnje, razmjena iskustava i definisanje zajedni\u010dkih pravaca za budu\u0107i razvoj.","og_url":"https:\/\/dmcsrb.com\/en\/ekonomija\/jokovic-zatvaranje-poglavlja-11-i-13-potvrdjuje-da-crna-gora-ima-kapacitet-da-usvaja-evropske-standarde\/","og_site_name":"dmcsrb.com","article_published_time":"2025-12-19T12:22:54+00:00","og_image":[{"width":1000,"height":555,"url":"https:\/\/dmcsrb.com\/wp-content\/uploads\/2026\/01\/54991661288_5b92351d2d_o-1000x555-1.jpg","type":"image\/jpeg"}],"author":"dmcsrbija.com@gmail.com","twitter_card":"summary_large_image","twitter_misc":{"Written by":"dmcsrbija.com@gmail.com","Estimated reading time":"3 minutes"},"schema":{"@context":"https:\/\/schema.org","@graph":[{"@type":"Article","@id":"https:\/\/dmcsrb.com\/ekonomija\/jokovic-zatvaranje-poglavlja-11-i-13-potvrdjuje-da-crna-gora-ima-kapacitet-da-usvaja-evropske-standarde\/#article","isPartOf":{"@id":"https:\/\/dmcsrb.com\/ekonomija\/jokovic-zatvaranje-poglavlja-11-i-13-potvrdjuje-da-crna-gora-ima-kapacitet-da-usvaja-evropske-standarde\/"},"author":{"name":"dmcsrbija.com@gmail.com","@id":"https:\/\/dmcsrb.com\/#\/schema\/person\/5c39170f12db1b8b457732d0b5c854e2"},"headline":"Jokovi\u0107: Zatvaranje poglavlja 11 i 13 potvr\u0111uje da Crna Gora ima kapacitet da usvaja evropske standarde","datePublished":"2025-12-19T12:22:54+00:00","mainEntityOfPage":{"@id":"https:\/\/dmcsrb.com\/ekonomija\/jokovic-zatvaranje-poglavlja-11-i-13-potvrdjuje-da-crna-gora-ima-kapacitet-da-usvaja-evropske-standarde\/"},"wordCount":684,"commentCount":0,"image":{"@id":"https:\/\/dmcsrb.com\/ekonomija\/jokovic-zatvaranje-poglavlja-11-i-13-potvrdjuje-da-crna-gora-ima-kapacitet-da-usvaja-evropske-standarde\/#primaryimage"},"thumbnailUrl":"https:\/\/dmcsrb.com\/wp-content\/uploads\/2026\/01\/54991661288_5b92351d2d_o-1000x555-1.jpg","keywords":["jokovic","poglavlja"],"articleSection":["Ekonomija"],"inLanguage":"en-GB","potentialAction":[{"@type":"CommentAction","name":"Comment","target":["https:\/\/dmcsrb.com\/ekonomija\/jokovic-zatvaranje-poglavlja-11-i-13-potvrdjuje-da-crna-gora-ima-kapacitet-da-usvaja-evropske-standarde\/#respond"]}]},{"@type":"WebPage","@id":"https:\/\/dmcsrb.com\/ekonomija\/jokovic-zatvaranje-poglavlja-11-i-13-potvrdjuje-da-crna-gora-ima-kapacitet-da-usvaja-evropske-standarde\/","url":"https:\/\/dmcsrb.com\/ekonomija\/jokovic-zatvaranje-poglavlja-11-i-13-potvrdjuje-da-crna-gora-ima-kapacitet-da-usvaja-evropske-standarde\/","name":"Jokovi\u0107: Zatvaranje poglavlja 11 i 13 potvr\u0111uje da Crna Gora ima kapacitet da usvaja evropske standarde - dmcsrb.com","isPartOf":{"@id":"https:\/\/dmcsrb.com\/#website"},"primaryImageOfPage":{"@id":"https:\/\/dmcsrb.com\/ekonomija\/jokovic-zatvaranje-poglavlja-11-i-13-potvrdjuje-da-crna-gora-ima-kapacitet-da-usvaja-evropske-standarde\/#primaryimage"},"image":{"@id":"https:\/\/dmcsrb.com\/ekonomija\/jokovic-zatvaranje-poglavlja-11-i-13-potvrdjuje-da-crna-gora-ima-kapacitet-da-usvaja-evropske-standarde\/#primaryimage"},"thumbnailUrl":"https:\/\/dmcsrb.com\/wp-content\/uploads\/2026\/01\/54991661288_5b92351d2d_o-1000x555-1.jpg","datePublished":"2025-12-19T12:22:54+00:00","author":{"@id":"https:\/\/dmcsrb.com\/#\/schema\/person\/5c39170f12db1b8b457732d0b5c854e2"},"breadcrumb":{"@id":"https:\/\/dmcsrb.com\/ekonomija\/jokovic-zatvaranje-poglavlja-11-i-13-potvrdjuje-da-crna-gora-ima-kapacitet-da-usvaja-evropske-standarde\/#breadcrumb"},"inLanguage":"en-GB","potentialAction":[{"@type":"ReadAction","target":["https:\/\/dmcsrb.com\/ekonomija\/jokovic-zatvaranje-poglavlja-11-i-13-potvrdjuje-da-crna-gora-ima-kapacitet-da-usvaja-evropske-standarde\/"]}]},{"@type":"ImageObject","inLanguage":"en-GB","@id":"https:\/\/dmcsrb.com\/ekonomija\/jokovic-zatvaranje-poglavlja-11-i-13-potvrdjuje-da-crna-gora-ima-kapacitet-da-usvaja-evropske-standarde\/#primaryimage","url":"https:\/\/dmcsrb.com\/wp-content\/uploads\/2026\/01\/54991661288_5b92351d2d_o-1000x555-1.jpg","contentUrl":"https:\/\/dmcsrb.com\/wp-content\/uploads\/2026\/01\/54991661288_5b92351d2d_o-1000x555-1.jpg","width":1000,"height":555},{"@type":"BreadcrumbList","@id":"https:\/\/dmcsrb.com\/ekonomija\/jokovic-zatvaranje-poglavlja-11-i-13-potvrdjuje-da-crna-gora-ima-kapacitet-da-usvaja-evropske-standarde\/#breadcrumb","itemListElement":[{"@type":"ListItem","position":1,"name":"Home","item":"https:\/\/dmcsrb.com\/"},{"@type":"ListItem","position":2,"name":"Jokovi\u0107: Zatvaranje poglavlja 11 i 13 potvr\u0111uje da Crna Gora ima kapacitet da usvaja evropske standarde"}]},{"@type":"WebSite","@id":"https:\/\/dmcsrb.com\/#website","url":"https:\/\/dmcsrb.com\/","name":"dmcsrb.com","description":"","potentialAction":[{"@type":"SearchAction","target":{"@type":"EntryPoint","urlTemplate":"https:\/\/dmcsrb.com\/?s={search_term_string}"},"query-input":{"@type":"PropertyValueSpecification","valueRequired":true,"valueName":"search_term_string"}}],"inLanguage":"en-GB"},{"@type":"Person","@id":"https:\/\/dmcsrb.com\/#\/schema\/person\/5c39170f12db1b8b457732d0b5c854e2","name":"dmcsrbija.com@gmail.com","image":{"@type":"ImageObject","inLanguage":"en-GB","@id":"https:\/\/secure.gravatar.com\/avatar\/68592660ad6347fad0fb587f8d5d8f1a7b44961362f56e4f2cd524feb87e9069?s=96&d=mm&r=g","url":"https:\/\/secure.gravatar.com\/avatar\/68592660ad6347fad0fb587f8d5d8f1a7b44961362f56e4f2cd524feb87e9069?s=96&d=mm&r=g","contentUrl":"https:\/\/secure.gravatar.com\/avatar\/68592660ad6347fad0fb587f8d5d8f1a7b44961362f56e4f2cd524feb87e9069?s=96&d=mm&r=g","caption":"dmcsrbija.com@gmail.com"},"sameAs":["https:\/\/dmcsrb.com"],"url":"https:\/\/dmcsrb.com\/en\/author\/dmcsrbija-comgmail-com\/"}]}},"_links":{"self":[{"href":"https:\/\/dmcsrb.com\/en\/wp-json\/wp\/v2\/posts\/914482","targetHints":{"allow":["GET"]}}],"collection":[{"href":"https:\/\/dmcsrb.com\/en\/wp-json\/wp\/v2\/posts"}],"about":[{"href":"https:\/\/dmcsrb.com\/en\/wp-json\/wp\/v2\/types\/post"}],"author":[{"embeddable":true,"href":"https:\/\/dmcsrb.com\/en\/wp-json\/wp\/v2\/users\/1"}],"replies":[{"embeddable":true,"href":"https:\/\/dmcsrb.com\/en\/wp-json\/wp\/v2\/comments?post=914482"}],"version-history":[{"count":0,"href":"https:\/\/dmcsrb.com\/en\/wp-json\/wp\/v2\/posts\/914482\/revisions"}],"wp:featuredmedia":[{"embeddable":true,"href":"https:\/\/dmcsrb.com\/en\/wp-json\/wp\/v2\/media\/914483"}],"wp:attachment":[{"href":"https:\/\/dmcsrb.com\/en\/wp-json\/wp\/v2\/media?parent=914482"}],"wp:term":[{"taxonomy":"category","embeddable":true,"href":"https:\/\/dmcsrb.com\/en\/wp-json\/wp\/v2\/categories?post=914482"},{"taxonomy":"post_tag","embeddable":true,"href":"https:\/\/dmcsrb.com\/en\/wp-json\/wp\/v2\/tags?post=914482"},{"taxonomy":"naslovna","embeddable":true,"href":"https:\/\/dmcsrb.com\/en\/wp-json\/wp\/v2\/naslovna?post=914482"}],"curies":[{"name":"wp","href":"https:\/\/api.w.org\/{rel}","templated":true}]}}