{"id":914400,"date":"2025-12-19T08:11:00","date_gmt":"2025-12-19T07:11:00","guid":{"rendered":"https:\/\/dmcsrb.com\/uncategorized\/povodom-dana-oslobodjenja-podgorice-polozen-vijenac-na-spomenik-partizanu-borcu-na-gorici-dan-kada-je-receno-ne-fasizmu\/"},"modified":"2025-12-19T08:11:00","modified_gmt":"2025-12-19T07:11:00","slug":"povodom-dana-oslobodjenja-podgorice-polozen-vijenac-na-spomenik-partizanu-borcu-na-gorici-dan-kada-je-receno-ne-fasizmu","status":"publish","type":"post","link":"https:\/\/dmcsrb.com\/en\/podgorica\/povodom-dana-oslobodjenja-podgorice-polozen-vijenac-na-spomenik-partizanu-borcu-na-gorici-dan-kada-je-receno-ne-fasizmu\/","title":{"rendered":"Povodom Dana oslobo\u0111enja Podgorice polo\u017een vijenac na spomenik Partizanu borcu na Gorici: &#8220;Dan kada je re\u010deno &#8216;ne&#8217; fa\u0161izmu&#8221;"},"content":{"rendered":"<p><\/p>\n\n\n\n<p>\u201eDan kada je re\u010deno \u2018ne\u2019 fa\u0161izmu \u2013 retrogradnoj ideologiji koja je prijetila da pokori svijet. Danas smo ovdje da obilje\u017eimo taj datum, da iska\u017eemo po\u0161tovanje prema generacijama koje su se prije nas borile i izborile za na\u0161 grad. Zahvaljuju\u0107i njima, stvoreni su uslovi da danas u\u017eivamo u slobodi, koju moramo \u010duvati, ba\u0161tiniti i prenijeti narednim generacijama, ba\u0161 kao \u0161to su na\u0161i preci ostavili dobru osnovu nama\u201c, istakao je gradona\u010delnik Mujovi\u0107.<\/p>\n\n\n\n<figure class=\"wp-block-image\"><img decoding=\"async\" src=\"https:\/\/podgorica.me\/wp-content\/uploads\/2025\/12\/1000060773-1024x812.jpg\" alt=\"\" class=\"wp-image-59258\"\/><\/figure>\n\n\n\n<figure class=\"wp-block-image\"><img decoding=\"async\" src=\"https:\/\/podgorica.me\/wp-content\/uploads\/2025\/12\/1000060768-1024x768.jpg\" alt=\"\" class=\"wp-image-59255\"\/><\/figure>\n\n\n\n<p>\u201e19. decembar jedan je od najva\u017enijih datuma za Crnu Goru, ali i za na\u0161 Glavni grad. Danas smo gradona\u010delnik i ja odali po\u010dast svim borcima koji su hrabro dali \u017eivote u borbi za slobodu Podgorice. Poruka sa ovog mjesta je da su zajedni\u0161tvo, mir i dostojanstvo \u2013 sve ono \u0161to na\u0161 grad iskreno zaslu\u017euje\u201d, kazala je predsjednica Skup\u0161tine Glavnog grada Podgorice, Jelena Borovini\u0107 Bojovi\u0107.<\/p>\n\n\n\n<figure class=\"wp-block-image\"><img decoding=\"async\" src=\"https:\/\/podgorica.me\/wp-content\/uploads\/2025\/12\/1000060771-1024x768.jpg\" alt=\"\" class=\"wp-image-59257\"\/><\/figure>\n\n\n\n<p>Na dana\u0161nji dan, prije 81 godinu, Podgorica je oslobo\u0111ena od okupatora. Tokom Drugog svjetskog rata grad je pretrpio brojna razaranja i bio bombardovan vi\u0161e od 70 puta.<\/p>","protected":false},"excerpt":{"rendered":"<p>Gradona\u010delnik Podgorice, Sa\u0161a Mujovi\u0107 i predsjednica Skup\u0161tine Glavnog grada, Jelena Borovini\u0107 Bojovi\u0107, polo\u017eili su vijenac na spomenik Partizanu borcu na Gorici, povodom Dana oslobo\u0111enja Podgorice, 19. decembra.<\/p>","protected":false},"author":1,"featured_media":914401,"comment_status":"open","ping_status":"open","sticky":false,"template":"","format":"standard","meta":{"_acf_changed":false,"footnotes":""},"categories":[56],"tags":[3689,574,174],"naslovna":[],"class_list":["post-914400","post","type-post","status-publish","format-standard","has-post-thumbnail","hentry","category-podgorica","tag-dan-oslobodjenja-podgorice","tag-jelena-borovinic-bojovic","tag-sasa-mujovic"],"acf":[],"yoast_head":"<!-- This site is optimized with the Yoast SEO plugin v27.0 - https:\/\/yoast.com\/product\/yoast-seo-wordpress\/ -->\n<title>Povodom Dana oslobo\u0111enja Podgorice polo\u017een vijenac na spomenik Partizanu borcu na Gorici: &quot;Dan kada je re\u010deno &#039;ne&#039; fa\u0161izmu&quot; - dmcsrb.com<\/title>\n<meta name=\"robots\" content=\"index, follow, max-snippet:-1, max-image-preview:large, max-video-preview:-1\" \/>\n<link rel=\"canonical\" href=\"https:\/\/dmcsrb.com\/en\/podgorica\/povodom-dana-oslobodjenja-podgorice-polozen-vijenac-na-spomenik-partizanu-borcu-na-gorici-dan-kada-je-receno-ne-fasizmu\/\" \/>\n<meta property=\"og:locale\" content=\"en_GB\" \/>\n<meta property=\"og:type\" content=\"article\" \/>\n<meta property=\"og:title\" content=\"Povodom Dana oslobo\u0111enja Podgorice polo\u017een vijenac na spomenik Partizanu borcu na Gorici: &quot;Dan kada je re\u010deno &#039;ne&#039; fa\u0161izmu&quot; - dmcsrb.com\" \/>\n<meta property=\"og:description\" content=\"Gradona\u010delnik Podgorice, Sa\u0161a Mujovi\u0107 i predsjednica Skup\u0161tine Glavnog grada, Jelena Borovini\u0107 Bojovi\u0107, polo\u017eili su vijenac na spomenik Partizanu borcu na Gorici, povodom Dana oslobo\u0111enja Podgorice, 19. decembra.\" \/>\n<meta property=\"og:url\" content=\"https:\/\/dmcsrb.com\/en\/podgorica\/povodom-dana-oslobodjenja-podgorice-polozen-vijenac-na-spomenik-partizanu-borcu-na-gorici-dan-kada-je-receno-ne-fasizmu\/\" \/>\n<meta property=\"og:site_name\" content=\"dmcsrb.com\" \/>\n<meta property=\"article:published_time\" content=\"2025-12-19T07:11:00+00:00\" \/>\n<meta property=\"og:image\" content=\"https:\/\/dmcsrb.com\/wp-content\/uploads\/2026\/01\/Mujovic-i-Borovinic-Bojovic-polozili-vijence-foto-glavni-grad.jpg\" \/>\n\t<meta property=\"og:image:width\" content=\"1012\" \/>\n\t<meta property=\"og:image:height\" content=\"664\" \/>\n\t<meta property=\"og:image:type\" content=\"image\/jpeg\" \/>\n<meta name=\"author\" content=\"dmcsrbija.com@gmail.com\" \/>\n<meta name=\"twitter:card\" content=\"summary_large_image\" \/>\n<meta name=\"twitter:label1\" content=\"Written by\" \/>\n\t<meta name=\"twitter:data1\" content=\"dmcsrbija.com@gmail.com\" \/>\n\t<meta name=\"twitter:label2\" content=\"Estimated reading time\" \/>\n\t<meta name=\"twitter:data2\" content=\"1 minute\" \/>\n<script type=\"application\/ld+json\" class=\"yoast-schema-graph\">{\"@context\":\"https:\/\/schema.org\",\"@graph\":[{\"@type\":\"Article\",\"@id\":\"https:\/\/dmcsrb.com\/podgorica\/povodom-dana-oslobodjenja-podgorice-polozen-vijenac-na-spomenik-partizanu-borcu-na-gorici-dan-kada-je-receno-ne-fasizmu\/#article\",\"isPartOf\":{\"@id\":\"https:\/\/dmcsrb.com\/podgorica\/povodom-dana-oslobodjenja-podgorice-polozen-vijenac-na-spomenik-partizanu-borcu-na-gorici-dan-kada-je-receno-ne-fasizmu\/\"},\"author\":{\"name\":\"dmcsrbija.com@gmail.com\",\"@id\":\"https:\/\/dmcsrb.com\/#\/schema\/person\/5c39170f12db1b8b457732d0b5c854e2\"},\"headline\":\"Povodom Dana oslobo\u0111enja Podgorice polo\u017een vijenac na spomenik Partizanu borcu na Gorici: &#8220;Dan kada je re\u010deno &#8216;ne&#8217; fa\u0161izmu&#8221;\",\"datePublished\":\"2025-12-19T07:11:00+00:00\",\"mainEntityOfPage\":{\"@id\":\"https:\/\/dmcsrb.com\/podgorica\/povodom-dana-oslobodjenja-podgorice-polozen-vijenac-na-spomenik-partizanu-borcu-na-gorici-dan-kada-je-receno-ne-fasizmu\/\"},\"wordCount\":197,\"commentCount\":0,\"image\":{\"@id\":\"https:\/\/dmcsrb.com\/podgorica\/povodom-dana-oslobodjenja-podgorice-polozen-vijenac-na-spomenik-partizanu-borcu-na-gorici-dan-kada-je-receno-ne-fasizmu\/#primaryimage\"},\"thumbnailUrl\":\"https:\/\/dmcsrb.com\/wp-content\/uploads\/2026\/01\/Mujovic-i-Borovinic-Bojovic-polozili-vijence-foto-glavni-grad.jpg\",\"keywords\":[\"Dan oslobo\u0111enja Podgorice\",\"Jelena Borovini\u0107 Bojovi\u0107\",\"Sa\u0161a Mujovi\u0107\"],\"articleSection\":[\"Podgorica\"],\"inLanguage\":\"en-GB\",\"potentialAction\":[{\"@type\":\"CommentAction\",\"name\":\"Comment\",\"target\":[\"https:\/\/dmcsrb.com\/podgorica\/povodom-dana-oslobodjenja-podgorice-polozen-vijenac-na-spomenik-partizanu-borcu-na-gorici-dan-kada-je-receno-ne-fasizmu\/#respond\"]}]},{\"@type\":\"WebPage\",\"@id\":\"https:\/\/dmcsrb.com\/podgorica\/povodom-dana-oslobodjenja-podgorice-polozen-vijenac-na-spomenik-partizanu-borcu-na-gorici-dan-kada-je-receno-ne-fasizmu\/\",\"url\":\"https:\/\/dmcsrb.com\/podgorica\/povodom-dana-oslobodjenja-podgorice-polozen-vijenac-na-spomenik-partizanu-borcu-na-gorici-dan-kada-je-receno-ne-fasizmu\/\",\"name\":\"Povodom Dana oslobo\u0111enja Podgorice polo\u017een vijenac na spomenik Partizanu borcu na Gorici: \\\"Dan kada je re\u010deno 'ne' fa\u0161izmu\\\" - dmcsrb.com\",\"isPartOf\":{\"@id\":\"https:\/\/dmcsrb.com\/#website\"},\"primaryImageOfPage\":{\"@id\":\"https:\/\/dmcsrb.com\/podgorica\/povodom-dana-oslobodjenja-podgorice-polozen-vijenac-na-spomenik-partizanu-borcu-na-gorici-dan-kada-je-receno-ne-fasizmu\/#primaryimage\"},\"image\":{\"@id\":\"https:\/\/dmcsrb.com\/podgorica\/povodom-dana-oslobodjenja-podgorice-polozen-vijenac-na-spomenik-partizanu-borcu-na-gorici-dan-kada-je-receno-ne-fasizmu\/#primaryimage\"},\"thumbnailUrl\":\"https:\/\/dmcsrb.com\/wp-content\/uploads\/2026\/01\/Mujovic-i-Borovinic-Bojovic-polozili-vijence-foto-glavni-grad.jpg\",\"datePublished\":\"2025-12-19T07:11:00+00:00\",\"author\":{\"@id\":\"https:\/\/dmcsrb.com\/#\/schema\/person\/5c39170f12db1b8b457732d0b5c854e2\"},\"breadcrumb\":{\"@id\":\"https:\/\/dmcsrb.com\/podgorica\/povodom-dana-oslobodjenja-podgorice-polozen-vijenac-na-spomenik-partizanu-borcu-na-gorici-dan-kada-je-receno-ne-fasizmu\/#breadcrumb\"},\"inLanguage\":\"en-GB\",\"potentialAction\":[{\"@type\":\"ReadAction\",\"target\":[\"https:\/\/dmcsrb.com\/podgorica\/povodom-dana-oslobodjenja-podgorice-polozen-vijenac-na-spomenik-partizanu-borcu-na-gorici-dan-kada-je-receno-ne-fasizmu\/\"]}]},{\"@type\":\"ImageObject\",\"inLanguage\":\"en-GB\",\"@id\":\"https:\/\/dmcsrb.com\/podgorica\/povodom-dana-oslobodjenja-podgorice-polozen-vijenac-na-spomenik-partizanu-borcu-na-gorici-dan-kada-je-receno-ne-fasizmu\/#primaryimage\",\"url\":\"https:\/\/dmcsrb.com\/wp-content\/uploads\/2026\/01\/Mujovic-i-Borovinic-Bojovic-polozili-vijence-foto-glavni-grad.jpg\",\"contentUrl\":\"https:\/\/dmcsrb.com\/wp-content\/uploads\/2026\/01\/Mujovic-i-Borovinic-Bojovic-polozili-vijence-foto-glavni-grad.jpg\",\"width\":1012,\"height\":664},{\"@type\":\"BreadcrumbList\",\"@id\":\"https:\/\/dmcsrb.com\/podgorica\/povodom-dana-oslobodjenja-podgorice-polozen-vijenac-na-spomenik-partizanu-borcu-na-gorici-dan-kada-je-receno-ne-fasizmu\/#breadcrumb\",\"itemListElement\":[{\"@type\":\"ListItem\",\"position\":1,\"name\":\"Home\",\"item\":\"https:\/\/dmcsrb.com\/\"},{\"@type\":\"ListItem\",\"position\":2,\"name\":\"Povodom Dana oslobo\u0111enja Podgorice polo\u017een vijenac na spomenik Partizanu borcu na Gorici: &#8220;Dan kada je re\u010deno &#8216;ne&#8217; fa\u0161izmu&#8221;\"}]},{\"@type\":\"WebSite\",\"@id\":\"https:\/\/dmcsrb.com\/#website\",\"url\":\"https:\/\/dmcsrb.com\/\",\"name\":\"dmcsrb.com\",\"description\":\"\",\"potentialAction\":[{\"@type\":\"SearchAction\",\"target\":{\"@type\":\"EntryPoint\",\"urlTemplate\":\"https:\/\/dmcsrb.com\/?s={search_term_string}\"},\"query-input\":{\"@type\":\"PropertyValueSpecification\",\"valueRequired\":true,\"valueName\":\"search_term_string\"}}],\"inLanguage\":\"en-GB\"},{\"@type\":\"Person\",\"@id\":\"https:\/\/dmcsrb.com\/#\/schema\/person\/5c39170f12db1b8b457732d0b5c854e2\",\"name\":\"dmcsrbija.com@gmail.com\",\"image\":{\"@type\":\"ImageObject\",\"inLanguage\":\"en-GB\",\"@id\":\"https:\/\/dmcsrb.com\/#\/schema\/person\/image\/\",\"url\":\"https:\/\/secure.gravatar.com\/avatar\/68592660ad6347fad0fb587f8d5d8f1a7b44961362f56e4f2cd524feb87e9069?s=96&d=mm&r=g\",\"contentUrl\":\"https:\/\/secure.gravatar.com\/avatar\/68592660ad6347fad0fb587f8d5d8f1a7b44961362f56e4f2cd524feb87e9069?s=96&d=mm&r=g\",\"caption\":\"dmcsrbija.com@gmail.com\"},\"sameAs\":[\"https:\/\/dmcsrb.com\"],\"url\":\"https:\/\/dmcsrb.com\/en\/author\/dmcsrbija-comgmail-com\/\"}]}<\/script>\n<!-- \/ Yoast SEO plugin. -->","yoast_head_json":{"title":"Povodom Dana oslobo\u0111enja Podgorice polo\u017een vijenac na spomenik Partizanu borcu na Gorici: \"Dan kada je re\u010deno 'ne' fa\u0161izmu\" - dmcsrb.com","robots":{"index":"index","follow":"follow","max-snippet":"max-snippet:-1","max-image-preview":"max-image-preview:large","max-video-preview":"max-video-preview:-1"},"canonical":"https:\/\/dmcsrb.com\/en\/podgorica\/povodom-dana-oslobodjenja-podgorice-polozen-vijenac-na-spomenik-partizanu-borcu-na-gorici-dan-kada-je-receno-ne-fasizmu\/","og_locale":"en_GB","og_type":"article","og_title":"Povodom Dana oslobo\u0111enja Podgorice polo\u017een vijenac na spomenik Partizanu borcu na Gorici: \"Dan kada je re\u010deno 'ne' fa\u0161izmu\" - dmcsrb.com","og_description":"Gradona\u010delnik Podgorice, Sa\u0161a Mujovi\u0107 i predsjednica Skup\u0161tine Glavnog grada, Jelena Borovini\u0107 Bojovi\u0107, polo\u017eili su vijenac na spomenik Partizanu borcu na Gorici, povodom Dana oslobo\u0111enja Podgorice, 19. decembra.","og_url":"https:\/\/dmcsrb.com\/en\/podgorica\/povodom-dana-oslobodjenja-podgorice-polozen-vijenac-na-spomenik-partizanu-borcu-na-gorici-dan-kada-je-receno-ne-fasizmu\/","og_site_name":"dmcsrb.com","article_published_time":"2025-12-19T07:11:00+00:00","og_image":[{"width":1012,"height":664,"url":"https:\/\/dmcsrb.com\/wp-content\/uploads\/2026\/01\/Mujovic-i-Borovinic-Bojovic-polozili-vijence-foto-glavni-grad.jpg","type":"image\/jpeg"}],"author":"dmcsrbija.com@gmail.com","twitter_card":"summary_large_image","twitter_misc":{"Written by":"dmcsrbija.com@gmail.com","Estimated reading time":"1 minute"},"schema":{"@context":"https:\/\/schema.org","@graph":[{"@type":"Article","@id":"https:\/\/dmcsrb.com\/podgorica\/povodom-dana-oslobodjenja-podgorice-polozen-vijenac-na-spomenik-partizanu-borcu-na-gorici-dan-kada-je-receno-ne-fasizmu\/#article","isPartOf":{"@id":"https:\/\/dmcsrb.com\/podgorica\/povodom-dana-oslobodjenja-podgorice-polozen-vijenac-na-spomenik-partizanu-borcu-na-gorici-dan-kada-je-receno-ne-fasizmu\/"},"author":{"name":"dmcsrbija.com@gmail.com","@id":"https:\/\/dmcsrb.com\/#\/schema\/person\/5c39170f12db1b8b457732d0b5c854e2"},"headline":"Povodom Dana oslobo\u0111enja Podgorice polo\u017een vijenac na spomenik Partizanu borcu na Gorici: &#8220;Dan kada je re\u010deno &#8216;ne&#8217; fa\u0161izmu&#8221;","datePublished":"2025-12-19T07:11:00+00:00","mainEntityOfPage":{"@id":"https:\/\/dmcsrb.com\/podgorica\/povodom-dana-oslobodjenja-podgorice-polozen-vijenac-na-spomenik-partizanu-borcu-na-gorici-dan-kada-je-receno-ne-fasizmu\/"},"wordCount":197,"commentCount":0,"image":{"@id":"https:\/\/dmcsrb.com\/podgorica\/povodom-dana-oslobodjenja-podgorice-polozen-vijenac-na-spomenik-partizanu-borcu-na-gorici-dan-kada-je-receno-ne-fasizmu\/#primaryimage"},"thumbnailUrl":"https:\/\/dmcsrb.com\/wp-content\/uploads\/2026\/01\/Mujovic-i-Borovinic-Bojovic-polozili-vijence-foto-glavni-grad.jpg","keywords":["Dan oslobo\u0111enja Podgorice","Jelena Borovini\u0107 Bojovi\u0107","Sa\u0161a Mujovi\u0107"],"articleSection":["Podgorica"],"inLanguage":"en-GB","potentialAction":[{"@type":"CommentAction","name":"Comment","target":["https:\/\/dmcsrb.com\/podgorica\/povodom-dana-oslobodjenja-podgorice-polozen-vijenac-na-spomenik-partizanu-borcu-na-gorici-dan-kada-je-receno-ne-fasizmu\/#respond"]}]},{"@type":"WebPage","@id":"https:\/\/dmcsrb.com\/podgorica\/povodom-dana-oslobodjenja-podgorice-polozen-vijenac-na-spomenik-partizanu-borcu-na-gorici-dan-kada-je-receno-ne-fasizmu\/","url":"https:\/\/dmcsrb.com\/podgorica\/povodom-dana-oslobodjenja-podgorice-polozen-vijenac-na-spomenik-partizanu-borcu-na-gorici-dan-kada-je-receno-ne-fasizmu\/","name":"Povodom Dana oslobo\u0111enja Podgorice polo\u017een vijenac na spomenik Partizanu borcu na Gorici: \"Dan kada je re\u010deno 'ne' fa\u0161izmu\" - dmcsrb.com","isPartOf":{"@id":"https:\/\/dmcsrb.com\/#website"},"primaryImageOfPage":{"@id":"https:\/\/dmcsrb.com\/podgorica\/povodom-dana-oslobodjenja-podgorice-polozen-vijenac-na-spomenik-partizanu-borcu-na-gorici-dan-kada-je-receno-ne-fasizmu\/#primaryimage"},"image":{"@id":"https:\/\/dmcsrb.com\/podgorica\/povodom-dana-oslobodjenja-podgorice-polozen-vijenac-na-spomenik-partizanu-borcu-na-gorici-dan-kada-je-receno-ne-fasizmu\/#primaryimage"},"thumbnailUrl":"https:\/\/dmcsrb.com\/wp-content\/uploads\/2026\/01\/Mujovic-i-Borovinic-Bojovic-polozili-vijence-foto-glavni-grad.jpg","datePublished":"2025-12-19T07:11:00+00:00","author":{"@id":"https:\/\/dmcsrb.com\/#\/schema\/person\/5c39170f12db1b8b457732d0b5c854e2"},"breadcrumb":{"@id":"https:\/\/dmcsrb.com\/podgorica\/povodom-dana-oslobodjenja-podgorice-polozen-vijenac-na-spomenik-partizanu-borcu-na-gorici-dan-kada-je-receno-ne-fasizmu\/#breadcrumb"},"inLanguage":"en-GB","potentialAction":[{"@type":"ReadAction","target":["https:\/\/dmcsrb.com\/podgorica\/povodom-dana-oslobodjenja-podgorice-polozen-vijenac-na-spomenik-partizanu-borcu-na-gorici-dan-kada-je-receno-ne-fasizmu\/"]}]},{"@type":"ImageObject","inLanguage":"en-GB","@id":"https:\/\/dmcsrb.com\/podgorica\/povodom-dana-oslobodjenja-podgorice-polozen-vijenac-na-spomenik-partizanu-borcu-na-gorici-dan-kada-je-receno-ne-fasizmu\/#primaryimage","url":"https:\/\/dmcsrb.com\/wp-content\/uploads\/2026\/01\/Mujovic-i-Borovinic-Bojovic-polozili-vijence-foto-glavni-grad.jpg","contentUrl":"https:\/\/dmcsrb.com\/wp-content\/uploads\/2026\/01\/Mujovic-i-Borovinic-Bojovic-polozili-vijence-foto-glavni-grad.jpg","width":1012,"height":664},{"@type":"BreadcrumbList","@id":"https:\/\/dmcsrb.com\/podgorica\/povodom-dana-oslobodjenja-podgorice-polozen-vijenac-na-spomenik-partizanu-borcu-na-gorici-dan-kada-je-receno-ne-fasizmu\/#breadcrumb","itemListElement":[{"@type":"ListItem","position":1,"name":"Home","item":"https:\/\/dmcsrb.com\/"},{"@type":"ListItem","position":2,"name":"Povodom Dana oslobo\u0111enja Podgorice polo\u017een vijenac na spomenik Partizanu borcu na Gorici: &#8220;Dan kada je re\u010deno &#8216;ne&#8217; fa\u0161izmu&#8221;"}]},{"@type":"WebSite","@id":"https:\/\/dmcsrb.com\/#website","url":"https:\/\/dmcsrb.com\/","name":"dmcsrb.com","description":"","potentialAction":[{"@type":"SearchAction","target":{"@type":"EntryPoint","urlTemplate":"https:\/\/dmcsrb.com\/?s={search_term_string}"},"query-input":{"@type":"PropertyValueSpecification","valueRequired":true,"valueName":"search_term_string"}}],"inLanguage":"en-GB"},{"@type":"Person","@id":"https:\/\/dmcsrb.com\/#\/schema\/person\/5c39170f12db1b8b457732d0b5c854e2","name":"dmcsrbija.com@gmail.com","image":{"@type":"ImageObject","inLanguage":"en-GB","@id":"https:\/\/dmcsrb.com\/#\/schema\/person\/image\/","url":"https:\/\/secure.gravatar.com\/avatar\/68592660ad6347fad0fb587f8d5d8f1a7b44961362f56e4f2cd524feb87e9069?s=96&d=mm&r=g","contentUrl":"https:\/\/secure.gravatar.com\/avatar\/68592660ad6347fad0fb587f8d5d8f1a7b44961362f56e4f2cd524feb87e9069?s=96&d=mm&r=g","caption":"dmcsrbija.com@gmail.com"},"sameAs":["https:\/\/dmcsrb.com"],"url":"https:\/\/dmcsrb.com\/en\/author\/dmcsrbija-comgmail-com\/"}]}},"_links":{"self":[{"href":"https:\/\/dmcsrb.com\/en\/wp-json\/wp\/v2\/posts\/914400","targetHints":{"allow":["GET"]}}],"collection":[{"href":"https:\/\/dmcsrb.com\/en\/wp-json\/wp\/v2\/posts"}],"about":[{"href":"https:\/\/dmcsrb.com\/en\/wp-json\/wp\/v2\/types\/post"}],"author":[{"embeddable":true,"href":"https:\/\/dmcsrb.com\/en\/wp-json\/wp\/v2\/users\/1"}],"replies":[{"embeddable":true,"href":"https:\/\/dmcsrb.com\/en\/wp-json\/wp\/v2\/comments?post=914400"}],"version-history":[{"count":0,"href":"https:\/\/dmcsrb.com\/en\/wp-json\/wp\/v2\/posts\/914400\/revisions"}],"wp:featuredmedia":[{"embeddable":true,"href":"https:\/\/dmcsrb.com\/en\/wp-json\/wp\/v2\/media\/914401"}],"wp:attachment":[{"href":"https:\/\/dmcsrb.com\/en\/wp-json\/wp\/v2\/media?parent=914400"}],"wp:term":[{"taxonomy":"category","embeddable":true,"href":"https:\/\/dmcsrb.com\/en\/wp-json\/wp\/v2\/categories?post=914400"},{"taxonomy":"post_tag","embeddable":true,"href":"https:\/\/dmcsrb.com\/en\/wp-json\/wp\/v2\/tags?post=914400"},{"taxonomy":"naslovna","embeddable":true,"href":"https:\/\/dmcsrb.com\/en\/wp-json\/wp\/v2\/naslovna?post=914400"}],"curies":[{"name":"wp","href":"https:\/\/api.w.org\/{rel}","templated":true}]}}