{"id":914398,"date":"2025-12-19T09:20:00","date_gmt":"2025-12-19T08:20:00","guid":{"rendered":"https:\/\/dmcsrb.com\/uncategorized\/utvrdjena-kvota-od-28-988-radnih-dozvola-za-strance-za-narednu-godinu\/"},"modified":"2025-12-19T09:20:00","modified_gmt":"2025-12-19T08:20:00","slug":"utvrdjena-kvota-od-28-988-radnih-dozvola-za-strance-za-narednu-godinu","status":"publish","type":"post","link":"https:\/\/dmcsrb.com\/en\/ekonomija\/utvrdjena-kvota-od-28-988-radnih-dozvola-za-strance-za-narednu-godinu\/","title":{"rendered":"Utvr\u0111ena kvota od 28.988 radnih dozvola za strance, za narednu godinu"},"content":{"rendered":"<p><a href=\"https:\/\/www.pobjeda.me\/clanak\/utvrdena-kvota-od-28988-radnih-dozvola-za-strance-za-narednu-godinuu\"><\/a><\/p>\n\n\n\n<p>Vlada je ju\u010de donijela odluke o utvr\u0111ivanju godi\u0161njeg broja dozvola za privremeni boravak i rad stranaca za narednu godinu.<\/p>\n\n\n\n<p>&#8220;Na prijedlog Ministarstva rada, zapo\u0161ljavanja i socijalnog dijaloga za 2026. godinu utvr\u0111ena je godi\u0161nja kvota u ukupnom broju od 28.988 dozvola. Iz navedenog broja, izdvaja se 5.000 dozvola za privremeni boravak i rad stranaca, koje Ministarstvo rada, zapo\u0161ljavanja i socijalnog dijaloga, mo\u017ee dodatno rasporediti za pojedine namjene, u skladu sa potrebama tr\u017ei\u0161ta rada na zahtjev Zavoda za zapo\u0161ljavanje Crne Gore&#8221;, kazali su iz Vlade.<\/p>\n\n\n\n<p>Navedeno je da se za zapo\u0161ljavanje stranaca utvr\u0111uje 21.668 dozvola i za sezonsko zapo\u0161ljavanje 2.320 dozvola.<\/p>\n\n\n\n<p>&#8220;Dakle, iz ukupno utvr\u0111enog broja raspore\u0111eno je 23.988 dozvola. Najvi\u0161e dozvola je opredijeljeno za sljede\u0107e djelatnosti: usluge smje\u0161taja i ishrane 6.150 dozvola, gra\u0111evinarstvo 6.000 dozvola, ostale uslu\u017ene djelatnosti 5.268 dozvola, trgovina na veliko i trgovina na malo; popravka motornih vozila i motocikala 1.453 dozvola, stru\u010dne, nau\u010dne, inovacione i tehni\u010dke djelatnosti 1.200 dozvola, informisanje i komunikacije 878 dozvola i prera\u0111iva\u010dka industrija 527 dozvola&#8221;, precizira se u saop\u0161tenju Vlade.<\/p>\n\n\n\n<p>Zakonom o strancima propisano je da godi\u0161nji broj dozvola za privremeni boravak i rad stranaca-godi\u0161nju kvotu utvr\u0111uje Vlada, u skladu sa migracionom politikom, stanjem i kretanjem na tr\u017ei\u0161tu rada u Crnoj Gori, najkasnije do 30. novembra teku\u0107e godine, za narednu godinu.<\/p>\n\n\n\n<p>Godi\u0161njom kvotom utvr\u0111uju se djelatnosti u kojima se stranci mogu zapo\u0161ljavati. U okviru godi\u0161nje kvote odvojeno se utvr\u0111uje godi\u0161nja kvota za zapo\u0161ljavanje i za sezonsko zapo\u0161ljavanje stranaca.<\/p>\n\n\n\n<p>Godi\u0161nja kvota se utvr\u0111uje na prijedlog organa dr\u017eavne uprave nadle\u017enog za poslove rada, uz prethodno pribavljena mi\u0161ljenja Zavoda za zapo\u0161ljavanje Crne Gore, organa dr\u017eavne uprave nadle\u017enih za pojedine djelatnosti za koje se utvr\u0111uje godi\u0161nja kvota i Socijalnog savjeta.<\/p>\n\n\n\n<p>Na ju\u010dera\u0161njoj sjednici je utvr\u0111en i Prijedlog zakona o izmjenama i dopunama Zakona o porezu na dodatu vrijednost (PDV).<\/p>\n\n\n\n<p>&#8220;Imaju\u0107i u vidu da je u toku realizacija Integrisanog informacionog sistema (IRMS) u Poreskoj upravi, \u010diji je sastavni dio sistem za razmjenu informacija o PDV (VIES) i sa \u010dijom primjenom \u0107e se otpo\u010deti od 1. januara 2026. godine, ovim zakonom se predla\u017ee uvo\u0111enje novog PDV broja koji je neophodan za funkcionisanje VIES-a i razmjenu informacija u oblasti PDV. Tako\u0111e, navedenim odredbama se vr\u0161i uskla\u0111ivanje i sa odredbama Direktive 2006\/112, \u0161to je obaveza u sklopu aktivnosti na zatvaranja pregovara\u010dkog Poglavlja 16 (oporezivanje)&#8221;, saop\u0161teno je iz Vlade.<\/p>\n\n\n\n<p>Utvr\u0111en je Prijedlog zakona o regionalnom razvoju.<\/p>\n\n\n\n<p>&#8220;Prijedlogom zakona vr\u0161i se unapre\u0111enje pozicioniranosti politike regionalnog razvoja, kao i ja\u010danje institucionalnog okvira za njeno planiranje i implementaciju. Tako\u0111e, vr\u0161i se izmjena nosioca politike shodno novoj organizaciji Vlade, kao i ja\u010danje uloge novoosnovanog ministarstva nadle\u017enog za oblast regionalnog razvoja&#8221;, navodi se u saop\u0161tenju.<\/p>\n\n\n\n<p>Vr\u0161i se unapre\u0111enje Partnerskog savjeta za regionalni razvoj i ja\u010danje uloge tog Vladinog savjetodavnog tijela, posebno na liniji potrebe ja\u010danja saradnje lokalnih samouprava sa nacionalnim resorima.  <\/p>\n\n\n\n<p>&#8220;Propisuje se dono\u0161enje Programa podsticanja nedovoljno razvijenih jedinica lokalne samouprave (JLS), kao konkretne finansijske podr\u0161ke. Vr\u0161i se inoviranje kategorija razvrstavanja lokalnih samouprava prema stepenu razvijenosti, pri \u010demu je klju\u010dna izmjena pove\u0107anje stepena kategorije nedovoljno razvijenih JLS, ta\u010dnije, do sada su JLS sa stepenom do 75 odsto bile manje razvijene, a predla\u017eemo pove\u0107anje do 85 odsto&#8221;, kazali su iz Vlade.<\/p>\n\n\n\n<p>Propisuje se bolje definisanje obaveza lokalnih samouprava, u kontekstu dono\u0161enja godi\u0161njih akcionih planova Strate\u0161kog plana razvoja, kao i izvje\u0161taja o realizaciji istih. Utvr\u0111uje se vi\u0161i nivo zna\u010daja me\u0111uop\u0161tinske saradnje, sa ciljem podr\u0161ke za \u0161to vi\u0161e inicijativa za me\u0111uop\u0161tinsku saradnju.<\/p>\n\n\n\n<p>&#8220;Ovako ure\u0111en zakonski okvir otvara mogu\u0107nosti da se aktivnosti politike sprovode na bolji na\u010din, br\u017ee postignu rezultati i adekvatnije pomogne razvoj, posebno nedovoljno razvijenih op\u0161tina&#8221;, poru\u010deno je iz Vlade.<\/p>\n\n\n\n<p>Vlada je utvrdila i Prijedlog zakona o izmjenama i dopunama zakona o ugovorima o prevozu u drumskom saobra\u0107aju.<\/p>\n\n\n\n<p>&#8220;Cilj dono\u0161enja predmetnog prijedloga zakona, jeste unapre\u0111enje prava putnika u drumskom saobra\u0107aju, sa akcentom na lica sa invaliditetom i lica smanjene pokretljivosti. Tako\u0111e, ovim prijedlogom zakona se stvara sigurniji pravni okvir u slu\u010daju pri\u010dinjene \u0161tete nastale zbog smrti putnika, tjelesne povrede ill o\u0161te\u0107enja zdravlja putnika, u drumskom prevozu&#8221;, navedeno je u saop\u0161tenju.<\/p>\n\n\n\n<p><\/p>","protected":false},"excerpt":{"rendered":"<p>Zakonom o strancima propisano je da godi\u0161nji broj dozvola za privremeni boravak i rad stranaca utvr\u0111uje Vlada, u skladu sa migracionom politikom, stanjem i kretanjem na tr\u017ei\u0161tu rada u Crnoj Gori.<\/p>","protected":false},"author":1,"featured_media":914399,"comment_status":"open","ping_status":"open","sticky":false,"template":"","format":"standard","meta":{"_acf_changed":false,"footnotes":""},"categories":[27],"tags":[3695,2909,13,3696],"naslovna":[],"class_list":["post-914398","post","type-post","status-publish","format-standard","has-post-thumbnail","hentry","category-ekonomija","tag-privremeni-boravak","tag-stranci","tag-vlada","tag-zaposljavanje"],"acf":[],"yoast_head":"<!-- This site is optimized with the Yoast SEO plugin v27.4 - https:\/\/yoast.com\/product\/yoast-seo-wordpress\/ -->\n<title>Utvr\u0111ena kvota od 28.988 radnih dozvola za strance, za narednu godinu - dmcsrb.com<\/title>\n<meta name=\"robots\" content=\"index, follow, max-snippet:-1, max-image-preview:large, max-video-preview:-1\" \/>\n<link rel=\"canonical\" href=\"https:\/\/dmcsrb.com\/en\/ekonomija\/utvrdjena-kvota-od-28-988-radnih-dozvola-za-strance-za-narednu-godinu\/\" \/>\n<meta property=\"og:locale\" content=\"en_GB\" \/>\n<meta property=\"og:type\" content=\"article\" \/>\n<meta property=\"og:title\" content=\"Utvr\u0111ena kvota od 28.988 radnih dozvola za strance, za narednu godinu - dmcsrb.com\" \/>\n<meta property=\"og:description\" content=\"Zakonom o strancima propisano je da godi\u0161nji broj dozvola za privremeni boravak i rad stranaca utvr\u0111uje Vlada, u skladu sa migracionom politikom, stanjem i kretanjem na tr\u017ei\u0161tu rada u Crnoj Gori.\" \/>\n<meta property=\"og:url\" content=\"https:\/\/dmcsrb.com\/en\/ekonomija\/utvrdjena-kvota-od-28-988-radnih-dozvola-za-strance-za-narednu-godinu\/\" \/>\n<meta property=\"og:site_name\" content=\"dmcsrb.com\" \/>\n<meta property=\"article:published_time\" content=\"2025-12-19T08:20:00+00:00\" \/>\n<meta property=\"og:image\" content=\"https:\/\/dmcsrb.com\/wp-content\/uploads\/2026\/01\/912713_vlada-cg-rtcgjpg1jpg_506x900_506x900_505x900.jpg\" \/>\n\t<meta property=\"og:image:width\" content=\"899\" \/>\n\t<meta property=\"og:image:height\" content=\"505\" \/>\n\t<meta property=\"og:image:type\" content=\"image\/jpeg\" \/>\n<meta name=\"author\" content=\"dmcsrbija.com@gmail.com\" \/>\n<meta name=\"twitter:card\" content=\"summary_large_image\" \/>\n<meta name=\"twitter:label1\" content=\"Written by\" \/>\n\t<meta name=\"twitter:data1\" content=\"dmcsrbija.com@gmail.com\" \/>\n\t<meta name=\"twitter:label2\" content=\"Estimated reading time\" \/>\n\t<meta name=\"twitter:data2\" content=\"4 minutes\" \/>\n<script type=\"application\/ld+json\" class=\"yoast-schema-graph\">{\"@context\":\"https:\\\/\\\/schema.org\",\"@graph\":[{\"@type\":\"Article\",\"@id\":\"https:\\\/\\\/dmcsrb.com\\\/ekonomija\\\/utvrdjena-kvota-od-28-988-radnih-dozvola-za-strance-za-narednu-godinu\\\/#article\",\"isPartOf\":{\"@id\":\"https:\\\/\\\/dmcsrb.com\\\/ekonomija\\\/utvrdjena-kvota-od-28-988-radnih-dozvola-za-strance-za-narednu-godinu\\\/\"},\"author\":{\"name\":\"dmcsrbija.com@gmail.com\",\"@id\":\"https:\\\/\\\/dmcsrb.com\\\/#\\\/schema\\\/person\\\/5c39170f12db1b8b457732d0b5c854e2\"},\"headline\":\"Utvr\u0111ena kvota od 28.988 radnih dozvola za strance, za narednu godinu\",\"datePublished\":\"2025-12-19T08:20:00+00:00\",\"mainEntityOfPage\":{\"@id\":\"https:\\\/\\\/dmcsrb.com\\\/ekonomija\\\/utvrdjena-kvota-od-28-988-radnih-dozvola-za-strance-za-narednu-godinu\\\/\"},\"wordCount\":754,\"commentCount\":0,\"image\":{\"@id\":\"https:\\\/\\\/dmcsrb.com\\\/ekonomija\\\/utvrdjena-kvota-od-28-988-radnih-dozvola-za-strance-za-narednu-godinu\\\/#primaryimage\"},\"thumbnailUrl\":\"https:\\\/\\\/dmcsrb.com\\\/wp-content\\\/uploads\\\/2026\\\/01\\\/912713_vlada-cg-rtcgjpg1jpg_506x900_506x900_505x900.jpg\",\"keywords\":[\"Privremeni boravak\",\"stranci\",\"vlada\",\"zapo\u0161ljavanje\"],\"articleSection\":[\"Ekonomija\"],\"inLanguage\":\"en-GB\",\"potentialAction\":[{\"@type\":\"CommentAction\",\"name\":\"Comment\",\"target\":[\"https:\\\/\\\/dmcsrb.com\\\/ekonomija\\\/utvrdjena-kvota-od-28-988-radnih-dozvola-za-strance-za-narednu-godinu\\\/#respond\"]}]},{\"@type\":\"WebPage\",\"@id\":\"https:\\\/\\\/dmcsrb.com\\\/ekonomija\\\/utvrdjena-kvota-od-28-988-radnih-dozvola-za-strance-za-narednu-godinu\\\/\",\"url\":\"https:\\\/\\\/dmcsrb.com\\\/ekonomija\\\/utvrdjena-kvota-od-28-988-radnih-dozvola-za-strance-za-narednu-godinu\\\/\",\"name\":\"Utvr\u0111ena kvota od 28.988 radnih dozvola za strance, za narednu godinu - dmcsrb.com\",\"isPartOf\":{\"@id\":\"https:\\\/\\\/dmcsrb.com\\\/#website\"},\"primaryImageOfPage\":{\"@id\":\"https:\\\/\\\/dmcsrb.com\\\/ekonomija\\\/utvrdjena-kvota-od-28-988-radnih-dozvola-za-strance-za-narednu-godinu\\\/#primaryimage\"},\"image\":{\"@id\":\"https:\\\/\\\/dmcsrb.com\\\/ekonomija\\\/utvrdjena-kvota-od-28-988-radnih-dozvola-za-strance-za-narednu-godinu\\\/#primaryimage\"},\"thumbnailUrl\":\"https:\\\/\\\/dmcsrb.com\\\/wp-content\\\/uploads\\\/2026\\\/01\\\/912713_vlada-cg-rtcgjpg1jpg_506x900_506x900_505x900.jpg\",\"datePublished\":\"2025-12-19T08:20:00+00:00\",\"author\":{\"@id\":\"https:\\\/\\\/dmcsrb.com\\\/#\\\/schema\\\/person\\\/5c39170f12db1b8b457732d0b5c854e2\"},\"breadcrumb\":{\"@id\":\"https:\\\/\\\/dmcsrb.com\\\/ekonomija\\\/utvrdjena-kvota-od-28-988-radnih-dozvola-za-strance-za-narednu-godinu\\\/#breadcrumb\"},\"inLanguage\":\"en-GB\",\"potentialAction\":[{\"@type\":\"ReadAction\",\"target\":[\"https:\\\/\\\/dmcsrb.com\\\/ekonomija\\\/utvrdjena-kvota-od-28-988-radnih-dozvola-za-strance-za-narednu-godinu\\\/\"]}]},{\"@type\":\"ImageObject\",\"inLanguage\":\"en-GB\",\"@id\":\"https:\\\/\\\/dmcsrb.com\\\/ekonomija\\\/utvrdjena-kvota-od-28-988-radnih-dozvola-za-strance-za-narednu-godinu\\\/#primaryimage\",\"url\":\"https:\\\/\\\/dmcsrb.com\\\/wp-content\\\/uploads\\\/2026\\\/01\\\/912713_vlada-cg-rtcgjpg1jpg_506x900_506x900_505x900.jpg\",\"contentUrl\":\"https:\\\/\\\/dmcsrb.com\\\/wp-content\\\/uploads\\\/2026\\\/01\\\/912713_vlada-cg-rtcgjpg1jpg_506x900_506x900_505x900.jpg\",\"width\":899,\"height\":505},{\"@type\":\"BreadcrumbList\",\"@id\":\"https:\\\/\\\/dmcsrb.com\\\/ekonomija\\\/utvrdjena-kvota-od-28-988-radnih-dozvola-za-strance-za-narednu-godinu\\\/#breadcrumb\",\"itemListElement\":[{\"@type\":\"ListItem\",\"position\":1,\"name\":\"Home\",\"item\":\"https:\\\/\\\/dmcsrb.com\\\/\"},{\"@type\":\"ListItem\",\"position\":2,\"name\":\"Utvr\u0111ena kvota od 28.988 radnih dozvola za strance, za narednu godinu\"}]},{\"@type\":\"WebSite\",\"@id\":\"https:\\\/\\\/dmcsrb.com\\\/#website\",\"url\":\"https:\\\/\\\/dmcsrb.com\\\/\",\"name\":\"dmcsrb.com\",\"description\":\"\",\"potentialAction\":[{\"@type\":\"SearchAction\",\"target\":{\"@type\":\"EntryPoint\",\"urlTemplate\":\"https:\\\/\\\/dmcsrb.com\\\/?s={search_term_string}\"},\"query-input\":{\"@type\":\"PropertyValueSpecification\",\"valueRequired\":true,\"valueName\":\"search_term_string\"}}],\"inLanguage\":\"en-GB\"},{\"@type\":\"Person\",\"@id\":\"https:\\\/\\\/dmcsrb.com\\\/#\\\/schema\\\/person\\\/5c39170f12db1b8b457732d0b5c854e2\",\"name\":\"dmcsrbija.com@gmail.com\",\"image\":{\"@type\":\"ImageObject\",\"inLanguage\":\"en-GB\",\"@id\":\"https:\\\/\\\/secure.gravatar.com\\\/avatar\\\/68592660ad6347fad0fb587f8d5d8f1a7b44961362f56e4f2cd524feb87e9069?s=96&d=mm&r=g\",\"url\":\"https:\\\/\\\/secure.gravatar.com\\\/avatar\\\/68592660ad6347fad0fb587f8d5d8f1a7b44961362f56e4f2cd524feb87e9069?s=96&d=mm&r=g\",\"contentUrl\":\"https:\\\/\\\/secure.gravatar.com\\\/avatar\\\/68592660ad6347fad0fb587f8d5d8f1a7b44961362f56e4f2cd524feb87e9069?s=96&d=mm&r=g\",\"caption\":\"dmcsrbija.com@gmail.com\"},\"sameAs\":[\"https:\\\/\\\/dmcsrb.com\"],\"url\":\"https:\\\/\\\/dmcsrb.com\\\/en\\\/author\\\/dmcsrbija-comgmail-com\\\/\"}]}<\/script>\n<!-- \/ Yoast SEO plugin. -->","yoast_head_json":{"title":"Utvr\u0111ena kvota od 28.988 radnih dozvola za strance, za narednu godinu - dmcsrb.com","robots":{"index":"index","follow":"follow","max-snippet":"max-snippet:-1","max-image-preview":"max-image-preview:large","max-video-preview":"max-video-preview:-1"},"canonical":"https:\/\/dmcsrb.com\/en\/ekonomija\/utvrdjena-kvota-od-28-988-radnih-dozvola-za-strance-za-narednu-godinu\/","og_locale":"en_GB","og_type":"article","og_title":"Utvr\u0111ena kvota od 28.988 radnih dozvola za strance, za narednu godinu - dmcsrb.com","og_description":"Zakonom o strancima propisano je da godi\u0161nji broj dozvola za privremeni boravak i rad stranaca utvr\u0111uje Vlada, u skladu sa migracionom politikom, stanjem i kretanjem na tr\u017ei\u0161tu rada u Crnoj Gori.","og_url":"https:\/\/dmcsrb.com\/en\/ekonomija\/utvrdjena-kvota-od-28-988-radnih-dozvola-za-strance-za-narednu-godinu\/","og_site_name":"dmcsrb.com","article_published_time":"2025-12-19T08:20:00+00:00","og_image":[{"width":899,"height":505,"url":"https:\/\/dmcsrb.com\/wp-content\/uploads\/2026\/01\/912713_vlada-cg-rtcgjpg1jpg_506x900_506x900_505x900.jpg","type":"image\/jpeg"}],"author":"dmcsrbija.com@gmail.com","twitter_card":"summary_large_image","twitter_misc":{"Written by":"dmcsrbija.com@gmail.com","Estimated reading time":"4 minutes"},"schema":{"@context":"https:\/\/schema.org","@graph":[{"@type":"Article","@id":"https:\/\/dmcsrb.com\/ekonomija\/utvrdjena-kvota-od-28-988-radnih-dozvola-za-strance-za-narednu-godinu\/#article","isPartOf":{"@id":"https:\/\/dmcsrb.com\/ekonomija\/utvrdjena-kvota-od-28-988-radnih-dozvola-za-strance-za-narednu-godinu\/"},"author":{"name":"dmcsrbija.com@gmail.com","@id":"https:\/\/dmcsrb.com\/#\/schema\/person\/5c39170f12db1b8b457732d0b5c854e2"},"headline":"Utvr\u0111ena kvota od 28.988 radnih dozvola za strance, za narednu godinu","datePublished":"2025-12-19T08:20:00+00:00","mainEntityOfPage":{"@id":"https:\/\/dmcsrb.com\/ekonomija\/utvrdjena-kvota-od-28-988-radnih-dozvola-za-strance-za-narednu-godinu\/"},"wordCount":754,"commentCount":0,"image":{"@id":"https:\/\/dmcsrb.com\/ekonomija\/utvrdjena-kvota-od-28-988-radnih-dozvola-za-strance-za-narednu-godinu\/#primaryimage"},"thumbnailUrl":"https:\/\/dmcsrb.com\/wp-content\/uploads\/2026\/01\/912713_vlada-cg-rtcgjpg1jpg_506x900_506x900_505x900.jpg","keywords":["Privremeni boravak","stranci","vlada","zapo\u0161ljavanje"],"articleSection":["Ekonomija"],"inLanguage":"en-GB","potentialAction":[{"@type":"CommentAction","name":"Comment","target":["https:\/\/dmcsrb.com\/ekonomija\/utvrdjena-kvota-od-28-988-radnih-dozvola-za-strance-za-narednu-godinu\/#respond"]}]},{"@type":"WebPage","@id":"https:\/\/dmcsrb.com\/ekonomija\/utvrdjena-kvota-od-28-988-radnih-dozvola-za-strance-za-narednu-godinu\/","url":"https:\/\/dmcsrb.com\/ekonomija\/utvrdjena-kvota-od-28-988-radnih-dozvola-za-strance-za-narednu-godinu\/","name":"Utvr\u0111ena kvota od 28.988 radnih dozvola za strance, za narednu godinu - dmcsrb.com","isPartOf":{"@id":"https:\/\/dmcsrb.com\/#website"},"primaryImageOfPage":{"@id":"https:\/\/dmcsrb.com\/ekonomija\/utvrdjena-kvota-od-28-988-radnih-dozvola-za-strance-za-narednu-godinu\/#primaryimage"},"image":{"@id":"https:\/\/dmcsrb.com\/ekonomija\/utvrdjena-kvota-od-28-988-radnih-dozvola-za-strance-za-narednu-godinu\/#primaryimage"},"thumbnailUrl":"https:\/\/dmcsrb.com\/wp-content\/uploads\/2026\/01\/912713_vlada-cg-rtcgjpg1jpg_506x900_506x900_505x900.jpg","datePublished":"2025-12-19T08:20:00+00:00","author":{"@id":"https:\/\/dmcsrb.com\/#\/schema\/person\/5c39170f12db1b8b457732d0b5c854e2"},"breadcrumb":{"@id":"https:\/\/dmcsrb.com\/ekonomija\/utvrdjena-kvota-od-28-988-radnih-dozvola-za-strance-za-narednu-godinu\/#breadcrumb"},"inLanguage":"en-GB","potentialAction":[{"@type":"ReadAction","target":["https:\/\/dmcsrb.com\/ekonomija\/utvrdjena-kvota-od-28-988-radnih-dozvola-za-strance-za-narednu-godinu\/"]}]},{"@type":"ImageObject","inLanguage":"en-GB","@id":"https:\/\/dmcsrb.com\/ekonomija\/utvrdjena-kvota-od-28-988-radnih-dozvola-za-strance-za-narednu-godinu\/#primaryimage","url":"https:\/\/dmcsrb.com\/wp-content\/uploads\/2026\/01\/912713_vlada-cg-rtcgjpg1jpg_506x900_506x900_505x900.jpg","contentUrl":"https:\/\/dmcsrb.com\/wp-content\/uploads\/2026\/01\/912713_vlada-cg-rtcgjpg1jpg_506x900_506x900_505x900.jpg","width":899,"height":505},{"@type":"BreadcrumbList","@id":"https:\/\/dmcsrb.com\/ekonomija\/utvrdjena-kvota-od-28-988-radnih-dozvola-za-strance-za-narednu-godinu\/#breadcrumb","itemListElement":[{"@type":"ListItem","position":1,"name":"Home","item":"https:\/\/dmcsrb.com\/"},{"@type":"ListItem","position":2,"name":"Utvr\u0111ena kvota od 28.988 radnih dozvola za strance, za narednu godinu"}]},{"@type":"WebSite","@id":"https:\/\/dmcsrb.com\/#website","url":"https:\/\/dmcsrb.com\/","name":"dmcsrb.com","description":"","potentialAction":[{"@type":"SearchAction","target":{"@type":"EntryPoint","urlTemplate":"https:\/\/dmcsrb.com\/?s={search_term_string}"},"query-input":{"@type":"PropertyValueSpecification","valueRequired":true,"valueName":"search_term_string"}}],"inLanguage":"en-GB"},{"@type":"Person","@id":"https:\/\/dmcsrb.com\/#\/schema\/person\/5c39170f12db1b8b457732d0b5c854e2","name":"dmcsrbija.com@gmail.com","image":{"@type":"ImageObject","inLanguage":"en-GB","@id":"https:\/\/secure.gravatar.com\/avatar\/68592660ad6347fad0fb587f8d5d8f1a7b44961362f56e4f2cd524feb87e9069?s=96&d=mm&r=g","url":"https:\/\/secure.gravatar.com\/avatar\/68592660ad6347fad0fb587f8d5d8f1a7b44961362f56e4f2cd524feb87e9069?s=96&d=mm&r=g","contentUrl":"https:\/\/secure.gravatar.com\/avatar\/68592660ad6347fad0fb587f8d5d8f1a7b44961362f56e4f2cd524feb87e9069?s=96&d=mm&r=g","caption":"dmcsrbija.com@gmail.com"},"sameAs":["https:\/\/dmcsrb.com"],"url":"https:\/\/dmcsrb.com\/en\/author\/dmcsrbija-comgmail-com\/"}]}},"_links":{"self":[{"href":"https:\/\/dmcsrb.com\/en\/wp-json\/wp\/v2\/posts\/914398","targetHints":{"allow":["GET"]}}],"collection":[{"href":"https:\/\/dmcsrb.com\/en\/wp-json\/wp\/v2\/posts"}],"about":[{"href":"https:\/\/dmcsrb.com\/en\/wp-json\/wp\/v2\/types\/post"}],"author":[{"embeddable":true,"href":"https:\/\/dmcsrb.com\/en\/wp-json\/wp\/v2\/users\/1"}],"replies":[{"embeddable":true,"href":"https:\/\/dmcsrb.com\/en\/wp-json\/wp\/v2\/comments?post=914398"}],"version-history":[{"count":0,"href":"https:\/\/dmcsrb.com\/en\/wp-json\/wp\/v2\/posts\/914398\/revisions"}],"wp:featuredmedia":[{"embeddable":true,"href":"https:\/\/dmcsrb.com\/en\/wp-json\/wp\/v2\/media\/914399"}],"wp:attachment":[{"href":"https:\/\/dmcsrb.com\/en\/wp-json\/wp\/v2\/media?parent=914398"}],"wp:term":[{"taxonomy":"category","embeddable":true,"href":"https:\/\/dmcsrb.com\/en\/wp-json\/wp\/v2\/categories?post=914398"},{"taxonomy":"post_tag","embeddable":true,"href":"https:\/\/dmcsrb.com\/en\/wp-json\/wp\/v2\/tags?post=914398"},{"taxonomy":"naslovna","embeddable":true,"href":"https:\/\/dmcsrb.com\/en\/wp-json\/wp\/v2\/naslovna?post=914398"}],"curies":[{"name":"wp","href":"https:\/\/api.w.org\/{rel}","templated":true}]}}