{"id":914392,"date":"2025-12-19T07:41:01","date_gmt":"2025-12-19T06:41:01","guid":{"rendered":"https:\/\/dmcsrb.com\/uncategorized\/uhapsen-maloljetnik-osumnjicen-za-iscrtavanje-grafita-na-ambasadi-bih-i-nacistickih-simbola-na-tabli-posvecenoj-hanuki\/"},"modified":"2025-12-19T07:41:01","modified_gmt":"2025-12-19T06:41:01","slug":"uhapsen-maloljetnik-osumnjicen-za-iscrtavanje-grafita-na-ambasadi-bih-i-nacistickih-simbola-na-tabli-posvecenoj-hanuki","status":"publish","type":"post","link":"https:\/\/dmcsrb.com\/en\/hronika\/uhapsen-maloljetnik-osumnjicen-za-iscrtavanje-grafita-na-ambasadi-bih-i-nacistickih-simbola-na-tabli-posvecenoj-hanuki\/","title":{"rendered":"Uhap\u0161en maloljetnik osumnji\u010den za iscrtavanje grafita na Ambasadi BiH i nacisti\u010dkih simbola na tabli posve\u0107enoj Hanuki"},"content":{"rendered":"<p><\/p>\n\n\n\n<p>Kako je saop\u0161teno, policijski slu\u017ebenici Regionalnog centra bezbjednosti \u201eCentar\u201c &#8211; Odjeljenja bezbjednosti Podgorica, su nakon preduzetih hitnih mjera i radnji na identifikaciji lica koja su 16. decembra 2025. godine, na zgradi Ambasade Bosne i Hercegovine u Podgorici ispisala vi\u0161e grafita sa porukama kojima se veli\u010da ratni zlo\u010din u Srebrenici i grafita sa simbolima koji upu\u0107uju na govor mr\u017enje kao i nacisti\u010dkih simbola iscrtanih na tabli posve\u0107enoj jevrejskom prazniku Hanuki na Trgu Argentina, rasvijetlili oba doga\u0111aja i sino\u0107 uhapsili \u0161estnaestogodi\u0161njaka iz Podgorice.<\/p>\n\n\n\n<p>&#8220;Nakon identifikacije lica, prikupljenih obavje\u0161tenja i sprovedenih ostalih mjera i radnji, sa doga\u0111ajem je upoznat dr\u017eavni tu\u017eilac u Vi\u0161em dr\u017eavnom tu\u017eila\u0161tvu u Podgorici koji je nalo\u017eio da se protiv identifikovanog maloljetnika ovom tu\u017eila\u0161tvu podnese krivi\u010dna prijava zbog sumnje da je po\u010dinio krivi\u010dno djelo izazivanje nacionalne, rasne i vjerske mr\u017enje, na na\u010din \u0161to je u no\u0107i 16. decembra, na zgradi ambasade Bosne i Hercegovine u Podgorici, iscrtao pomenute grafite&#8221;, navode iz Uprave policije.<\/p>\n\n\n\n<p>U odnosu na iscrtane simbole na tabli oka\u010denoj na trgu Argentina, povodom obilje\u017eavanja jevrejskog praznika, nadle\u017eni dr\u017eavni tu\u017eilac u Vi\u0161em dr\u017eavnom tu\u017eila\u0161tvu se izjasnio da u navedenom doga\u0111aju nema elemenata krivi\u010dnog djela.<\/p>\n\n\n\n<p>&#8220;Policijski slu\u017ebenici Odjeljenja bezbjednosti Podgorica su cijenili da se u radnjama maloljetnog lica sti\u010du elementi bi\u0107a prekr\u0161aja iz Zakona o javnom redu i miru i istog li\u0161ili slobode&#8221;, kazali su iz policije.<\/p>\n\n\n\n<p>On \u0107e danas, uz zahtjev za pokretanje prekr\u0161ajnog postupka biti priveden Sudu za prekr\u0161aje u Podgorici, na dalju nadle\u017enost.<\/p>\n\n\n\n<p>&#8220;Slu\u017ebenici Uprave policije \u0107e i u narednom periodu nastaviti sa intenzivnim sprovo\u0111enjem mjera i radnji na identifikaciji i procesuiranju izvr\u0161ilaca krivi\u010dnih djela i prekr\u0161aja kojima se izaziva ili podsti\u010de nacionalna, vjerska i rasna mr\u017enja, netrpeljivost i diskriminacija, u cilju o\u010duvanja javnog reda i mira, za\u0161tite osnovnih ljudskih prava i sloboda, kao i bezbjednosti svih gra\u0111ana&#8221;, saop\u0161tili su iz Uprave policije.<\/p>","protected":false},"excerpt":{"rendered":"<p>Podgori\u010dka policija uhapsila je maloljetnika osumnji\u010denog za iscrtavanje natpisa i simbola sa elementima nacionalne i vjerske mr\u017enje na Ambasadi BiH u Podgorici i Trgu Argentina, a kojeg terete za da je po\u010dinio krivi\u010dno djelo izazivanje nacionalne, rasne i vjerske mr\u017enje.<\/p>","protected":false},"author":1,"featured_media":909183,"comment_status":"open","ping_status":"open","sticky":false,"template":"","format":"standard","meta":{"_acf_changed":false,"footnotes":""},"categories":[17],"tags":[3195,3690,72],"naslovna":[],"class_list":["post-914392","post","type-post","status-publish","format-standard","has-post-thumbnail","hentry","category-hronika","tag-govor-mrznje","tag-grafiti","tag-uprava-policije"],"acf":[],"yoast_head":"<!-- This site is optimized with the Yoast SEO plugin v27.4 - https:\/\/yoast.com\/product\/yoast-seo-wordpress\/ -->\n<title>Uhap\u0161en maloljetnik osumnji\u010den za iscrtavanje grafita na Ambasadi BiH i nacisti\u010dkih simbola na tabli posve\u0107enoj Hanuki - dmcsrb.com<\/title>\n<meta name=\"robots\" content=\"index, follow, max-snippet:-1, max-image-preview:large, max-video-preview:-1\" \/>\n<link rel=\"canonical\" href=\"https:\/\/dmcsrb.com\/en\/hronika\/uhapsen-maloljetnik-osumnjicen-za-iscrtavanje-grafita-na-ambasadi-bih-i-nacistickih-simbola-na-tabli-posvecenoj-hanuki\/\" \/>\n<meta property=\"og:locale\" content=\"en_GB\" \/>\n<meta property=\"og:type\" content=\"article\" \/>\n<meta property=\"og:title\" content=\"Uhap\u0161en maloljetnik osumnji\u010den za iscrtavanje grafita na Ambasadi BiH i nacisti\u010dkih simbola na tabli posve\u0107enoj Hanuki - dmcsrb.com\" \/>\n<meta property=\"og:description\" content=\"Podgori\u010dka policija uhapsila je maloljetnika osumnji\u010denog za iscrtavanje natpisa i simbola sa elementima nacionalne i vjerske mr\u017enje na Ambasadi BiH u Podgorici i Trgu Argentina, a kojeg terete za da je po\u010dinio krivi\u010dno djelo izazivanje nacionalne, rasne i vjerske mr\u017enje.\" \/>\n<meta property=\"og:url\" content=\"https:\/\/dmcsrb.com\/en\/hronika\/uhapsen-maloljetnik-osumnjicen-za-iscrtavanje-grafita-na-ambasadi-bih-i-nacistickih-simbola-na-tabli-posvecenoj-hanuki\/\" \/>\n<meta property=\"og:site_name\" content=\"dmcsrb.com\" \/>\n<meta property=\"article:published_time\" content=\"2025-12-19T06:41:01+00:00\" \/>\n<meta property=\"og:image\" content=\"https:\/\/dmcsrb.com\/wp-content\/uploads\/2026\/01\/Policija-Crne-Gore-1-foto-Vlada-CG.jpg\" \/>\n\t<meta property=\"og:image:width\" content=\"1022\" \/>\n\t<meta property=\"og:image:height\" content=\"640\" \/>\n\t<meta property=\"og:image:type\" content=\"image\/jpeg\" \/>\n<meta name=\"author\" content=\"dmcsrbija.com@gmail.com\" \/>\n<meta name=\"twitter:card\" content=\"summary_large_image\" \/>\n<meta name=\"twitter:label1\" content=\"Written by\" \/>\n\t<meta name=\"twitter:data1\" content=\"dmcsrbija.com@gmail.com\" \/>\n\t<meta name=\"twitter:label2\" content=\"Estimated reading time\" \/>\n\t<meta name=\"twitter:data2\" content=\"2 minutes\" \/>\n<script type=\"application\/ld+json\" class=\"yoast-schema-graph\">{\"@context\":\"https:\\\/\\\/schema.org\",\"@graph\":[{\"@type\":\"Article\",\"@id\":\"https:\\\/\\\/dmcsrb.com\\\/hronika\\\/uhapsen-maloljetnik-osumnjicen-za-iscrtavanje-grafita-na-ambasadi-bih-i-nacistickih-simbola-na-tabli-posvecenoj-hanuki\\\/#article\",\"isPartOf\":{\"@id\":\"https:\\\/\\\/dmcsrb.com\\\/hronika\\\/uhapsen-maloljetnik-osumnjicen-za-iscrtavanje-grafita-na-ambasadi-bih-i-nacistickih-simbola-na-tabli-posvecenoj-hanuki\\\/\"},\"author\":{\"name\":\"dmcsrbija.com@gmail.com\",\"@id\":\"https:\\\/\\\/dmcsrb.com\\\/#\\\/schema\\\/person\\\/5c39170f12db1b8b457732d0b5c854e2\"},\"headline\":\"Uhap\u0161en maloljetnik osumnji\u010den za iscrtavanje grafita na Ambasadi BiH i nacisti\u010dkih simbola na tabli posve\u0107enoj Hanuki\",\"datePublished\":\"2025-12-19T06:41:01+00:00\",\"mainEntityOfPage\":{\"@id\":\"https:\\\/\\\/dmcsrb.com\\\/hronika\\\/uhapsen-maloljetnik-osumnjicen-za-iscrtavanje-grafita-na-ambasadi-bih-i-nacistickih-simbola-na-tabli-posvecenoj-hanuki\\\/\"},\"wordCount\":371,\"commentCount\":0,\"image\":{\"@id\":\"https:\\\/\\\/dmcsrb.com\\\/hronika\\\/uhapsen-maloljetnik-osumnjicen-za-iscrtavanje-grafita-na-ambasadi-bih-i-nacistickih-simbola-na-tabli-posvecenoj-hanuki\\\/#primaryimage\"},\"thumbnailUrl\":\"https:\\\/\\\/dmcsrb.com\\\/wp-content\\\/uploads\\\/2026\\\/01\\\/Policija-Crne-Gore-1-foto-Vlada-CG.jpg\",\"keywords\":[\"Govor mr\u017enje\",\"grafiti\",\"Uprava policije\"],\"articleSection\":[\"Hronika\"],\"inLanguage\":\"en-GB\",\"potentialAction\":[{\"@type\":\"CommentAction\",\"name\":\"Comment\",\"target\":[\"https:\\\/\\\/dmcsrb.com\\\/hronika\\\/uhapsen-maloljetnik-osumnjicen-za-iscrtavanje-grafita-na-ambasadi-bih-i-nacistickih-simbola-na-tabli-posvecenoj-hanuki\\\/#respond\"]}]},{\"@type\":\"WebPage\",\"@id\":\"https:\\\/\\\/dmcsrb.com\\\/hronika\\\/uhapsen-maloljetnik-osumnjicen-za-iscrtavanje-grafita-na-ambasadi-bih-i-nacistickih-simbola-na-tabli-posvecenoj-hanuki\\\/\",\"url\":\"https:\\\/\\\/dmcsrb.com\\\/hronika\\\/uhapsen-maloljetnik-osumnjicen-za-iscrtavanje-grafita-na-ambasadi-bih-i-nacistickih-simbola-na-tabli-posvecenoj-hanuki\\\/\",\"name\":\"Uhap\u0161en maloljetnik osumnji\u010den za iscrtavanje grafita na Ambasadi BiH i nacisti\u010dkih simbola na tabli posve\u0107enoj Hanuki - dmcsrb.com\",\"isPartOf\":{\"@id\":\"https:\\\/\\\/dmcsrb.com\\\/#website\"},\"primaryImageOfPage\":{\"@id\":\"https:\\\/\\\/dmcsrb.com\\\/hronika\\\/uhapsen-maloljetnik-osumnjicen-za-iscrtavanje-grafita-na-ambasadi-bih-i-nacistickih-simbola-na-tabli-posvecenoj-hanuki\\\/#primaryimage\"},\"image\":{\"@id\":\"https:\\\/\\\/dmcsrb.com\\\/hronika\\\/uhapsen-maloljetnik-osumnjicen-za-iscrtavanje-grafita-na-ambasadi-bih-i-nacistickih-simbola-na-tabli-posvecenoj-hanuki\\\/#primaryimage\"},\"thumbnailUrl\":\"https:\\\/\\\/dmcsrb.com\\\/wp-content\\\/uploads\\\/2026\\\/01\\\/Policija-Crne-Gore-1-foto-Vlada-CG.jpg\",\"datePublished\":\"2025-12-19T06:41:01+00:00\",\"author\":{\"@id\":\"https:\\\/\\\/dmcsrb.com\\\/#\\\/schema\\\/person\\\/5c39170f12db1b8b457732d0b5c854e2\"},\"breadcrumb\":{\"@id\":\"https:\\\/\\\/dmcsrb.com\\\/hronika\\\/uhapsen-maloljetnik-osumnjicen-za-iscrtavanje-grafita-na-ambasadi-bih-i-nacistickih-simbola-na-tabli-posvecenoj-hanuki\\\/#breadcrumb\"},\"inLanguage\":\"en-GB\",\"potentialAction\":[{\"@type\":\"ReadAction\",\"target\":[\"https:\\\/\\\/dmcsrb.com\\\/hronika\\\/uhapsen-maloljetnik-osumnjicen-za-iscrtavanje-grafita-na-ambasadi-bih-i-nacistickih-simbola-na-tabli-posvecenoj-hanuki\\\/\"]}]},{\"@type\":\"ImageObject\",\"inLanguage\":\"en-GB\",\"@id\":\"https:\\\/\\\/dmcsrb.com\\\/hronika\\\/uhapsen-maloljetnik-osumnjicen-za-iscrtavanje-grafita-na-ambasadi-bih-i-nacistickih-simbola-na-tabli-posvecenoj-hanuki\\\/#primaryimage\",\"url\":\"https:\\\/\\\/dmcsrb.com\\\/wp-content\\\/uploads\\\/2026\\\/01\\\/Policija-Crne-Gore-1-foto-Vlada-CG.jpg\",\"contentUrl\":\"https:\\\/\\\/dmcsrb.com\\\/wp-content\\\/uploads\\\/2026\\\/01\\\/Policija-Crne-Gore-1-foto-Vlada-CG.jpg\",\"width\":1022,\"height\":640},{\"@type\":\"BreadcrumbList\",\"@id\":\"https:\\\/\\\/dmcsrb.com\\\/hronika\\\/uhapsen-maloljetnik-osumnjicen-za-iscrtavanje-grafita-na-ambasadi-bih-i-nacistickih-simbola-na-tabli-posvecenoj-hanuki\\\/#breadcrumb\",\"itemListElement\":[{\"@type\":\"ListItem\",\"position\":1,\"name\":\"Home\",\"item\":\"https:\\\/\\\/dmcsrb.com\\\/\"},{\"@type\":\"ListItem\",\"position\":2,\"name\":\"Uhap\u0161en maloljetnik osumnji\u010den za iscrtavanje grafita na Ambasadi BiH i nacisti\u010dkih simbola na tabli posve\u0107enoj Hanuki\"}]},{\"@type\":\"WebSite\",\"@id\":\"https:\\\/\\\/dmcsrb.com\\\/#website\",\"url\":\"https:\\\/\\\/dmcsrb.com\\\/\",\"name\":\"dmcsrb.com\",\"description\":\"\",\"potentialAction\":[{\"@type\":\"SearchAction\",\"target\":{\"@type\":\"EntryPoint\",\"urlTemplate\":\"https:\\\/\\\/dmcsrb.com\\\/?s={search_term_string}\"},\"query-input\":{\"@type\":\"PropertyValueSpecification\",\"valueRequired\":true,\"valueName\":\"search_term_string\"}}],\"inLanguage\":\"en-GB\"},{\"@type\":\"Person\",\"@id\":\"https:\\\/\\\/dmcsrb.com\\\/#\\\/schema\\\/person\\\/5c39170f12db1b8b457732d0b5c854e2\",\"name\":\"dmcsrbija.com@gmail.com\",\"image\":{\"@type\":\"ImageObject\",\"inLanguage\":\"en-GB\",\"@id\":\"https:\\\/\\\/secure.gravatar.com\\\/avatar\\\/68592660ad6347fad0fb587f8d5d8f1a7b44961362f56e4f2cd524feb87e9069?s=96&d=mm&r=g\",\"url\":\"https:\\\/\\\/secure.gravatar.com\\\/avatar\\\/68592660ad6347fad0fb587f8d5d8f1a7b44961362f56e4f2cd524feb87e9069?s=96&d=mm&r=g\",\"contentUrl\":\"https:\\\/\\\/secure.gravatar.com\\\/avatar\\\/68592660ad6347fad0fb587f8d5d8f1a7b44961362f56e4f2cd524feb87e9069?s=96&d=mm&r=g\",\"caption\":\"dmcsrbija.com@gmail.com\"},\"sameAs\":[\"https:\\\/\\\/dmcsrb.com\"],\"url\":\"https:\\\/\\\/dmcsrb.com\\\/en\\\/author\\\/dmcsrbija-comgmail-com\\\/\"}]}<\/script>\n<!-- \/ Yoast SEO plugin. -->","yoast_head_json":{"title":"Uhap\u0161en maloljetnik osumnji\u010den za iscrtavanje grafita na Ambasadi BiH i nacisti\u010dkih simbola na tabli posve\u0107enoj Hanuki - dmcsrb.com","robots":{"index":"index","follow":"follow","max-snippet":"max-snippet:-1","max-image-preview":"max-image-preview:large","max-video-preview":"max-video-preview:-1"},"canonical":"https:\/\/dmcsrb.com\/en\/hronika\/uhapsen-maloljetnik-osumnjicen-za-iscrtavanje-grafita-na-ambasadi-bih-i-nacistickih-simbola-na-tabli-posvecenoj-hanuki\/","og_locale":"en_GB","og_type":"article","og_title":"Uhap\u0161en maloljetnik osumnji\u010den za iscrtavanje grafita na Ambasadi BiH i nacisti\u010dkih simbola na tabli posve\u0107enoj Hanuki - dmcsrb.com","og_description":"Podgori\u010dka policija uhapsila je maloljetnika osumnji\u010denog za iscrtavanje natpisa i simbola sa elementima nacionalne i vjerske mr\u017enje na Ambasadi BiH u Podgorici i Trgu Argentina, a kojeg terete za da je po\u010dinio krivi\u010dno djelo izazivanje nacionalne, rasne i vjerske mr\u017enje.","og_url":"https:\/\/dmcsrb.com\/en\/hronika\/uhapsen-maloljetnik-osumnjicen-za-iscrtavanje-grafita-na-ambasadi-bih-i-nacistickih-simbola-na-tabli-posvecenoj-hanuki\/","og_site_name":"dmcsrb.com","article_published_time":"2025-12-19T06:41:01+00:00","og_image":[{"width":1022,"height":640,"url":"https:\/\/dmcsrb.com\/wp-content\/uploads\/2026\/01\/Policija-Crne-Gore-1-foto-Vlada-CG.jpg","type":"image\/jpeg"}],"author":"dmcsrbija.com@gmail.com","twitter_card":"summary_large_image","twitter_misc":{"Written by":"dmcsrbija.com@gmail.com","Estimated reading time":"2 minutes"},"schema":{"@context":"https:\/\/schema.org","@graph":[{"@type":"Article","@id":"https:\/\/dmcsrb.com\/hronika\/uhapsen-maloljetnik-osumnjicen-za-iscrtavanje-grafita-na-ambasadi-bih-i-nacistickih-simbola-na-tabli-posvecenoj-hanuki\/#article","isPartOf":{"@id":"https:\/\/dmcsrb.com\/hronika\/uhapsen-maloljetnik-osumnjicen-za-iscrtavanje-grafita-na-ambasadi-bih-i-nacistickih-simbola-na-tabli-posvecenoj-hanuki\/"},"author":{"name":"dmcsrbija.com@gmail.com","@id":"https:\/\/dmcsrb.com\/#\/schema\/person\/5c39170f12db1b8b457732d0b5c854e2"},"headline":"Uhap\u0161en maloljetnik osumnji\u010den za iscrtavanje grafita na Ambasadi BiH i nacisti\u010dkih simbola na tabli posve\u0107enoj Hanuki","datePublished":"2025-12-19T06:41:01+00:00","mainEntityOfPage":{"@id":"https:\/\/dmcsrb.com\/hronika\/uhapsen-maloljetnik-osumnjicen-za-iscrtavanje-grafita-na-ambasadi-bih-i-nacistickih-simbola-na-tabli-posvecenoj-hanuki\/"},"wordCount":371,"commentCount":0,"image":{"@id":"https:\/\/dmcsrb.com\/hronika\/uhapsen-maloljetnik-osumnjicen-za-iscrtavanje-grafita-na-ambasadi-bih-i-nacistickih-simbola-na-tabli-posvecenoj-hanuki\/#primaryimage"},"thumbnailUrl":"https:\/\/dmcsrb.com\/wp-content\/uploads\/2026\/01\/Policija-Crne-Gore-1-foto-Vlada-CG.jpg","keywords":["Govor mr\u017enje","grafiti","Uprava policije"],"articleSection":["Hronika"],"inLanguage":"en-GB","potentialAction":[{"@type":"CommentAction","name":"Comment","target":["https:\/\/dmcsrb.com\/hronika\/uhapsen-maloljetnik-osumnjicen-za-iscrtavanje-grafita-na-ambasadi-bih-i-nacistickih-simbola-na-tabli-posvecenoj-hanuki\/#respond"]}]},{"@type":"WebPage","@id":"https:\/\/dmcsrb.com\/hronika\/uhapsen-maloljetnik-osumnjicen-za-iscrtavanje-grafita-na-ambasadi-bih-i-nacistickih-simbola-na-tabli-posvecenoj-hanuki\/","url":"https:\/\/dmcsrb.com\/hronika\/uhapsen-maloljetnik-osumnjicen-za-iscrtavanje-grafita-na-ambasadi-bih-i-nacistickih-simbola-na-tabli-posvecenoj-hanuki\/","name":"Uhap\u0161en maloljetnik osumnji\u010den za iscrtavanje grafita na Ambasadi BiH i nacisti\u010dkih simbola na tabli posve\u0107enoj Hanuki - dmcsrb.com","isPartOf":{"@id":"https:\/\/dmcsrb.com\/#website"},"primaryImageOfPage":{"@id":"https:\/\/dmcsrb.com\/hronika\/uhapsen-maloljetnik-osumnjicen-za-iscrtavanje-grafita-na-ambasadi-bih-i-nacistickih-simbola-na-tabli-posvecenoj-hanuki\/#primaryimage"},"image":{"@id":"https:\/\/dmcsrb.com\/hronika\/uhapsen-maloljetnik-osumnjicen-za-iscrtavanje-grafita-na-ambasadi-bih-i-nacistickih-simbola-na-tabli-posvecenoj-hanuki\/#primaryimage"},"thumbnailUrl":"https:\/\/dmcsrb.com\/wp-content\/uploads\/2026\/01\/Policija-Crne-Gore-1-foto-Vlada-CG.jpg","datePublished":"2025-12-19T06:41:01+00:00","author":{"@id":"https:\/\/dmcsrb.com\/#\/schema\/person\/5c39170f12db1b8b457732d0b5c854e2"},"breadcrumb":{"@id":"https:\/\/dmcsrb.com\/hronika\/uhapsen-maloljetnik-osumnjicen-za-iscrtavanje-grafita-na-ambasadi-bih-i-nacistickih-simbola-na-tabli-posvecenoj-hanuki\/#breadcrumb"},"inLanguage":"en-GB","potentialAction":[{"@type":"ReadAction","target":["https:\/\/dmcsrb.com\/hronika\/uhapsen-maloljetnik-osumnjicen-za-iscrtavanje-grafita-na-ambasadi-bih-i-nacistickih-simbola-na-tabli-posvecenoj-hanuki\/"]}]},{"@type":"ImageObject","inLanguage":"en-GB","@id":"https:\/\/dmcsrb.com\/hronika\/uhapsen-maloljetnik-osumnjicen-za-iscrtavanje-grafita-na-ambasadi-bih-i-nacistickih-simbola-na-tabli-posvecenoj-hanuki\/#primaryimage","url":"https:\/\/dmcsrb.com\/wp-content\/uploads\/2026\/01\/Policija-Crne-Gore-1-foto-Vlada-CG.jpg","contentUrl":"https:\/\/dmcsrb.com\/wp-content\/uploads\/2026\/01\/Policija-Crne-Gore-1-foto-Vlada-CG.jpg","width":1022,"height":640},{"@type":"BreadcrumbList","@id":"https:\/\/dmcsrb.com\/hronika\/uhapsen-maloljetnik-osumnjicen-za-iscrtavanje-grafita-na-ambasadi-bih-i-nacistickih-simbola-na-tabli-posvecenoj-hanuki\/#breadcrumb","itemListElement":[{"@type":"ListItem","position":1,"name":"Home","item":"https:\/\/dmcsrb.com\/"},{"@type":"ListItem","position":2,"name":"Uhap\u0161en maloljetnik osumnji\u010den za iscrtavanje grafita na Ambasadi BiH i nacisti\u010dkih simbola na tabli posve\u0107enoj Hanuki"}]},{"@type":"WebSite","@id":"https:\/\/dmcsrb.com\/#website","url":"https:\/\/dmcsrb.com\/","name":"dmcsrb.com","description":"","potentialAction":[{"@type":"SearchAction","target":{"@type":"EntryPoint","urlTemplate":"https:\/\/dmcsrb.com\/?s={search_term_string}"},"query-input":{"@type":"PropertyValueSpecification","valueRequired":true,"valueName":"search_term_string"}}],"inLanguage":"en-GB"},{"@type":"Person","@id":"https:\/\/dmcsrb.com\/#\/schema\/person\/5c39170f12db1b8b457732d0b5c854e2","name":"dmcsrbija.com@gmail.com","image":{"@type":"ImageObject","inLanguage":"en-GB","@id":"https:\/\/secure.gravatar.com\/avatar\/68592660ad6347fad0fb587f8d5d8f1a7b44961362f56e4f2cd524feb87e9069?s=96&d=mm&r=g","url":"https:\/\/secure.gravatar.com\/avatar\/68592660ad6347fad0fb587f8d5d8f1a7b44961362f56e4f2cd524feb87e9069?s=96&d=mm&r=g","contentUrl":"https:\/\/secure.gravatar.com\/avatar\/68592660ad6347fad0fb587f8d5d8f1a7b44961362f56e4f2cd524feb87e9069?s=96&d=mm&r=g","caption":"dmcsrbija.com@gmail.com"},"sameAs":["https:\/\/dmcsrb.com"],"url":"https:\/\/dmcsrb.com\/en\/author\/dmcsrbija-comgmail-com\/"}]}},"_links":{"self":[{"href":"https:\/\/dmcsrb.com\/en\/wp-json\/wp\/v2\/posts\/914392","targetHints":{"allow":["GET"]}}],"collection":[{"href":"https:\/\/dmcsrb.com\/en\/wp-json\/wp\/v2\/posts"}],"about":[{"href":"https:\/\/dmcsrb.com\/en\/wp-json\/wp\/v2\/types\/post"}],"author":[{"embeddable":true,"href":"https:\/\/dmcsrb.com\/en\/wp-json\/wp\/v2\/users\/1"}],"replies":[{"embeddable":true,"href":"https:\/\/dmcsrb.com\/en\/wp-json\/wp\/v2\/comments?post=914392"}],"version-history":[{"count":0,"href":"https:\/\/dmcsrb.com\/en\/wp-json\/wp\/v2\/posts\/914392\/revisions"}],"wp:featuredmedia":[{"embeddable":true,"href":"https:\/\/dmcsrb.com\/en\/wp-json\/wp\/v2\/media\/909183"}],"wp:attachment":[{"href":"https:\/\/dmcsrb.com\/en\/wp-json\/wp\/v2\/media?parent=914392"}],"wp:term":[{"taxonomy":"category","embeddable":true,"href":"https:\/\/dmcsrb.com\/en\/wp-json\/wp\/v2\/categories?post=914392"},{"taxonomy":"post_tag","embeddable":true,"href":"https:\/\/dmcsrb.com\/en\/wp-json\/wp\/v2\/tags?post=914392"},{"taxonomy":"naslovna","embeddable":true,"href":"https:\/\/dmcsrb.com\/en\/wp-json\/wp\/v2\/naslovna?post=914392"}],"curies":[{"name":"wp","href":"https:\/\/api.w.org\/{rel}","templated":true}]}}