{"id":914378,"date":"2025-12-19T06:43:00","date_gmt":"2025-12-19T05:43:00","guid":{"rendered":"https:\/\/dmcsrb.com\/uncategorized\/skupstina-uvjerena-da-ce-sva-poglavlja-biti-zatvorena-do-kraja-2026\/"},"modified":"2025-12-19T06:43:00","modified_gmt":"2025-12-19T05:43:00","slug":"skupstina-uvjerena-da-ce-sva-poglavlja-biti-zatvorena-do-kraja-2026","status":"publish","type":"post","link":"https:\/\/dmcsrb.com\/en\/politika\/skupstina-uvjerena-da-ce-sva-poglavlja-biti-zatvorena-do-kraja-2026\/","title":{"rendered":"Skup\u0161tina uvjerena da \u0107e sva poglavlja biti zatvorena do kraja 2026."},"content":{"rendered":"<p><\/p>\n\n\n\n<p>Rezolucija nagla\u0161ava da \u0107e status punopravne \u010dlanice Evropske unije osigurati dugoro\u010dne pretpostavke za po\u0161tovanje nezavisnosti, ja\u010danje sigurnosti, razvoj multietni\u010dke demokratije, te afirmaciju principa vladavine prava i ekonomskog prosperiteta, \u0161to je u interesu svih gra\u0111ana.<\/p>\n\n\n\n<p>Skup\u0161tina Crne Gore se u ovom dokumentu obavezuje na maksimalnu posve\u0107enost procesu evropske integracije, uzimaju\u0107i u obzir pozitivan politi\u010dki momenat za pro\u0161irenje EU.<\/p>\n\n\n\n<p>Kao apsolutni prioritet u narednom periodu prepoznaje se nastavak ispunjavanja obaveza na putu pristupanja Evropskoj uniji.<\/p>\n\n\n\n<p>&#8220;Me\u0111u klju\u010dnim obavezama Skup\u0161tine su &#8211; institucionalna saradnja, odnosno pru\u017eanje punog doprinosa koordinisanom institucionalnom djelovanju s Vladom Crne Gore i Predsjednikom Crne Gore, radi zavr\u0161etka pristupnih pregovora u navedenom roku, ja\u010danje podr\u0161ke &#8211; kori\u0161\u0107enje svih institucionalnih kapaciteta za vo\u0111enje parlamentarne diplomatije s ciljem ja\u010danja podr\u0161ke dr\u017eava \u010dlanica ulasku Crne Gore u EU, te dru\u0161tveni konsenzus &#8211; doprinos unapre\u0111enju saradnje s predstavnicima civilnog dru\u0161tva i medijske zajednice, u svrhu ja\u010danja dru\u0161tvenog konsenzusa o evropskoj integraciji&#8221;, pi\u0161e u dokumentu.&nbsp;<\/p>\n\n\n\n<p>Tu je i regionalna saradnja &#8211; doprinos razvoju dobrosusjedskih odnosa i pru\u017eanje podr\u0161ke dr\u017eavama regiona u procesu evropske integracije.<\/p>\n\n\n\n<p>Predlog Rezolucije se podnosi na osnovu \u010dlana 93. stav 1. Ustava Crne Gore i Skup\u0161tina ovim aktom potvr\u0111uje punu posve\u0107enost realizaciji istorijskog cilja u\u010dlanjenja dr\u017eave u Evropsku uniju.<\/p>\n\n\n\n<p>U obrazlo\u017eenju se navodi da se Crna Gora nalazi u klju\u010dnoj fazi pregovora i da \u0107e u\u010dinak na planu ispunjavanja obaveza iz \u201eevropske agende\u201c tokom 2026. godine umnogome uticati na ishod procesa.<\/p>\n\n\n\n<p>Dokument se oslanja i na Program pristupanja Crne Gore Evropskoj uniji (PPCG) 2024-2027, usvojen u februaru 2025. godine, kao i na Reformsku agendu Vlade Crne Gore iz septembra 2024. godine, koja defini\u0161e klju\u010dne mjere u oblastima javne uprave, ekonomije, pravosu\u0111a, obrazovanja i socijalne politike.<\/p>\n\n\n\n<p>Evropska komesarka za pro\u0161irenje Marta Kos saop\u0161tila je u utorak u Briselu da Crna Gora nikad nije bila bli\u017ea Evropskoj uniji.<\/p>\n\n\n\n<p>Ona je to kazala nakon \u0161to je Crna Gora, na Me\u0111uvladinoj konferenciji sa EU 16. decembra u Briselu, zatvorila pet pregovara\u010dkih poglavlja u pregovorima o \u010dlanstvu u EU.<\/p>\n\n\n\n<p>Rije\u010d je o poglavljima: 3 \u2013 Pravo osnivanja preduze\u0107a i sloboda pru\u017eanja usluga, 4 \u2013 Sloboda kretanja kapitala, 6 \u2013 Privredno pravo, 11 \u2013 Poljoprivreda i ruralni razvoj i poglavlje 13 \u2013 Ribarstvo.<\/p>\n\n\n\n<p>Komesarka Kos je ponovila da je Crna Gora predvodnik u procesu integracija i kandidat sa najboljim rezultatima \u0161to je sada dokazala sa ukupno 12 zatvorenih poglavlja od ukupno 33.&nbsp;<\/p>\n\n\n\n<p>Premijer Milojko Spaji\u0107 kazao je da je Crna Gora zatvorila vi\u0161e od tre\u0107ine poglavlja u pregovorima o \u010dlanstvu u EU, \u0161to je okarakterisao kao veliki uspjeh.<\/p>\n\n\n\n<p>On je naveo da EU u Crnoj Gori dobija \u010dlanicu sposobnu da ide rame uz rame sa pojedinim dr\u017eavama \u010dlanicama, iako je nekada bila najsiroma\u0161nija republika nekada\u0161nje Jugoslavije.<\/p>\n\n\n\n<p>&#8220;Crna Gora ne\u0107e predstavljati veliko poresko optere\u0107enje za gra\u0111ane EU&#8221;, kazao je.&nbsp;<\/p>\n\n\n\n<p>On smatra da se svakodnevno pokazuje da je realisti\u010dan cilj da Crna Gora sva pogavlja zatvori do kraja 2026.<\/p>\n\n\n\n<p>&#8220;Mi stvaramo uslove da ispunimo sve do kraja naredne godine&#8221;, poru\u010dio je Spaji\u0107.<\/p>\n\n\n\n<p>Crna Gora je pregovore za \u010dlanstvo u EU po\u010dela u junu 2012. godine.<\/p>","protected":false},"excerpt":{"rendered":"<p>Dio poslanika vlasti i opozicije u Skup\u0161tini Crne Gore podnijeli su Predlog rezolucije o integraciji Crne Gore u Evropsku uniju (EU), kako bi taj dokument bio stavljen u skup\u0161tinsku proceduru. Ovim se aktom ulazak Crne Gore u Evropsku uniju progla\u0161ava najva\u017enijim strate\u0161kim zadatkom i ciljem dr\u017eavne politike.<\/p>","protected":false},"author":1,"featured_media":914379,"comment_status":"open","ping_status":"open","sticky":false,"template":"","format":"standard","meta":{"_acf_changed":false,"footnotes":""},"categories":[12],"tags":[10,461],"naslovna":[],"class_list":["post-914378","post","type-post","status-publish","format-standard","has-post-thumbnail","hentry","category-politika","tag-eu","tag-skupstina-crne-gore"],"acf":[],"yoast_head":"<!-- This site is optimized with the Yoast SEO plugin v27.0 - https:\/\/yoast.com\/product\/yoast-seo-wordpress\/ -->\n<title>Skup\u0161tina uvjerena da \u0107e sva poglavlja biti zatvorena do kraja 2026. - dmcsrb.com<\/title>\n<meta name=\"robots\" content=\"index, follow, max-snippet:-1, max-image-preview:large, max-video-preview:-1\" \/>\n<link rel=\"canonical\" href=\"https:\/\/dmcsrb.com\/en\/politika\/skupstina-uvjerena-da-ce-sva-poglavlja-biti-zatvorena-do-kraja-2026\/\" \/>\n<meta property=\"og:locale\" content=\"en_GB\" \/>\n<meta property=\"og:type\" content=\"article\" \/>\n<meta property=\"og:title\" content=\"Skup\u0161tina uvjerena da \u0107e sva poglavlja biti zatvorena do kraja 2026. - dmcsrb.com\" \/>\n<meta property=\"og:description\" content=\"Dio poslanika vlasti i opozicije u Skup\u0161tini Crne Gore podnijeli su Predlog rezolucije o integraciji Crne Gore u Evropsku uniju (EU), kako bi taj dokument bio stavljen u skup\u0161tinsku proceduru. Ovim se aktom ulazak Crne Gore u Evropsku uniju progla\u0161ava najva\u017enijim strate\u0161kim zadatkom i ciljem dr\u017eavne politike.\" \/>\n<meta property=\"og:url\" content=\"https:\/\/dmcsrb.com\/en\/politika\/skupstina-uvjerena-da-ce-sva-poglavlja-biti-zatvorena-do-kraja-2026\/\" \/>\n<meta property=\"og:site_name\" content=\"dmcsrb.com\" \/>\n<meta property=\"article:published_time\" content=\"2025-12-19T05:43:00+00:00\" \/>\n<meta property=\"og:image\" content=\"https:\/\/dmcsrb.com\/wp-content\/uploads\/2026\/01\/sjednica-Skupstine-CG-foto-skupstina.jpg\" \/>\n\t<meta property=\"og:image:width\" content=\"924\" \/>\n\t<meta property=\"og:image:height\" content=\"579\" \/>\n\t<meta property=\"og:image:type\" content=\"image\/jpeg\" \/>\n<meta name=\"author\" content=\"dmcsrbija.com@gmail.com\" \/>\n<meta name=\"twitter:card\" content=\"summary_large_image\" \/>\n<meta name=\"twitter:label1\" content=\"Written by\" \/>\n\t<meta name=\"twitter:data1\" content=\"dmcsrbija.com@gmail.com\" \/>\n\t<meta name=\"twitter:label2\" content=\"Estimated reading time\" \/>\n\t<meta name=\"twitter:data2\" content=\"3 minutes\" \/>\n<script type=\"application\/ld+json\" class=\"yoast-schema-graph\">{\"@context\":\"https:\/\/schema.org\",\"@graph\":[{\"@type\":\"Article\",\"@id\":\"https:\/\/dmcsrb.com\/politika\/skupstina-uvjerena-da-ce-sva-poglavlja-biti-zatvorena-do-kraja-2026\/#article\",\"isPartOf\":{\"@id\":\"https:\/\/dmcsrb.com\/politika\/skupstina-uvjerena-da-ce-sva-poglavlja-biti-zatvorena-do-kraja-2026\/\"},\"author\":{\"name\":\"dmcsrbija.com@gmail.com\",\"@id\":\"https:\/\/dmcsrb.com\/#\/schema\/person\/5c39170f12db1b8b457732d0b5c854e2\"},\"headline\":\"Skup\u0161tina uvjerena da \u0107e sva poglavlja biti zatvorena do kraja 2026.\",\"datePublished\":\"2025-12-19T05:43:00+00:00\",\"mainEntityOfPage\":{\"@id\":\"https:\/\/dmcsrb.com\/politika\/skupstina-uvjerena-da-ce-sva-poglavlja-biti-zatvorena-do-kraja-2026\/\"},\"wordCount\":550,\"commentCount\":0,\"image\":{\"@id\":\"https:\/\/dmcsrb.com\/politika\/skupstina-uvjerena-da-ce-sva-poglavlja-biti-zatvorena-do-kraja-2026\/#primaryimage\"},\"thumbnailUrl\":\"https:\/\/dmcsrb.com\/wp-content\/uploads\/2026\/01\/sjednica-Skupstine-CG-foto-skupstina.jpg\",\"keywords\":[\"EU\",\"Skup\u0161tina Crne Gore\"],\"articleSection\":[\"Politika\"],\"inLanguage\":\"en-GB\",\"potentialAction\":[{\"@type\":\"CommentAction\",\"name\":\"Comment\",\"target\":[\"https:\/\/dmcsrb.com\/politika\/skupstina-uvjerena-da-ce-sva-poglavlja-biti-zatvorena-do-kraja-2026\/#respond\"]}]},{\"@type\":\"WebPage\",\"@id\":\"https:\/\/dmcsrb.com\/politika\/skupstina-uvjerena-da-ce-sva-poglavlja-biti-zatvorena-do-kraja-2026\/\",\"url\":\"https:\/\/dmcsrb.com\/politika\/skupstina-uvjerena-da-ce-sva-poglavlja-biti-zatvorena-do-kraja-2026\/\",\"name\":\"Skup\u0161tina uvjerena da \u0107e sva poglavlja biti zatvorena do kraja 2026. - dmcsrb.com\",\"isPartOf\":{\"@id\":\"https:\/\/dmcsrb.com\/#website\"},\"primaryImageOfPage\":{\"@id\":\"https:\/\/dmcsrb.com\/politika\/skupstina-uvjerena-da-ce-sva-poglavlja-biti-zatvorena-do-kraja-2026\/#primaryimage\"},\"image\":{\"@id\":\"https:\/\/dmcsrb.com\/politika\/skupstina-uvjerena-da-ce-sva-poglavlja-biti-zatvorena-do-kraja-2026\/#primaryimage\"},\"thumbnailUrl\":\"https:\/\/dmcsrb.com\/wp-content\/uploads\/2026\/01\/sjednica-Skupstine-CG-foto-skupstina.jpg\",\"datePublished\":\"2025-12-19T05:43:00+00:00\",\"author\":{\"@id\":\"https:\/\/dmcsrb.com\/#\/schema\/person\/5c39170f12db1b8b457732d0b5c854e2\"},\"breadcrumb\":{\"@id\":\"https:\/\/dmcsrb.com\/politika\/skupstina-uvjerena-da-ce-sva-poglavlja-biti-zatvorena-do-kraja-2026\/#breadcrumb\"},\"inLanguage\":\"en-GB\",\"potentialAction\":[{\"@type\":\"ReadAction\",\"target\":[\"https:\/\/dmcsrb.com\/politika\/skupstina-uvjerena-da-ce-sva-poglavlja-biti-zatvorena-do-kraja-2026\/\"]}]},{\"@type\":\"ImageObject\",\"inLanguage\":\"en-GB\",\"@id\":\"https:\/\/dmcsrb.com\/politika\/skupstina-uvjerena-da-ce-sva-poglavlja-biti-zatvorena-do-kraja-2026\/#primaryimage\",\"url\":\"https:\/\/dmcsrb.com\/wp-content\/uploads\/2026\/01\/sjednica-Skupstine-CG-foto-skupstina.jpg\",\"contentUrl\":\"https:\/\/dmcsrb.com\/wp-content\/uploads\/2026\/01\/sjednica-Skupstine-CG-foto-skupstina.jpg\",\"width\":924,\"height\":579},{\"@type\":\"BreadcrumbList\",\"@id\":\"https:\/\/dmcsrb.com\/politika\/skupstina-uvjerena-da-ce-sva-poglavlja-biti-zatvorena-do-kraja-2026\/#breadcrumb\",\"itemListElement\":[{\"@type\":\"ListItem\",\"position\":1,\"name\":\"Home\",\"item\":\"https:\/\/dmcsrb.com\/\"},{\"@type\":\"ListItem\",\"position\":2,\"name\":\"Skup\u0161tina uvjerena da \u0107e sva poglavlja biti zatvorena do kraja 2026.\"}]},{\"@type\":\"WebSite\",\"@id\":\"https:\/\/dmcsrb.com\/#website\",\"url\":\"https:\/\/dmcsrb.com\/\",\"name\":\"dmcsrb.com\",\"description\":\"\",\"potentialAction\":[{\"@type\":\"SearchAction\",\"target\":{\"@type\":\"EntryPoint\",\"urlTemplate\":\"https:\/\/dmcsrb.com\/?s={search_term_string}\"},\"query-input\":{\"@type\":\"PropertyValueSpecification\",\"valueRequired\":true,\"valueName\":\"search_term_string\"}}],\"inLanguage\":\"en-GB\"},{\"@type\":\"Person\",\"@id\":\"https:\/\/dmcsrb.com\/#\/schema\/person\/5c39170f12db1b8b457732d0b5c854e2\",\"name\":\"dmcsrbija.com@gmail.com\",\"image\":{\"@type\":\"ImageObject\",\"inLanguage\":\"en-GB\",\"@id\":\"https:\/\/dmcsrb.com\/#\/schema\/person\/image\/\",\"url\":\"https:\/\/secure.gravatar.com\/avatar\/68592660ad6347fad0fb587f8d5d8f1a7b44961362f56e4f2cd524feb87e9069?s=96&d=mm&r=g\",\"contentUrl\":\"https:\/\/secure.gravatar.com\/avatar\/68592660ad6347fad0fb587f8d5d8f1a7b44961362f56e4f2cd524feb87e9069?s=96&d=mm&r=g\",\"caption\":\"dmcsrbija.com@gmail.com\"},\"sameAs\":[\"https:\/\/dmcsrb.com\"],\"url\":\"https:\/\/dmcsrb.com\/en\/author\/dmcsrbija-comgmail-com\/\"}]}<\/script>\n<!-- \/ Yoast SEO plugin. -->","yoast_head_json":{"title":"Skup\u0161tina uvjerena da \u0107e sva poglavlja biti zatvorena do kraja 2026. - dmcsrb.com","robots":{"index":"index","follow":"follow","max-snippet":"max-snippet:-1","max-image-preview":"max-image-preview:large","max-video-preview":"max-video-preview:-1"},"canonical":"https:\/\/dmcsrb.com\/en\/politika\/skupstina-uvjerena-da-ce-sva-poglavlja-biti-zatvorena-do-kraja-2026\/","og_locale":"en_GB","og_type":"article","og_title":"Skup\u0161tina uvjerena da \u0107e sva poglavlja biti zatvorena do kraja 2026. - dmcsrb.com","og_description":"Dio poslanika vlasti i opozicije u Skup\u0161tini Crne Gore podnijeli su Predlog rezolucije o integraciji Crne Gore u Evropsku uniju (EU), kako bi taj dokument bio stavljen u skup\u0161tinsku proceduru. Ovim se aktom ulazak Crne Gore u Evropsku uniju progla\u0161ava najva\u017enijim strate\u0161kim zadatkom i ciljem dr\u017eavne politike.","og_url":"https:\/\/dmcsrb.com\/en\/politika\/skupstina-uvjerena-da-ce-sva-poglavlja-biti-zatvorena-do-kraja-2026\/","og_site_name":"dmcsrb.com","article_published_time":"2025-12-19T05:43:00+00:00","og_image":[{"width":924,"height":579,"url":"https:\/\/dmcsrb.com\/wp-content\/uploads\/2026\/01\/sjednica-Skupstine-CG-foto-skupstina.jpg","type":"image\/jpeg"}],"author":"dmcsrbija.com@gmail.com","twitter_card":"summary_large_image","twitter_misc":{"Written by":"dmcsrbija.com@gmail.com","Estimated reading time":"3 minutes"},"schema":{"@context":"https:\/\/schema.org","@graph":[{"@type":"Article","@id":"https:\/\/dmcsrb.com\/politika\/skupstina-uvjerena-da-ce-sva-poglavlja-biti-zatvorena-do-kraja-2026\/#article","isPartOf":{"@id":"https:\/\/dmcsrb.com\/politika\/skupstina-uvjerena-da-ce-sva-poglavlja-biti-zatvorena-do-kraja-2026\/"},"author":{"name":"dmcsrbija.com@gmail.com","@id":"https:\/\/dmcsrb.com\/#\/schema\/person\/5c39170f12db1b8b457732d0b5c854e2"},"headline":"Skup\u0161tina uvjerena da \u0107e sva poglavlja biti zatvorena do kraja 2026.","datePublished":"2025-12-19T05:43:00+00:00","mainEntityOfPage":{"@id":"https:\/\/dmcsrb.com\/politika\/skupstina-uvjerena-da-ce-sva-poglavlja-biti-zatvorena-do-kraja-2026\/"},"wordCount":550,"commentCount":0,"image":{"@id":"https:\/\/dmcsrb.com\/politika\/skupstina-uvjerena-da-ce-sva-poglavlja-biti-zatvorena-do-kraja-2026\/#primaryimage"},"thumbnailUrl":"https:\/\/dmcsrb.com\/wp-content\/uploads\/2026\/01\/sjednica-Skupstine-CG-foto-skupstina.jpg","keywords":["EU","Skup\u0161tina Crne Gore"],"articleSection":["Politika"],"inLanguage":"en-GB","potentialAction":[{"@type":"CommentAction","name":"Comment","target":["https:\/\/dmcsrb.com\/politika\/skupstina-uvjerena-da-ce-sva-poglavlja-biti-zatvorena-do-kraja-2026\/#respond"]}]},{"@type":"WebPage","@id":"https:\/\/dmcsrb.com\/politika\/skupstina-uvjerena-da-ce-sva-poglavlja-biti-zatvorena-do-kraja-2026\/","url":"https:\/\/dmcsrb.com\/politika\/skupstina-uvjerena-da-ce-sva-poglavlja-biti-zatvorena-do-kraja-2026\/","name":"Skup\u0161tina uvjerena da \u0107e sva poglavlja biti zatvorena do kraja 2026. - dmcsrb.com","isPartOf":{"@id":"https:\/\/dmcsrb.com\/#website"},"primaryImageOfPage":{"@id":"https:\/\/dmcsrb.com\/politika\/skupstina-uvjerena-da-ce-sva-poglavlja-biti-zatvorena-do-kraja-2026\/#primaryimage"},"image":{"@id":"https:\/\/dmcsrb.com\/politika\/skupstina-uvjerena-da-ce-sva-poglavlja-biti-zatvorena-do-kraja-2026\/#primaryimage"},"thumbnailUrl":"https:\/\/dmcsrb.com\/wp-content\/uploads\/2026\/01\/sjednica-Skupstine-CG-foto-skupstina.jpg","datePublished":"2025-12-19T05:43:00+00:00","author":{"@id":"https:\/\/dmcsrb.com\/#\/schema\/person\/5c39170f12db1b8b457732d0b5c854e2"},"breadcrumb":{"@id":"https:\/\/dmcsrb.com\/politika\/skupstina-uvjerena-da-ce-sva-poglavlja-biti-zatvorena-do-kraja-2026\/#breadcrumb"},"inLanguage":"en-GB","potentialAction":[{"@type":"ReadAction","target":["https:\/\/dmcsrb.com\/politika\/skupstina-uvjerena-da-ce-sva-poglavlja-biti-zatvorena-do-kraja-2026\/"]}]},{"@type":"ImageObject","inLanguage":"en-GB","@id":"https:\/\/dmcsrb.com\/politika\/skupstina-uvjerena-da-ce-sva-poglavlja-biti-zatvorena-do-kraja-2026\/#primaryimage","url":"https:\/\/dmcsrb.com\/wp-content\/uploads\/2026\/01\/sjednica-Skupstine-CG-foto-skupstina.jpg","contentUrl":"https:\/\/dmcsrb.com\/wp-content\/uploads\/2026\/01\/sjednica-Skupstine-CG-foto-skupstina.jpg","width":924,"height":579},{"@type":"BreadcrumbList","@id":"https:\/\/dmcsrb.com\/politika\/skupstina-uvjerena-da-ce-sva-poglavlja-biti-zatvorena-do-kraja-2026\/#breadcrumb","itemListElement":[{"@type":"ListItem","position":1,"name":"Home","item":"https:\/\/dmcsrb.com\/"},{"@type":"ListItem","position":2,"name":"Skup\u0161tina uvjerena da \u0107e sva poglavlja biti zatvorena do kraja 2026."}]},{"@type":"WebSite","@id":"https:\/\/dmcsrb.com\/#website","url":"https:\/\/dmcsrb.com\/","name":"dmcsrb.com","description":"","potentialAction":[{"@type":"SearchAction","target":{"@type":"EntryPoint","urlTemplate":"https:\/\/dmcsrb.com\/?s={search_term_string}"},"query-input":{"@type":"PropertyValueSpecification","valueRequired":true,"valueName":"search_term_string"}}],"inLanguage":"en-GB"},{"@type":"Person","@id":"https:\/\/dmcsrb.com\/#\/schema\/person\/5c39170f12db1b8b457732d0b5c854e2","name":"dmcsrbija.com@gmail.com","image":{"@type":"ImageObject","inLanguage":"en-GB","@id":"https:\/\/dmcsrb.com\/#\/schema\/person\/image\/","url":"https:\/\/secure.gravatar.com\/avatar\/68592660ad6347fad0fb587f8d5d8f1a7b44961362f56e4f2cd524feb87e9069?s=96&d=mm&r=g","contentUrl":"https:\/\/secure.gravatar.com\/avatar\/68592660ad6347fad0fb587f8d5d8f1a7b44961362f56e4f2cd524feb87e9069?s=96&d=mm&r=g","caption":"dmcsrbija.com@gmail.com"},"sameAs":["https:\/\/dmcsrb.com"],"url":"https:\/\/dmcsrb.com\/en\/author\/dmcsrbija-comgmail-com\/"}]}},"_links":{"self":[{"href":"https:\/\/dmcsrb.com\/en\/wp-json\/wp\/v2\/posts\/914378","targetHints":{"allow":["GET"]}}],"collection":[{"href":"https:\/\/dmcsrb.com\/en\/wp-json\/wp\/v2\/posts"}],"about":[{"href":"https:\/\/dmcsrb.com\/en\/wp-json\/wp\/v2\/types\/post"}],"author":[{"embeddable":true,"href":"https:\/\/dmcsrb.com\/en\/wp-json\/wp\/v2\/users\/1"}],"replies":[{"embeddable":true,"href":"https:\/\/dmcsrb.com\/en\/wp-json\/wp\/v2\/comments?post=914378"}],"version-history":[{"count":0,"href":"https:\/\/dmcsrb.com\/en\/wp-json\/wp\/v2\/posts\/914378\/revisions"}],"wp:featuredmedia":[{"embeddable":true,"href":"https:\/\/dmcsrb.com\/en\/wp-json\/wp\/v2\/media\/914379"}],"wp:attachment":[{"href":"https:\/\/dmcsrb.com\/en\/wp-json\/wp\/v2\/media?parent=914378"}],"wp:term":[{"taxonomy":"category","embeddable":true,"href":"https:\/\/dmcsrb.com\/en\/wp-json\/wp\/v2\/categories?post=914378"},{"taxonomy":"post_tag","embeddable":true,"href":"https:\/\/dmcsrb.com\/en\/wp-json\/wp\/v2\/tags?post=914378"},{"taxonomy":"naslovna","embeddable":true,"href":"https:\/\/dmcsrb.com\/en\/wp-json\/wp\/v2\/naslovna?post=914378"}],"curies":[{"name":"wp","href":"https:\/\/api.w.org\/{rel}","templated":true}]}}