{"id":914368,"date":"2025-12-18T20:58:00","date_gmt":"2025-12-18T19:58:00","guid":{"rendered":"https:\/\/dmcsrb.com\/uncategorized\/gorcevic-lovorike-gradjanima-pred-crnom-gorom-najzahtjevnija-faza-eu-puta\/"},"modified":"2025-12-18T20:58:00","modified_gmt":"2025-12-18T19:58:00","slug":"gorcevic-lovorike-gradjanima-pred-crnom-gorom-najzahtjevnija-faza-eu-puta","status":"publish","type":"post","link":"https:\/\/dmcsrb.com\/en\/politika\/gorcevic-lovorike-gradjanima-pred-crnom-gorom-najzahtjevnija-faza-eu-puta\/","title":{"rendered":"Gor\u010devi\u0107: Lovorike gra\u0111anima, pred Crnom Gorom najzahtjevnija faza EU puta"},"content":{"rendered":"<p><\/p>\n\n\n\n<p>Nakon nedavnog zatvaranja pet poglavlja u Briselu, slijedi najzahtjevnija faza zatvaranja svih preostalih do kraja 2026. godine, \u0161to je va\u017enije od izrade Ugovora o pristupanju, koja bi prema njenim procjenama mogla da po\u010dne polovinom naredne godine.<\/p>\n\n\n\n<p>\u201c2026. godina bi\u0107e veliki izazov za Crnu Goru. I u dijelu i tehni\u010dkog i politi\u010dkog komuniciranja sa dr\u017eavama \u010dlanicama, dakle, moramo se negdje i podsjetiti da cilj ovog procesa ne podrazumijeva samo ispunjavanje \u0161trikova i zatvaranje pregovara\u010dkih poglavlja, nego podrazumijeva i diplomatsku i politi\u010dku komunikaciju sa 27 dr\u017eava \u010dlanica, jer na kraju krajeva svaka od njih za sebe \u0107e glasati u ulasku Crne Gore\u201d, rekla je Gor\u010devi\u0107.<\/p>\n\n\n\n<p><strong>Ovaj posljednji uspjeh imao je predistoriju. Odnosno, imali smo situaciju da je Francuska namjeravala, tako se \u010dinilo i tako je bilo re\u010deno prije me\u0111uvladine konferencije, da blokira dva poglavlja, 11 i 13. Me\u0111utim, na scenu je stupio predsjednik dr\u017eave, ako smo ga dobro razumjeli, na Va\u0161u molbu je iskomunicirao sa predsjednikom Makronom i ostalo je istorija. Dakle, mi smo uspjeli da zatvorimo pet poglavlja.<\/strong><\/p>\n\n\n\n<p>\u201cSvi zajedno i udru\u017eeni smo uspjeli da negdje na kraju po\u0161aljemo poruku jedinstva, koje Crna Gora sada ve\u0107 slavi kao uspjeh. Ne treba zanemariti ni \u010dinjenicu da je moja uloga glavnog koordinatora cjelokupnog procesa i ja sam tra\u017eila konkretno predsjedniku Milatovi\u0107u da se obrati Makronu s obzirom na to da diplomatska praksa podrazumijeva i komunikaciju na istom nivou. Dakle, ja \u0107u se \u010duti sa ministrima evropskih poslova, ministrima vanjskih poslova, ali tako isto komunikacija mora i\u0107i izme\u0111u dva predsjednika\u201d, kazala je Gor\u010devi\u0107.<\/p>\n\n\n\n<p><strong>Kada govorite o zaslugama, ko je ponio lovorike? Imali smo jednu situaciju koja je u javnosti ostavila utisak da se ovako ozbiljnom procesu negdje neozbiljno pristupa u smislu polemike izme\u0111u predsjednika i premijera, koja je pomalo li\u010dila na ono tinejd\u017eersko nadgornjavanje \u201cja sam to zavr\u0161io, ne ja sam to zavr\u0161io\u201d, prosto da li je to pomalo neozbiljan pristup ovako ozbiljnom procesu?<\/strong><\/p>\n\n\n\n<p>\u201cLovorike su ponijeli prije svega gra\u0111ani. Lovorike je ponijela cijela Crna Gora. Ja zaista ne bih komentarisala na koji na\u010din komuniciraju i sve ono \u0161to smo vidjeli prethodnih dana i u medijima. Vjerujem da ovom procesu treba da pristupimo ozbiljno iz prostog razloga \u0161to nas o\u010dekuje jo\u0161 dosta, pa da ka\u017eem, ovakvih ili sli\u010dnih poziva sa svih 27 dr\u017eava \u010dlanica u 2026. godini\u201d, poru\u010dila je.<\/p>\n\n\n\n<p><strong>Kada mo\u017eemo o\u010dekivati formiranje radne grupe za izradu ugovora o pristupanju i koliko bi njihov posao eventualno mogao da traje? Da li je u opticaju taj jun koji se pominje ili ne biste da idete toliko u predvi\u0111anju termina kada bi mogla radna grupa da bude formirana?<\/strong><\/p>\n\n\n\n<p>\u201cDa li \u0107e to bit maj, jun ili septembar mislim da je manje va\u017eno, va\u017eno je da mi zavr\u0161imo sva pregovara\u010dka poglavlja do kraja 2026. i va\u017eno je da zaokru\u017eimo cijeli ovaj proces onako kako smo i&nbsp; planirali na samom po\u010detku. Komunikacija sa dr\u017eavama \u010dlanicama nije ni malo jednostavna ni laka i kao \u0161to sam pomenula nije samo tehni\u010dki proces. On je vi\u0161eslojan, politi\u010dki je, podrazumijeva konstantno uklju\u010divanje. Ako uzmemo u obzir i \u010dinjenicu da jedan od \u010dlanova ugovora o pristupanju \u0107e biti prelazni period ili tranzicioni periodi za pregovara\u010dka poglavlja, onda \u0107e i samim tim komunikacijom sa dr\u017eavama \u010dlanicama u dijelu na\u0161eg obi\u0111ivanja njih za ova klju\u010dna poglavlja koja su preostala, za koju \u0107emo tra\u017eiti tri, pet ili 10 godina koliko budemo dogovorili sa njima, biti jedan od va\u017enijih zaklju\u010daka i kada \u0107e samo radna grupa biti formirana\u201d, istakla je Gor\u010devi\u0107.<\/p>\n\n\n\n<p><strong>Kada govorimo o obavezama koje su preostale, na kojima se insistira u Briselu, to su popunjavanje Ustavnog suda, odnosno njegovo kompletiranje, kao i agencije za audio-vizuelne medijske usluge. Da li \u0107ete svoj autoritet ulo\u017eiti u pravcu komunikacije sa parlamentom da se ova imenovanja \u0161to prije realizuju?<\/strong><\/p>\n\n\n\n<p>\u201cSigurna sam da \u0107emo ova pitanja, posebno oko Ustavnog suda, zaokru\u017eiti vrlo brzo. Ja znam da tri poziva za sudije treba zaokru\u017eiti negdje u januaru, februaru, u zavisnosti od dinamike i agende parlamenta, ali isto tako \u0107e moj poziv biti upu\u0107en njima apsolutno za sva pitanja koja se ti\u010du EU integracija, jer Vlada \u0107e zavr\u0161iti svoj dio posla, ali mi bez parlamenta ne mo\u017eemo zaokru\u017eiti sve. I ne samo bez parlamenta nego i bez sudske grane vlasti i uklju\u010divanja apsolutno svih aktera ovog dru\u0161tva\u201d, rekla je Gor\u010devi\u0107.<\/p>","protected":false},"excerpt":{"rendered":"<p>Ministarka evropskih poslova\u00a0Maida Gor\u010devi\u0107\u00a0poru\u010dila je da je Crna Gora u 2025. godini ostvarila veliki napredak u evropskim integracijama \u2013 zatvorila \u0161est pregovara\u010dkih poglavlja, dobila 150 miliona eura iz EU fondova i postala \u010dlanica SEPA, prenosi TV Vijesti.<\/p>","protected":false},"author":1,"featured_media":910507,"comment_status":"open","ping_status":"open","sticky":false,"template":"","format":"standard","meta":{"_acf_changed":false,"footnotes":""},"categories":[12],"tags":[95,10,1025],"naslovna":[],"class_list":["post-914368","post","type-post","status-publish","format-standard","has-post-thumbnail","hentry","category-politika","tag-crna-gora","tag-eu","tag-maida-gorcevic-2"],"acf":[],"yoast_head":"<!-- This site is optimized with the Yoast SEO plugin v27.0 - https:\/\/yoast.com\/product\/yoast-seo-wordpress\/ -->\n<title>Gor\u010devi\u0107: Lovorike gra\u0111anima, pred Crnom Gorom najzahtjevnija faza EU puta - dmcsrb.com<\/title>\n<meta name=\"robots\" content=\"index, follow, max-snippet:-1, max-image-preview:large, max-video-preview:-1\" \/>\n<link rel=\"canonical\" href=\"https:\/\/dmcsrb.com\/en\/politika\/gorcevic-lovorike-gradjanima-pred-crnom-gorom-najzahtjevnija-faza-eu-puta\/\" \/>\n<meta property=\"og:locale\" content=\"en_GB\" \/>\n<meta property=\"og:type\" content=\"article\" \/>\n<meta property=\"og:title\" content=\"Gor\u010devi\u0107: Lovorike gra\u0111anima, pred Crnom Gorom najzahtjevnija faza EU puta - dmcsrb.com\" \/>\n<meta property=\"og:description\" content=\"Ministarka evropskih poslova\u00a0Maida Gor\u010devi\u0107\u00a0poru\u010dila je da je Crna Gora u 2025. godini ostvarila veliki napredak u evropskim integracijama \u2013 zatvorila \u0161est pregovara\u010dkih poglavlja, dobila 150 miliona eura iz EU fondova i postala \u010dlanica SEPA, prenosi TV Vijesti.\" \/>\n<meta property=\"og:url\" content=\"https:\/\/dmcsrb.com\/en\/politika\/gorcevic-lovorike-gradjanima-pred-crnom-gorom-najzahtjevnija-faza-eu-puta\/\" \/>\n<meta property=\"og:site_name\" content=\"dmcsrb.com\" \/>\n<meta property=\"article:published_time\" content=\"2025-12-18T19:58:00+00:00\" \/>\n<meta property=\"og:image\" content=\"https:\/\/dmcsrb.com\/wp-content\/uploads\/2026\/01\/Maida-Gorcevic.jpeg\" \/>\n\t<meta property=\"og:image:width\" content=\"2500\" \/>\n\t<meta property=\"og:image:height\" content=\"1661\" \/>\n\t<meta property=\"og:image:type\" content=\"image\/jpeg\" \/>\n<meta name=\"author\" content=\"dmcsrbija.com@gmail.com\" \/>\n<meta name=\"twitter:card\" content=\"summary_large_image\" \/>\n<meta name=\"twitter:label1\" content=\"Written by\" \/>\n\t<meta name=\"twitter:data1\" content=\"dmcsrbija.com@gmail.com\" \/>\n\t<meta name=\"twitter:label2\" content=\"Estimated reading time\" \/>\n\t<meta name=\"twitter:data2\" content=\"4 minutes\" \/>\n<script type=\"application\/ld+json\" class=\"yoast-schema-graph\">{\"@context\":\"https:\/\/schema.org\",\"@graph\":[{\"@type\":\"Article\",\"@id\":\"https:\/\/dmcsrb.com\/politika\/gorcevic-lovorike-gradjanima-pred-crnom-gorom-najzahtjevnija-faza-eu-puta\/#article\",\"isPartOf\":{\"@id\":\"https:\/\/dmcsrb.com\/politika\/gorcevic-lovorike-gradjanima-pred-crnom-gorom-najzahtjevnija-faza-eu-puta\/\"},\"author\":{\"name\":\"dmcsrbija.com@gmail.com\",\"@id\":\"https:\/\/dmcsrb.com\/#\/schema\/person\/5c39170f12db1b8b457732d0b5c854e2\"},\"headline\":\"Gor\u010devi\u0107: Lovorike gra\u0111anima, pred Crnom Gorom najzahtjevnija faza EU puta\",\"datePublished\":\"2025-12-18T19:58:00+00:00\",\"mainEntityOfPage\":{\"@id\":\"https:\/\/dmcsrb.com\/politika\/gorcevic-lovorike-gradjanima-pred-crnom-gorom-najzahtjevnija-faza-eu-puta\/\"},\"wordCount\":770,\"commentCount\":0,\"image\":{\"@id\":\"https:\/\/dmcsrb.com\/politika\/gorcevic-lovorike-gradjanima-pred-crnom-gorom-najzahtjevnija-faza-eu-puta\/#primaryimage\"},\"thumbnailUrl\":\"https:\/\/dmcsrb.com\/wp-content\/uploads\/2026\/01\/Maida-Gorcevic.jpeg\",\"keywords\":[\"Crna Gora\",\"EU\",\"Maida Gor\u010devi\u0107\"],\"articleSection\":[\"Politika\"],\"inLanguage\":\"en-GB\",\"potentialAction\":[{\"@type\":\"CommentAction\",\"name\":\"Comment\",\"target\":[\"https:\/\/dmcsrb.com\/politika\/gorcevic-lovorike-gradjanima-pred-crnom-gorom-najzahtjevnija-faza-eu-puta\/#respond\"]}]},{\"@type\":\"WebPage\",\"@id\":\"https:\/\/dmcsrb.com\/politika\/gorcevic-lovorike-gradjanima-pred-crnom-gorom-najzahtjevnija-faza-eu-puta\/\",\"url\":\"https:\/\/dmcsrb.com\/politika\/gorcevic-lovorike-gradjanima-pred-crnom-gorom-najzahtjevnija-faza-eu-puta\/\",\"name\":\"Gor\u010devi\u0107: Lovorike gra\u0111anima, pred Crnom Gorom najzahtjevnija faza EU puta - dmcsrb.com\",\"isPartOf\":{\"@id\":\"https:\/\/dmcsrb.com\/#website\"},\"primaryImageOfPage\":{\"@id\":\"https:\/\/dmcsrb.com\/politika\/gorcevic-lovorike-gradjanima-pred-crnom-gorom-najzahtjevnija-faza-eu-puta\/#primaryimage\"},\"image\":{\"@id\":\"https:\/\/dmcsrb.com\/politika\/gorcevic-lovorike-gradjanima-pred-crnom-gorom-najzahtjevnija-faza-eu-puta\/#primaryimage\"},\"thumbnailUrl\":\"https:\/\/dmcsrb.com\/wp-content\/uploads\/2026\/01\/Maida-Gorcevic.jpeg\",\"datePublished\":\"2025-12-18T19:58:00+00:00\",\"author\":{\"@id\":\"https:\/\/dmcsrb.com\/#\/schema\/person\/5c39170f12db1b8b457732d0b5c854e2\"},\"breadcrumb\":{\"@id\":\"https:\/\/dmcsrb.com\/politika\/gorcevic-lovorike-gradjanima-pred-crnom-gorom-najzahtjevnija-faza-eu-puta\/#breadcrumb\"},\"inLanguage\":\"en-GB\",\"potentialAction\":[{\"@type\":\"ReadAction\",\"target\":[\"https:\/\/dmcsrb.com\/politika\/gorcevic-lovorike-gradjanima-pred-crnom-gorom-najzahtjevnija-faza-eu-puta\/\"]}]},{\"@type\":\"ImageObject\",\"inLanguage\":\"en-GB\",\"@id\":\"https:\/\/dmcsrb.com\/politika\/gorcevic-lovorike-gradjanima-pred-crnom-gorom-najzahtjevnija-faza-eu-puta\/#primaryimage\",\"url\":\"https:\/\/dmcsrb.com\/wp-content\/uploads\/2026\/01\/Maida-Gorcevic.jpeg\",\"contentUrl\":\"https:\/\/dmcsrb.com\/wp-content\/uploads\/2026\/01\/Maida-Gorcevic.jpeg\",\"width\":2500,\"height\":1661},{\"@type\":\"BreadcrumbList\",\"@id\":\"https:\/\/dmcsrb.com\/politika\/gorcevic-lovorike-gradjanima-pred-crnom-gorom-najzahtjevnija-faza-eu-puta\/#breadcrumb\",\"itemListElement\":[{\"@type\":\"ListItem\",\"position\":1,\"name\":\"Home\",\"item\":\"https:\/\/dmcsrb.com\/\"},{\"@type\":\"ListItem\",\"position\":2,\"name\":\"Gor\u010devi\u0107: Lovorike gra\u0111anima, pred Crnom Gorom najzahtjevnija faza EU puta\"}]},{\"@type\":\"WebSite\",\"@id\":\"https:\/\/dmcsrb.com\/#website\",\"url\":\"https:\/\/dmcsrb.com\/\",\"name\":\"dmcsrb.com\",\"description\":\"\",\"potentialAction\":[{\"@type\":\"SearchAction\",\"target\":{\"@type\":\"EntryPoint\",\"urlTemplate\":\"https:\/\/dmcsrb.com\/?s={search_term_string}\"},\"query-input\":{\"@type\":\"PropertyValueSpecification\",\"valueRequired\":true,\"valueName\":\"search_term_string\"}}],\"inLanguage\":\"en-GB\"},{\"@type\":\"Person\",\"@id\":\"https:\/\/dmcsrb.com\/#\/schema\/person\/5c39170f12db1b8b457732d0b5c854e2\",\"name\":\"dmcsrbija.com@gmail.com\",\"image\":{\"@type\":\"ImageObject\",\"inLanguage\":\"en-GB\",\"@id\":\"https:\/\/dmcsrb.com\/#\/schema\/person\/image\/\",\"url\":\"https:\/\/secure.gravatar.com\/avatar\/68592660ad6347fad0fb587f8d5d8f1a7b44961362f56e4f2cd524feb87e9069?s=96&d=mm&r=g\",\"contentUrl\":\"https:\/\/secure.gravatar.com\/avatar\/68592660ad6347fad0fb587f8d5d8f1a7b44961362f56e4f2cd524feb87e9069?s=96&d=mm&r=g\",\"caption\":\"dmcsrbija.com@gmail.com\"},\"sameAs\":[\"https:\/\/dmcsrb.com\"],\"url\":\"https:\/\/dmcsrb.com\/en\/author\/dmcsrbija-comgmail-com\/\"}]}<\/script>\n<!-- \/ Yoast SEO plugin. -->","yoast_head_json":{"title":"Gor\u010devi\u0107: Lovorike gra\u0111anima, pred Crnom Gorom najzahtjevnija faza EU puta - dmcsrb.com","robots":{"index":"index","follow":"follow","max-snippet":"max-snippet:-1","max-image-preview":"max-image-preview:large","max-video-preview":"max-video-preview:-1"},"canonical":"https:\/\/dmcsrb.com\/en\/politika\/gorcevic-lovorike-gradjanima-pred-crnom-gorom-najzahtjevnija-faza-eu-puta\/","og_locale":"en_GB","og_type":"article","og_title":"Gor\u010devi\u0107: Lovorike gra\u0111anima, pred Crnom Gorom najzahtjevnija faza EU puta - dmcsrb.com","og_description":"Ministarka evropskih poslova\u00a0Maida Gor\u010devi\u0107\u00a0poru\u010dila je da je Crna Gora u 2025. godini ostvarila veliki napredak u evropskim integracijama \u2013 zatvorila \u0161est pregovara\u010dkih poglavlja, dobila 150 miliona eura iz EU fondova i postala \u010dlanica SEPA, prenosi TV Vijesti.","og_url":"https:\/\/dmcsrb.com\/en\/politika\/gorcevic-lovorike-gradjanima-pred-crnom-gorom-najzahtjevnija-faza-eu-puta\/","og_site_name":"dmcsrb.com","article_published_time":"2025-12-18T19:58:00+00:00","og_image":[{"width":2500,"height":1661,"url":"https:\/\/dmcsrb.com\/wp-content\/uploads\/2026\/01\/Maida-Gorcevic.jpeg","type":"image\/jpeg"}],"author":"dmcsrbija.com@gmail.com","twitter_card":"summary_large_image","twitter_misc":{"Written by":"dmcsrbija.com@gmail.com","Estimated reading time":"4 minutes"},"schema":{"@context":"https:\/\/schema.org","@graph":[{"@type":"Article","@id":"https:\/\/dmcsrb.com\/politika\/gorcevic-lovorike-gradjanima-pred-crnom-gorom-najzahtjevnija-faza-eu-puta\/#article","isPartOf":{"@id":"https:\/\/dmcsrb.com\/politika\/gorcevic-lovorike-gradjanima-pred-crnom-gorom-najzahtjevnija-faza-eu-puta\/"},"author":{"name":"dmcsrbija.com@gmail.com","@id":"https:\/\/dmcsrb.com\/#\/schema\/person\/5c39170f12db1b8b457732d0b5c854e2"},"headline":"Gor\u010devi\u0107: Lovorike gra\u0111anima, pred Crnom Gorom najzahtjevnija faza EU puta","datePublished":"2025-12-18T19:58:00+00:00","mainEntityOfPage":{"@id":"https:\/\/dmcsrb.com\/politika\/gorcevic-lovorike-gradjanima-pred-crnom-gorom-najzahtjevnija-faza-eu-puta\/"},"wordCount":770,"commentCount":0,"image":{"@id":"https:\/\/dmcsrb.com\/politika\/gorcevic-lovorike-gradjanima-pred-crnom-gorom-najzahtjevnija-faza-eu-puta\/#primaryimage"},"thumbnailUrl":"https:\/\/dmcsrb.com\/wp-content\/uploads\/2026\/01\/Maida-Gorcevic.jpeg","keywords":["Crna Gora","EU","Maida Gor\u010devi\u0107"],"articleSection":["Politika"],"inLanguage":"en-GB","potentialAction":[{"@type":"CommentAction","name":"Comment","target":["https:\/\/dmcsrb.com\/politika\/gorcevic-lovorike-gradjanima-pred-crnom-gorom-najzahtjevnija-faza-eu-puta\/#respond"]}]},{"@type":"WebPage","@id":"https:\/\/dmcsrb.com\/politika\/gorcevic-lovorike-gradjanima-pred-crnom-gorom-najzahtjevnija-faza-eu-puta\/","url":"https:\/\/dmcsrb.com\/politika\/gorcevic-lovorike-gradjanima-pred-crnom-gorom-najzahtjevnija-faza-eu-puta\/","name":"Gor\u010devi\u0107: Lovorike gra\u0111anima, pred Crnom Gorom najzahtjevnija faza EU puta - dmcsrb.com","isPartOf":{"@id":"https:\/\/dmcsrb.com\/#website"},"primaryImageOfPage":{"@id":"https:\/\/dmcsrb.com\/politika\/gorcevic-lovorike-gradjanima-pred-crnom-gorom-najzahtjevnija-faza-eu-puta\/#primaryimage"},"image":{"@id":"https:\/\/dmcsrb.com\/politika\/gorcevic-lovorike-gradjanima-pred-crnom-gorom-najzahtjevnija-faza-eu-puta\/#primaryimage"},"thumbnailUrl":"https:\/\/dmcsrb.com\/wp-content\/uploads\/2026\/01\/Maida-Gorcevic.jpeg","datePublished":"2025-12-18T19:58:00+00:00","author":{"@id":"https:\/\/dmcsrb.com\/#\/schema\/person\/5c39170f12db1b8b457732d0b5c854e2"},"breadcrumb":{"@id":"https:\/\/dmcsrb.com\/politika\/gorcevic-lovorike-gradjanima-pred-crnom-gorom-najzahtjevnija-faza-eu-puta\/#breadcrumb"},"inLanguage":"en-GB","potentialAction":[{"@type":"ReadAction","target":["https:\/\/dmcsrb.com\/politika\/gorcevic-lovorike-gradjanima-pred-crnom-gorom-najzahtjevnija-faza-eu-puta\/"]}]},{"@type":"ImageObject","inLanguage":"en-GB","@id":"https:\/\/dmcsrb.com\/politika\/gorcevic-lovorike-gradjanima-pred-crnom-gorom-najzahtjevnija-faza-eu-puta\/#primaryimage","url":"https:\/\/dmcsrb.com\/wp-content\/uploads\/2026\/01\/Maida-Gorcevic.jpeg","contentUrl":"https:\/\/dmcsrb.com\/wp-content\/uploads\/2026\/01\/Maida-Gorcevic.jpeg","width":2500,"height":1661},{"@type":"BreadcrumbList","@id":"https:\/\/dmcsrb.com\/politika\/gorcevic-lovorike-gradjanima-pred-crnom-gorom-najzahtjevnija-faza-eu-puta\/#breadcrumb","itemListElement":[{"@type":"ListItem","position":1,"name":"Home","item":"https:\/\/dmcsrb.com\/"},{"@type":"ListItem","position":2,"name":"Gor\u010devi\u0107: Lovorike gra\u0111anima, pred Crnom Gorom najzahtjevnija faza EU puta"}]},{"@type":"WebSite","@id":"https:\/\/dmcsrb.com\/#website","url":"https:\/\/dmcsrb.com\/","name":"dmcsrb.com","description":"","potentialAction":[{"@type":"SearchAction","target":{"@type":"EntryPoint","urlTemplate":"https:\/\/dmcsrb.com\/?s={search_term_string}"},"query-input":{"@type":"PropertyValueSpecification","valueRequired":true,"valueName":"search_term_string"}}],"inLanguage":"en-GB"},{"@type":"Person","@id":"https:\/\/dmcsrb.com\/#\/schema\/person\/5c39170f12db1b8b457732d0b5c854e2","name":"dmcsrbija.com@gmail.com","image":{"@type":"ImageObject","inLanguage":"en-GB","@id":"https:\/\/dmcsrb.com\/#\/schema\/person\/image\/","url":"https:\/\/secure.gravatar.com\/avatar\/68592660ad6347fad0fb587f8d5d8f1a7b44961362f56e4f2cd524feb87e9069?s=96&d=mm&r=g","contentUrl":"https:\/\/secure.gravatar.com\/avatar\/68592660ad6347fad0fb587f8d5d8f1a7b44961362f56e4f2cd524feb87e9069?s=96&d=mm&r=g","caption":"dmcsrbija.com@gmail.com"},"sameAs":["https:\/\/dmcsrb.com"],"url":"https:\/\/dmcsrb.com\/en\/author\/dmcsrbija-comgmail-com\/"}]}},"_links":{"self":[{"href":"https:\/\/dmcsrb.com\/en\/wp-json\/wp\/v2\/posts\/914368","targetHints":{"allow":["GET"]}}],"collection":[{"href":"https:\/\/dmcsrb.com\/en\/wp-json\/wp\/v2\/posts"}],"about":[{"href":"https:\/\/dmcsrb.com\/en\/wp-json\/wp\/v2\/types\/post"}],"author":[{"embeddable":true,"href":"https:\/\/dmcsrb.com\/en\/wp-json\/wp\/v2\/users\/1"}],"replies":[{"embeddable":true,"href":"https:\/\/dmcsrb.com\/en\/wp-json\/wp\/v2\/comments?post=914368"}],"version-history":[{"count":0,"href":"https:\/\/dmcsrb.com\/en\/wp-json\/wp\/v2\/posts\/914368\/revisions"}],"wp:featuredmedia":[{"embeddable":true,"href":"https:\/\/dmcsrb.com\/en\/wp-json\/wp\/v2\/media\/910507"}],"wp:attachment":[{"href":"https:\/\/dmcsrb.com\/en\/wp-json\/wp\/v2\/media?parent=914368"}],"wp:term":[{"taxonomy":"category","embeddable":true,"href":"https:\/\/dmcsrb.com\/en\/wp-json\/wp\/v2\/categories?post=914368"},{"taxonomy":"post_tag","embeddable":true,"href":"https:\/\/dmcsrb.com\/en\/wp-json\/wp\/v2\/tags?post=914368"},{"taxonomy":"naslovna","embeddable":true,"href":"https:\/\/dmcsrb.com\/en\/wp-json\/wp\/v2\/naslovna?post=914368"}],"curies":[{"name":"wp","href":"https:\/\/api.w.org\/{rel}","templated":true}]}}