{"id":914358,"date":"2025-12-18T20:30:00","date_gmt":"2025-12-18T19:30:00","guid":{"rendered":"https:\/\/dmcsrb.com\/uncategorized\/kos-debata-o-botunu-da-bude-zasnovana-na-cinjenicama-a-ne-glasinama\/"},"modified":"2025-12-18T20:30:00","modified_gmt":"2025-12-18T19:30:00","slug":"kos-debata-o-botunu-da-bude-zasnovana-na-cinjenicama-a-ne-glasinama","status":"publish","type":"post","link":"https:\/\/dmcsrb.com\/en\/politika\/kos-debata-o-botunu-da-bude-zasnovana-na-cinjenicama-a-ne-glasinama\/","title":{"rendered":"Kos: Debata o Botunu da bude zasnovana na \u010dinjenicama, a ne glasinama"},"content":{"rendered":"<p>Kos isti\u010de daje uskla\u0111ivanje sa ekolo\u0161kim standardima EU, veoma va\u017eno.<\/p>\n\n\n\n<p>&#8220;To zna\u010di i sakupljanje i pre\u010di\u0161\u0107avanje otpadnih voda. To zna\u010di i da se \u010duje glas onih koji su zabrinuti. Ali veoma je va\u017eno dr\u017eati se i \u010dinjenica. Bilo je mnogo dezinformacija, ali debata treba da bude zasnovana na \u010dinjenicama, na dokumentaciji, dozvolama, a ne na glasinama ili razmi\u0161ljanjima politi\u010dkih protivnika koji bi htjeli da projekat propadne. Zato vjerujem da \u0107ete mo\u0107i da na\u0111ete rje\u0161enje za to&#8221;, istakla je.<\/p>\n\n\n\n<p>Istakla je da je CG isporu\u010dila rezultate, \u0161to je dovelo do zatvaranja pet poglavlja sa EU.<\/p>\n\n\n\n<p>\u201eSve vrijeme ste vrijedno radili i mi\u0161ljenje EK je bilo da Crna Gora treba da zatvori pet poglavlja. Me\u0111utim, poglavlja su privremeno zatvorena i to nije kraj, dok sve ne bude zavr\u0161eno. Ovo je mnogo pomoglo i mogu vas uvjeriti da imate veliku podr\u0161ku. Ne znam da li su svi sre\u0107ni \u0161to je Crna Gora zemlja predvodnica, ali vi to zaista jeste\u201c, ka\u017ee ona.<\/p>\n\n\n\n<p>Ka\u017ee da je mogu\u0107e posti\u0107i cilj da do 2028. u\u0111emo u EU, ali to je, kako navodi, na nama.<\/p>\n\n\n\n<p>&#8220;Imate mnogo posla sljede\u0107e godine i to je izvodljivo, EK \u0107e vas podr\u017eati. Ali Crna Gora mora da sprovede sve reforme&#8221;, ka\u017ee Kos.<\/p>\n\n\n\n<p>Poja\u0161njava da kada do\u0111emo do Ugovora o pristupanju, zemlje \u010dlanice moraju da ga ratifikuju.<\/p>\n\n\n\n<p>&#8220;Potrebno je zavr\u0161iti preostala poglavlja. Idealno bi bilo zatvoriti sva poglavlja ve\u0107 u novembru sljede\u0107e godine&#8221;, istakla je Kos.<\/p>\n\n\n\n<p>Ka\u017ee da EK mora po\u010deti kreiranje ugovora ve\u0107 u prolje\u0107e.<\/p>\n\n\n\n<p>&#8220;Mi smo ve\u0107 spremni i po\u010deli smo da radimo na Nacrtu ugovora o pristupanju, a to \u0107e onda biti diskutovano me\u0111u \u010dlanicama. Ako vi morate biti brzi, onda mi moramo biti jo\u0161 br\u017ei&#8221;, istakla je.<\/p>\n\n\n\n<p>Dodae da bi bila bih najsre\u0107nija kada bi sve zemlje Zapadnog Balkana mogle da istovremeno postanu dio EU, ali to, kako ka\u017ee, nije mogu\u0107e, jer je ovo proces zasnovan na zaslugama.<\/p>","protected":false},"excerpt":{"rendered":"<p>Evropska komesarka za pro\u0161irenje Marta Kos je u intervjuu za TVCG saop\u0161tila da je Crna Gora Debata o Botunu da bude zasnovana na \u010dinjenicama, a ne glasinama ili razmi\u0161ljanjima politi\u010dkih protivnika koji bi htjeli da projekat propadne.<\/p>","protected":false},"author":1,"featured_media":914359,"comment_status":"open","ping_status":"open","sticky":false,"template":"","format":"standard","meta":{"_acf_changed":false,"footnotes":""},"categories":[12],"tags":[586,10,2815],"naslovna":[],"class_list":["post-914358","post","type-post","status-publish","format-standard","has-post-thumbnail","hentry","category-politika","tag-botun","tag-eu","tag-marta-kos"],"acf":[],"yoast_head":"<!-- This site is optimized with the Yoast SEO plugin v27.4 - https:\/\/yoast.com\/product\/yoast-seo-wordpress\/ -->\n<title>Kos: Debata o Botunu da bude zasnovana na \u010dinjenicama, a ne glasinama - dmcsrb.com<\/title>\n<meta name=\"robots\" content=\"index, follow, max-snippet:-1, max-image-preview:large, max-video-preview:-1\" \/>\n<link rel=\"canonical\" href=\"https:\/\/dmcsrb.com\/en\/politika\/kos-debata-o-botunu-da-bude-zasnovana-na-cinjenicama-a-ne-glasinama\/\" \/>\n<meta property=\"og:locale\" content=\"en_GB\" \/>\n<meta property=\"og:type\" content=\"article\" \/>\n<meta property=\"og:title\" content=\"Kos: Debata o Botunu da bude zasnovana na \u010dinjenicama, a ne glasinama - dmcsrb.com\" \/>\n<meta property=\"og:description\" content=\"Evropska komesarka za pro\u0161irenje Marta Kos je u intervjuu za TVCG saop\u0161tila da je Crna Gora Debata o Botunu da bude zasnovana na \u010dinjenicama, a ne glasinama ili razmi\u0161ljanjima politi\u010dkih protivnika koji bi htjeli da projekat propadne.\" \/>\n<meta property=\"og:url\" content=\"https:\/\/dmcsrb.com\/en\/politika\/kos-debata-o-botunu-da-bude-zasnovana-na-cinjenicama-a-ne-glasinama\/\" \/>\n<meta property=\"og:site_name\" content=\"dmcsrb.com\" \/>\n<meta property=\"article:published_time\" content=\"2025-12-18T19:30:00+00:00\" \/>\n<meta property=\"og:image\" content=\"https:\/\/dmcsrb.com\/wp-content\/uploads\/2026\/01\/Marta-Kos-evropska-komesarka-foto-Vlada-CG.jpg\" \/>\n\t<meta property=\"og:image:width\" content=\"1014\" \/>\n\t<meta property=\"og:image:height\" content=\"670\" \/>\n\t<meta property=\"og:image:type\" content=\"image\/jpeg\" \/>\n<meta name=\"author\" content=\"dmcsrbija.com@gmail.com\" \/>\n<meta name=\"twitter:card\" content=\"summary_large_image\" \/>\n<meta name=\"twitter:label1\" content=\"Written by\" \/>\n\t<meta name=\"twitter:data1\" content=\"dmcsrbija.com@gmail.com\" \/>\n\t<meta name=\"twitter:label2\" content=\"Estimated reading time\" \/>\n\t<meta name=\"twitter:data2\" content=\"2 minutes\" \/>\n<script type=\"application\/ld+json\" class=\"yoast-schema-graph\">{\"@context\":\"https:\\\/\\\/schema.org\",\"@graph\":[{\"@type\":\"Article\",\"@id\":\"https:\\\/\\\/dmcsrb.com\\\/politika\\\/kos-debata-o-botunu-da-bude-zasnovana-na-cinjenicama-a-ne-glasinama\\\/#article\",\"isPartOf\":{\"@id\":\"https:\\\/\\\/dmcsrb.com\\\/politika\\\/kos-debata-o-botunu-da-bude-zasnovana-na-cinjenicama-a-ne-glasinama\\\/\"},\"author\":{\"name\":\"dmcsrbija.com@gmail.com\",\"@id\":\"https:\\\/\\\/dmcsrb.com\\\/#\\\/schema\\\/person\\\/5c39170f12db1b8b457732d0b5c854e2\"},\"headline\":\"Kos: Debata o Botunu da bude zasnovana na \u010dinjenicama, a ne glasinama\",\"datePublished\":\"2025-12-18T19:30:00+00:00\",\"mainEntityOfPage\":{\"@id\":\"https:\\\/\\\/dmcsrb.com\\\/politika\\\/kos-debata-o-botunu-da-bude-zasnovana-na-cinjenicama-a-ne-glasinama\\\/\"},\"wordCount\":362,\"commentCount\":0,\"image\":{\"@id\":\"https:\\\/\\\/dmcsrb.com\\\/politika\\\/kos-debata-o-botunu-da-bude-zasnovana-na-cinjenicama-a-ne-glasinama\\\/#primaryimage\"},\"thumbnailUrl\":\"https:\\\/\\\/dmcsrb.com\\\/wp-content\\\/uploads\\\/2026\\\/01\\\/Marta-Kos-evropska-komesarka-foto-Vlada-CG.jpg\",\"keywords\":[\"Botun\",\"EU\",\"Marta Kos\"],\"articleSection\":[\"Politika\"],\"inLanguage\":\"en-GB\",\"potentialAction\":[{\"@type\":\"CommentAction\",\"name\":\"Comment\",\"target\":[\"https:\\\/\\\/dmcsrb.com\\\/politika\\\/kos-debata-o-botunu-da-bude-zasnovana-na-cinjenicama-a-ne-glasinama\\\/#respond\"]}]},{\"@type\":\"WebPage\",\"@id\":\"https:\\\/\\\/dmcsrb.com\\\/politika\\\/kos-debata-o-botunu-da-bude-zasnovana-na-cinjenicama-a-ne-glasinama\\\/\",\"url\":\"https:\\\/\\\/dmcsrb.com\\\/politika\\\/kos-debata-o-botunu-da-bude-zasnovana-na-cinjenicama-a-ne-glasinama\\\/\",\"name\":\"Kos: Debata o Botunu da bude zasnovana na \u010dinjenicama, a ne glasinama - dmcsrb.com\",\"isPartOf\":{\"@id\":\"https:\\\/\\\/dmcsrb.com\\\/#website\"},\"primaryImageOfPage\":{\"@id\":\"https:\\\/\\\/dmcsrb.com\\\/politika\\\/kos-debata-o-botunu-da-bude-zasnovana-na-cinjenicama-a-ne-glasinama\\\/#primaryimage\"},\"image\":{\"@id\":\"https:\\\/\\\/dmcsrb.com\\\/politika\\\/kos-debata-o-botunu-da-bude-zasnovana-na-cinjenicama-a-ne-glasinama\\\/#primaryimage\"},\"thumbnailUrl\":\"https:\\\/\\\/dmcsrb.com\\\/wp-content\\\/uploads\\\/2026\\\/01\\\/Marta-Kos-evropska-komesarka-foto-Vlada-CG.jpg\",\"datePublished\":\"2025-12-18T19:30:00+00:00\",\"author\":{\"@id\":\"https:\\\/\\\/dmcsrb.com\\\/#\\\/schema\\\/person\\\/5c39170f12db1b8b457732d0b5c854e2\"},\"breadcrumb\":{\"@id\":\"https:\\\/\\\/dmcsrb.com\\\/politika\\\/kos-debata-o-botunu-da-bude-zasnovana-na-cinjenicama-a-ne-glasinama\\\/#breadcrumb\"},\"inLanguage\":\"en-GB\",\"potentialAction\":[{\"@type\":\"ReadAction\",\"target\":[\"https:\\\/\\\/dmcsrb.com\\\/politika\\\/kos-debata-o-botunu-da-bude-zasnovana-na-cinjenicama-a-ne-glasinama\\\/\"]}]},{\"@type\":\"ImageObject\",\"inLanguage\":\"en-GB\",\"@id\":\"https:\\\/\\\/dmcsrb.com\\\/politika\\\/kos-debata-o-botunu-da-bude-zasnovana-na-cinjenicama-a-ne-glasinama\\\/#primaryimage\",\"url\":\"https:\\\/\\\/dmcsrb.com\\\/wp-content\\\/uploads\\\/2026\\\/01\\\/Marta-Kos-evropska-komesarka-foto-Vlada-CG.jpg\",\"contentUrl\":\"https:\\\/\\\/dmcsrb.com\\\/wp-content\\\/uploads\\\/2026\\\/01\\\/Marta-Kos-evropska-komesarka-foto-Vlada-CG.jpg\",\"width\":1014,\"height\":670},{\"@type\":\"BreadcrumbList\",\"@id\":\"https:\\\/\\\/dmcsrb.com\\\/politika\\\/kos-debata-o-botunu-da-bude-zasnovana-na-cinjenicama-a-ne-glasinama\\\/#breadcrumb\",\"itemListElement\":[{\"@type\":\"ListItem\",\"position\":1,\"name\":\"Home\",\"item\":\"https:\\\/\\\/dmcsrb.com\\\/\"},{\"@type\":\"ListItem\",\"position\":2,\"name\":\"Kos: Debata o Botunu da bude zasnovana na \u010dinjenicama, a ne glasinama\"}]},{\"@type\":\"WebSite\",\"@id\":\"https:\\\/\\\/dmcsrb.com\\\/#website\",\"url\":\"https:\\\/\\\/dmcsrb.com\\\/\",\"name\":\"dmcsrb.com\",\"description\":\"\",\"potentialAction\":[{\"@type\":\"SearchAction\",\"target\":{\"@type\":\"EntryPoint\",\"urlTemplate\":\"https:\\\/\\\/dmcsrb.com\\\/?s={search_term_string}\"},\"query-input\":{\"@type\":\"PropertyValueSpecification\",\"valueRequired\":true,\"valueName\":\"search_term_string\"}}],\"inLanguage\":\"en-GB\"},{\"@type\":\"Person\",\"@id\":\"https:\\\/\\\/dmcsrb.com\\\/#\\\/schema\\\/person\\\/5c39170f12db1b8b457732d0b5c854e2\",\"name\":\"dmcsrbija.com@gmail.com\",\"image\":{\"@type\":\"ImageObject\",\"inLanguage\":\"en-GB\",\"@id\":\"https:\\\/\\\/secure.gravatar.com\\\/avatar\\\/68592660ad6347fad0fb587f8d5d8f1a7b44961362f56e4f2cd524feb87e9069?s=96&d=mm&r=g\",\"url\":\"https:\\\/\\\/secure.gravatar.com\\\/avatar\\\/68592660ad6347fad0fb587f8d5d8f1a7b44961362f56e4f2cd524feb87e9069?s=96&d=mm&r=g\",\"contentUrl\":\"https:\\\/\\\/secure.gravatar.com\\\/avatar\\\/68592660ad6347fad0fb587f8d5d8f1a7b44961362f56e4f2cd524feb87e9069?s=96&d=mm&r=g\",\"caption\":\"dmcsrbija.com@gmail.com\"},\"sameAs\":[\"https:\\\/\\\/dmcsrb.com\"],\"url\":\"https:\\\/\\\/dmcsrb.com\\\/en\\\/author\\\/dmcsrbija-comgmail-com\\\/\"}]}<\/script>\n<!-- \/ Yoast SEO plugin. -->","yoast_head_json":{"title":"Kos: Debata o Botunu da bude zasnovana na \u010dinjenicama, a ne glasinama - dmcsrb.com","robots":{"index":"index","follow":"follow","max-snippet":"max-snippet:-1","max-image-preview":"max-image-preview:large","max-video-preview":"max-video-preview:-1"},"canonical":"https:\/\/dmcsrb.com\/en\/politika\/kos-debata-o-botunu-da-bude-zasnovana-na-cinjenicama-a-ne-glasinama\/","og_locale":"en_GB","og_type":"article","og_title":"Kos: Debata o Botunu da bude zasnovana na \u010dinjenicama, a ne glasinama - dmcsrb.com","og_description":"Evropska komesarka za pro\u0161irenje Marta Kos je u intervjuu za TVCG saop\u0161tila da je Crna Gora Debata o Botunu da bude zasnovana na \u010dinjenicama, a ne glasinama ili razmi\u0161ljanjima politi\u010dkih protivnika koji bi htjeli da projekat propadne.","og_url":"https:\/\/dmcsrb.com\/en\/politika\/kos-debata-o-botunu-da-bude-zasnovana-na-cinjenicama-a-ne-glasinama\/","og_site_name":"dmcsrb.com","article_published_time":"2025-12-18T19:30:00+00:00","og_image":[{"width":1014,"height":670,"url":"https:\/\/dmcsrb.com\/wp-content\/uploads\/2026\/01\/Marta-Kos-evropska-komesarka-foto-Vlada-CG.jpg","type":"image\/jpeg"}],"author":"dmcsrbija.com@gmail.com","twitter_card":"summary_large_image","twitter_misc":{"Written by":"dmcsrbija.com@gmail.com","Estimated reading time":"2 minutes"},"schema":{"@context":"https:\/\/schema.org","@graph":[{"@type":"Article","@id":"https:\/\/dmcsrb.com\/politika\/kos-debata-o-botunu-da-bude-zasnovana-na-cinjenicama-a-ne-glasinama\/#article","isPartOf":{"@id":"https:\/\/dmcsrb.com\/politika\/kos-debata-o-botunu-da-bude-zasnovana-na-cinjenicama-a-ne-glasinama\/"},"author":{"name":"dmcsrbija.com@gmail.com","@id":"https:\/\/dmcsrb.com\/#\/schema\/person\/5c39170f12db1b8b457732d0b5c854e2"},"headline":"Kos: Debata o Botunu da bude zasnovana na \u010dinjenicama, a ne glasinama","datePublished":"2025-12-18T19:30:00+00:00","mainEntityOfPage":{"@id":"https:\/\/dmcsrb.com\/politika\/kos-debata-o-botunu-da-bude-zasnovana-na-cinjenicama-a-ne-glasinama\/"},"wordCount":362,"commentCount":0,"image":{"@id":"https:\/\/dmcsrb.com\/politika\/kos-debata-o-botunu-da-bude-zasnovana-na-cinjenicama-a-ne-glasinama\/#primaryimage"},"thumbnailUrl":"https:\/\/dmcsrb.com\/wp-content\/uploads\/2026\/01\/Marta-Kos-evropska-komesarka-foto-Vlada-CG.jpg","keywords":["Botun","EU","Marta Kos"],"articleSection":["Politika"],"inLanguage":"en-GB","potentialAction":[{"@type":"CommentAction","name":"Comment","target":["https:\/\/dmcsrb.com\/politika\/kos-debata-o-botunu-da-bude-zasnovana-na-cinjenicama-a-ne-glasinama\/#respond"]}]},{"@type":"WebPage","@id":"https:\/\/dmcsrb.com\/politika\/kos-debata-o-botunu-da-bude-zasnovana-na-cinjenicama-a-ne-glasinama\/","url":"https:\/\/dmcsrb.com\/politika\/kos-debata-o-botunu-da-bude-zasnovana-na-cinjenicama-a-ne-glasinama\/","name":"Kos: Debata o Botunu da bude zasnovana na \u010dinjenicama, a ne glasinama - dmcsrb.com","isPartOf":{"@id":"https:\/\/dmcsrb.com\/#website"},"primaryImageOfPage":{"@id":"https:\/\/dmcsrb.com\/politika\/kos-debata-o-botunu-da-bude-zasnovana-na-cinjenicama-a-ne-glasinama\/#primaryimage"},"image":{"@id":"https:\/\/dmcsrb.com\/politika\/kos-debata-o-botunu-da-bude-zasnovana-na-cinjenicama-a-ne-glasinama\/#primaryimage"},"thumbnailUrl":"https:\/\/dmcsrb.com\/wp-content\/uploads\/2026\/01\/Marta-Kos-evropska-komesarka-foto-Vlada-CG.jpg","datePublished":"2025-12-18T19:30:00+00:00","author":{"@id":"https:\/\/dmcsrb.com\/#\/schema\/person\/5c39170f12db1b8b457732d0b5c854e2"},"breadcrumb":{"@id":"https:\/\/dmcsrb.com\/politika\/kos-debata-o-botunu-da-bude-zasnovana-na-cinjenicama-a-ne-glasinama\/#breadcrumb"},"inLanguage":"en-GB","potentialAction":[{"@type":"ReadAction","target":["https:\/\/dmcsrb.com\/politika\/kos-debata-o-botunu-da-bude-zasnovana-na-cinjenicama-a-ne-glasinama\/"]}]},{"@type":"ImageObject","inLanguage":"en-GB","@id":"https:\/\/dmcsrb.com\/politika\/kos-debata-o-botunu-da-bude-zasnovana-na-cinjenicama-a-ne-glasinama\/#primaryimage","url":"https:\/\/dmcsrb.com\/wp-content\/uploads\/2026\/01\/Marta-Kos-evropska-komesarka-foto-Vlada-CG.jpg","contentUrl":"https:\/\/dmcsrb.com\/wp-content\/uploads\/2026\/01\/Marta-Kos-evropska-komesarka-foto-Vlada-CG.jpg","width":1014,"height":670},{"@type":"BreadcrumbList","@id":"https:\/\/dmcsrb.com\/politika\/kos-debata-o-botunu-da-bude-zasnovana-na-cinjenicama-a-ne-glasinama\/#breadcrumb","itemListElement":[{"@type":"ListItem","position":1,"name":"Home","item":"https:\/\/dmcsrb.com\/"},{"@type":"ListItem","position":2,"name":"Kos: Debata o Botunu da bude zasnovana na \u010dinjenicama, a ne glasinama"}]},{"@type":"WebSite","@id":"https:\/\/dmcsrb.com\/#website","url":"https:\/\/dmcsrb.com\/","name":"dmcsrb.com","description":"","potentialAction":[{"@type":"SearchAction","target":{"@type":"EntryPoint","urlTemplate":"https:\/\/dmcsrb.com\/?s={search_term_string}"},"query-input":{"@type":"PropertyValueSpecification","valueRequired":true,"valueName":"search_term_string"}}],"inLanguage":"en-GB"},{"@type":"Person","@id":"https:\/\/dmcsrb.com\/#\/schema\/person\/5c39170f12db1b8b457732d0b5c854e2","name":"dmcsrbija.com@gmail.com","image":{"@type":"ImageObject","inLanguage":"en-GB","@id":"https:\/\/secure.gravatar.com\/avatar\/68592660ad6347fad0fb587f8d5d8f1a7b44961362f56e4f2cd524feb87e9069?s=96&d=mm&r=g","url":"https:\/\/secure.gravatar.com\/avatar\/68592660ad6347fad0fb587f8d5d8f1a7b44961362f56e4f2cd524feb87e9069?s=96&d=mm&r=g","contentUrl":"https:\/\/secure.gravatar.com\/avatar\/68592660ad6347fad0fb587f8d5d8f1a7b44961362f56e4f2cd524feb87e9069?s=96&d=mm&r=g","caption":"dmcsrbija.com@gmail.com"},"sameAs":["https:\/\/dmcsrb.com"],"url":"https:\/\/dmcsrb.com\/en\/author\/dmcsrbija-comgmail-com\/"}]}},"_links":{"self":[{"href":"https:\/\/dmcsrb.com\/en\/wp-json\/wp\/v2\/posts\/914358","targetHints":{"allow":["GET"]}}],"collection":[{"href":"https:\/\/dmcsrb.com\/en\/wp-json\/wp\/v2\/posts"}],"about":[{"href":"https:\/\/dmcsrb.com\/en\/wp-json\/wp\/v2\/types\/post"}],"author":[{"embeddable":true,"href":"https:\/\/dmcsrb.com\/en\/wp-json\/wp\/v2\/users\/1"}],"replies":[{"embeddable":true,"href":"https:\/\/dmcsrb.com\/en\/wp-json\/wp\/v2\/comments?post=914358"}],"version-history":[{"count":0,"href":"https:\/\/dmcsrb.com\/en\/wp-json\/wp\/v2\/posts\/914358\/revisions"}],"wp:featuredmedia":[{"embeddable":true,"href":"https:\/\/dmcsrb.com\/en\/wp-json\/wp\/v2\/media\/914359"}],"wp:attachment":[{"href":"https:\/\/dmcsrb.com\/en\/wp-json\/wp\/v2\/media?parent=914358"}],"wp:term":[{"taxonomy":"category","embeddable":true,"href":"https:\/\/dmcsrb.com\/en\/wp-json\/wp\/v2\/categories?post=914358"},{"taxonomy":"post_tag","embeddable":true,"href":"https:\/\/dmcsrb.com\/en\/wp-json\/wp\/v2\/tags?post=914358"},{"taxonomy":"naslovna","embeddable":true,"href":"https:\/\/dmcsrb.com\/en\/wp-json\/wp\/v2\/naslovna?post=914358"}],"curies":[{"name":"wp","href":"https:\/\/api.w.org\/{rel}","templated":true}]}}