{"id":914311,"date":"2025-12-18T17:15:00","date_gmt":"2025-12-18T16:15:00","guid":{"rendered":"https:\/\/dmcsrb.com\/uncategorized\/milosevic-i-bogojevic-vode-u18-zensku-reprezentaciju\/"},"modified":"2025-12-18T17:15:00","modified_gmt":"2025-12-18T16:15:00","slug":"milosevic-i-bogojevic-vode-u18-zensku-reprezentaciju","status":"publish","type":"post","link":"https:\/\/dmcsrb.com\/en\/sport\/milosevic-i-bogojevic-vode-u18-zensku-reprezentaciju\/","title":{"rendered":"Milo\u0161evi\u0107 i Bogojevi\u0107 vode U18 \u017eensku reprezentaciju"},"content":{"rendered":"<p>U dogovoru sa&nbsp;<strong>Jovom Cakovi\u0107em<\/strong>, selektorom \u017eenske seniorske odbojka\u0161ke reprezentacije Crne Gore, koji je zadu\u017een i za koordinaciju rada svih \u017eenskih reprezentativnih selekcija Crne Gore,<strong>&nbsp;Milan Milo\u0161evi\u0107<\/strong>&nbsp;vodi\u0107e u narednom kvalifikacionom ciklusu U18 \u017eensku odbojka\u0161ku reprezentaciju Crne Gore, dok \u0107e mu u radu pomagati&nbsp;<strong>Luka Bogojevi\u0107<\/strong>, odlu\u010deno je na sjednici, nakon \u0161to je Upravni odbor prije toga usvojio ostavku&nbsp;<strong>Petra Kokovi\u0107a<\/strong>, koji zbog privatnih obaveza ubudu\u0107e nije u mogu\u0107nosti da vodi ovu selekciju.<\/p>\n\n\n\n<p>Milo\u0161evi\u0107, koji je tako\u0111e i prvi pomo\u0107nik Cakovi\u0107u u seniorskoj reprezentaciji Crne Gore, i Bogojevi\u0107, \u0161ef stru\u010dnog \u0161taba odbojka\u0161ica Budu\u0107nosti, \u0107e na\u0161u \u017eensku U18 selekciju (odbojka\u0161ice ro\u0111ene 2009. godine i mla\u0111e) predvoditi na turniru 1. runde Zonskih kvalifikacija za Evropsko prvenstvo, koji se igra 13-17. januara 2026. godine u Sofiji, Bugarska.<\/p>\n\n\n\n<p>Prvoplasirana selekcija iz Sofije \u0107e ostvariti direktan plasman na U18 Evropsko prvenstvo 2026. za odbojka\u0161ice koje \u0107e se odr\u017eati 1-12. jula u Letoniji i Litvaniji.<\/p>\n\n\n\n<p>Preostale \u010detiri selekcije izbori\u0107e plasman u drugu rundu kvalifikacija, koje \u0107e se odigrati 26-29. marta 2026. godine.<\/p>\n\n\n\n<p>Odbojka\u0161ki savez Crne Gore se zahvaljuje Petru Kokovi\u0107u na dosada\u0161njoj veoma uspje\u0161noj saradnji, tokom koje je selekcija koju je on predvodio uspjela da obezbijedi istorijski plasman na Evropsko prvenstvo 2025. godine, sa najboljim skorom u drugoj rundi kvalifikacija bez izgubljenog seta.<\/p>","protected":false},"excerpt":{"rendered":"<p>Upravni odbor Odbojka\u0161kog saveza Crne Gore\u00a0odr\u017eao je danas sedmu redovnu sjednicu Upravnog odbora.<\/p>","protected":false},"author":1,"featured_media":914312,"comment_status":"open","ping_status":"open","sticky":false,"template":"","format":"standard","meta":{"_acf_changed":false,"footnotes":""},"categories":[148],"tags":[3657,3658,217,3659],"naslovna":[],"class_list":["post-914311","post","type-post","status-publish","format-standard","has-post-thumbnail","hentry","category-sport","tag-luka-bogojevic","tag-milan-milosevic","tag-oscg","tag-upravni-odbor-oscg"],"acf":[],"yoast_head":"<!-- This site is optimized with the Yoast SEO plugin v27.0 - https:\/\/yoast.com\/product\/yoast-seo-wordpress\/ -->\n<title>Milo\u0161evi\u0107 i Bogojevi\u0107 vode U18 \u017eensku reprezentaciju - dmcsrb.com<\/title>\n<meta name=\"robots\" content=\"index, follow, max-snippet:-1, max-image-preview:large, max-video-preview:-1\" \/>\n<link rel=\"canonical\" href=\"https:\/\/dmcsrb.com\/en\/sport\/milosevic-i-bogojevic-vode-u18-zensku-reprezentaciju\/\" \/>\n<meta property=\"og:locale\" content=\"en_GB\" \/>\n<meta property=\"og:type\" content=\"article\" \/>\n<meta property=\"og:title\" content=\"Milo\u0161evi\u0107 i Bogojevi\u0107 vode U18 \u017eensku reprezentaciju - dmcsrb.com\" \/>\n<meta property=\"og:description\" content=\"Upravni odbor Odbojka\u0161kog saveza Crne Gore\u00a0odr\u017eao je danas sedmu redovnu sjednicu Upravnog odbora.\" \/>\n<meta property=\"og:url\" content=\"https:\/\/dmcsrb.com\/en\/sport\/milosevic-i-bogojevic-vode-u18-zensku-reprezentaciju\/\" \/>\n<meta property=\"og:site_name\" content=\"dmcsrb.com\" \/>\n<meta property=\"article:published_time\" content=\"2025-12-18T16:15:00+00:00\" \/>\n<meta property=\"og:image\" content=\"https:\/\/dmcsrb.com\/wp-content\/uploads\/2026\/01\/Luka-Bogojevic-OK-Buducnost-volej.jpg\" \/>\n\t<meta property=\"og:image:width\" content=\"2560\" \/>\n\t<meta property=\"og:image:height\" content=\"1707\" \/>\n\t<meta property=\"og:image:type\" content=\"image\/jpeg\" \/>\n<meta name=\"author\" content=\"dmcsrbija.com@gmail.com\" \/>\n<meta name=\"twitter:card\" content=\"summary_large_image\" \/>\n<meta name=\"twitter:label1\" content=\"Written by\" \/>\n\t<meta name=\"twitter:data1\" content=\"dmcsrbija.com@gmail.com\" \/>\n\t<meta name=\"twitter:label2\" content=\"Estimated reading time\" \/>\n\t<meta name=\"twitter:data2\" content=\"1 minute\" \/>\n<script type=\"application\/ld+json\" class=\"yoast-schema-graph\">{\"@context\":\"https:\/\/schema.org\",\"@graph\":[{\"@type\":\"Article\",\"@id\":\"https:\/\/dmcsrb.com\/sport\/milosevic-i-bogojevic-vode-u18-zensku-reprezentaciju\/#article\",\"isPartOf\":{\"@id\":\"https:\/\/dmcsrb.com\/sport\/milosevic-i-bogojevic-vode-u18-zensku-reprezentaciju\/\"},\"author\":{\"name\":\"dmcsrbija.com@gmail.com\",\"@id\":\"https:\/\/dmcsrb.com\/#\/schema\/person\/5c39170f12db1b8b457732d0b5c854e2\"},\"headline\":\"Milo\u0161evi\u0107 i Bogojevi\u0107 vode U18 \u017eensku reprezentaciju\",\"datePublished\":\"2025-12-18T16:15:00+00:00\",\"mainEntityOfPage\":{\"@id\":\"https:\/\/dmcsrb.com\/sport\/milosevic-i-bogojevic-vode-u18-zensku-reprezentaciju\/\"},\"wordCount\":242,\"commentCount\":0,\"image\":{\"@id\":\"https:\/\/dmcsrb.com\/sport\/milosevic-i-bogojevic-vode-u18-zensku-reprezentaciju\/#primaryimage\"},\"thumbnailUrl\":\"https:\/\/dmcsrb.com\/wp-content\/uploads\/2026\/01\/Luka-Bogojevic-OK-Buducnost-volej.jpg\",\"keywords\":[\"Luka Bogojevi\u0107\",\"Milan Milo\u0161evi\u0107\",\"OSCG\",\"Upravni odbor OSCG\"],\"articleSection\":[\"Sport\"],\"inLanguage\":\"en-GB\",\"potentialAction\":[{\"@type\":\"CommentAction\",\"name\":\"Comment\",\"target\":[\"https:\/\/dmcsrb.com\/sport\/milosevic-i-bogojevic-vode-u18-zensku-reprezentaciju\/#respond\"]}]},{\"@type\":\"WebPage\",\"@id\":\"https:\/\/dmcsrb.com\/sport\/milosevic-i-bogojevic-vode-u18-zensku-reprezentaciju\/\",\"url\":\"https:\/\/dmcsrb.com\/sport\/milosevic-i-bogojevic-vode-u18-zensku-reprezentaciju\/\",\"name\":\"Milo\u0161evi\u0107 i Bogojevi\u0107 vode U18 \u017eensku reprezentaciju - dmcsrb.com\",\"isPartOf\":{\"@id\":\"https:\/\/dmcsrb.com\/#website\"},\"primaryImageOfPage\":{\"@id\":\"https:\/\/dmcsrb.com\/sport\/milosevic-i-bogojevic-vode-u18-zensku-reprezentaciju\/#primaryimage\"},\"image\":{\"@id\":\"https:\/\/dmcsrb.com\/sport\/milosevic-i-bogojevic-vode-u18-zensku-reprezentaciju\/#primaryimage\"},\"thumbnailUrl\":\"https:\/\/dmcsrb.com\/wp-content\/uploads\/2026\/01\/Luka-Bogojevic-OK-Buducnost-volej.jpg\",\"datePublished\":\"2025-12-18T16:15:00+00:00\",\"author\":{\"@id\":\"https:\/\/dmcsrb.com\/#\/schema\/person\/5c39170f12db1b8b457732d0b5c854e2\"},\"breadcrumb\":{\"@id\":\"https:\/\/dmcsrb.com\/sport\/milosevic-i-bogojevic-vode-u18-zensku-reprezentaciju\/#breadcrumb\"},\"inLanguage\":\"en-GB\",\"potentialAction\":[{\"@type\":\"ReadAction\",\"target\":[\"https:\/\/dmcsrb.com\/sport\/milosevic-i-bogojevic-vode-u18-zensku-reprezentaciju\/\"]}]},{\"@type\":\"ImageObject\",\"inLanguage\":\"en-GB\",\"@id\":\"https:\/\/dmcsrb.com\/sport\/milosevic-i-bogojevic-vode-u18-zensku-reprezentaciju\/#primaryimage\",\"url\":\"https:\/\/dmcsrb.com\/wp-content\/uploads\/2026\/01\/Luka-Bogojevic-OK-Buducnost-volej.jpg\",\"contentUrl\":\"https:\/\/dmcsrb.com\/wp-content\/uploads\/2026\/01\/Luka-Bogojevic-OK-Buducnost-volej.jpg\",\"width\":2560,\"height\":1707},{\"@type\":\"BreadcrumbList\",\"@id\":\"https:\/\/dmcsrb.com\/sport\/milosevic-i-bogojevic-vode-u18-zensku-reprezentaciju\/#breadcrumb\",\"itemListElement\":[{\"@type\":\"ListItem\",\"position\":1,\"name\":\"Home\",\"item\":\"https:\/\/dmcsrb.com\/\"},{\"@type\":\"ListItem\",\"position\":2,\"name\":\"Milo\u0161evi\u0107 i Bogojevi\u0107 vode U18 \u017eensku reprezentaciju\"}]},{\"@type\":\"WebSite\",\"@id\":\"https:\/\/dmcsrb.com\/#website\",\"url\":\"https:\/\/dmcsrb.com\/\",\"name\":\"dmcsrb.com\",\"description\":\"\",\"potentialAction\":[{\"@type\":\"SearchAction\",\"target\":{\"@type\":\"EntryPoint\",\"urlTemplate\":\"https:\/\/dmcsrb.com\/?s={search_term_string}\"},\"query-input\":{\"@type\":\"PropertyValueSpecification\",\"valueRequired\":true,\"valueName\":\"search_term_string\"}}],\"inLanguage\":\"en-GB\"},{\"@type\":\"Person\",\"@id\":\"https:\/\/dmcsrb.com\/#\/schema\/person\/5c39170f12db1b8b457732d0b5c854e2\",\"name\":\"dmcsrbija.com@gmail.com\",\"image\":{\"@type\":\"ImageObject\",\"inLanguage\":\"en-GB\",\"@id\":\"https:\/\/dmcsrb.com\/#\/schema\/person\/image\/\",\"url\":\"https:\/\/secure.gravatar.com\/avatar\/68592660ad6347fad0fb587f8d5d8f1a7b44961362f56e4f2cd524feb87e9069?s=96&d=mm&r=g\",\"contentUrl\":\"https:\/\/secure.gravatar.com\/avatar\/68592660ad6347fad0fb587f8d5d8f1a7b44961362f56e4f2cd524feb87e9069?s=96&d=mm&r=g\",\"caption\":\"dmcsrbija.com@gmail.com\"},\"sameAs\":[\"https:\/\/dmcsrb.com\"],\"url\":\"https:\/\/dmcsrb.com\/en\/author\/dmcsrbija-comgmail-com\/\"}]}<\/script>\n<!-- \/ Yoast SEO plugin. -->","yoast_head_json":{"title":"Milo\u0161evi\u0107 i Bogojevi\u0107 vode U18 \u017eensku reprezentaciju - dmcsrb.com","robots":{"index":"index","follow":"follow","max-snippet":"max-snippet:-1","max-image-preview":"max-image-preview:large","max-video-preview":"max-video-preview:-1"},"canonical":"https:\/\/dmcsrb.com\/en\/sport\/milosevic-i-bogojevic-vode-u18-zensku-reprezentaciju\/","og_locale":"en_GB","og_type":"article","og_title":"Milo\u0161evi\u0107 i Bogojevi\u0107 vode U18 \u017eensku reprezentaciju - dmcsrb.com","og_description":"Upravni odbor Odbojka\u0161kog saveza Crne Gore\u00a0odr\u017eao je danas sedmu redovnu sjednicu Upravnog odbora.","og_url":"https:\/\/dmcsrb.com\/en\/sport\/milosevic-i-bogojevic-vode-u18-zensku-reprezentaciju\/","og_site_name":"dmcsrb.com","article_published_time":"2025-12-18T16:15:00+00:00","og_image":[{"width":2560,"height":1707,"url":"https:\/\/dmcsrb.com\/wp-content\/uploads\/2026\/01\/Luka-Bogojevic-OK-Buducnost-volej.jpg","type":"image\/jpeg"}],"author":"dmcsrbija.com@gmail.com","twitter_card":"summary_large_image","twitter_misc":{"Written by":"dmcsrbija.com@gmail.com","Estimated reading time":"1 minute"},"schema":{"@context":"https:\/\/schema.org","@graph":[{"@type":"Article","@id":"https:\/\/dmcsrb.com\/sport\/milosevic-i-bogojevic-vode-u18-zensku-reprezentaciju\/#article","isPartOf":{"@id":"https:\/\/dmcsrb.com\/sport\/milosevic-i-bogojevic-vode-u18-zensku-reprezentaciju\/"},"author":{"name":"dmcsrbija.com@gmail.com","@id":"https:\/\/dmcsrb.com\/#\/schema\/person\/5c39170f12db1b8b457732d0b5c854e2"},"headline":"Milo\u0161evi\u0107 i Bogojevi\u0107 vode U18 \u017eensku reprezentaciju","datePublished":"2025-12-18T16:15:00+00:00","mainEntityOfPage":{"@id":"https:\/\/dmcsrb.com\/sport\/milosevic-i-bogojevic-vode-u18-zensku-reprezentaciju\/"},"wordCount":242,"commentCount":0,"image":{"@id":"https:\/\/dmcsrb.com\/sport\/milosevic-i-bogojevic-vode-u18-zensku-reprezentaciju\/#primaryimage"},"thumbnailUrl":"https:\/\/dmcsrb.com\/wp-content\/uploads\/2026\/01\/Luka-Bogojevic-OK-Buducnost-volej.jpg","keywords":["Luka Bogojevi\u0107","Milan Milo\u0161evi\u0107","OSCG","Upravni odbor OSCG"],"articleSection":["Sport"],"inLanguage":"en-GB","potentialAction":[{"@type":"CommentAction","name":"Comment","target":["https:\/\/dmcsrb.com\/sport\/milosevic-i-bogojevic-vode-u18-zensku-reprezentaciju\/#respond"]}]},{"@type":"WebPage","@id":"https:\/\/dmcsrb.com\/sport\/milosevic-i-bogojevic-vode-u18-zensku-reprezentaciju\/","url":"https:\/\/dmcsrb.com\/sport\/milosevic-i-bogojevic-vode-u18-zensku-reprezentaciju\/","name":"Milo\u0161evi\u0107 i Bogojevi\u0107 vode U18 \u017eensku reprezentaciju - dmcsrb.com","isPartOf":{"@id":"https:\/\/dmcsrb.com\/#website"},"primaryImageOfPage":{"@id":"https:\/\/dmcsrb.com\/sport\/milosevic-i-bogojevic-vode-u18-zensku-reprezentaciju\/#primaryimage"},"image":{"@id":"https:\/\/dmcsrb.com\/sport\/milosevic-i-bogojevic-vode-u18-zensku-reprezentaciju\/#primaryimage"},"thumbnailUrl":"https:\/\/dmcsrb.com\/wp-content\/uploads\/2026\/01\/Luka-Bogojevic-OK-Buducnost-volej.jpg","datePublished":"2025-12-18T16:15:00+00:00","author":{"@id":"https:\/\/dmcsrb.com\/#\/schema\/person\/5c39170f12db1b8b457732d0b5c854e2"},"breadcrumb":{"@id":"https:\/\/dmcsrb.com\/sport\/milosevic-i-bogojevic-vode-u18-zensku-reprezentaciju\/#breadcrumb"},"inLanguage":"en-GB","potentialAction":[{"@type":"ReadAction","target":["https:\/\/dmcsrb.com\/sport\/milosevic-i-bogojevic-vode-u18-zensku-reprezentaciju\/"]}]},{"@type":"ImageObject","inLanguage":"en-GB","@id":"https:\/\/dmcsrb.com\/sport\/milosevic-i-bogojevic-vode-u18-zensku-reprezentaciju\/#primaryimage","url":"https:\/\/dmcsrb.com\/wp-content\/uploads\/2026\/01\/Luka-Bogojevic-OK-Buducnost-volej.jpg","contentUrl":"https:\/\/dmcsrb.com\/wp-content\/uploads\/2026\/01\/Luka-Bogojevic-OK-Buducnost-volej.jpg","width":2560,"height":1707},{"@type":"BreadcrumbList","@id":"https:\/\/dmcsrb.com\/sport\/milosevic-i-bogojevic-vode-u18-zensku-reprezentaciju\/#breadcrumb","itemListElement":[{"@type":"ListItem","position":1,"name":"Home","item":"https:\/\/dmcsrb.com\/"},{"@type":"ListItem","position":2,"name":"Milo\u0161evi\u0107 i Bogojevi\u0107 vode U18 \u017eensku reprezentaciju"}]},{"@type":"WebSite","@id":"https:\/\/dmcsrb.com\/#website","url":"https:\/\/dmcsrb.com\/","name":"dmcsrb.com","description":"","potentialAction":[{"@type":"SearchAction","target":{"@type":"EntryPoint","urlTemplate":"https:\/\/dmcsrb.com\/?s={search_term_string}"},"query-input":{"@type":"PropertyValueSpecification","valueRequired":true,"valueName":"search_term_string"}}],"inLanguage":"en-GB"},{"@type":"Person","@id":"https:\/\/dmcsrb.com\/#\/schema\/person\/5c39170f12db1b8b457732d0b5c854e2","name":"dmcsrbija.com@gmail.com","image":{"@type":"ImageObject","inLanguage":"en-GB","@id":"https:\/\/dmcsrb.com\/#\/schema\/person\/image\/","url":"https:\/\/secure.gravatar.com\/avatar\/68592660ad6347fad0fb587f8d5d8f1a7b44961362f56e4f2cd524feb87e9069?s=96&d=mm&r=g","contentUrl":"https:\/\/secure.gravatar.com\/avatar\/68592660ad6347fad0fb587f8d5d8f1a7b44961362f56e4f2cd524feb87e9069?s=96&d=mm&r=g","caption":"dmcsrbija.com@gmail.com"},"sameAs":["https:\/\/dmcsrb.com"],"url":"https:\/\/dmcsrb.com\/en\/author\/dmcsrbija-comgmail-com\/"}]}},"_links":{"self":[{"href":"https:\/\/dmcsrb.com\/en\/wp-json\/wp\/v2\/posts\/914311","targetHints":{"allow":["GET"]}}],"collection":[{"href":"https:\/\/dmcsrb.com\/en\/wp-json\/wp\/v2\/posts"}],"about":[{"href":"https:\/\/dmcsrb.com\/en\/wp-json\/wp\/v2\/types\/post"}],"author":[{"embeddable":true,"href":"https:\/\/dmcsrb.com\/en\/wp-json\/wp\/v2\/users\/1"}],"replies":[{"embeddable":true,"href":"https:\/\/dmcsrb.com\/en\/wp-json\/wp\/v2\/comments?post=914311"}],"version-history":[{"count":0,"href":"https:\/\/dmcsrb.com\/en\/wp-json\/wp\/v2\/posts\/914311\/revisions"}],"wp:featuredmedia":[{"embeddable":true,"href":"https:\/\/dmcsrb.com\/en\/wp-json\/wp\/v2\/media\/914312"}],"wp:attachment":[{"href":"https:\/\/dmcsrb.com\/en\/wp-json\/wp\/v2\/media?parent=914311"}],"wp:term":[{"taxonomy":"category","embeddable":true,"href":"https:\/\/dmcsrb.com\/en\/wp-json\/wp\/v2\/categories?post=914311"},{"taxonomy":"post_tag","embeddable":true,"href":"https:\/\/dmcsrb.com\/en\/wp-json\/wp\/v2\/tags?post=914311"},{"taxonomy":"naslovna","embeddable":true,"href":"https:\/\/dmcsrb.com\/en\/wp-json\/wp\/v2\/naslovna?post=914311"}],"curies":[{"name":"wp","href":"https:\/\/api.w.org\/{rel}","templated":true}]}}