{"id":914302,"date":"2025-12-18T18:06:00","date_gmt":"2025-12-18T17:06:00","guid":{"rendered":"https:\/\/dmcsrb.com\/uncategorized\/video-muleskovic-od-pocetka-godine-sakupljeno-192-tone-komunalnog-otpada-vise-od-polovine-oko-kontejnera\/"},"modified":"2025-12-18T18:06:00","modified_gmt":"2025-12-18T17:06:00","slug":"video-muleskovic-od-pocetka-godine-sakupljeno-192-tone-komunalnog-otpada-vise-od-polovine-oko-kontejnera","status":"publish","type":"post","link":"https:\/\/dmcsrb.com\/en\/podgorica\/video-muleskovic-od-pocetka-godine-sakupljeno-192-tone-komunalnog-otpada-vise-od-polovine-oko-kontejnera\/","title":{"rendered":"(VIDEO) Mule\u0161kovi\u0107: Od po\u010detka godine sakupljeno 192 tone komunalnog otpada, vi\u0161e od polovine oko kontejnera"},"content":{"rendered":"<p>Nepropisno odlaganje otpada ostaje jedan od najve\u0107ih ekolo\u0161kih problema u Glavnom gradu. Uprkos kontejnerima \u0161irom grada, velike koli\u010dine sme\u0107a svakodnevno zavr\u0161avaju van njih, upozoravaju nadle\u017eni.<\/p>\n\n\n\n<p>&#8220;Od po\u010detka 2025. godine sa prostora grada u prosjeku dnevno sakupljalo se 192 tone komunalnog otpada, dok je nepropisno odlo\u017eenog otpada oko kontejnera bilo 117 tona. Samo u decembru, za 15 dana, te koli\u010dine su izuzetno porasle. Tako sada dnevno sakupljamo 205 tona otpada iz kontejnera, dok je oko kontejnera uklanjano u prosjeku 151 tona otpada&#8221;, kazala je Senada Mule\u0161kovi\u0107, PR GP &#8220;\u010cisto\u0107a&#8221;.<\/p>\n\n\n\n<p>Ekolo\u0161ki aktivisti tvrde da se problem ne mo\u017ee rije\u0161iti bez edukacije i informisanja gra\u0111ana.<\/p>\n\n\n\n<figure class=\"wp-block-image size-large\"><img decoding=\"async\" src=\"https:\/\/gradski.me\/wp-content\/uploads\/2025\/12\/ikovic-1024x472.jpg\" alt=\"\" class=\"wp-image-895949\"\/><figcaption class=\"wp-element-caption\">foto: RTV Podgorica<\/figcaption><\/figure>\n\n\n\n<p>&#8220;To informisanje mora da ide stalno. Jedan od savjeta koji dolaze iz zemalja koje su postigle visok nivo pravilnog odlaganja otpada jeste sistem informisanja \u2013 od vrata do vrata i od preduzetnika do preduzetnika&#8221;, kazao je ekolo\u0161ki aktivista Vuk Ikovi\u0107.<\/p>\n\n\n\n<p>Gradske slu\u017ebe sprovode i preventivne mjere usmjerene ka djeci, dodaje Mule\u0161kovi\u0107.<\/p>\n\n\n\n<p>&#8220;Tokom pro\u0161le godine postavili smo reciklomate u \u0161est \u0161kola i dva vrti\u0107a. Motivacija su drvene olovke i obi\u010dne bojice. Ubacivanjem pet plasti\u010dnih boca, mali\u0161ani dobijaju olovku ili bojicu. Na teritoriji glavnog grada postavljeni su i reciklomati koji predstavljaju dodatnu podr\u0161ku ovoj pri\u010di&#8221;, isti\u010de ona.<\/p>\n\n\n\n<p>Ipak, sistem povratne naknade za ambala\u017eu mogao bi biti efikasno rje\u0161enje, kao u brojnim evropskim zemljama, napominje Ikovi\u0107.<\/p>\n\n\n\n<p>&#8220;Ljudi su dodatno motivisani da fla\u0161e, limenke \u2013 plasti\u010dne ili staklene \u2013 odla\u017eu u odre\u0111ene aparate i dobiju pet, deset ili petnaest centi. Ko nama brani da to uradimo? Ima li ko ja\u010di od dr\u017eave? Dr\u017eava to mo\u017ee zajedno sa trgovinskim lancima da realizuje&#8221;, ka\u017ee on.<\/p>\n\n\n\n<p>Dok se ne uspostave sistemska rje\u0161enja i o\u0161trija kaznena politika, divlje deponije \u0107e ostati svakodnevica. Sagovornici poru\u010duju da odgovornost nije samo na institucijama, ve\u0107 i svakom pojedincu \u2013 jer \u010dist grad po\u010dinje li\u010dnom odgovorno\u0161\u0107u.<\/p>\n\n\n\n<figure class=\"wp-block-embed is-type-video is-provider-youtube wp-block-embed-youtube wp-embed-aspect-16-9 wp-has-aspect-ratio\"><div class=\"wp-block-embed__wrapper\">\n<iframe loading=\"lazy\" title=\"Mule\u0161kovi\u0107: Od po\u010detka godine sakupljeno 192 tone komunalnog otpada, vi\u0161e od polovine oko kontejnera\" width=\"500\" height=\"281\" src=\"https:\/\/www.youtube.com\/embed\/DcsAckB6yeM?feature=oembed\" frameborder=\"0\" allow=\"accelerometer; autoplay; clipboard-write; encrypted-media; gyroscope; picture-in-picture; web-share\" referrerpolicy=\"strict-origin-when-cross-origin\" allowfullscreen><\/iframe>\n<\/div><\/figure>","protected":false},"excerpt":{"rendered":"<p>Divlje deponije ostavljaju ozbiljne posljedice po \u017eivotnu sredinu i zdravlje gra\u0111ana, a problem nelegalnog odlaganja u Glavnom gradu i dalje je izra\u017een.<\/p>","protected":false},"author":1,"featured_media":914303,"comment_status":"open","ping_status":"open","sticky":false,"template":"","format":"standard","meta":{"_acf_changed":false,"footnotes":""},"categories":[56],"tags":[1554,3652,3653,3654],"naslovna":[],"class_list":["post-914302","post","type-post","status-publish","format-standard","has-post-thumbnail","hentry","category-podgorica","tag-cistoca","tag-otpad","tag-senada-muleskovic","tag-vuk-ikovic"],"acf":[],"yoast_head":"<!-- This site is optimized with the Yoast SEO plugin v27.0 - https:\/\/yoast.com\/product\/yoast-seo-wordpress\/ -->\n<title>(VIDEO) Mule\u0161kovi\u0107: Od po\u010detka godine sakupljeno 192 tone komunalnog otpada, vi\u0161e od polovine oko kontejnera - dmcsrb.com<\/title>\n<meta name=\"robots\" content=\"index, follow, max-snippet:-1, max-image-preview:large, max-video-preview:-1\" \/>\n<link rel=\"canonical\" href=\"https:\/\/dmcsrb.com\/en\/podgorica\/video-muleskovic-od-pocetka-godine-sakupljeno-192-tone-komunalnog-otpada-vise-od-polovine-oko-kontejnera\/\" \/>\n<meta property=\"og:locale\" content=\"en_GB\" \/>\n<meta property=\"og:type\" content=\"article\" \/>\n<meta property=\"og:title\" content=\"(VIDEO) Mule\u0161kovi\u0107: Od po\u010detka godine sakupljeno 192 tone komunalnog otpada, vi\u0161e od polovine oko kontejnera - dmcsrb.com\" \/>\n<meta property=\"og:description\" content=\"Divlje deponije ostavljaju ozbiljne posljedice po \u017eivotnu sredinu i zdravlje gra\u0111ana, a problem nelegalnog odlaganja u Glavnom gradu i dalje je izra\u017een.\" \/>\n<meta property=\"og:url\" content=\"https:\/\/dmcsrb.com\/en\/podgorica\/video-muleskovic-od-pocetka-godine-sakupljeno-192-tone-komunalnog-otpada-vise-od-polovine-oko-kontejnera\/\" \/>\n<meta property=\"og:site_name\" content=\"dmcsrb.com\" \/>\n<meta property=\"article:published_time\" content=\"2025-12-18T17:06:00+00:00\" \/>\n<meta property=\"og:image\" content=\"https:\/\/dmcsrb.com\/wp-content\/uploads\/2026\/01\/muleskovic.jpg\" \/>\n\t<meta property=\"og:image:width\" content=\"1797\" \/>\n\t<meta property=\"og:image:height\" content=\"730\" \/>\n\t<meta property=\"og:image:type\" content=\"image\/jpeg\" \/>\n<meta name=\"author\" content=\"dmcsrbija.com@gmail.com\" \/>\n<meta name=\"twitter:card\" content=\"summary_large_image\" \/>\n<meta name=\"twitter:label1\" content=\"Written by\" \/>\n\t<meta name=\"twitter:data1\" content=\"dmcsrbija.com@gmail.com\" \/>\n\t<meta name=\"twitter:label2\" content=\"Estimated reading time\" \/>\n\t<meta name=\"twitter:data2\" content=\"2 minutes\" \/>\n<script type=\"application\/ld+json\" class=\"yoast-schema-graph\">{\"@context\":\"https:\/\/schema.org\",\"@graph\":[{\"@type\":\"Article\",\"@id\":\"https:\/\/dmcsrb.com\/podgorica\/video-muleskovic-od-pocetka-godine-sakupljeno-192-tone-komunalnog-otpada-vise-od-polovine-oko-kontejnera\/#article\",\"isPartOf\":{\"@id\":\"https:\/\/dmcsrb.com\/podgorica\/video-muleskovic-od-pocetka-godine-sakupljeno-192-tone-komunalnog-otpada-vise-od-polovine-oko-kontejnera\/\"},\"author\":{\"name\":\"dmcsrbija.com@gmail.com\",\"@id\":\"https:\/\/dmcsrb.com\/#\/schema\/person\/5c39170f12db1b8b457732d0b5c854e2\"},\"headline\":\"(VIDEO) Mule\u0161kovi\u0107: Od po\u010detka godine sakupljeno 192 tone komunalnog otpada, vi\u0161e od polovine oko kontejnera\",\"datePublished\":\"2025-12-18T17:06:00+00:00\",\"mainEntityOfPage\":{\"@id\":\"https:\/\/dmcsrb.com\/podgorica\/video-muleskovic-od-pocetka-godine-sakupljeno-192-tone-komunalnog-otpada-vise-od-polovine-oko-kontejnera\/\"},\"wordCount\":353,\"commentCount\":0,\"image\":{\"@id\":\"https:\/\/dmcsrb.com\/podgorica\/video-muleskovic-od-pocetka-godine-sakupljeno-192-tone-komunalnog-otpada-vise-od-polovine-oko-kontejnera\/#primaryimage\"},\"thumbnailUrl\":\"https:\/\/dmcsrb.com\/wp-content\/uploads\/2026\/01\/muleskovic.jpg\",\"keywords\":[\"\u010cisto\u0107a\",\"otpad\",\"Senada Mule\u0161kovi\u0107\",\"Vuk Ikovi\u0107\"],\"articleSection\":[\"Podgorica\"],\"inLanguage\":\"en-GB\",\"potentialAction\":[{\"@type\":\"CommentAction\",\"name\":\"Comment\",\"target\":[\"https:\/\/dmcsrb.com\/podgorica\/video-muleskovic-od-pocetka-godine-sakupljeno-192-tone-komunalnog-otpada-vise-od-polovine-oko-kontejnera\/#respond\"]}]},{\"@type\":\"WebPage\",\"@id\":\"https:\/\/dmcsrb.com\/podgorica\/video-muleskovic-od-pocetka-godine-sakupljeno-192-tone-komunalnog-otpada-vise-od-polovine-oko-kontejnera\/\",\"url\":\"https:\/\/dmcsrb.com\/podgorica\/video-muleskovic-od-pocetka-godine-sakupljeno-192-tone-komunalnog-otpada-vise-od-polovine-oko-kontejnera\/\",\"name\":\"(VIDEO) Mule\u0161kovi\u0107: Od po\u010detka godine sakupljeno 192 tone komunalnog otpada, vi\u0161e od polovine oko kontejnera - dmcsrb.com\",\"isPartOf\":{\"@id\":\"https:\/\/dmcsrb.com\/#website\"},\"primaryImageOfPage\":{\"@id\":\"https:\/\/dmcsrb.com\/podgorica\/video-muleskovic-od-pocetka-godine-sakupljeno-192-tone-komunalnog-otpada-vise-od-polovine-oko-kontejnera\/#primaryimage\"},\"image\":{\"@id\":\"https:\/\/dmcsrb.com\/podgorica\/video-muleskovic-od-pocetka-godine-sakupljeno-192-tone-komunalnog-otpada-vise-od-polovine-oko-kontejnera\/#primaryimage\"},\"thumbnailUrl\":\"https:\/\/dmcsrb.com\/wp-content\/uploads\/2026\/01\/muleskovic.jpg\",\"datePublished\":\"2025-12-18T17:06:00+00:00\",\"author\":{\"@id\":\"https:\/\/dmcsrb.com\/#\/schema\/person\/5c39170f12db1b8b457732d0b5c854e2\"},\"breadcrumb\":{\"@id\":\"https:\/\/dmcsrb.com\/podgorica\/video-muleskovic-od-pocetka-godine-sakupljeno-192-tone-komunalnog-otpada-vise-od-polovine-oko-kontejnera\/#breadcrumb\"},\"inLanguage\":\"en-GB\",\"potentialAction\":[{\"@type\":\"ReadAction\",\"target\":[\"https:\/\/dmcsrb.com\/podgorica\/video-muleskovic-od-pocetka-godine-sakupljeno-192-tone-komunalnog-otpada-vise-od-polovine-oko-kontejnera\/\"]}]},{\"@type\":\"ImageObject\",\"inLanguage\":\"en-GB\",\"@id\":\"https:\/\/dmcsrb.com\/podgorica\/video-muleskovic-od-pocetka-godine-sakupljeno-192-tone-komunalnog-otpada-vise-od-polovine-oko-kontejnera\/#primaryimage\",\"url\":\"https:\/\/dmcsrb.com\/wp-content\/uploads\/2026\/01\/muleskovic.jpg\",\"contentUrl\":\"https:\/\/dmcsrb.com\/wp-content\/uploads\/2026\/01\/muleskovic.jpg\",\"width\":1797,\"height\":730},{\"@type\":\"BreadcrumbList\",\"@id\":\"https:\/\/dmcsrb.com\/podgorica\/video-muleskovic-od-pocetka-godine-sakupljeno-192-tone-komunalnog-otpada-vise-od-polovine-oko-kontejnera\/#breadcrumb\",\"itemListElement\":[{\"@type\":\"ListItem\",\"position\":1,\"name\":\"Home\",\"item\":\"https:\/\/dmcsrb.com\/\"},{\"@type\":\"ListItem\",\"position\":2,\"name\":\"(VIDEO) Mule\u0161kovi\u0107: Od po\u010detka godine sakupljeno 192 tone komunalnog otpada, vi\u0161e od polovine oko kontejnera\"}]},{\"@type\":\"WebSite\",\"@id\":\"https:\/\/dmcsrb.com\/#website\",\"url\":\"https:\/\/dmcsrb.com\/\",\"name\":\"dmcsrb.com\",\"description\":\"\",\"potentialAction\":[{\"@type\":\"SearchAction\",\"target\":{\"@type\":\"EntryPoint\",\"urlTemplate\":\"https:\/\/dmcsrb.com\/?s={search_term_string}\"},\"query-input\":{\"@type\":\"PropertyValueSpecification\",\"valueRequired\":true,\"valueName\":\"search_term_string\"}}],\"inLanguage\":\"en-GB\"},{\"@type\":\"Person\",\"@id\":\"https:\/\/dmcsrb.com\/#\/schema\/person\/5c39170f12db1b8b457732d0b5c854e2\",\"name\":\"dmcsrbija.com@gmail.com\",\"image\":{\"@type\":\"ImageObject\",\"inLanguage\":\"en-GB\",\"@id\":\"https:\/\/dmcsrb.com\/#\/schema\/person\/image\/\",\"url\":\"https:\/\/secure.gravatar.com\/avatar\/68592660ad6347fad0fb587f8d5d8f1a7b44961362f56e4f2cd524feb87e9069?s=96&d=mm&r=g\",\"contentUrl\":\"https:\/\/secure.gravatar.com\/avatar\/68592660ad6347fad0fb587f8d5d8f1a7b44961362f56e4f2cd524feb87e9069?s=96&d=mm&r=g\",\"caption\":\"dmcsrbija.com@gmail.com\"},\"sameAs\":[\"https:\/\/dmcsrb.com\"],\"url\":\"https:\/\/dmcsrb.com\/en\/author\/dmcsrbija-comgmail-com\/\"}]}<\/script>\n<!-- \/ Yoast SEO plugin. -->","yoast_head_json":{"title":"(VIDEO) Mule\u0161kovi\u0107: Od po\u010detka godine sakupljeno 192 tone komunalnog otpada, vi\u0161e od polovine oko kontejnera - dmcsrb.com","robots":{"index":"index","follow":"follow","max-snippet":"max-snippet:-1","max-image-preview":"max-image-preview:large","max-video-preview":"max-video-preview:-1"},"canonical":"https:\/\/dmcsrb.com\/en\/podgorica\/video-muleskovic-od-pocetka-godine-sakupljeno-192-tone-komunalnog-otpada-vise-od-polovine-oko-kontejnera\/","og_locale":"en_GB","og_type":"article","og_title":"(VIDEO) Mule\u0161kovi\u0107: Od po\u010detka godine sakupljeno 192 tone komunalnog otpada, vi\u0161e od polovine oko kontejnera - dmcsrb.com","og_description":"Divlje deponije ostavljaju ozbiljne posljedice po \u017eivotnu sredinu i zdravlje gra\u0111ana, a problem nelegalnog odlaganja u Glavnom gradu i dalje je izra\u017een.","og_url":"https:\/\/dmcsrb.com\/en\/podgorica\/video-muleskovic-od-pocetka-godine-sakupljeno-192-tone-komunalnog-otpada-vise-od-polovine-oko-kontejnera\/","og_site_name":"dmcsrb.com","article_published_time":"2025-12-18T17:06:00+00:00","og_image":[{"width":1797,"height":730,"url":"https:\/\/dmcsrb.com\/wp-content\/uploads\/2026\/01\/muleskovic.jpg","type":"image\/jpeg"}],"author":"dmcsrbija.com@gmail.com","twitter_card":"summary_large_image","twitter_misc":{"Written by":"dmcsrbija.com@gmail.com","Estimated reading time":"2 minutes"},"schema":{"@context":"https:\/\/schema.org","@graph":[{"@type":"Article","@id":"https:\/\/dmcsrb.com\/podgorica\/video-muleskovic-od-pocetka-godine-sakupljeno-192-tone-komunalnog-otpada-vise-od-polovine-oko-kontejnera\/#article","isPartOf":{"@id":"https:\/\/dmcsrb.com\/podgorica\/video-muleskovic-od-pocetka-godine-sakupljeno-192-tone-komunalnog-otpada-vise-od-polovine-oko-kontejnera\/"},"author":{"name":"dmcsrbija.com@gmail.com","@id":"https:\/\/dmcsrb.com\/#\/schema\/person\/5c39170f12db1b8b457732d0b5c854e2"},"headline":"(VIDEO) Mule\u0161kovi\u0107: Od po\u010detka godine sakupljeno 192 tone komunalnog otpada, vi\u0161e od polovine oko kontejnera","datePublished":"2025-12-18T17:06:00+00:00","mainEntityOfPage":{"@id":"https:\/\/dmcsrb.com\/podgorica\/video-muleskovic-od-pocetka-godine-sakupljeno-192-tone-komunalnog-otpada-vise-od-polovine-oko-kontejnera\/"},"wordCount":353,"commentCount":0,"image":{"@id":"https:\/\/dmcsrb.com\/podgorica\/video-muleskovic-od-pocetka-godine-sakupljeno-192-tone-komunalnog-otpada-vise-od-polovine-oko-kontejnera\/#primaryimage"},"thumbnailUrl":"https:\/\/dmcsrb.com\/wp-content\/uploads\/2026\/01\/muleskovic.jpg","keywords":["\u010cisto\u0107a","otpad","Senada Mule\u0161kovi\u0107","Vuk Ikovi\u0107"],"articleSection":["Podgorica"],"inLanguage":"en-GB","potentialAction":[{"@type":"CommentAction","name":"Comment","target":["https:\/\/dmcsrb.com\/podgorica\/video-muleskovic-od-pocetka-godine-sakupljeno-192-tone-komunalnog-otpada-vise-od-polovine-oko-kontejnera\/#respond"]}]},{"@type":"WebPage","@id":"https:\/\/dmcsrb.com\/podgorica\/video-muleskovic-od-pocetka-godine-sakupljeno-192-tone-komunalnog-otpada-vise-od-polovine-oko-kontejnera\/","url":"https:\/\/dmcsrb.com\/podgorica\/video-muleskovic-od-pocetka-godine-sakupljeno-192-tone-komunalnog-otpada-vise-od-polovine-oko-kontejnera\/","name":"(VIDEO) Mule\u0161kovi\u0107: Od po\u010detka godine sakupljeno 192 tone komunalnog otpada, vi\u0161e od polovine oko kontejnera - dmcsrb.com","isPartOf":{"@id":"https:\/\/dmcsrb.com\/#website"},"primaryImageOfPage":{"@id":"https:\/\/dmcsrb.com\/podgorica\/video-muleskovic-od-pocetka-godine-sakupljeno-192-tone-komunalnog-otpada-vise-od-polovine-oko-kontejnera\/#primaryimage"},"image":{"@id":"https:\/\/dmcsrb.com\/podgorica\/video-muleskovic-od-pocetka-godine-sakupljeno-192-tone-komunalnog-otpada-vise-od-polovine-oko-kontejnera\/#primaryimage"},"thumbnailUrl":"https:\/\/dmcsrb.com\/wp-content\/uploads\/2026\/01\/muleskovic.jpg","datePublished":"2025-12-18T17:06:00+00:00","author":{"@id":"https:\/\/dmcsrb.com\/#\/schema\/person\/5c39170f12db1b8b457732d0b5c854e2"},"breadcrumb":{"@id":"https:\/\/dmcsrb.com\/podgorica\/video-muleskovic-od-pocetka-godine-sakupljeno-192-tone-komunalnog-otpada-vise-od-polovine-oko-kontejnera\/#breadcrumb"},"inLanguage":"en-GB","potentialAction":[{"@type":"ReadAction","target":["https:\/\/dmcsrb.com\/podgorica\/video-muleskovic-od-pocetka-godine-sakupljeno-192-tone-komunalnog-otpada-vise-od-polovine-oko-kontejnera\/"]}]},{"@type":"ImageObject","inLanguage":"en-GB","@id":"https:\/\/dmcsrb.com\/podgorica\/video-muleskovic-od-pocetka-godine-sakupljeno-192-tone-komunalnog-otpada-vise-od-polovine-oko-kontejnera\/#primaryimage","url":"https:\/\/dmcsrb.com\/wp-content\/uploads\/2026\/01\/muleskovic.jpg","contentUrl":"https:\/\/dmcsrb.com\/wp-content\/uploads\/2026\/01\/muleskovic.jpg","width":1797,"height":730},{"@type":"BreadcrumbList","@id":"https:\/\/dmcsrb.com\/podgorica\/video-muleskovic-od-pocetka-godine-sakupljeno-192-tone-komunalnog-otpada-vise-od-polovine-oko-kontejnera\/#breadcrumb","itemListElement":[{"@type":"ListItem","position":1,"name":"Home","item":"https:\/\/dmcsrb.com\/"},{"@type":"ListItem","position":2,"name":"(VIDEO) Mule\u0161kovi\u0107: Od po\u010detka godine sakupljeno 192 tone komunalnog otpada, vi\u0161e od polovine oko kontejnera"}]},{"@type":"WebSite","@id":"https:\/\/dmcsrb.com\/#website","url":"https:\/\/dmcsrb.com\/","name":"dmcsrb.com","description":"","potentialAction":[{"@type":"SearchAction","target":{"@type":"EntryPoint","urlTemplate":"https:\/\/dmcsrb.com\/?s={search_term_string}"},"query-input":{"@type":"PropertyValueSpecification","valueRequired":true,"valueName":"search_term_string"}}],"inLanguage":"en-GB"},{"@type":"Person","@id":"https:\/\/dmcsrb.com\/#\/schema\/person\/5c39170f12db1b8b457732d0b5c854e2","name":"dmcsrbija.com@gmail.com","image":{"@type":"ImageObject","inLanguage":"en-GB","@id":"https:\/\/dmcsrb.com\/#\/schema\/person\/image\/","url":"https:\/\/secure.gravatar.com\/avatar\/68592660ad6347fad0fb587f8d5d8f1a7b44961362f56e4f2cd524feb87e9069?s=96&d=mm&r=g","contentUrl":"https:\/\/secure.gravatar.com\/avatar\/68592660ad6347fad0fb587f8d5d8f1a7b44961362f56e4f2cd524feb87e9069?s=96&d=mm&r=g","caption":"dmcsrbija.com@gmail.com"},"sameAs":["https:\/\/dmcsrb.com"],"url":"https:\/\/dmcsrb.com\/en\/author\/dmcsrbija-comgmail-com\/"}]}},"_links":{"self":[{"href":"https:\/\/dmcsrb.com\/en\/wp-json\/wp\/v2\/posts\/914302","targetHints":{"allow":["GET"]}}],"collection":[{"href":"https:\/\/dmcsrb.com\/en\/wp-json\/wp\/v2\/posts"}],"about":[{"href":"https:\/\/dmcsrb.com\/en\/wp-json\/wp\/v2\/types\/post"}],"author":[{"embeddable":true,"href":"https:\/\/dmcsrb.com\/en\/wp-json\/wp\/v2\/users\/1"}],"replies":[{"embeddable":true,"href":"https:\/\/dmcsrb.com\/en\/wp-json\/wp\/v2\/comments?post=914302"}],"version-history":[{"count":0,"href":"https:\/\/dmcsrb.com\/en\/wp-json\/wp\/v2\/posts\/914302\/revisions"}],"wp:featuredmedia":[{"embeddable":true,"href":"https:\/\/dmcsrb.com\/en\/wp-json\/wp\/v2\/media\/914303"}],"wp:attachment":[{"href":"https:\/\/dmcsrb.com\/en\/wp-json\/wp\/v2\/media?parent=914302"}],"wp:term":[{"taxonomy":"category","embeddable":true,"href":"https:\/\/dmcsrb.com\/en\/wp-json\/wp\/v2\/categories?post=914302"},{"taxonomy":"post_tag","embeddable":true,"href":"https:\/\/dmcsrb.com\/en\/wp-json\/wp\/v2\/tags?post=914302"},{"taxonomy":"naslovna","embeddable":true,"href":"https:\/\/dmcsrb.com\/en\/wp-json\/wp\/v2\/naslovna?post=914302"}],"curies":[{"name":"wp","href":"https:\/\/api.w.org\/{rel}","templated":true}]}}