{"id":914274,"date":"2025-12-18T15:13:00","date_gmt":"2025-12-18T14:13:00","guid":{"rendered":"https:\/\/dmcsrb.com\/uncategorized\/crna-gora-formira-svoju-komisiju-za-brod-jadran\/"},"modified":"2025-12-18T15:13:00","modified_gmt":"2025-12-18T14:13:00","slug":"crna-gora-formira-svoju-komisiju-za-brod-jadran","status":"publish","type":"post","link":"https:\/\/dmcsrb.com\/en\/politika\/crna-gora-formira-svoju-komisiju-za-brod-jadran\/","title":{"rendered":"Crna Gora formira svoju komisiju za brod &#8220;Jadran&#8221;"},"content":{"rendered":"<p>Kako navode u odgovoru na upit RTCG, sa Republikom Hrvatskom postoje savezni\u010dki odnosi i ostvaruje se kontinuirana komunikacija na svim nivoima, pa je u zajedni\u010dkom interesu rje\u0161avanje svih bilateralnih pitanja, u duhu prijateljstva i otvorenosti, sa ciljem postizanja rje\u0161enja koja su obostrano prihvatljiva, kako i prili\u010di susjednim dr\u017eavama.<\/p>\n\n\n\n<p>&#8220;Ministarstvo vanjskih poslova Crne Gore i Ministarstvo vanjskih i evropskih poslova Republike Hrvatske su svojim anga\u017emanom, tokom 2025. godine, umnogome doprinijeli postizanju mjerljivih rezultata kada su u pitanju unapre\u0111enje odnosa i rje\u0161avanje pojedinih bilateralnih pitanja. Kada je u pitanju formiranje Komisije od strane Vlade Republike Hrvatske, radi se o logi\u010dnom slijedu zaklju\u010daka bilateralnih konsultacija odr\u017eanih u januaru i maju teku\u0107e godine. Podsje\u0107amo da je tada dogovoreno formiranje komisija sa obje strane, sa ciljem razmijenjene argumentacije i poku\u0161aja bilateralnog rje\u0161avanja ovog pitanja. Smatrali smo da o pojedinim pitanjima razgovore treba da vode specijalizovane komisije na ekspertskom nivou. Jasno nam je da se hrvatska strana opredijelila za&nbsp;ne\u0161to druga\u010diji pristup, \u0161to \u0107e se svakako odraziti i na sastav na\u0161e Komisije. Svaka strana ima pravo da svoj dio komisije nazove kako god smatra prikladnim&#8221;, navode u odgovoru na upit RTCG.<\/p>\n\n\n\n<p>U konkretnom slu\u010daju pretpostavljaju da su unutra\u0161njoj javnosti \u017eeljeli da po\u0161alju neku poruku i mi\u0161ljenja su da to nema potrebe posebno komentarisati.<\/p>\n\n\n\n<p>&#8220;Vlada Crne Gore \u0107e, u najskorijem roku, formirati svoju Komisiju, a potom \u0107e se pristupiti organizaciji sastanka dvije komisije. Javnosti je poznato da Crna Gora i Hrvatska imaju razli\u010dite pozicije u odnosu na odre\u0111ena pitanja, uklju\u010duju\u0107i i brod Jadran, ali to nije razlog da se o tim, kao i svim ostalim pitanjima, va\u017enim za unapre\u0111enje odnosa dvije dr\u017eave, ne razgovara. Potpuno svjesni da u obje dr\u017eave postoje oni koji do kraja ne razumiju zna\u010daj razgovora o pitanjima koja optere\u0107uju odnose dvije zemlje, posve\u0107eni smo poku\u0161aju bilateralnog rje\u0161avanja svih pitanja kako bi smo budu\u0107e generacije usmjerili ka izgradnji odnosa kakve zaslu\u017euju dvije susjedne i savezni\u010dke dr\u017eave&#8221;, naglasili su u MVP-u.<\/p>","protected":false},"excerpt":{"rendered":"<p>Ministarstvo vanjskih poslova isti\u010de da \u0107e uskoro biti formirana i na\u0161a komisija za rje\u0161avanje pitanja vlasni\u0161tva nad brodom &#8220;Jadran&#8221;, a potom \u0107e se pristupiti organizaciji sastanka sa predstavnicima komisije koju je formirala Hrvatska.<\/p>","protected":false},"author":1,"featured_media":914275,"comment_status":"open","ping_status":"open","sticky":false,"template":"","format":"standard","meta":{"_acf_changed":false,"footnotes":""},"categories":[12],"tags":[3406,95,806],"naslovna":[],"class_list":["post-914274","post","type-post","status-publish","format-standard","has-post-thumbnail","hentry","category-politika","tag-brod-jadran","tag-crna-gora","tag-hrvatska"],"acf":[],"yoast_head":"<!-- This site is optimized with the Yoast SEO plugin v27.4 - https:\/\/yoast.com\/product\/yoast-seo-wordpress\/ -->\n<title>Crna Gora formira svoju komisiju za brod &quot;Jadran&quot; - dmcsrb.com<\/title>\n<meta name=\"robots\" content=\"index, follow, max-snippet:-1, max-image-preview:large, max-video-preview:-1\" \/>\n<link rel=\"canonical\" href=\"https:\/\/dmcsrb.com\/en\/politika\/crna-gora-formira-svoju-komisiju-za-brod-jadran\/\" \/>\n<meta property=\"og:locale\" content=\"en_GB\" \/>\n<meta property=\"og:type\" content=\"article\" \/>\n<meta property=\"og:title\" content=\"Crna Gora formira svoju komisiju za brod &quot;Jadran&quot; - dmcsrb.com\" \/>\n<meta property=\"og:description\" content=\"Ministarstvo vanjskih poslova isti\u010de da \u0107e uskoro biti formirana i na\u0161a komisija za rje\u0161avanje pitanja vlasni\u0161tva nad brodom &quot;Jadran&quot;, a potom \u0107e se pristupiti organizaciji sastanka sa predstavnicima komisije koju je formirala Hrvatska.\" \/>\n<meta property=\"og:url\" content=\"https:\/\/dmcsrb.com\/en\/politika\/crna-gora-formira-svoju-komisiju-za-brod-jadran\/\" \/>\n<meta property=\"og:site_name\" content=\"dmcsrb.com\" \/>\n<meta property=\"article:published_time\" content=\"2025-12-18T14:13:00+00:00\" \/>\n<meta property=\"og:image\" content=\"https:\/\/dmcsrb.com\/wp-content\/uploads\/2026\/01\/image-1201.png\" \/>\n\t<meta property=\"og:image:width\" content=\"900\" \/>\n\t<meta property=\"og:image:height\" content=\"506\" \/>\n\t<meta property=\"og:image:type\" content=\"image\/png\" \/>\n<meta name=\"author\" content=\"dmcsrbija.com@gmail.com\" \/>\n<meta name=\"twitter:card\" content=\"summary_large_image\" \/>\n<meta name=\"twitter:label1\" content=\"Written by\" \/>\n\t<meta name=\"twitter:data1\" content=\"dmcsrbija.com@gmail.com\" \/>\n\t<meta name=\"twitter:label2\" content=\"Estimated reading time\" \/>\n\t<meta name=\"twitter:data2\" content=\"2 minutes\" \/>\n<script type=\"application\/ld+json\" class=\"yoast-schema-graph\">{\"@context\":\"https:\\\/\\\/schema.org\",\"@graph\":[{\"@type\":\"Article\",\"@id\":\"https:\\\/\\\/dmcsrb.com\\\/politika\\\/crna-gora-formira-svoju-komisiju-za-brod-jadran\\\/#article\",\"isPartOf\":{\"@id\":\"https:\\\/\\\/dmcsrb.com\\\/politika\\\/crna-gora-formira-svoju-komisiju-za-brod-jadran\\\/\"},\"author\":{\"name\":\"dmcsrbija.com@gmail.com\",\"@id\":\"https:\\\/\\\/dmcsrb.com\\\/#\\\/schema\\\/person\\\/5c39170f12db1b8b457732d0b5c854e2\"},\"headline\":\"Crna Gora formira svoju komisiju za brod &#8220;Jadran&#8221;\",\"datePublished\":\"2025-12-18T14:13:00+00:00\",\"mainEntityOfPage\":{\"@id\":\"https:\\\/\\\/dmcsrb.com\\\/politika\\\/crna-gora-formira-svoju-komisiju-za-brod-jadran\\\/\"},\"wordCount\":364,\"commentCount\":0,\"image\":{\"@id\":\"https:\\\/\\\/dmcsrb.com\\\/politika\\\/crna-gora-formira-svoju-komisiju-za-brod-jadran\\\/#primaryimage\"},\"thumbnailUrl\":\"https:\\\/\\\/dmcsrb.com\\\/wp-content\\\/uploads\\\/2026\\\/01\\\/image-1201.png\",\"keywords\":[\"brod jadran\",\"Crna Gora\",\"Hrvatska\"],\"articleSection\":[\"Politika\"],\"inLanguage\":\"en-GB\",\"potentialAction\":[{\"@type\":\"CommentAction\",\"name\":\"Comment\",\"target\":[\"https:\\\/\\\/dmcsrb.com\\\/politika\\\/crna-gora-formira-svoju-komisiju-za-brod-jadran\\\/#respond\"]}]},{\"@type\":\"WebPage\",\"@id\":\"https:\\\/\\\/dmcsrb.com\\\/politika\\\/crna-gora-formira-svoju-komisiju-za-brod-jadran\\\/\",\"url\":\"https:\\\/\\\/dmcsrb.com\\\/politika\\\/crna-gora-formira-svoju-komisiju-za-brod-jadran\\\/\",\"name\":\"Crna Gora formira svoju komisiju za brod \\\"Jadran\\\" - dmcsrb.com\",\"isPartOf\":{\"@id\":\"https:\\\/\\\/dmcsrb.com\\\/#website\"},\"primaryImageOfPage\":{\"@id\":\"https:\\\/\\\/dmcsrb.com\\\/politika\\\/crna-gora-formira-svoju-komisiju-za-brod-jadran\\\/#primaryimage\"},\"image\":{\"@id\":\"https:\\\/\\\/dmcsrb.com\\\/politika\\\/crna-gora-formira-svoju-komisiju-za-brod-jadran\\\/#primaryimage\"},\"thumbnailUrl\":\"https:\\\/\\\/dmcsrb.com\\\/wp-content\\\/uploads\\\/2026\\\/01\\\/image-1201.png\",\"datePublished\":\"2025-12-18T14:13:00+00:00\",\"author\":{\"@id\":\"https:\\\/\\\/dmcsrb.com\\\/#\\\/schema\\\/person\\\/5c39170f12db1b8b457732d0b5c854e2\"},\"breadcrumb\":{\"@id\":\"https:\\\/\\\/dmcsrb.com\\\/politika\\\/crna-gora-formira-svoju-komisiju-za-brod-jadran\\\/#breadcrumb\"},\"inLanguage\":\"en-GB\",\"potentialAction\":[{\"@type\":\"ReadAction\",\"target\":[\"https:\\\/\\\/dmcsrb.com\\\/politika\\\/crna-gora-formira-svoju-komisiju-za-brod-jadran\\\/\"]}]},{\"@type\":\"ImageObject\",\"inLanguage\":\"en-GB\",\"@id\":\"https:\\\/\\\/dmcsrb.com\\\/politika\\\/crna-gora-formira-svoju-komisiju-za-brod-jadran\\\/#primaryimage\",\"url\":\"https:\\\/\\\/dmcsrb.com\\\/wp-content\\\/uploads\\\/2026\\\/01\\\/image-1201.png\",\"contentUrl\":\"https:\\\/\\\/dmcsrb.com\\\/wp-content\\\/uploads\\\/2026\\\/01\\\/image-1201.png\",\"width\":900,\"height\":506},{\"@type\":\"BreadcrumbList\",\"@id\":\"https:\\\/\\\/dmcsrb.com\\\/politika\\\/crna-gora-formira-svoju-komisiju-za-brod-jadran\\\/#breadcrumb\",\"itemListElement\":[{\"@type\":\"ListItem\",\"position\":1,\"name\":\"Home\",\"item\":\"https:\\\/\\\/dmcsrb.com\\\/\"},{\"@type\":\"ListItem\",\"position\":2,\"name\":\"Crna Gora formira svoju komisiju za brod &#8220;Jadran&#8221;\"}]},{\"@type\":\"WebSite\",\"@id\":\"https:\\\/\\\/dmcsrb.com\\\/#website\",\"url\":\"https:\\\/\\\/dmcsrb.com\\\/\",\"name\":\"dmcsrb.com\",\"description\":\"\",\"potentialAction\":[{\"@type\":\"SearchAction\",\"target\":{\"@type\":\"EntryPoint\",\"urlTemplate\":\"https:\\\/\\\/dmcsrb.com\\\/?s={search_term_string}\"},\"query-input\":{\"@type\":\"PropertyValueSpecification\",\"valueRequired\":true,\"valueName\":\"search_term_string\"}}],\"inLanguage\":\"en-GB\"},{\"@type\":\"Person\",\"@id\":\"https:\\\/\\\/dmcsrb.com\\\/#\\\/schema\\\/person\\\/5c39170f12db1b8b457732d0b5c854e2\",\"name\":\"dmcsrbija.com@gmail.com\",\"image\":{\"@type\":\"ImageObject\",\"inLanguage\":\"en-GB\",\"@id\":\"https:\\\/\\\/secure.gravatar.com\\\/avatar\\\/68592660ad6347fad0fb587f8d5d8f1a7b44961362f56e4f2cd524feb87e9069?s=96&d=mm&r=g\",\"url\":\"https:\\\/\\\/secure.gravatar.com\\\/avatar\\\/68592660ad6347fad0fb587f8d5d8f1a7b44961362f56e4f2cd524feb87e9069?s=96&d=mm&r=g\",\"contentUrl\":\"https:\\\/\\\/secure.gravatar.com\\\/avatar\\\/68592660ad6347fad0fb587f8d5d8f1a7b44961362f56e4f2cd524feb87e9069?s=96&d=mm&r=g\",\"caption\":\"dmcsrbija.com@gmail.com\"},\"sameAs\":[\"https:\\\/\\\/dmcsrb.com\"],\"url\":\"https:\\\/\\\/dmcsrb.com\\\/en\\\/author\\\/dmcsrbija-comgmail-com\\\/\"}]}<\/script>\n<!-- \/ Yoast SEO plugin. -->","yoast_head_json":{"title":"Crna Gora formira svoju komisiju za brod \"Jadran\" - dmcsrb.com","robots":{"index":"index","follow":"follow","max-snippet":"max-snippet:-1","max-image-preview":"max-image-preview:large","max-video-preview":"max-video-preview:-1"},"canonical":"https:\/\/dmcsrb.com\/en\/politika\/crna-gora-formira-svoju-komisiju-za-brod-jadran\/","og_locale":"en_GB","og_type":"article","og_title":"Crna Gora formira svoju komisiju za brod \"Jadran\" - dmcsrb.com","og_description":"Ministarstvo vanjskih poslova isti\u010de da \u0107e uskoro biti formirana i na\u0161a komisija za rje\u0161avanje pitanja vlasni\u0161tva nad brodom \"Jadran\", a potom \u0107e se pristupiti organizaciji sastanka sa predstavnicima komisije koju je formirala Hrvatska.","og_url":"https:\/\/dmcsrb.com\/en\/politika\/crna-gora-formira-svoju-komisiju-za-brod-jadran\/","og_site_name":"dmcsrb.com","article_published_time":"2025-12-18T14:13:00+00:00","og_image":[{"width":900,"height":506,"url":"https:\/\/dmcsrb.com\/wp-content\/uploads\/2026\/01\/image-1201.png","type":"image\/png"}],"author":"dmcsrbija.com@gmail.com","twitter_card":"summary_large_image","twitter_misc":{"Written by":"dmcsrbija.com@gmail.com","Estimated reading time":"2 minutes"},"schema":{"@context":"https:\/\/schema.org","@graph":[{"@type":"Article","@id":"https:\/\/dmcsrb.com\/politika\/crna-gora-formira-svoju-komisiju-za-brod-jadran\/#article","isPartOf":{"@id":"https:\/\/dmcsrb.com\/politika\/crna-gora-formira-svoju-komisiju-za-brod-jadran\/"},"author":{"name":"dmcsrbija.com@gmail.com","@id":"https:\/\/dmcsrb.com\/#\/schema\/person\/5c39170f12db1b8b457732d0b5c854e2"},"headline":"Crna Gora formira svoju komisiju za brod &#8220;Jadran&#8221;","datePublished":"2025-12-18T14:13:00+00:00","mainEntityOfPage":{"@id":"https:\/\/dmcsrb.com\/politika\/crna-gora-formira-svoju-komisiju-za-brod-jadran\/"},"wordCount":364,"commentCount":0,"image":{"@id":"https:\/\/dmcsrb.com\/politika\/crna-gora-formira-svoju-komisiju-za-brod-jadran\/#primaryimage"},"thumbnailUrl":"https:\/\/dmcsrb.com\/wp-content\/uploads\/2026\/01\/image-1201.png","keywords":["brod jadran","Crna Gora","Hrvatska"],"articleSection":["Politika"],"inLanguage":"en-GB","potentialAction":[{"@type":"CommentAction","name":"Comment","target":["https:\/\/dmcsrb.com\/politika\/crna-gora-formira-svoju-komisiju-za-brod-jadran\/#respond"]}]},{"@type":"WebPage","@id":"https:\/\/dmcsrb.com\/politika\/crna-gora-formira-svoju-komisiju-za-brod-jadran\/","url":"https:\/\/dmcsrb.com\/politika\/crna-gora-formira-svoju-komisiju-za-brod-jadran\/","name":"Crna Gora formira svoju komisiju za brod \"Jadran\" - dmcsrb.com","isPartOf":{"@id":"https:\/\/dmcsrb.com\/#website"},"primaryImageOfPage":{"@id":"https:\/\/dmcsrb.com\/politika\/crna-gora-formira-svoju-komisiju-za-brod-jadran\/#primaryimage"},"image":{"@id":"https:\/\/dmcsrb.com\/politika\/crna-gora-formira-svoju-komisiju-za-brod-jadran\/#primaryimage"},"thumbnailUrl":"https:\/\/dmcsrb.com\/wp-content\/uploads\/2026\/01\/image-1201.png","datePublished":"2025-12-18T14:13:00+00:00","author":{"@id":"https:\/\/dmcsrb.com\/#\/schema\/person\/5c39170f12db1b8b457732d0b5c854e2"},"breadcrumb":{"@id":"https:\/\/dmcsrb.com\/politika\/crna-gora-formira-svoju-komisiju-za-brod-jadran\/#breadcrumb"},"inLanguage":"en-GB","potentialAction":[{"@type":"ReadAction","target":["https:\/\/dmcsrb.com\/politika\/crna-gora-formira-svoju-komisiju-za-brod-jadran\/"]}]},{"@type":"ImageObject","inLanguage":"en-GB","@id":"https:\/\/dmcsrb.com\/politika\/crna-gora-formira-svoju-komisiju-za-brod-jadran\/#primaryimage","url":"https:\/\/dmcsrb.com\/wp-content\/uploads\/2026\/01\/image-1201.png","contentUrl":"https:\/\/dmcsrb.com\/wp-content\/uploads\/2026\/01\/image-1201.png","width":900,"height":506},{"@type":"BreadcrumbList","@id":"https:\/\/dmcsrb.com\/politika\/crna-gora-formira-svoju-komisiju-za-brod-jadran\/#breadcrumb","itemListElement":[{"@type":"ListItem","position":1,"name":"Home","item":"https:\/\/dmcsrb.com\/"},{"@type":"ListItem","position":2,"name":"Crna Gora formira svoju komisiju za brod &#8220;Jadran&#8221;"}]},{"@type":"WebSite","@id":"https:\/\/dmcsrb.com\/#website","url":"https:\/\/dmcsrb.com\/","name":"dmcsrb.com","description":"","potentialAction":[{"@type":"SearchAction","target":{"@type":"EntryPoint","urlTemplate":"https:\/\/dmcsrb.com\/?s={search_term_string}"},"query-input":{"@type":"PropertyValueSpecification","valueRequired":true,"valueName":"search_term_string"}}],"inLanguage":"en-GB"},{"@type":"Person","@id":"https:\/\/dmcsrb.com\/#\/schema\/person\/5c39170f12db1b8b457732d0b5c854e2","name":"dmcsrbija.com@gmail.com","image":{"@type":"ImageObject","inLanguage":"en-GB","@id":"https:\/\/secure.gravatar.com\/avatar\/68592660ad6347fad0fb587f8d5d8f1a7b44961362f56e4f2cd524feb87e9069?s=96&d=mm&r=g","url":"https:\/\/secure.gravatar.com\/avatar\/68592660ad6347fad0fb587f8d5d8f1a7b44961362f56e4f2cd524feb87e9069?s=96&d=mm&r=g","contentUrl":"https:\/\/secure.gravatar.com\/avatar\/68592660ad6347fad0fb587f8d5d8f1a7b44961362f56e4f2cd524feb87e9069?s=96&d=mm&r=g","caption":"dmcsrbija.com@gmail.com"},"sameAs":["https:\/\/dmcsrb.com"],"url":"https:\/\/dmcsrb.com\/en\/author\/dmcsrbija-comgmail-com\/"}]}},"_links":{"self":[{"href":"https:\/\/dmcsrb.com\/en\/wp-json\/wp\/v2\/posts\/914274","targetHints":{"allow":["GET"]}}],"collection":[{"href":"https:\/\/dmcsrb.com\/en\/wp-json\/wp\/v2\/posts"}],"about":[{"href":"https:\/\/dmcsrb.com\/en\/wp-json\/wp\/v2\/types\/post"}],"author":[{"embeddable":true,"href":"https:\/\/dmcsrb.com\/en\/wp-json\/wp\/v2\/users\/1"}],"replies":[{"embeddable":true,"href":"https:\/\/dmcsrb.com\/en\/wp-json\/wp\/v2\/comments?post=914274"}],"version-history":[{"count":0,"href":"https:\/\/dmcsrb.com\/en\/wp-json\/wp\/v2\/posts\/914274\/revisions"}],"wp:featuredmedia":[{"embeddable":true,"href":"https:\/\/dmcsrb.com\/en\/wp-json\/wp\/v2\/media\/914275"}],"wp:attachment":[{"href":"https:\/\/dmcsrb.com\/en\/wp-json\/wp\/v2\/media?parent=914274"}],"wp:term":[{"taxonomy":"category","embeddable":true,"href":"https:\/\/dmcsrb.com\/en\/wp-json\/wp\/v2\/categories?post=914274"},{"taxonomy":"post_tag","embeddable":true,"href":"https:\/\/dmcsrb.com\/en\/wp-json\/wp\/v2\/tags?post=914274"},{"taxonomy":"naslovna","embeddable":true,"href":"https:\/\/dmcsrb.com\/en\/wp-json\/wp\/v2\/naslovna?post=914274"}],"curies":[{"name":"wp","href":"https:\/\/api.w.org\/{rel}","templated":true}]}}