{"id":914225,"date":"2025-12-18T13:02:00","date_gmt":"2025-12-18T12:02:00","guid":{"rendered":"https:\/\/dmcsrb.com\/uncategorized\/evropski-savez-pricaju-o-kapeli-i-jeziku-da-ne-bi-odgovarali-za-katastrofu-u-pljevljima\/"},"modified":"2025-12-18T13:02:00","modified_gmt":"2025-12-18T12:02:00","slug":"evropski-savez-pricaju-o-kapeli-i-jeziku-da-ne-bi-odgovarali-za-katastrofu-u-pljevljima","status":"publish","type":"post","link":"https:\/\/dmcsrb.com\/en\/politika\/evropski-savez-pricaju-o-kapeli-i-jeziku-da-ne-bi-odgovarali-za-katastrofu-u-pljevljima\/","title":{"rendered":"Evropski savez: Pri\u010daju o kapeli i jeziku, da ne bi odgovarali za katastrofu u Pljevljima"},"content":{"rendered":"<p><\/p>\n\n\n\n<p>&#8220;Dok se obaraju istorijski maksimumi u zaga\u0111anje, desetine ljudi su u bolnici, a gra\u0111ani zaklju\u010davaju u ku\u0107e kao u vrijeme korone \u2013 lokalni NSD predsjednik op\u0161tine i njegove partijske kolege koje vode i EPCG i ostatak energetskog sektora su se \u201csjetili\u201d da pokrenu identitetske teme&#8221;, navode iz ove partije.<\/p>\n\n\n\n<p>Smatraju da je u pitanju serija ozbiljnih propusta u toku samog posla, a da li u njemu ima korupcije \u0107e se vrlo brzo znati kad SDT izuzme kompletnu dokumentaciju vezanu za ovaj posao koji je gra\u0111ane ko\u0161tao cijelih 75 miliona eura, koliko se recimo odvoji za svu crnogorsku kulturu za dvije godine.<\/p>\n\n\n\n<p>&#8220;I dok je vazduh u Pljevljima bukvalno opasan po \u017eivot, gra\u0111ani spontano kre\u0107u u proteste, a problemima se ne nazire kraj \u2013 odgovor navodnih srpskih politi\u010dara je da otvore pitanja promjene Ustava&#8221;, isti\u010du iz Evropskog saveza.<\/p>\n\n\n\n<p>Navode da su pro\u010ditane &#8220;te Vu\u010di\u010deve fore odavno i nema naivnih ni u Pljevljima ni u Crnoj Gori&#8221;. <\/p>\n\n\n\n<p>&#8220;Ne tra\u017ee gra\u0111ani toga grada ovih dana da se mijenja Ustav nego da se ne vozi \u0161ljaka kamionima bez ijedne dozvole, niti da se \u201cslu\u010dajno\u201d ugasi mjerna stanica za zaga\u0111enje. Ne interesuje ih, kao Vrane\u0161a, kapela Kara\u0111or\u0111evi\u0107a na Lov\u0107enu, jer od smoga i dima ne vide vrhove zgrada, a ne vrhove neke planine&#8221;, poru\u010duju oni.<\/p>\n\n\n\n<p>Sad, kako ka\u017eu, kona\u010dno i naivnima jasno \u2013 partijski \u201cname\u0161tenici\u201d koji nijesu u stanju da vode trafiku, a ne veliku sisteme postaju opasnost po zdravlje i \u017eivot gra\u0111ana. <\/p>\n\n\n\n<p>&#8220;Na stranu \u0161to \u0107e nas njihovo neznanje ko\u0161tati desetine miliona eura, koje \u0107emo pla\u0107ati umjesto da gradimo vrti\u0107e, \u0161kole i bolnice. Jer mi od tih miliona ne\u0107emo ni\u0161ta vi\u0111eti, a to koliko \u0107e oni provesti pod Velje Brdo nas ne\u0107e obogatiti&#8221;, saop\u0161tili su.<\/p>\n\n\n\n<p>Navode da je krajnje vrijeme da se ovome stane na put, prije nego \u0161to, kao mnogo puta do sada, ne bude tragi\u010dno i kasno.<\/p>","protected":false},"excerpt":{"rendered":"<p>Svaka pri\u010da o jezicima, kapelama i promjeni Ustava koju ovih dana agesivno forsiraju iz dijela vlasti je poku\u0161aj skretanja pa\u017enje sa ozbiljnog ekolo\u0161kog, zdravstvenog i ekonomskog incidenta koji se de\u0161ava u Pljevljima, ka\u017eu iz Evropskog saveza.<\/p>","protected":false},"author":1,"featured_media":910637,"comment_status":"open","ping_status":"open","sticky":false,"template":"","format":"standard","meta":{"_acf_changed":false,"footnotes":""},"categories":[12],"tags":[95,1834,3612,1698],"naslovna":[],"class_list":["post-914225","post","type-post","status-publish","format-standard","has-post-thumbnail","hentry","category-politika","tag-crna-gora","tag-evropski-savez","tag-jezik","tag-kapela"],"acf":[],"yoast_head":"<!-- This site is optimized with the Yoast SEO plugin v27.0 - https:\/\/yoast.com\/product\/yoast-seo-wordpress\/ -->\n<title>Evropski savez: Pri\u010daju o kapeli i jeziku, da ne bi odgovarali za katastrofu u Pljevljima - dmcsrb.com<\/title>\n<meta name=\"robots\" content=\"index, follow, max-snippet:-1, max-image-preview:large, max-video-preview:-1\" \/>\n<link rel=\"canonical\" href=\"https:\/\/dmcsrb.com\/en\/politika\/evropski-savez-pricaju-o-kapeli-i-jeziku-da-ne-bi-odgovarali-za-katastrofu-u-pljevljima\/\" \/>\n<meta property=\"og:locale\" content=\"en_GB\" \/>\n<meta property=\"og:type\" content=\"article\" \/>\n<meta property=\"og:title\" content=\"Evropski savez: Pri\u010daju o kapeli i jeziku, da ne bi odgovarali za katastrofu u Pljevljima - dmcsrb.com\" \/>\n<meta property=\"og:description\" content=\"Svaka pri\u010da o jezicima, kapelama i promjeni Ustava koju ovih dana agesivno forsiraju iz dijela vlasti je poku\u0161aj skretanja pa\u017enje sa ozbiljnog ekolo\u0161kog, zdravstvenog i ekonomskog incidenta koji se de\u0161ava u Pljevljima, ka\u017eu iz Evropskog saveza.\" \/>\n<meta property=\"og:url\" content=\"https:\/\/dmcsrb.com\/en\/politika\/evropski-savez-pricaju-o-kapeli-i-jeziku-da-ne-bi-odgovarali-za-katastrofu-u-pljevljima\/\" \/>\n<meta property=\"og:site_name\" content=\"dmcsrb.com\" \/>\n<meta property=\"article:published_time\" content=\"2025-12-18T12:02:00+00:00\" \/>\n<meta property=\"og:image\" content=\"https:\/\/dmcsrb.com\/wp-content\/uploads\/2026\/01\/gear_350x900.jpg\" \/>\n\t<meta property=\"og:image:width\" content=\"899\" \/>\n\t<meta property=\"og:image:height\" content=\"350\" \/>\n\t<meta property=\"og:image:type\" content=\"image\/jpeg\" \/>\n<meta name=\"author\" content=\"dmcsrbija.com@gmail.com\" \/>\n<meta name=\"twitter:card\" content=\"summary_large_image\" \/>\n<meta name=\"twitter:label1\" content=\"Written by\" \/>\n\t<meta name=\"twitter:data1\" content=\"dmcsrbija.com@gmail.com\" \/>\n\t<meta name=\"twitter:label2\" content=\"Estimated reading time\" \/>\n\t<meta name=\"twitter:data2\" content=\"2 minutes\" \/>\n<script type=\"application\/ld+json\" class=\"yoast-schema-graph\">{\"@context\":\"https:\/\/schema.org\",\"@graph\":[{\"@type\":\"Article\",\"@id\":\"https:\/\/dmcsrb.com\/politika\/evropski-savez-pricaju-o-kapeli-i-jeziku-da-ne-bi-odgovarali-za-katastrofu-u-pljevljima\/#article\",\"isPartOf\":{\"@id\":\"https:\/\/dmcsrb.com\/politika\/evropski-savez-pricaju-o-kapeli-i-jeziku-da-ne-bi-odgovarali-za-katastrofu-u-pljevljima\/\"},\"author\":{\"name\":\"dmcsrbija.com@gmail.com\",\"@id\":\"https:\/\/dmcsrb.com\/#\/schema\/person\/5c39170f12db1b8b457732d0b5c854e2\"},\"headline\":\"Evropski savez: Pri\u010daju o kapeli i jeziku, da ne bi odgovarali za katastrofu u Pljevljima\",\"datePublished\":\"2025-12-18T12:02:00+00:00\",\"mainEntityOfPage\":{\"@id\":\"https:\/\/dmcsrb.com\/politika\/evropski-savez-pricaju-o-kapeli-i-jeziku-da-ne-bi-odgovarali-za-katastrofu-u-pljevljima\/\"},\"wordCount\":354,\"commentCount\":0,\"image\":{\"@id\":\"https:\/\/dmcsrb.com\/politika\/evropski-savez-pricaju-o-kapeli-i-jeziku-da-ne-bi-odgovarali-za-katastrofu-u-pljevljima\/#primaryimage\"},\"thumbnailUrl\":\"https:\/\/dmcsrb.com\/wp-content\/uploads\/2026\/01\/gear_350x900.jpg\",\"keywords\":[\"Crna Gora\",\"Evropski savez\",\"jezik\",\"kapela\"],\"articleSection\":[\"Politika\"],\"inLanguage\":\"en-GB\",\"potentialAction\":[{\"@type\":\"CommentAction\",\"name\":\"Comment\",\"target\":[\"https:\/\/dmcsrb.com\/politika\/evropski-savez-pricaju-o-kapeli-i-jeziku-da-ne-bi-odgovarali-za-katastrofu-u-pljevljima\/#respond\"]}]},{\"@type\":\"WebPage\",\"@id\":\"https:\/\/dmcsrb.com\/politika\/evropski-savez-pricaju-o-kapeli-i-jeziku-da-ne-bi-odgovarali-za-katastrofu-u-pljevljima\/\",\"url\":\"https:\/\/dmcsrb.com\/politika\/evropski-savez-pricaju-o-kapeli-i-jeziku-da-ne-bi-odgovarali-za-katastrofu-u-pljevljima\/\",\"name\":\"Evropski savez: Pri\u010daju o kapeli i jeziku, da ne bi odgovarali za katastrofu u Pljevljima - dmcsrb.com\",\"isPartOf\":{\"@id\":\"https:\/\/dmcsrb.com\/#website\"},\"primaryImageOfPage\":{\"@id\":\"https:\/\/dmcsrb.com\/politika\/evropski-savez-pricaju-o-kapeli-i-jeziku-da-ne-bi-odgovarali-za-katastrofu-u-pljevljima\/#primaryimage\"},\"image\":{\"@id\":\"https:\/\/dmcsrb.com\/politika\/evropski-savez-pricaju-o-kapeli-i-jeziku-da-ne-bi-odgovarali-za-katastrofu-u-pljevljima\/#primaryimage\"},\"thumbnailUrl\":\"https:\/\/dmcsrb.com\/wp-content\/uploads\/2026\/01\/gear_350x900.jpg\",\"datePublished\":\"2025-12-18T12:02:00+00:00\",\"author\":{\"@id\":\"https:\/\/dmcsrb.com\/#\/schema\/person\/5c39170f12db1b8b457732d0b5c854e2\"},\"breadcrumb\":{\"@id\":\"https:\/\/dmcsrb.com\/politika\/evropski-savez-pricaju-o-kapeli-i-jeziku-da-ne-bi-odgovarali-za-katastrofu-u-pljevljima\/#breadcrumb\"},\"inLanguage\":\"en-GB\",\"potentialAction\":[{\"@type\":\"ReadAction\",\"target\":[\"https:\/\/dmcsrb.com\/politika\/evropski-savez-pricaju-o-kapeli-i-jeziku-da-ne-bi-odgovarali-za-katastrofu-u-pljevljima\/\"]}]},{\"@type\":\"ImageObject\",\"inLanguage\":\"en-GB\",\"@id\":\"https:\/\/dmcsrb.com\/politika\/evropski-savez-pricaju-o-kapeli-i-jeziku-da-ne-bi-odgovarali-za-katastrofu-u-pljevljima\/#primaryimage\",\"url\":\"https:\/\/dmcsrb.com\/wp-content\/uploads\/2026\/01\/gear_350x900.jpg\",\"contentUrl\":\"https:\/\/dmcsrb.com\/wp-content\/uploads\/2026\/01\/gear_350x900.jpg\",\"width\":899,\"height\":350},{\"@type\":\"BreadcrumbList\",\"@id\":\"https:\/\/dmcsrb.com\/politika\/evropski-savez-pricaju-o-kapeli-i-jeziku-da-ne-bi-odgovarali-za-katastrofu-u-pljevljima\/#breadcrumb\",\"itemListElement\":[{\"@type\":\"ListItem\",\"position\":1,\"name\":\"Home\",\"item\":\"https:\/\/dmcsrb.com\/\"},{\"@type\":\"ListItem\",\"position\":2,\"name\":\"Evropski savez: Pri\u010daju o kapeli i jeziku, da ne bi odgovarali za katastrofu u Pljevljima\"}]},{\"@type\":\"WebSite\",\"@id\":\"https:\/\/dmcsrb.com\/#website\",\"url\":\"https:\/\/dmcsrb.com\/\",\"name\":\"dmcsrb.com\",\"description\":\"\",\"potentialAction\":[{\"@type\":\"SearchAction\",\"target\":{\"@type\":\"EntryPoint\",\"urlTemplate\":\"https:\/\/dmcsrb.com\/?s={search_term_string}\"},\"query-input\":{\"@type\":\"PropertyValueSpecification\",\"valueRequired\":true,\"valueName\":\"search_term_string\"}}],\"inLanguage\":\"en-GB\"},{\"@type\":\"Person\",\"@id\":\"https:\/\/dmcsrb.com\/#\/schema\/person\/5c39170f12db1b8b457732d0b5c854e2\",\"name\":\"dmcsrbija.com@gmail.com\",\"image\":{\"@type\":\"ImageObject\",\"inLanguage\":\"en-GB\",\"@id\":\"https:\/\/dmcsrb.com\/#\/schema\/person\/image\/\",\"url\":\"https:\/\/secure.gravatar.com\/avatar\/68592660ad6347fad0fb587f8d5d8f1a7b44961362f56e4f2cd524feb87e9069?s=96&d=mm&r=g\",\"contentUrl\":\"https:\/\/secure.gravatar.com\/avatar\/68592660ad6347fad0fb587f8d5d8f1a7b44961362f56e4f2cd524feb87e9069?s=96&d=mm&r=g\",\"caption\":\"dmcsrbija.com@gmail.com\"},\"sameAs\":[\"https:\/\/dmcsrb.com\"],\"url\":\"https:\/\/dmcsrb.com\/en\/author\/dmcsrbija-comgmail-com\/\"}]}<\/script>\n<!-- \/ Yoast SEO plugin. -->","yoast_head_json":{"title":"Evropski savez: Pri\u010daju o kapeli i jeziku, da ne bi odgovarali za katastrofu u Pljevljima - dmcsrb.com","robots":{"index":"index","follow":"follow","max-snippet":"max-snippet:-1","max-image-preview":"max-image-preview:large","max-video-preview":"max-video-preview:-1"},"canonical":"https:\/\/dmcsrb.com\/en\/politika\/evropski-savez-pricaju-o-kapeli-i-jeziku-da-ne-bi-odgovarali-za-katastrofu-u-pljevljima\/","og_locale":"en_GB","og_type":"article","og_title":"Evropski savez: Pri\u010daju o kapeli i jeziku, da ne bi odgovarali za katastrofu u Pljevljima - dmcsrb.com","og_description":"Svaka pri\u010da o jezicima, kapelama i promjeni Ustava koju ovih dana agesivno forsiraju iz dijela vlasti je poku\u0161aj skretanja pa\u017enje sa ozbiljnog ekolo\u0161kog, zdravstvenog i ekonomskog incidenta koji se de\u0161ava u Pljevljima, ka\u017eu iz Evropskog saveza.","og_url":"https:\/\/dmcsrb.com\/en\/politika\/evropski-savez-pricaju-o-kapeli-i-jeziku-da-ne-bi-odgovarali-za-katastrofu-u-pljevljima\/","og_site_name":"dmcsrb.com","article_published_time":"2025-12-18T12:02:00+00:00","og_image":[{"width":899,"height":350,"url":"https:\/\/dmcsrb.com\/wp-content\/uploads\/2026\/01\/gear_350x900.jpg","type":"image\/jpeg"}],"author":"dmcsrbija.com@gmail.com","twitter_card":"summary_large_image","twitter_misc":{"Written by":"dmcsrbija.com@gmail.com","Estimated reading time":"2 minutes"},"schema":{"@context":"https:\/\/schema.org","@graph":[{"@type":"Article","@id":"https:\/\/dmcsrb.com\/politika\/evropski-savez-pricaju-o-kapeli-i-jeziku-da-ne-bi-odgovarali-za-katastrofu-u-pljevljima\/#article","isPartOf":{"@id":"https:\/\/dmcsrb.com\/politika\/evropski-savez-pricaju-o-kapeli-i-jeziku-da-ne-bi-odgovarali-za-katastrofu-u-pljevljima\/"},"author":{"name":"dmcsrbija.com@gmail.com","@id":"https:\/\/dmcsrb.com\/#\/schema\/person\/5c39170f12db1b8b457732d0b5c854e2"},"headline":"Evropski savez: Pri\u010daju o kapeli i jeziku, da ne bi odgovarali za katastrofu u Pljevljima","datePublished":"2025-12-18T12:02:00+00:00","mainEntityOfPage":{"@id":"https:\/\/dmcsrb.com\/politika\/evropski-savez-pricaju-o-kapeli-i-jeziku-da-ne-bi-odgovarali-za-katastrofu-u-pljevljima\/"},"wordCount":354,"commentCount":0,"image":{"@id":"https:\/\/dmcsrb.com\/politika\/evropski-savez-pricaju-o-kapeli-i-jeziku-da-ne-bi-odgovarali-za-katastrofu-u-pljevljima\/#primaryimage"},"thumbnailUrl":"https:\/\/dmcsrb.com\/wp-content\/uploads\/2026\/01\/gear_350x900.jpg","keywords":["Crna Gora","Evropski savez","jezik","kapela"],"articleSection":["Politika"],"inLanguage":"en-GB","potentialAction":[{"@type":"CommentAction","name":"Comment","target":["https:\/\/dmcsrb.com\/politika\/evropski-savez-pricaju-o-kapeli-i-jeziku-da-ne-bi-odgovarali-za-katastrofu-u-pljevljima\/#respond"]}]},{"@type":"WebPage","@id":"https:\/\/dmcsrb.com\/politika\/evropski-savez-pricaju-o-kapeli-i-jeziku-da-ne-bi-odgovarali-za-katastrofu-u-pljevljima\/","url":"https:\/\/dmcsrb.com\/politika\/evropski-savez-pricaju-o-kapeli-i-jeziku-da-ne-bi-odgovarali-za-katastrofu-u-pljevljima\/","name":"Evropski savez: Pri\u010daju o kapeli i jeziku, da ne bi odgovarali za katastrofu u Pljevljima - dmcsrb.com","isPartOf":{"@id":"https:\/\/dmcsrb.com\/#website"},"primaryImageOfPage":{"@id":"https:\/\/dmcsrb.com\/politika\/evropski-savez-pricaju-o-kapeli-i-jeziku-da-ne-bi-odgovarali-za-katastrofu-u-pljevljima\/#primaryimage"},"image":{"@id":"https:\/\/dmcsrb.com\/politika\/evropski-savez-pricaju-o-kapeli-i-jeziku-da-ne-bi-odgovarali-za-katastrofu-u-pljevljima\/#primaryimage"},"thumbnailUrl":"https:\/\/dmcsrb.com\/wp-content\/uploads\/2026\/01\/gear_350x900.jpg","datePublished":"2025-12-18T12:02:00+00:00","author":{"@id":"https:\/\/dmcsrb.com\/#\/schema\/person\/5c39170f12db1b8b457732d0b5c854e2"},"breadcrumb":{"@id":"https:\/\/dmcsrb.com\/politika\/evropski-savez-pricaju-o-kapeli-i-jeziku-da-ne-bi-odgovarali-za-katastrofu-u-pljevljima\/#breadcrumb"},"inLanguage":"en-GB","potentialAction":[{"@type":"ReadAction","target":["https:\/\/dmcsrb.com\/politika\/evropski-savez-pricaju-o-kapeli-i-jeziku-da-ne-bi-odgovarali-za-katastrofu-u-pljevljima\/"]}]},{"@type":"ImageObject","inLanguage":"en-GB","@id":"https:\/\/dmcsrb.com\/politika\/evropski-savez-pricaju-o-kapeli-i-jeziku-da-ne-bi-odgovarali-za-katastrofu-u-pljevljima\/#primaryimage","url":"https:\/\/dmcsrb.com\/wp-content\/uploads\/2026\/01\/gear_350x900.jpg","contentUrl":"https:\/\/dmcsrb.com\/wp-content\/uploads\/2026\/01\/gear_350x900.jpg","width":899,"height":350},{"@type":"BreadcrumbList","@id":"https:\/\/dmcsrb.com\/politika\/evropski-savez-pricaju-o-kapeli-i-jeziku-da-ne-bi-odgovarali-za-katastrofu-u-pljevljima\/#breadcrumb","itemListElement":[{"@type":"ListItem","position":1,"name":"Home","item":"https:\/\/dmcsrb.com\/"},{"@type":"ListItem","position":2,"name":"Evropski savez: Pri\u010daju o kapeli i jeziku, da ne bi odgovarali za katastrofu u Pljevljima"}]},{"@type":"WebSite","@id":"https:\/\/dmcsrb.com\/#website","url":"https:\/\/dmcsrb.com\/","name":"dmcsrb.com","description":"","potentialAction":[{"@type":"SearchAction","target":{"@type":"EntryPoint","urlTemplate":"https:\/\/dmcsrb.com\/?s={search_term_string}"},"query-input":{"@type":"PropertyValueSpecification","valueRequired":true,"valueName":"search_term_string"}}],"inLanguage":"en-GB"},{"@type":"Person","@id":"https:\/\/dmcsrb.com\/#\/schema\/person\/5c39170f12db1b8b457732d0b5c854e2","name":"dmcsrbija.com@gmail.com","image":{"@type":"ImageObject","inLanguage":"en-GB","@id":"https:\/\/dmcsrb.com\/#\/schema\/person\/image\/","url":"https:\/\/secure.gravatar.com\/avatar\/68592660ad6347fad0fb587f8d5d8f1a7b44961362f56e4f2cd524feb87e9069?s=96&d=mm&r=g","contentUrl":"https:\/\/secure.gravatar.com\/avatar\/68592660ad6347fad0fb587f8d5d8f1a7b44961362f56e4f2cd524feb87e9069?s=96&d=mm&r=g","caption":"dmcsrbija.com@gmail.com"},"sameAs":["https:\/\/dmcsrb.com"],"url":"https:\/\/dmcsrb.com\/en\/author\/dmcsrbija-comgmail-com\/"}]}},"_links":{"self":[{"href":"https:\/\/dmcsrb.com\/en\/wp-json\/wp\/v2\/posts\/914225","targetHints":{"allow":["GET"]}}],"collection":[{"href":"https:\/\/dmcsrb.com\/en\/wp-json\/wp\/v2\/posts"}],"about":[{"href":"https:\/\/dmcsrb.com\/en\/wp-json\/wp\/v2\/types\/post"}],"author":[{"embeddable":true,"href":"https:\/\/dmcsrb.com\/en\/wp-json\/wp\/v2\/users\/1"}],"replies":[{"embeddable":true,"href":"https:\/\/dmcsrb.com\/en\/wp-json\/wp\/v2\/comments?post=914225"}],"version-history":[{"count":0,"href":"https:\/\/dmcsrb.com\/en\/wp-json\/wp\/v2\/posts\/914225\/revisions"}],"wp:featuredmedia":[{"embeddable":true,"href":"https:\/\/dmcsrb.com\/en\/wp-json\/wp\/v2\/media\/910637"}],"wp:attachment":[{"href":"https:\/\/dmcsrb.com\/en\/wp-json\/wp\/v2\/media?parent=914225"}],"wp:term":[{"taxonomy":"category","embeddable":true,"href":"https:\/\/dmcsrb.com\/en\/wp-json\/wp\/v2\/categories?post=914225"},{"taxonomy":"post_tag","embeddable":true,"href":"https:\/\/dmcsrb.com\/en\/wp-json\/wp\/v2\/tags?post=914225"},{"taxonomy":"naslovna","embeddable":true,"href":"https:\/\/dmcsrb.com\/en\/wp-json\/wp\/v2\/naslovna?post=914225"}],"curies":[{"name":"wp","href":"https:\/\/api.w.org\/{rel}","templated":true}]}}