{"id":914221,"date":"2025-12-18T11:43:37","date_gmt":"2025-12-18T10:43:37","guid":{"rendered":"https:\/\/dmcsrb.com\/uncategorized\/podgoricki-pazar-pocinje-sjutra-na-trgu-nezavisnosti\/"},"modified":"2025-12-18T11:43:37","modified_gmt":"2025-12-18T10:43:37","slug":"podgoricki-pazar-pocinje-sjutra-na-trgu-nezavisnosti","status":"publish","type":"post","link":"https:\/\/dmcsrb.com\/en\/podgorica\/podgoricki-pazar-pocinje-sjutra-na-trgu-nezavisnosti\/","title":{"rendered":"Podgori\u010dki pazar po\u010dinje sjutra na Trgu nezavisnosti"},"content":{"rendered":"<p><\/p>\n\n\n\n<p><\/p>\n\n\n\n<p><\/p>\n\n\n\n<p>\u201cPrvog dana manifestacije, odmah nakon otvaranja, u muzi\u010dkom dijelu programa nastupi\u0107e Gradski hor \u2018Stanko Dragojevi\u0107\u2019, sastav L\u2019ombelico, a od 22 \u010dasa regionalna pop zvijezda&nbsp;<strong>Nata\u0161a Bekvalac<\/strong>\u201c, pi\u0161e u objavi na Instagram stranici Podgori\u010dkog pazara.<\/p>\n\n\n\n<p>Tokom trajanja Podgori\u010dkog pazara, sve do 8. januara, posjetioci \u0107e imati priliku da u\u017eivaju u brojnim muzi\u010dkim nastupima renomiranih izvo\u0111a\u010da i lokalnih bendova razli\u010ditih muzi\u010dkih \u017eanrova, kao i nastupima DJ-eva.<\/p>\n\n\n\n<p>\u201cManifestacija je dodatno oboga\u0107ena gastro ponudom i prezentacijom lokalnih proizvoda, \u010dime se stvara cjelovit do\u017eivljaj prazni\u010dne ponude u Podgorici. Upravo kvalitet i kontinuitet programa doprinijeli su tome da Podgori\u010dki pazar ove godine dobije nagradu za najbolju manifestaciju u kontekstu promocije turizma, \u0161to predstavlja zna\u010dajno priznanje i potvrdu da ova manifestacija iz godine u godinu unapre\u0111uje sadr\u017eaj i standarde organizacije. Posebna pa\u017enja posve\u0107ena je i najmla\u0111ima, kroz bogat dje\u010dji program koji obuhvata predstave, animacije, kreativne radionice i interaktivne sadr\u017eaje, \u010dime Podgori\u010dki pazar potvr\u0111uje svoj porodi\u010dni karakter. Pored zabavnog segmenta, program uklju\u010duje i raznovrsne kulturno-umjetni\u010dke sadr\u017eaje, poput nastupa folklornih ansambala, horskih koncerata, prigodnih programa inspirisanih tradicijom i prazni\u010dnim duhom\u201d, navodi se u saop\u0161tenju.<\/p>\n\n\n\n<p>Turisti\u010dka organizacija Podgorice i Sekretarijat za kulturu Glavnog grada kroz programske sadr\u017eje i manifestacije nastavljaju da, kako je saop\u0161teno, razvijaju kulturnu i turisti\u010dku ponudu Podgorice, afirmi\u0161u\u0107i i Podgori\u010dki pazar kao jednu od najzna\u010dajnijh prazni\u010dnih manifestacija u Crnoj Gori.<\/p>\n\n\n\n<p>Detaljan program manifestacije dostupan je na zvani\u010dnim stranicama Podgori\u010dkog pazara, TO Podgorica i Sekretarijata za kulturu Glavnog grada na dru\u0161tvenim mre\u017eama.<\/p>\n\n\n\n<p>Organizatori pozivaju sve sugra\u0111ane i posjetioce Podgorice da u\u017eivaju u prazni\u010dnoj atmosferi na Trgu nezavisnosti, sve do 8. januara.<\/p>","protected":false},"excerpt":{"rendered":"<p>Aktiviranjem dekorativne rasvjete sjutra, u 19 \u010dasova, po\u010dinje manifestacija Podgori\u010dki pazar, koja i ove godine, kako je saop\u0161teno iz Glavnog grada, donosi bogat, raznovrstan i pa\u017eljivo osmi\u0161ijen program, a koju \u0107e sve\u010dano otvoriti gradona\u010delnik Podgorice\u00a0Sa\u0161a Mujovi\u0107.<\/p>","protected":false},"author":1,"featured_media":914222,"comment_status":"open","ping_status":"open","sticky":false,"template":"","format":"standard","meta":{"_acf_changed":false,"footnotes":""},"categories":[56],"tags":[2328,2329],"naslovna":[],"class_list":["post-914221","post","type-post","status-publish","format-standard","has-post-thumbnail","hentry","category-podgorica","tag-podgoricki-pazar","tag-trg-nezavisnosti"],"acf":[],"yoast_head":"<!-- This site is optimized with the Yoast SEO plugin v27.0 - https:\/\/yoast.com\/product\/yoast-seo-wordpress\/ -->\n<title>Podgori\u010dki pazar po\u010dinje sjutra na Trgu nezavisnosti - dmcsrb.com<\/title>\n<meta name=\"robots\" content=\"index, follow, max-snippet:-1, max-image-preview:large, max-video-preview:-1\" \/>\n<link rel=\"canonical\" href=\"https:\/\/dmcsrb.com\/en\/podgorica\/podgoricki-pazar-pocinje-sjutra-na-trgu-nezavisnosti\/\" \/>\n<meta property=\"og:locale\" content=\"en_GB\" \/>\n<meta property=\"og:type\" content=\"article\" \/>\n<meta property=\"og:title\" content=\"Podgori\u010dki pazar po\u010dinje sjutra na Trgu nezavisnosti - dmcsrb.com\" \/>\n<meta property=\"og:description\" content=\"Aktiviranjem dekorativne rasvjete sjutra, u 19 \u010dasova, po\u010dinje manifestacija Podgori\u010dki pazar, koja i ove godine, kako je saop\u0161teno iz Glavnog grada, donosi bogat, raznovrstan i pa\u017eljivo osmi\u0161ijen program, a koju \u0107e sve\u010dano otvoriti gradona\u010delnik Podgorice\u00a0Sa\u0161a Mujovi\u0107.\" \/>\n<meta property=\"og:url\" content=\"https:\/\/dmcsrb.com\/en\/podgorica\/podgoricki-pazar-pocinje-sjutra-na-trgu-nezavisnosti\/\" \/>\n<meta property=\"og:site_name\" content=\"dmcsrb.com\" \/>\n<meta property=\"article:published_time\" content=\"2025-12-18T10:43:37+00:00\" \/>\n<meta property=\"og:image\" content=\"https:\/\/dmcsrb.com\/wp-content\/uploads\/2026\/01\/Novogodisnji-pazar-foto-rtv-podgorica.jpg\" \/>\n\t<meta property=\"og:image:width\" content=\"1529\" \/>\n\t<meta property=\"og:image:height\" content=\"836\" \/>\n\t<meta property=\"og:image:type\" content=\"image\/jpeg\" \/>\n<meta name=\"author\" content=\"dmcsrbija.com@gmail.com\" \/>\n<meta name=\"twitter:card\" content=\"summary_large_image\" \/>\n<meta name=\"twitter:label1\" content=\"Written by\" \/>\n\t<meta name=\"twitter:data1\" content=\"dmcsrbija.com@gmail.com\" \/>\n\t<meta name=\"twitter:label2\" content=\"Estimated reading time\" \/>\n\t<meta name=\"twitter:data2\" content=\"2 minutes\" \/>\n<script type=\"application\/ld+json\" class=\"yoast-schema-graph\">{\"@context\":\"https:\/\/schema.org\",\"@graph\":[{\"@type\":\"Article\",\"@id\":\"https:\/\/dmcsrb.com\/podgorica\/podgoricki-pazar-pocinje-sjutra-na-trgu-nezavisnosti\/#article\",\"isPartOf\":{\"@id\":\"https:\/\/dmcsrb.com\/podgorica\/podgoricki-pazar-pocinje-sjutra-na-trgu-nezavisnosti\/\"},\"author\":{\"name\":\"dmcsrbija.com@gmail.com\",\"@id\":\"https:\/\/dmcsrb.com\/#\/schema\/person\/5c39170f12db1b8b457732d0b5c854e2\"},\"headline\":\"Podgori\u010dki pazar po\u010dinje sjutra na Trgu nezavisnosti\",\"datePublished\":\"2025-12-18T10:43:37+00:00\",\"mainEntityOfPage\":{\"@id\":\"https:\/\/dmcsrb.com\/podgorica\/podgoricki-pazar-pocinje-sjutra-na-trgu-nezavisnosti\/\"},\"wordCount\":309,\"commentCount\":0,\"image\":{\"@id\":\"https:\/\/dmcsrb.com\/podgorica\/podgoricki-pazar-pocinje-sjutra-na-trgu-nezavisnosti\/#primaryimage\"},\"thumbnailUrl\":\"https:\/\/dmcsrb.com\/wp-content\/uploads\/2026\/01\/Novogodisnji-pazar-foto-rtv-podgorica.jpg\",\"keywords\":[\"podgori\u010dki pazar\",\"Trg nezavisnosti\"],\"articleSection\":[\"Podgorica\"],\"inLanguage\":\"en-GB\",\"potentialAction\":[{\"@type\":\"CommentAction\",\"name\":\"Comment\",\"target\":[\"https:\/\/dmcsrb.com\/podgorica\/podgoricki-pazar-pocinje-sjutra-na-trgu-nezavisnosti\/#respond\"]}]},{\"@type\":\"WebPage\",\"@id\":\"https:\/\/dmcsrb.com\/podgorica\/podgoricki-pazar-pocinje-sjutra-na-trgu-nezavisnosti\/\",\"url\":\"https:\/\/dmcsrb.com\/podgorica\/podgoricki-pazar-pocinje-sjutra-na-trgu-nezavisnosti\/\",\"name\":\"Podgori\u010dki pazar po\u010dinje sjutra na Trgu nezavisnosti - dmcsrb.com\",\"isPartOf\":{\"@id\":\"https:\/\/dmcsrb.com\/#website\"},\"primaryImageOfPage\":{\"@id\":\"https:\/\/dmcsrb.com\/podgorica\/podgoricki-pazar-pocinje-sjutra-na-trgu-nezavisnosti\/#primaryimage\"},\"image\":{\"@id\":\"https:\/\/dmcsrb.com\/podgorica\/podgoricki-pazar-pocinje-sjutra-na-trgu-nezavisnosti\/#primaryimage\"},\"thumbnailUrl\":\"https:\/\/dmcsrb.com\/wp-content\/uploads\/2026\/01\/Novogodisnji-pazar-foto-rtv-podgorica.jpg\",\"datePublished\":\"2025-12-18T10:43:37+00:00\",\"author\":{\"@id\":\"https:\/\/dmcsrb.com\/#\/schema\/person\/5c39170f12db1b8b457732d0b5c854e2\"},\"breadcrumb\":{\"@id\":\"https:\/\/dmcsrb.com\/podgorica\/podgoricki-pazar-pocinje-sjutra-na-trgu-nezavisnosti\/#breadcrumb\"},\"inLanguage\":\"en-GB\",\"potentialAction\":[{\"@type\":\"ReadAction\",\"target\":[\"https:\/\/dmcsrb.com\/podgorica\/podgoricki-pazar-pocinje-sjutra-na-trgu-nezavisnosti\/\"]}]},{\"@type\":\"ImageObject\",\"inLanguage\":\"en-GB\",\"@id\":\"https:\/\/dmcsrb.com\/podgorica\/podgoricki-pazar-pocinje-sjutra-na-trgu-nezavisnosti\/#primaryimage\",\"url\":\"https:\/\/dmcsrb.com\/wp-content\/uploads\/2026\/01\/Novogodisnji-pazar-foto-rtv-podgorica.jpg\",\"contentUrl\":\"https:\/\/dmcsrb.com\/wp-content\/uploads\/2026\/01\/Novogodisnji-pazar-foto-rtv-podgorica.jpg\",\"width\":1529,\"height\":836},{\"@type\":\"BreadcrumbList\",\"@id\":\"https:\/\/dmcsrb.com\/podgorica\/podgoricki-pazar-pocinje-sjutra-na-trgu-nezavisnosti\/#breadcrumb\",\"itemListElement\":[{\"@type\":\"ListItem\",\"position\":1,\"name\":\"Home\",\"item\":\"https:\/\/dmcsrb.com\/\"},{\"@type\":\"ListItem\",\"position\":2,\"name\":\"Podgori\u010dki pazar po\u010dinje sjutra na Trgu nezavisnosti\"}]},{\"@type\":\"WebSite\",\"@id\":\"https:\/\/dmcsrb.com\/#website\",\"url\":\"https:\/\/dmcsrb.com\/\",\"name\":\"dmcsrb.com\",\"description\":\"\",\"potentialAction\":[{\"@type\":\"SearchAction\",\"target\":{\"@type\":\"EntryPoint\",\"urlTemplate\":\"https:\/\/dmcsrb.com\/?s={search_term_string}\"},\"query-input\":{\"@type\":\"PropertyValueSpecification\",\"valueRequired\":true,\"valueName\":\"search_term_string\"}}],\"inLanguage\":\"en-GB\"},{\"@type\":\"Person\",\"@id\":\"https:\/\/dmcsrb.com\/#\/schema\/person\/5c39170f12db1b8b457732d0b5c854e2\",\"name\":\"dmcsrbija.com@gmail.com\",\"image\":{\"@type\":\"ImageObject\",\"inLanguage\":\"en-GB\",\"@id\":\"https:\/\/dmcsrb.com\/#\/schema\/person\/image\/\",\"url\":\"https:\/\/secure.gravatar.com\/avatar\/68592660ad6347fad0fb587f8d5d8f1a7b44961362f56e4f2cd524feb87e9069?s=96&d=mm&r=g\",\"contentUrl\":\"https:\/\/secure.gravatar.com\/avatar\/68592660ad6347fad0fb587f8d5d8f1a7b44961362f56e4f2cd524feb87e9069?s=96&d=mm&r=g\",\"caption\":\"dmcsrbija.com@gmail.com\"},\"sameAs\":[\"https:\/\/dmcsrb.com\"],\"url\":\"https:\/\/dmcsrb.com\/en\/author\/dmcsrbija-comgmail-com\/\"}]}<\/script>\n<!-- \/ Yoast SEO plugin. -->","yoast_head_json":{"title":"Podgori\u010dki pazar po\u010dinje sjutra na Trgu nezavisnosti - dmcsrb.com","robots":{"index":"index","follow":"follow","max-snippet":"max-snippet:-1","max-image-preview":"max-image-preview:large","max-video-preview":"max-video-preview:-1"},"canonical":"https:\/\/dmcsrb.com\/en\/podgorica\/podgoricki-pazar-pocinje-sjutra-na-trgu-nezavisnosti\/","og_locale":"en_GB","og_type":"article","og_title":"Podgori\u010dki pazar po\u010dinje sjutra na Trgu nezavisnosti - dmcsrb.com","og_description":"Aktiviranjem dekorativne rasvjete sjutra, u 19 \u010dasova, po\u010dinje manifestacija Podgori\u010dki pazar, koja i ove godine, kako je saop\u0161teno iz Glavnog grada, donosi bogat, raznovrstan i pa\u017eljivo osmi\u0161ijen program, a koju \u0107e sve\u010dano otvoriti gradona\u010delnik Podgorice\u00a0Sa\u0161a Mujovi\u0107.","og_url":"https:\/\/dmcsrb.com\/en\/podgorica\/podgoricki-pazar-pocinje-sjutra-na-trgu-nezavisnosti\/","og_site_name":"dmcsrb.com","article_published_time":"2025-12-18T10:43:37+00:00","og_image":[{"width":1529,"height":836,"url":"https:\/\/dmcsrb.com\/wp-content\/uploads\/2026\/01\/Novogodisnji-pazar-foto-rtv-podgorica.jpg","type":"image\/jpeg"}],"author":"dmcsrbija.com@gmail.com","twitter_card":"summary_large_image","twitter_misc":{"Written by":"dmcsrbija.com@gmail.com","Estimated reading time":"2 minutes"},"schema":{"@context":"https:\/\/schema.org","@graph":[{"@type":"Article","@id":"https:\/\/dmcsrb.com\/podgorica\/podgoricki-pazar-pocinje-sjutra-na-trgu-nezavisnosti\/#article","isPartOf":{"@id":"https:\/\/dmcsrb.com\/podgorica\/podgoricki-pazar-pocinje-sjutra-na-trgu-nezavisnosti\/"},"author":{"name":"dmcsrbija.com@gmail.com","@id":"https:\/\/dmcsrb.com\/#\/schema\/person\/5c39170f12db1b8b457732d0b5c854e2"},"headline":"Podgori\u010dki pazar po\u010dinje sjutra na Trgu nezavisnosti","datePublished":"2025-12-18T10:43:37+00:00","mainEntityOfPage":{"@id":"https:\/\/dmcsrb.com\/podgorica\/podgoricki-pazar-pocinje-sjutra-na-trgu-nezavisnosti\/"},"wordCount":309,"commentCount":0,"image":{"@id":"https:\/\/dmcsrb.com\/podgorica\/podgoricki-pazar-pocinje-sjutra-na-trgu-nezavisnosti\/#primaryimage"},"thumbnailUrl":"https:\/\/dmcsrb.com\/wp-content\/uploads\/2026\/01\/Novogodisnji-pazar-foto-rtv-podgorica.jpg","keywords":["podgori\u010dki pazar","Trg nezavisnosti"],"articleSection":["Podgorica"],"inLanguage":"en-GB","potentialAction":[{"@type":"CommentAction","name":"Comment","target":["https:\/\/dmcsrb.com\/podgorica\/podgoricki-pazar-pocinje-sjutra-na-trgu-nezavisnosti\/#respond"]}]},{"@type":"WebPage","@id":"https:\/\/dmcsrb.com\/podgorica\/podgoricki-pazar-pocinje-sjutra-na-trgu-nezavisnosti\/","url":"https:\/\/dmcsrb.com\/podgorica\/podgoricki-pazar-pocinje-sjutra-na-trgu-nezavisnosti\/","name":"Podgori\u010dki pazar po\u010dinje sjutra na Trgu nezavisnosti - dmcsrb.com","isPartOf":{"@id":"https:\/\/dmcsrb.com\/#website"},"primaryImageOfPage":{"@id":"https:\/\/dmcsrb.com\/podgorica\/podgoricki-pazar-pocinje-sjutra-na-trgu-nezavisnosti\/#primaryimage"},"image":{"@id":"https:\/\/dmcsrb.com\/podgorica\/podgoricki-pazar-pocinje-sjutra-na-trgu-nezavisnosti\/#primaryimage"},"thumbnailUrl":"https:\/\/dmcsrb.com\/wp-content\/uploads\/2026\/01\/Novogodisnji-pazar-foto-rtv-podgorica.jpg","datePublished":"2025-12-18T10:43:37+00:00","author":{"@id":"https:\/\/dmcsrb.com\/#\/schema\/person\/5c39170f12db1b8b457732d0b5c854e2"},"breadcrumb":{"@id":"https:\/\/dmcsrb.com\/podgorica\/podgoricki-pazar-pocinje-sjutra-na-trgu-nezavisnosti\/#breadcrumb"},"inLanguage":"en-GB","potentialAction":[{"@type":"ReadAction","target":["https:\/\/dmcsrb.com\/podgorica\/podgoricki-pazar-pocinje-sjutra-na-trgu-nezavisnosti\/"]}]},{"@type":"ImageObject","inLanguage":"en-GB","@id":"https:\/\/dmcsrb.com\/podgorica\/podgoricki-pazar-pocinje-sjutra-na-trgu-nezavisnosti\/#primaryimage","url":"https:\/\/dmcsrb.com\/wp-content\/uploads\/2026\/01\/Novogodisnji-pazar-foto-rtv-podgorica.jpg","contentUrl":"https:\/\/dmcsrb.com\/wp-content\/uploads\/2026\/01\/Novogodisnji-pazar-foto-rtv-podgorica.jpg","width":1529,"height":836},{"@type":"BreadcrumbList","@id":"https:\/\/dmcsrb.com\/podgorica\/podgoricki-pazar-pocinje-sjutra-na-trgu-nezavisnosti\/#breadcrumb","itemListElement":[{"@type":"ListItem","position":1,"name":"Home","item":"https:\/\/dmcsrb.com\/"},{"@type":"ListItem","position":2,"name":"Podgori\u010dki pazar po\u010dinje sjutra na Trgu nezavisnosti"}]},{"@type":"WebSite","@id":"https:\/\/dmcsrb.com\/#website","url":"https:\/\/dmcsrb.com\/","name":"dmcsrb.com","description":"","potentialAction":[{"@type":"SearchAction","target":{"@type":"EntryPoint","urlTemplate":"https:\/\/dmcsrb.com\/?s={search_term_string}"},"query-input":{"@type":"PropertyValueSpecification","valueRequired":true,"valueName":"search_term_string"}}],"inLanguage":"en-GB"},{"@type":"Person","@id":"https:\/\/dmcsrb.com\/#\/schema\/person\/5c39170f12db1b8b457732d0b5c854e2","name":"dmcsrbija.com@gmail.com","image":{"@type":"ImageObject","inLanguage":"en-GB","@id":"https:\/\/dmcsrb.com\/#\/schema\/person\/image\/","url":"https:\/\/secure.gravatar.com\/avatar\/68592660ad6347fad0fb587f8d5d8f1a7b44961362f56e4f2cd524feb87e9069?s=96&d=mm&r=g","contentUrl":"https:\/\/secure.gravatar.com\/avatar\/68592660ad6347fad0fb587f8d5d8f1a7b44961362f56e4f2cd524feb87e9069?s=96&d=mm&r=g","caption":"dmcsrbija.com@gmail.com"},"sameAs":["https:\/\/dmcsrb.com"],"url":"https:\/\/dmcsrb.com\/en\/author\/dmcsrbija-comgmail-com\/"}]}},"_links":{"self":[{"href":"https:\/\/dmcsrb.com\/en\/wp-json\/wp\/v2\/posts\/914221","targetHints":{"allow":["GET"]}}],"collection":[{"href":"https:\/\/dmcsrb.com\/en\/wp-json\/wp\/v2\/posts"}],"about":[{"href":"https:\/\/dmcsrb.com\/en\/wp-json\/wp\/v2\/types\/post"}],"author":[{"embeddable":true,"href":"https:\/\/dmcsrb.com\/en\/wp-json\/wp\/v2\/users\/1"}],"replies":[{"embeddable":true,"href":"https:\/\/dmcsrb.com\/en\/wp-json\/wp\/v2\/comments?post=914221"}],"version-history":[{"count":0,"href":"https:\/\/dmcsrb.com\/en\/wp-json\/wp\/v2\/posts\/914221\/revisions"}],"wp:featuredmedia":[{"embeddable":true,"href":"https:\/\/dmcsrb.com\/en\/wp-json\/wp\/v2\/media\/914222"}],"wp:attachment":[{"href":"https:\/\/dmcsrb.com\/en\/wp-json\/wp\/v2\/media?parent=914221"}],"wp:term":[{"taxonomy":"category","embeddable":true,"href":"https:\/\/dmcsrb.com\/en\/wp-json\/wp\/v2\/categories?post=914221"},{"taxonomy":"post_tag","embeddable":true,"href":"https:\/\/dmcsrb.com\/en\/wp-json\/wp\/v2\/tags?post=914221"},{"taxonomy":"naslovna","embeddable":true,"href":"https:\/\/dmcsrb.com\/en\/wp-json\/wp\/v2\/naslovna?post=914221"}],"curies":[{"name":"wp","href":"https:\/\/api.w.org\/{rel}","templated":true}]}}