{"id":914207,"date":"2025-12-18T10:48:54","date_gmt":"2025-12-18T09:48:54","guid":{"rendered":"https:\/\/dmcsrb.com\/uncategorized\/hristodulidis-kipar-ce-dati-vjetar-u-ledja-evropskom-putu-crne-gore\/"},"modified":"2025-12-18T10:48:54","modified_gmt":"2025-12-18T09:48:54","slug":"hristodulidis-kipar-ce-dati-vjetar-u-ledja-evropskom-putu-crne-gore","status":"publish","type":"post","link":"https:\/\/dmcsrb.com\/en\/politika\/hristodulidis-kipar-ce-dati-vjetar-u-ledja-evropskom-putu-crne-gore\/","title":{"rendered":"Hristodulidis: Kipar \u0107e dati vjetar u le\u0111a evropskom putu Crne Gore"},"content":{"rendered":"<p><\/p>\n\n\n\n<p>&#8220;Ovaj sastanak je bio od izuzetne va\u017enosti imaju\u0107i u vidu da Kipar preuzima od Danske predsjedavanje Evropskim savjetom 1. januara&#8221;, saop\u0161tili su iz kabineta predsjednika.<\/p>\n\n\n\n<p>Tokom razgovora, predsjednik Milatovi\u0107 je zatra\u017eio od predsjednika Kipra sna\u017enu podr\u0161ku EU putu Crne Gore.<\/p>\n\n\n\n<p>Hristodulidis je istakao da u predsjedniku Milatovi\u0107u vidi pouzdanog partnera i prijatelja, te da Crna Gora mo\u017ee ra\u010dunati na kontinuiranu podr\u0161ku Kipra. <\/p>\n\n\n\n<p>&#8220;Crna Gora \u0107e imati sna\u017ean politi\u010dki vjetar u le\u0111a na svom evropskom putu za vrijeme kiparskog predsjedavanja Savjetom&#8221;, poru\u010dio je predsjednik Kipra.<\/p>\n\n\n\n<p>Predsjednik Milatovi\u0107 je od kiparskog predsjednika zatra\u017eio da u prvoj polovini naredne godine Crna Gora zatvori \u0161to vi\u0161e poglavlja kroz organizaciju vi\u0161e me\u0111uvladinih konferencija za vrijeme njihovog predsjedavanja Savjetom. Istovremeno, Predsjednik Milatovi\u0107 je zatra\u017eio od kiparskog predsjednika formiranje radne grupe za izradu nacrta Ugovora o pristupanju.<\/p>\n\n\n\n<p>&#8220;Predsjednik Milatovi\u0107 \u0107e u okviru svojih intenzivnih diplomatskih aktivnosti nastaviti da otvara vrata i ja\u010da politi\u010dku podr\u0161ku Crnoj Gori u EU, kako bi se obezbijedio br\u017ei pregovara\u010dki tempo i \u0161to prije postigli konkretni, mjerljivi rezultati na evropskom putu Crne Gore&#8221;, zaklju\u010dili su u saop\u0161tenju.<\/p>","protected":false},"excerpt":{"rendered":"<p>Predsjednik Crne Gore Jakov Milatovi\u0107 sastao se u Briselu sa predsjednikom Kipra Nikosom Hristodulidisom, na marginama Samita EU\u2013Zapadni Balkan<\/p>","protected":false},"author":1,"featured_media":914208,"comment_status":"open","ping_status":"open","sticky":false,"template":"","format":"standard","meta":{"_acf_changed":false,"footnotes":""},"categories":[12],"tags":[95,10,90,3595],"naslovna":[],"class_list":["post-914207","post","type-post","status-publish","format-standard","has-post-thumbnail","hentry","category-politika","tag-crna-gora","tag-eu","tag-jakov-milatovic","tag-kipar"],"acf":[],"yoast_head":"<!-- This site is optimized with the Yoast SEO plugin v27.4 - https:\/\/yoast.com\/product\/yoast-seo-wordpress\/ -->\n<title>Hristodulidis: Kipar \u0107e dati vjetar u le\u0111a evropskom putu Crne Gore - dmcsrb.com<\/title>\n<meta name=\"robots\" content=\"index, follow, max-snippet:-1, max-image-preview:large, max-video-preview:-1\" \/>\n<link rel=\"canonical\" href=\"https:\/\/dmcsrb.com\/en\/politika\/hristodulidis-kipar-ce-dati-vjetar-u-ledja-evropskom-putu-crne-gore\/\" \/>\n<meta property=\"og:locale\" content=\"en_GB\" \/>\n<meta property=\"og:type\" content=\"article\" \/>\n<meta property=\"og:title\" content=\"Hristodulidis: Kipar \u0107e dati vjetar u le\u0111a evropskom putu Crne Gore - dmcsrb.com\" \/>\n<meta property=\"og:description\" content=\"Predsjednik Crne Gore Jakov Milatovi\u0107 sastao se u Briselu sa predsjednikom Kipra Nikosom Hristodulidisom, na marginama Samita EU\u2013Zapadni Balkan\" \/>\n<meta property=\"og:url\" content=\"https:\/\/dmcsrb.com\/en\/politika\/hristodulidis-kipar-ce-dati-vjetar-u-ledja-evropskom-putu-crne-gore\/\" \/>\n<meta property=\"og:site_name\" content=\"dmcsrb.com\" \/>\n<meta property=\"article:published_time\" content=\"2025-12-18T09:48:54+00:00\" \/>\n<meta property=\"og:image\" content=\"https:\/\/dmcsrb.com\/wp-content\/uploads\/2026\/01\/2-2.jpg\" \/>\n\t<meta property=\"og:image:width\" content=\"1600\" \/>\n\t<meta property=\"og:image:height\" content=\"900\" \/>\n\t<meta property=\"og:image:type\" content=\"image\/jpeg\" \/>\n<meta name=\"author\" content=\"dmcsrbija.com@gmail.com\" \/>\n<meta name=\"twitter:card\" content=\"summary_large_image\" \/>\n<meta name=\"twitter:label1\" content=\"Written by\" \/>\n\t<meta name=\"twitter:data1\" content=\"dmcsrbija.com@gmail.com\" \/>\n\t<meta name=\"twitter:label2\" content=\"Estimated reading time\" \/>\n\t<meta name=\"twitter:data2\" content=\"1 minute\" \/>\n<script type=\"application\/ld+json\" class=\"yoast-schema-graph\">{\"@context\":\"https:\\\/\\\/schema.org\",\"@graph\":[{\"@type\":\"Article\",\"@id\":\"https:\\\/\\\/dmcsrb.com\\\/politika\\\/hristodulidis-kipar-ce-dati-vjetar-u-ledja-evropskom-putu-crne-gore\\\/#article\",\"isPartOf\":{\"@id\":\"https:\\\/\\\/dmcsrb.com\\\/politika\\\/hristodulidis-kipar-ce-dati-vjetar-u-ledja-evropskom-putu-crne-gore\\\/\"},\"author\":{\"name\":\"dmcsrbija.com@gmail.com\",\"@id\":\"https:\\\/\\\/dmcsrb.com\\\/#\\\/schema\\\/person\\\/5c39170f12db1b8b457732d0b5c854e2\"},\"headline\":\"Hristodulidis: Kipar \u0107e dati vjetar u le\u0111a evropskom putu Crne Gore\",\"datePublished\":\"2025-12-18T09:48:54+00:00\",\"mainEntityOfPage\":{\"@id\":\"https:\\\/\\\/dmcsrb.com\\\/politika\\\/hristodulidis-kipar-ce-dati-vjetar-u-ledja-evropskom-putu-crne-gore\\\/\"},\"wordCount\":211,\"commentCount\":0,\"image\":{\"@id\":\"https:\\\/\\\/dmcsrb.com\\\/politika\\\/hristodulidis-kipar-ce-dati-vjetar-u-ledja-evropskom-putu-crne-gore\\\/#primaryimage\"},\"thumbnailUrl\":\"https:\\\/\\\/dmcsrb.com\\\/wp-content\\\/uploads\\\/2026\\\/01\\\/2-2.jpg\",\"keywords\":[\"Crna Gora\",\"EU\",\"Jakov Milatovi\u0107\",\"Kipar\"],\"articleSection\":[\"Politika\"],\"inLanguage\":\"en-GB\",\"potentialAction\":[{\"@type\":\"CommentAction\",\"name\":\"Comment\",\"target\":[\"https:\\\/\\\/dmcsrb.com\\\/politika\\\/hristodulidis-kipar-ce-dati-vjetar-u-ledja-evropskom-putu-crne-gore\\\/#respond\"]}]},{\"@type\":\"WebPage\",\"@id\":\"https:\\\/\\\/dmcsrb.com\\\/politika\\\/hristodulidis-kipar-ce-dati-vjetar-u-ledja-evropskom-putu-crne-gore\\\/\",\"url\":\"https:\\\/\\\/dmcsrb.com\\\/politika\\\/hristodulidis-kipar-ce-dati-vjetar-u-ledja-evropskom-putu-crne-gore\\\/\",\"name\":\"Hristodulidis: Kipar \u0107e dati vjetar u le\u0111a evropskom putu Crne Gore - dmcsrb.com\",\"isPartOf\":{\"@id\":\"https:\\\/\\\/dmcsrb.com\\\/#website\"},\"primaryImageOfPage\":{\"@id\":\"https:\\\/\\\/dmcsrb.com\\\/politika\\\/hristodulidis-kipar-ce-dati-vjetar-u-ledja-evropskom-putu-crne-gore\\\/#primaryimage\"},\"image\":{\"@id\":\"https:\\\/\\\/dmcsrb.com\\\/politika\\\/hristodulidis-kipar-ce-dati-vjetar-u-ledja-evropskom-putu-crne-gore\\\/#primaryimage\"},\"thumbnailUrl\":\"https:\\\/\\\/dmcsrb.com\\\/wp-content\\\/uploads\\\/2026\\\/01\\\/2-2.jpg\",\"datePublished\":\"2025-12-18T09:48:54+00:00\",\"author\":{\"@id\":\"https:\\\/\\\/dmcsrb.com\\\/#\\\/schema\\\/person\\\/5c39170f12db1b8b457732d0b5c854e2\"},\"breadcrumb\":{\"@id\":\"https:\\\/\\\/dmcsrb.com\\\/politika\\\/hristodulidis-kipar-ce-dati-vjetar-u-ledja-evropskom-putu-crne-gore\\\/#breadcrumb\"},\"inLanguage\":\"en-GB\",\"potentialAction\":[{\"@type\":\"ReadAction\",\"target\":[\"https:\\\/\\\/dmcsrb.com\\\/politika\\\/hristodulidis-kipar-ce-dati-vjetar-u-ledja-evropskom-putu-crne-gore\\\/\"]}]},{\"@type\":\"ImageObject\",\"inLanguage\":\"en-GB\",\"@id\":\"https:\\\/\\\/dmcsrb.com\\\/politika\\\/hristodulidis-kipar-ce-dati-vjetar-u-ledja-evropskom-putu-crne-gore\\\/#primaryimage\",\"url\":\"https:\\\/\\\/dmcsrb.com\\\/wp-content\\\/uploads\\\/2026\\\/01\\\/2-2.jpg\",\"contentUrl\":\"https:\\\/\\\/dmcsrb.com\\\/wp-content\\\/uploads\\\/2026\\\/01\\\/2-2.jpg\",\"width\":1600,\"height\":900},{\"@type\":\"BreadcrumbList\",\"@id\":\"https:\\\/\\\/dmcsrb.com\\\/politika\\\/hristodulidis-kipar-ce-dati-vjetar-u-ledja-evropskom-putu-crne-gore\\\/#breadcrumb\",\"itemListElement\":[{\"@type\":\"ListItem\",\"position\":1,\"name\":\"Home\",\"item\":\"https:\\\/\\\/dmcsrb.com\\\/\"},{\"@type\":\"ListItem\",\"position\":2,\"name\":\"Hristodulidis: Kipar \u0107e dati vjetar u le\u0111a evropskom putu Crne Gore\"}]},{\"@type\":\"WebSite\",\"@id\":\"https:\\\/\\\/dmcsrb.com\\\/#website\",\"url\":\"https:\\\/\\\/dmcsrb.com\\\/\",\"name\":\"dmcsrb.com\",\"description\":\"\",\"potentialAction\":[{\"@type\":\"SearchAction\",\"target\":{\"@type\":\"EntryPoint\",\"urlTemplate\":\"https:\\\/\\\/dmcsrb.com\\\/?s={search_term_string}\"},\"query-input\":{\"@type\":\"PropertyValueSpecification\",\"valueRequired\":true,\"valueName\":\"search_term_string\"}}],\"inLanguage\":\"en-GB\"},{\"@type\":\"Person\",\"@id\":\"https:\\\/\\\/dmcsrb.com\\\/#\\\/schema\\\/person\\\/5c39170f12db1b8b457732d0b5c854e2\",\"name\":\"dmcsrbija.com@gmail.com\",\"image\":{\"@type\":\"ImageObject\",\"inLanguage\":\"en-GB\",\"@id\":\"https:\\\/\\\/secure.gravatar.com\\\/avatar\\\/68592660ad6347fad0fb587f8d5d8f1a7b44961362f56e4f2cd524feb87e9069?s=96&d=mm&r=g\",\"url\":\"https:\\\/\\\/secure.gravatar.com\\\/avatar\\\/68592660ad6347fad0fb587f8d5d8f1a7b44961362f56e4f2cd524feb87e9069?s=96&d=mm&r=g\",\"contentUrl\":\"https:\\\/\\\/secure.gravatar.com\\\/avatar\\\/68592660ad6347fad0fb587f8d5d8f1a7b44961362f56e4f2cd524feb87e9069?s=96&d=mm&r=g\",\"caption\":\"dmcsrbija.com@gmail.com\"},\"sameAs\":[\"https:\\\/\\\/dmcsrb.com\"],\"url\":\"https:\\\/\\\/dmcsrb.com\\\/en\\\/author\\\/dmcsrbija-comgmail-com\\\/\"}]}<\/script>\n<!-- \/ Yoast SEO plugin. -->","yoast_head_json":{"title":"Hristodulidis: Kipar \u0107e dati vjetar u le\u0111a evropskom putu Crne Gore - dmcsrb.com","robots":{"index":"index","follow":"follow","max-snippet":"max-snippet:-1","max-image-preview":"max-image-preview:large","max-video-preview":"max-video-preview:-1"},"canonical":"https:\/\/dmcsrb.com\/en\/politika\/hristodulidis-kipar-ce-dati-vjetar-u-ledja-evropskom-putu-crne-gore\/","og_locale":"en_GB","og_type":"article","og_title":"Hristodulidis: Kipar \u0107e dati vjetar u le\u0111a evropskom putu Crne Gore - dmcsrb.com","og_description":"Predsjednik Crne Gore Jakov Milatovi\u0107 sastao se u Briselu sa predsjednikom Kipra Nikosom Hristodulidisom, na marginama Samita EU\u2013Zapadni Balkan","og_url":"https:\/\/dmcsrb.com\/en\/politika\/hristodulidis-kipar-ce-dati-vjetar-u-ledja-evropskom-putu-crne-gore\/","og_site_name":"dmcsrb.com","article_published_time":"2025-12-18T09:48:54+00:00","og_image":[{"width":1600,"height":900,"url":"https:\/\/dmcsrb.com\/wp-content\/uploads\/2026\/01\/2-2.jpg","type":"image\/jpeg"}],"author":"dmcsrbija.com@gmail.com","twitter_card":"summary_large_image","twitter_misc":{"Written by":"dmcsrbija.com@gmail.com","Estimated reading time":"1 minute"},"schema":{"@context":"https:\/\/schema.org","@graph":[{"@type":"Article","@id":"https:\/\/dmcsrb.com\/politika\/hristodulidis-kipar-ce-dati-vjetar-u-ledja-evropskom-putu-crne-gore\/#article","isPartOf":{"@id":"https:\/\/dmcsrb.com\/politika\/hristodulidis-kipar-ce-dati-vjetar-u-ledja-evropskom-putu-crne-gore\/"},"author":{"name":"dmcsrbija.com@gmail.com","@id":"https:\/\/dmcsrb.com\/#\/schema\/person\/5c39170f12db1b8b457732d0b5c854e2"},"headline":"Hristodulidis: Kipar \u0107e dati vjetar u le\u0111a evropskom putu Crne Gore","datePublished":"2025-12-18T09:48:54+00:00","mainEntityOfPage":{"@id":"https:\/\/dmcsrb.com\/politika\/hristodulidis-kipar-ce-dati-vjetar-u-ledja-evropskom-putu-crne-gore\/"},"wordCount":211,"commentCount":0,"image":{"@id":"https:\/\/dmcsrb.com\/politika\/hristodulidis-kipar-ce-dati-vjetar-u-ledja-evropskom-putu-crne-gore\/#primaryimage"},"thumbnailUrl":"https:\/\/dmcsrb.com\/wp-content\/uploads\/2026\/01\/2-2.jpg","keywords":["Crna Gora","EU","Jakov Milatovi\u0107","Kipar"],"articleSection":["Politika"],"inLanguage":"en-GB","potentialAction":[{"@type":"CommentAction","name":"Comment","target":["https:\/\/dmcsrb.com\/politika\/hristodulidis-kipar-ce-dati-vjetar-u-ledja-evropskom-putu-crne-gore\/#respond"]}]},{"@type":"WebPage","@id":"https:\/\/dmcsrb.com\/politika\/hristodulidis-kipar-ce-dati-vjetar-u-ledja-evropskom-putu-crne-gore\/","url":"https:\/\/dmcsrb.com\/politika\/hristodulidis-kipar-ce-dati-vjetar-u-ledja-evropskom-putu-crne-gore\/","name":"Hristodulidis: Kipar \u0107e dati vjetar u le\u0111a evropskom putu Crne Gore - dmcsrb.com","isPartOf":{"@id":"https:\/\/dmcsrb.com\/#website"},"primaryImageOfPage":{"@id":"https:\/\/dmcsrb.com\/politika\/hristodulidis-kipar-ce-dati-vjetar-u-ledja-evropskom-putu-crne-gore\/#primaryimage"},"image":{"@id":"https:\/\/dmcsrb.com\/politika\/hristodulidis-kipar-ce-dati-vjetar-u-ledja-evropskom-putu-crne-gore\/#primaryimage"},"thumbnailUrl":"https:\/\/dmcsrb.com\/wp-content\/uploads\/2026\/01\/2-2.jpg","datePublished":"2025-12-18T09:48:54+00:00","author":{"@id":"https:\/\/dmcsrb.com\/#\/schema\/person\/5c39170f12db1b8b457732d0b5c854e2"},"breadcrumb":{"@id":"https:\/\/dmcsrb.com\/politika\/hristodulidis-kipar-ce-dati-vjetar-u-ledja-evropskom-putu-crne-gore\/#breadcrumb"},"inLanguage":"en-GB","potentialAction":[{"@type":"ReadAction","target":["https:\/\/dmcsrb.com\/politika\/hristodulidis-kipar-ce-dati-vjetar-u-ledja-evropskom-putu-crne-gore\/"]}]},{"@type":"ImageObject","inLanguage":"en-GB","@id":"https:\/\/dmcsrb.com\/politika\/hristodulidis-kipar-ce-dati-vjetar-u-ledja-evropskom-putu-crne-gore\/#primaryimage","url":"https:\/\/dmcsrb.com\/wp-content\/uploads\/2026\/01\/2-2.jpg","contentUrl":"https:\/\/dmcsrb.com\/wp-content\/uploads\/2026\/01\/2-2.jpg","width":1600,"height":900},{"@type":"BreadcrumbList","@id":"https:\/\/dmcsrb.com\/politika\/hristodulidis-kipar-ce-dati-vjetar-u-ledja-evropskom-putu-crne-gore\/#breadcrumb","itemListElement":[{"@type":"ListItem","position":1,"name":"Home","item":"https:\/\/dmcsrb.com\/"},{"@type":"ListItem","position":2,"name":"Hristodulidis: Kipar \u0107e dati vjetar u le\u0111a evropskom putu Crne Gore"}]},{"@type":"WebSite","@id":"https:\/\/dmcsrb.com\/#website","url":"https:\/\/dmcsrb.com\/","name":"dmcsrb.com","description":"","potentialAction":[{"@type":"SearchAction","target":{"@type":"EntryPoint","urlTemplate":"https:\/\/dmcsrb.com\/?s={search_term_string}"},"query-input":{"@type":"PropertyValueSpecification","valueRequired":true,"valueName":"search_term_string"}}],"inLanguage":"en-GB"},{"@type":"Person","@id":"https:\/\/dmcsrb.com\/#\/schema\/person\/5c39170f12db1b8b457732d0b5c854e2","name":"dmcsrbija.com@gmail.com","image":{"@type":"ImageObject","inLanguage":"en-GB","@id":"https:\/\/secure.gravatar.com\/avatar\/68592660ad6347fad0fb587f8d5d8f1a7b44961362f56e4f2cd524feb87e9069?s=96&d=mm&r=g","url":"https:\/\/secure.gravatar.com\/avatar\/68592660ad6347fad0fb587f8d5d8f1a7b44961362f56e4f2cd524feb87e9069?s=96&d=mm&r=g","contentUrl":"https:\/\/secure.gravatar.com\/avatar\/68592660ad6347fad0fb587f8d5d8f1a7b44961362f56e4f2cd524feb87e9069?s=96&d=mm&r=g","caption":"dmcsrbija.com@gmail.com"},"sameAs":["https:\/\/dmcsrb.com"],"url":"https:\/\/dmcsrb.com\/en\/author\/dmcsrbija-comgmail-com\/"}]}},"_links":{"self":[{"href":"https:\/\/dmcsrb.com\/en\/wp-json\/wp\/v2\/posts\/914207","targetHints":{"allow":["GET"]}}],"collection":[{"href":"https:\/\/dmcsrb.com\/en\/wp-json\/wp\/v2\/posts"}],"about":[{"href":"https:\/\/dmcsrb.com\/en\/wp-json\/wp\/v2\/types\/post"}],"author":[{"embeddable":true,"href":"https:\/\/dmcsrb.com\/en\/wp-json\/wp\/v2\/users\/1"}],"replies":[{"embeddable":true,"href":"https:\/\/dmcsrb.com\/en\/wp-json\/wp\/v2\/comments?post=914207"}],"version-history":[{"count":0,"href":"https:\/\/dmcsrb.com\/en\/wp-json\/wp\/v2\/posts\/914207\/revisions"}],"wp:featuredmedia":[{"embeddable":true,"href":"https:\/\/dmcsrb.com\/en\/wp-json\/wp\/v2\/media\/914208"}],"wp:attachment":[{"href":"https:\/\/dmcsrb.com\/en\/wp-json\/wp\/v2\/media?parent=914207"}],"wp:term":[{"taxonomy":"category","embeddable":true,"href":"https:\/\/dmcsrb.com\/en\/wp-json\/wp\/v2\/categories?post=914207"},{"taxonomy":"post_tag","embeddable":true,"href":"https:\/\/dmcsrb.com\/en\/wp-json\/wp\/v2\/tags?post=914207"},{"taxonomy":"naslovna","embeddable":true,"href":"https:\/\/dmcsrb.com\/en\/wp-json\/wp\/v2\/naslovna?post=914207"}],"curies":[{"name":"wp","href":"https:\/\/api.w.org\/{rel}","templated":true}]}}