{"id":914169,"date":"2025-12-18T09:45:00","date_gmt":"2025-12-18T08:45:00","guid":{"rendered":"https:\/\/dmcsrb.com\/uncategorized\/o-crnogorskoj-arhitekturi-u-poslijeratnom-periodu\/"},"modified":"2025-12-18T09:45:00","modified_gmt":"2025-12-18T08:45:00","slug":"o-crnogorskoj-arhitekturi-u-poslijeratnom-periodu","status":"publish","type":"post","link":"https:\/\/dmcsrb.com\/en\/kultura\/o-crnogorskoj-arhitekturi-u-poslijeratnom-periodu\/","title":{"rendered":"O crnogorskoj arhitekturi u poslijeratnom periodu"},"content":{"rendered":"<p><\/p>\n\n\n\n<p><\/p>\n\n\n\n<p>Kako navode, predstavljaju\u0107i istra\u017eivanje \u201ePra\u0107enje odraza korbizijanskog principa u arhitektonskoj praksi socijalisti\u010dke Crne Gore\u201c na konferenciji \u201eLe Korbizje u Jugoslaviji i na Balkanu\u201c koja je odr\u017eana u Sarajevu u septembru 2023. godine, me\u0111unarodni i regionalni u\u010desnici konferencije imali su priliku da se sveobuhvatnije upoznaju s graditeljskim naslje\u0111em Crne Gore iz perioda od 1945. do 1970. godine.<\/p>\n\n\n\n<p>Ovako formulisana tema usmjerena je na razumijevanje i tuma\u010denje arhitektonskih realizacija kroz prizmu posrednog uticaja francuskog arhitekte \u0160arl-Eduara \u017danrea, poznatijeg pod pseudonimom Le Korbizje, \u010dija je modernisti\u010dka filozofija zna\u010dajno oblikovala graditeljsku praksu kako u svijetu tako i u biv\u0161oj Jugoslaviji, navodi se u predgovoru ove knjige.&nbsp;<\/p>\n\n\n\n<p>\u2013 S obzirom na to da su rezultati istra\u017eivanja prezentovani na konferenciji doprinijeli novim saznanjima, prepoznala se potreba da se oni sintetizuju kroz formu monografije u cilju mapiranja crnogorskog arhitektonskog naslje\u0111a kao dijela mozaika regionalne i internacionalne arhitektonske istra\u017eiva\u010dke scene. Time se \u017eeli inicirati i proces \u0161ire dru\u0161tvene prepoznatljivosti ovog fenomena, posebno u kontekstu njegove kulturne i turisti\u010dke promocije \u2013 navode autori. &nbsp;<\/p>\n\n\n\n<p>San o dobrom \u017eivotu i stav da arhitektura zaista mo\u017ee da napravi revoluciju donose\u0107i dobrobit \u010dovje\u010danstvu je temeljno upori\u0161te Le Korbizjeovog vi\u0161eslojnog pristupa, kao i osovina sile njegovog sna\u017enog uticaja na arhitektonsko urbanisti\u010dku teoriju i praksu XX vijeka, pa u tom kontekstu i na jugoslovenske i crnogorske arhitekte i urbaniste tog vremena, isti\u010du autori.&nbsp;<\/p>\n\n\n\n<p>\u2013 Iako je Korbizjeova pionirska modernisti\u010dka figura bila dominantna, nesporni su i uticaji drugih modernisti\u010dkih autoriteta (Misa, Rajta, Gropijusa, itd) zbog \u010dega nije jednostavno, ponekad ni mogu\u0107e a ni ispravno. posmatrati isklju\u010divo segmentirane pojedina\u010dne uticaje \u2013 navode autori i dodaju da je ipak &nbsp;istra\u017eivanje crnogorske arhitekture preto\u010deno u ovu knjigu pokazalo da jedno ovako fokusirano sagledavanje arhitekture druge polovine XX vijeka mo\u017ee dati nove interesantne, a u nekim slu\u010dajevima i vrlo neo\u010dekivane rezultate, kreiraju\u0107i svje\u017ee poveznice i relacije izme\u0111u pojedinih arhitektonskih djela i njihovih autora.&nbsp;<\/p>\n\n\n\n<p>\u2013 Kroz sedam tipolo\u0161kih grupa, sa usmerenjem na i\u0161\u010ditavanje \u201eklasi\u010dnih principa korbizijanskog modernizma\u201c detaljnije je obra\u0111eno i pomenuto vi\u0161e od 40 arhitektonskih djela i ne\u0161to vi\u0161e od 30 jugoslovenskih i crnogorskih arhitekata inicijalno prikazanih na sarajevskoj konferenciji. Me\u0111utim, ovaj broj djela i autora nije kona\u010dan, ve\u0107 se mo\u017ee dopunjavati, posebno u domenu kolektivnog stanovanja kao najbrojnijeg segmenta arhitektonske produkcije.&nbsp;<\/p>\n\n\n\n<p>Knjiga \u201eCrnogorska arhitektura 1945\u20131970 \u2013 Refrakcije korbizijanskog principa\u201c &nbsp;objavljena je u sklopu biblioteke Posebna izdanja. Urednik je Ivan Ivanovi\u0107, a u ime izdava\u010da knjigu potpisuje Ivan Jovovi\u0107.<\/p>\n\n\n\n<p>Slavica Stamatovi\u0107-Vu\u010dkovi\u0107 je redovna profesorica na Arhitektonskom fakultetu Univerziteta Crne Gore na kome je zapo\u0161ljena od 2004. godine. Magistrirala je na Univerzitetu \u201eLa Sapienza\u201c u Rimu i doktorirala na Arhitektonskom fakultetu u Beogradu. Dobitnica je brojnih inostranih stipendija. Izlagala je na doma\u0107im i internacionalnim izlo\u017ebama. Autorka je monografije \u201eArhitektonska komunikacija: Objekti kulture u Crnoj Gori 1945\u20132000\u201c i knjige \u201eSpomenici Drugog svjetskog rata u Crnoj Gori\u201c kao i brojnih poglavlja i nau\u010dnoistra\u017eiva\u010dkih radova koji su objavljeni u doma\u0107im i inostranim \u010dasopisima i publikacijama. U\u010destvovala je na XI Bijenalu arhitekture u Veneciji 2008. godine. &nbsp;Dobitnica je Trinaestojulske nagrade 2009. godine.&nbsp;<\/p>\n\n\n\n<p>Danilo Bulatovi\u0107 je doktorand na Politehni\u010dkom fakultetu Univerziteta u Torinu na programu Arhitektura, Istorija i Projekat. Osnovne i specijalisti\u010dke studije zavr\u0161io je na Arhitektonskom fakultetu u Podgorici. Kao stipendista italijanske i britanske Vlade zavr\u0161io je master studije na Politehni\u010dkom univerzitetu u Milanu 2021. i Univerzitetu Vestminster u Londonu 2022. godine. Dobitnik je postdplomske stipendije Davis centra na Harvardu (2024\/25) u sklopu doktorskog istra\u017eivanja na temu internacionalne razmjene znanja na polju planiranja i arhitekture pod pokroviteljstvom razvojnih programa Ujedinjenih nacija tokom druge polovine XX vijeka.&nbsp;<\/p>","protected":false},"excerpt":{"rendered":"<p>Knjiga \u201eCrnogorska arhitektura 1945\u20131970 \u2013 Refrakcije korbizijanskog principa\u201c novo je izdanje Matice crnogorske. Autori su Slavica Stamatovi\u0107-Vu\u010dkovi\u0107 i Danilo Bulatovi\u0107, saop\u0161teno je iz Matice crnogorske.<\/p>","protected":false},"author":1,"featured_media":914170,"comment_status":"open","ping_status":"open","sticky":false,"template":"","format":"standard","meta":{"_acf_changed":false,"footnotes":""},"categories":[50],"tags":[117,1226],"naslovna":[],"class_list":["post-914169","post","type-post","status-publish","format-standard","has-post-thumbnail","hentry","category-kultura","tag-kultura","tag-matica-crnogorska"],"acf":[],"yoast_head":"<!-- This site is optimized with the Yoast SEO plugin v27.0 - https:\/\/yoast.com\/product\/yoast-seo-wordpress\/ -->\n<title>O crnogorskoj arhitekturi u poslijeratnom periodu - dmcsrb.com<\/title>\n<meta name=\"robots\" content=\"index, follow, max-snippet:-1, max-image-preview:large, max-video-preview:-1\" \/>\n<link rel=\"canonical\" href=\"https:\/\/dmcsrb.com\/en\/kultura\/o-crnogorskoj-arhitekturi-u-poslijeratnom-periodu\/\" \/>\n<meta property=\"og:locale\" content=\"en_GB\" \/>\n<meta property=\"og:type\" content=\"article\" \/>\n<meta property=\"og:title\" content=\"O crnogorskoj arhitekturi u poslijeratnom periodu - dmcsrb.com\" \/>\n<meta property=\"og:description\" content=\"Knjiga \u201eCrnogorska arhitektura 1945\u20131970 \u2013 Refrakcije korbizijanskog principa\u201c novo je izdanje Matice crnogorske. Autori su Slavica Stamatovi\u0107-Vu\u010dkovi\u0107 i Danilo Bulatovi\u0107, saop\u0161teno je iz Matice crnogorske.\" \/>\n<meta property=\"og:url\" content=\"https:\/\/dmcsrb.com\/en\/kultura\/o-crnogorskoj-arhitekturi-u-poslijeratnom-periodu\/\" \/>\n<meta property=\"og:site_name\" content=\"dmcsrb.com\" \/>\n<meta property=\"article:published_time\" content=\"2025-12-18T08:45:00+00:00\" \/>\n<meta property=\"og:image\" content=\"https:\/\/dmcsrb.com\/wp-content\/uploads\/2026\/01\/thumbnail_Crnogorska-arhitektura.jpg\" \/>\n\t<meta property=\"og:image:width\" content=\"1920\" \/>\n\t<meta property=\"og:image:height\" content=\"2464\" \/>\n\t<meta property=\"og:image:type\" content=\"image\/jpeg\" \/>\n<meta name=\"author\" content=\"dmcsrbija.com@gmail.com\" \/>\n<meta name=\"twitter:card\" content=\"summary_large_image\" \/>\n<meta name=\"twitter:label1\" content=\"Written by\" \/>\n\t<meta name=\"twitter:data1\" content=\"dmcsrbija.com@gmail.com\" \/>\n\t<meta name=\"twitter:label2\" content=\"Estimated reading time\" \/>\n\t<meta name=\"twitter:data2\" content=\"3 minutes\" \/>\n<script type=\"application\/ld+json\" class=\"yoast-schema-graph\">{\"@context\":\"https:\/\/schema.org\",\"@graph\":[{\"@type\":\"Article\",\"@id\":\"https:\/\/dmcsrb.com\/kultura\/o-crnogorskoj-arhitekturi-u-poslijeratnom-periodu\/#article\",\"isPartOf\":{\"@id\":\"https:\/\/dmcsrb.com\/kultura\/o-crnogorskoj-arhitekturi-u-poslijeratnom-periodu\/\"},\"author\":{\"name\":\"dmcsrbija.com@gmail.com\",\"@id\":\"https:\/\/dmcsrb.com\/#\/schema\/person\/5c39170f12db1b8b457732d0b5c854e2\"},\"headline\":\"O crnogorskoj arhitekturi u poslijeratnom periodu\",\"datePublished\":\"2025-12-18T08:45:00+00:00\",\"mainEntityOfPage\":{\"@id\":\"https:\/\/dmcsrb.com\/kultura\/o-crnogorskoj-arhitekturi-u-poslijeratnom-periodu\/\"},\"wordCount\":634,\"commentCount\":0,\"image\":{\"@id\":\"https:\/\/dmcsrb.com\/kultura\/o-crnogorskoj-arhitekturi-u-poslijeratnom-periodu\/#primaryimage\"},\"thumbnailUrl\":\"https:\/\/dmcsrb.com\/wp-content\/uploads\/2026\/01\/thumbnail_Crnogorska-arhitektura.jpg\",\"keywords\":[\"kultura\",\"Matica Crnogorska\"],\"articleSection\":[\"Kultura\"],\"inLanguage\":\"en-GB\",\"potentialAction\":[{\"@type\":\"CommentAction\",\"name\":\"Comment\",\"target\":[\"https:\/\/dmcsrb.com\/kultura\/o-crnogorskoj-arhitekturi-u-poslijeratnom-periodu\/#respond\"]}]},{\"@type\":\"WebPage\",\"@id\":\"https:\/\/dmcsrb.com\/kultura\/o-crnogorskoj-arhitekturi-u-poslijeratnom-periodu\/\",\"url\":\"https:\/\/dmcsrb.com\/kultura\/o-crnogorskoj-arhitekturi-u-poslijeratnom-periodu\/\",\"name\":\"O crnogorskoj arhitekturi u poslijeratnom periodu - dmcsrb.com\",\"isPartOf\":{\"@id\":\"https:\/\/dmcsrb.com\/#website\"},\"primaryImageOfPage\":{\"@id\":\"https:\/\/dmcsrb.com\/kultura\/o-crnogorskoj-arhitekturi-u-poslijeratnom-periodu\/#primaryimage\"},\"image\":{\"@id\":\"https:\/\/dmcsrb.com\/kultura\/o-crnogorskoj-arhitekturi-u-poslijeratnom-periodu\/#primaryimage\"},\"thumbnailUrl\":\"https:\/\/dmcsrb.com\/wp-content\/uploads\/2026\/01\/thumbnail_Crnogorska-arhitektura.jpg\",\"datePublished\":\"2025-12-18T08:45:00+00:00\",\"author\":{\"@id\":\"https:\/\/dmcsrb.com\/#\/schema\/person\/5c39170f12db1b8b457732d0b5c854e2\"},\"breadcrumb\":{\"@id\":\"https:\/\/dmcsrb.com\/kultura\/o-crnogorskoj-arhitekturi-u-poslijeratnom-periodu\/#breadcrumb\"},\"inLanguage\":\"en-GB\",\"potentialAction\":[{\"@type\":\"ReadAction\",\"target\":[\"https:\/\/dmcsrb.com\/kultura\/o-crnogorskoj-arhitekturi-u-poslijeratnom-periodu\/\"]}]},{\"@type\":\"ImageObject\",\"inLanguage\":\"en-GB\",\"@id\":\"https:\/\/dmcsrb.com\/kultura\/o-crnogorskoj-arhitekturi-u-poslijeratnom-periodu\/#primaryimage\",\"url\":\"https:\/\/dmcsrb.com\/wp-content\/uploads\/2026\/01\/thumbnail_Crnogorska-arhitektura.jpg\",\"contentUrl\":\"https:\/\/dmcsrb.com\/wp-content\/uploads\/2026\/01\/thumbnail_Crnogorska-arhitektura.jpg\",\"width\":1920,\"height\":2464},{\"@type\":\"BreadcrumbList\",\"@id\":\"https:\/\/dmcsrb.com\/kultura\/o-crnogorskoj-arhitekturi-u-poslijeratnom-periodu\/#breadcrumb\",\"itemListElement\":[{\"@type\":\"ListItem\",\"position\":1,\"name\":\"Home\",\"item\":\"https:\/\/dmcsrb.com\/\"},{\"@type\":\"ListItem\",\"position\":2,\"name\":\"O crnogorskoj arhitekturi u poslijeratnom periodu\"}]},{\"@type\":\"WebSite\",\"@id\":\"https:\/\/dmcsrb.com\/#website\",\"url\":\"https:\/\/dmcsrb.com\/\",\"name\":\"dmcsrb.com\",\"description\":\"\",\"potentialAction\":[{\"@type\":\"SearchAction\",\"target\":{\"@type\":\"EntryPoint\",\"urlTemplate\":\"https:\/\/dmcsrb.com\/?s={search_term_string}\"},\"query-input\":{\"@type\":\"PropertyValueSpecification\",\"valueRequired\":true,\"valueName\":\"search_term_string\"}}],\"inLanguage\":\"en-GB\"},{\"@type\":\"Person\",\"@id\":\"https:\/\/dmcsrb.com\/#\/schema\/person\/5c39170f12db1b8b457732d0b5c854e2\",\"name\":\"dmcsrbija.com@gmail.com\",\"image\":{\"@type\":\"ImageObject\",\"inLanguage\":\"en-GB\",\"@id\":\"https:\/\/dmcsrb.com\/#\/schema\/person\/image\/\",\"url\":\"https:\/\/secure.gravatar.com\/avatar\/68592660ad6347fad0fb587f8d5d8f1a7b44961362f56e4f2cd524feb87e9069?s=96&d=mm&r=g\",\"contentUrl\":\"https:\/\/secure.gravatar.com\/avatar\/68592660ad6347fad0fb587f8d5d8f1a7b44961362f56e4f2cd524feb87e9069?s=96&d=mm&r=g\",\"caption\":\"dmcsrbija.com@gmail.com\"},\"sameAs\":[\"https:\/\/dmcsrb.com\"],\"url\":\"https:\/\/dmcsrb.com\/en\/author\/dmcsrbija-comgmail-com\/\"}]}<\/script>\n<!-- \/ Yoast SEO plugin. -->","yoast_head_json":{"title":"O crnogorskoj arhitekturi u poslijeratnom periodu - dmcsrb.com","robots":{"index":"index","follow":"follow","max-snippet":"max-snippet:-1","max-image-preview":"max-image-preview:large","max-video-preview":"max-video-preview:-1"},"canonical":"https:\/\/dmcsrb.com\/en\/kultura\/o-crnogorskoj-arhitekturi-u-poslijeratnom-periodu\/","og_locale":"en_GB","og_type":"article","og_title":"O crnogorskoj arhitekturi u poslijeratnom periodu - dmcsrb.com","og_description":"Knjiga \u201eCrnogorska arhitektura 1945\u20131970 \u2013 Refrakcije korbizijanskog principa\u201c novo je izdanje Matice crnogorske. Autori su Slavica Stamatovi\u0107-Vu\u010dkovi\u0107 i Danilo Bulatovi\u0107, saop\u0161teno je iz Matice crnogorske.","og_url":"https:\/\/dmcsrb.com\/en\/kultura\/o-crnogorskoj-arhitekturi-u-poslijeratnom-periodu\/","og_site_name":"dmcsrb.com","article_published_time":"2025-12-18T08:45:00+00:00","og_image":[{"width":1920,"height":2464,"url":"https:\/\/dmcsrb.com\/wp-content\/uploads\/2026\/01\/thumbnail_Crnogorska-arhitektura.jpg","type":"image\/jpeg"}],"author":"dmcsrbija.com@gmail.com","twitter_card":"summary_large_image","twitter_misc":{"Written by":"dmcsrbija.com@gmail.com","Estimated reading time":"3 minutes"},"schema":{"@context":"https:\/\/schema.org","@graph":[{"@type":"Article","@id":"https:\/\/dmcsrb.com\/kultura\/o-crnogorskoj-arhitekturi-u-poslijeratnom-periodu\/#article","isPartOf":{"@id":"https:\/\/dmcsrb.com\/kultura\/o-crnogorskoj-arhitekturi-u-poslijeratnom-periodu\/"},"author":{"name":"dmcsrbija.com@gmail.com","@id":"https:\/\/dmcsrb.com\/#\/schema\/person\/5c39170f12db1b8b457732d0b5c854e2"},"headline":"O crnogorskoj arhitekturi u poslijeratnom periodu","datePublished":"2025-12-18T08:45:00+00:00","mainEntityOfPage":{"@id":"https:\/\/dmcsrb.com\/kultura\/o-crnogorskoj-arhitekturi-u-poslijeratnom-periodu\/"},"wordCount":634,"commentCount":0,"image":{"@id":"https:\/\/dmcsrb.com\/kultura\/o-crnogorskoj-arhitekturi-u-poslijeratnom-periodu\/#primaryimage"},"thumbnailUrl":"https:\/\/dmcsrb.com\/wp-content\/uploads\/2026\/01\/thumbnail_Crnogorska-arhitektura.jpg","keywords":["kultura","Matica Crnogorska"],"articleSection":["Kultura"],"inLanguage":"en-GB","potentialAction":[{"@type":"CommentAction","name":"Comment","target":["https:\/\/dmcsrb.com\/kultura\/o-crnogorskoj-arhitekturi-u-poslijeratnom-periodu\/#respond"]}]},{"@type":"WebPage","@id":"https:\/\/dmcsrb.com\/kultura\/o-crnogorskoj-arhitekturi-u-poslijeratnom-periodu\/","url":"https:\/\/dmcsrb.com\/kultura\/o-crnogorskoj-arhitekturi-u-poslijeratnom-periodu\/","name":"O crnogorskoj arhitekturi u poslijeratnom periodu - dmcsrb.com","isPartOf":{"@id":"https:\/\/dmcsrb.com\/#website"},"primaryImageOfPage":{"@id":"https:\/\/dmcsrb.com\/kultura\/o-crnogorskoj-arhitekturi-u-poslijeratnom-periodu\/#primaryimage"},"image":{"@id":"https:\/\/dmcsrb.com\/kultura\/o-crnogorskoj-arhitekturi-u-poslijeratnom-periodu\/#primaryimage"},"thumbnailUrl":"https:\/\/dmcsrb.com\/wp-content\/uploads\/2026\/01\/thumbnail_Crnogorska-arhitektura.jpg","datePublished":"2025-12-18T08:45:00+00:00","author":{"@id":"https:\/\/dmcsrb.com\/#\/schema\/person\/5c39170f12db1b8b457732d0b5c854e2"},"breadcrumb":{"@id":"https:\/\/dmcsrb.com\/kultura\/o-crnogorskoj-arhitekturi-u-poslijeratnom-periodu\/#breadcrumb"},"inLanguage":"en-GB","potentialAction":[{"@type":"ReadAction","target":["https:\/\/dmcsrb.com\/kultura\/o-crnogorskoj-arhitekturi-u-poslijeratnom-periodu\/"]}]},{"@type":"ImageObject","inLanguage":"en-GB","@id":"https:\/\/dmcsrb.com\/kultura\/o-crnogorskoj-arhitekturi-u-poslijeratnom-periodu\/#primaryimage","url":"https:\/\/dmcsrb.com\/wp-content\/uploads\/2026\/01\/thumbnail_Crnogorska-arhitektura.jpg","contentUrl":"https:\/\/dmcsrb.com\/wp-content\/uploads\/2026\/01\/thumbnail_Crnogorska-arhitektura.jpg","width":1920,"height":2464},{"@type":"BreadcrumbList","@id":"https:\/\/dmcsrb.com\/kultura\/o-crnogorskoj-arhitekturi-u-poslijeratnom-periodu\/#breadcrumb","itemListElement":[{"@type":"ListItem","position":1,"name":"Home","item":"https:\/\/dmcsrb.com\/"},{"@type":"ListItem","position":2,"name":"O crnogorskoj arhitekturi u poslijeratnom periodu"}]},{"@type":"WebSite","@id":"https:\/\/dmcsrb.com\/#website","url":"https:\/\/dmcsrb.com\/","name":"dmcsrb.com","description":"","potentialAction":[{"@type":"SearchAction","target":{"@type":"EntryPoint","urlTemplate":"https:\/\/dmcsrb.com\/?s={search_term_string}"},"query-input":{"@type":"PropertyValueSpecification","valueRequired":true,"valueName":"search_term_string"}}],"inLanguage":"en-GB"},{"@type":"Person","@id":"https:\/\/dmcsrb.com\/#\/schema\/person\/5c39170f12db1b8b457732d0b5c854e2","name":"dmcsrbija.com@gmail.com","image":{"@type":"ImageObject","inLanguage":"en-GB","@id":"https:\/\/dmcsrb.com\/#\/schema\/person\/image\/","url":"https:\/\/secure.gravatar.com\/avatar\/68592660ad6347fad0fb587f8d5d8f1a7b44961362f56e4f2cd524feb87e9069?s=96&d=mm&r=g","contentUrl":"https:\/\/secure.gravatar.com\/avatar\/68592660ad6347fad0fb587f8d5d8f1a7b44961362f56e4f2cd524feb87e9069?s=96&d=mm&r=g","caption":"dmcsrbija.com@gmail.com"},"sameAs":["https:\/\/dmcsrb.com"],"url":"https:\/\/dmcsrb.com\/en\/author\/dmcsrbija-comgmail-com\/"}]}},"_links":{"self":[{"href":"https:\/\/dmcsrb.com\/en\/wp-json\/wp\/v2\/posts\/914169","targetHints":{"allow":["GET"]}}],"collection":[{"href":"https:\/\/dmcsrb.com\/en\/wp-json\/wp\/v2\/posts"}],"about":[{"href":"https:\/\/dmcsrb.com\/en\/wp-json\/wp\/v2\/types\/post"}],"author":[{"embeddable":true,"href":"https:\/\/dmcsrb.com\/en\/wp-json\/wp\/v2\/users\/1"}],"replies":[{"embeddable":true,"href":"https:\/\/dmcsrb.com\/en\/wp-json\/wp\/v2\/comments?post=914169"}],"version-history":[{"count":0,"href":"https:\/\/dmcsrb.com\/en\/wp-json\/wp\/v2\/posts\/914169\/revisions"}],"wp:featuredmedia":[{"embeddable":true,"href":"https:\/\/dmcsrb.com\/en\/wp-json\/wp\/v2\/media\/914170"}],"wp:attachment":[{"href":"https:\/\/dmcsrb.com\/en\/wp-json\/wp\/v2\/media?parent=914169"}],"wp:term":[{"taxonomy":"category","embeddable":true,"href":"https:\/\/dmcsrb.com\/en\/wp-json\/wp\/v2\/categories?post=914169"},{"taxonomy":"post_tag","embeddable":true,"href":"https:\/\/dmcsrb.com\/en\/wp-json\/wp\/v2\/tags?post=914169"},{"taxonomy":"naslovna","embeddable":true,"href":"https:\/\/dmcsrb.com\/en\/wp-json\/wp\/v2\/naslovna?post=914169"}],"curies":[{"name":"wp","href":"https:\/\/api.w.org\/{rel}","templated":true}]}}