{"id":914115,"date":"2025-12-17T21:13:00","date_gmt":"2025-12-17T20:13:00","guid":{"rendered":"https:\/\/dmcsrb.com\/uncategorized\/izabran-novi-opstinski-odbor-pnp-u-beranama-tiho-bogavac-predsjednik\/"},"modified":"2025-12-17T21:13:00","modified_gmt":"2025-12-17T20:13:00","slug":"izabran-novi-opstinski-odbor-pnp-u-beranama-tiho-bogavac-predsjednik","status":"publish","type":"post","link":"https:\/\/dmcsrb.com\/en\/politika\/izabran-novi-opstinski-odbor-pnp-u-beranama-tiho-bogavac-predsjednik\/","title":{"rendered":"Izabran novi op\u0161tinski odbor PNP u Beranama, Tiho Bogavac predsjednik"},"content":{"rendered":"<p><br><br>Na prvoj izbornoj konferenciji Op\u0161tinskog odbora PNP Berane, koja predstavlja sve\u010dan i istorijski va\u017ean trenutak za na\u0161 Pokret, jasno je poru\u010deno da je povjerenje gra\u0111ana temelj na\u0161eg djelovanja i osnov na kojem gradimo odgovornu, po\u0161tenu i transparentnu politiku.<br>Lider PNP, Dragoslav Dado \u0160\u0107eki\u0107 je u svom govoru istakao da je PNP &#8211; pokret naroda.<br>,,Berane su simbol vizije i pobjede koja nas povezuje ve\u0107 vi\u0161e od decenije.Zajedno nastavljamo putem odgovornosti, vi\u0161edecenijske ideje, hrabrosti i rada \u2013 putem koji vodi ka pobjedama koje traju. Zajedno vra\u0107amo vjeru i nadu.<br>Poru\u010dujem jasno: ovo je partija ljudi koji grade povjerenje. Partija koja sa ponosom gleda na pro\u0161lost kako bi gradila budu\u0107nost. Partija svih dru\u0161tvenih slojeva i svih vjera. Partija koja svoje korijene duguje generacijama pravednih, po\u0161tenih i vrijednih ljudi. Ovo je partija naroda.Evropska unija jeste na\u0161a budu\u0107nost \u2013 put kojim idemo uzdignute glave i sa ponosom na na\u0161u tradiciju.\u201d<br>Novoizabrani predsjednik, Tiho Bogavac, nekadasnji predsjednik Opstine Berane, poru\u010dio je da novoformirani odbor ima jasnu viziju, snagu i odlu\u010dnost da radi u interesu gra\u0111ana Berana i da opravda povjerenje koje im je ukazano.<br>,,Ovaj skup simbolizuje po\u010detak novog poglavlja u radu Pokreta narodnog povjerenja u Beranama \u2013 poglavlja u kojem \u0107e povjerenje, odgovornost i zajedni\u010dki rad biti temelj svake odluke i svakog koraka.\u201d<br>Na sve\u010danoj konferenciji prisutnima su se obratili i profesor Gimnazije \u201ePanto Mali\u0161i\u0107\u201c Dragan Fano Bubanja, Milica Ra\u010di\u0107, direktorica Doma zdravlja u Andrijevici, kao i Darko Stojanovi\u0107, direktor Direktorata za mlade u Ministarstvu sporta i mladih, biv\u0161i menad\u017eer i potpredsjednik Op\u0161tine Berane, te donedavni dr\u017eavni sekretar u Ministarstvu rada i socijalnog staranja.<br>Svi govornici istakli su va\u017enost politi\u010dke odgovornosti, sna\u017enijeg uklju\u010divanja gra\u0111ana u dono\u0161enje odluka i potrebe da Berane dobije novu energiju, zasnovanu na povjerenje, po\u0161tenju i radu u interesu svih gra\u0111ana.<br>Na izbornoj konferenciji prisustvovalo je par stotina osniva\u010da, \u010dlanova Op\u0161tinskog odbora i delegata OO Berane.<\/p>\n\n\n\n<p><\/p>","protected":false},"excerpt":{"rendered":"<p>U Beranama je ve\u010deras u prepunoj sali, sna\u017enoj atmosferi zajedni\u0161tva i optimizma, izabran prvi Op\u0161tinski odbor Pokreta narodnog povjerenja Berane i prvi predsjednik OO PNP Berane, Tiho Bogavac, odbornik u SO Berane i nekadasnji predsjednik Opstine Berane, \u010dime je ispisana nova, zna\u010dajna stranica u politi\u010dkom i dru\u0161tvenom \u017eivotu Beran\u0430.<\/p>","protected":false},"author":1,"featured_media":914116,"comment_status":"open","ping_status":"open","sticky":false,"template":"","format":"standard","meta":{"_acf_changed":false,"footnotes":""},"categories":[12],"tags":[427,3515,161],"naslovna":[],"class_list":["post-914115","post","type-post","status-publish","format-standard","has-post-thumbnail","hentry","category-politika","tag-berane","tag-opstinski-odbor","tag-pnp"],"acf":[],"yoast_head":"<!-- This site is optimized with the Yoast SEO plugin v27.4 - https:\/\/yoast.com\/product\/yoast-seo-wordpress\/ -->\n<title>Izabran novi op\u0161tinski odbor PNP u Beranama, Tiho Bogavac predsjednik - dmcsrb.com<\/title>\n<meta name=\"robots\" content=\"index, follow, max-snippet:-1, max-image-preview:large, max-video-preview:-1\" \/>\n<link rel=\"canonical\" href=\"https:\/\/dmcsrb.com\/en\/politika\/izabran-novi-opstinski-odbor-pnp-u-beranama-tiho-bogavac-predsjednik\/\" \/>\n<meta property=\"og:locale\" content=\"en_GB\" \/>\n<meta property=\"og:type\" content=\"article\" \/>\n<meta property=\"og:title\" content=\"Izabran novi op\u0161tinski odbor PNP u Beranama, Tiho Bogavac predsjednik - dmcsrb.com\" \/>\n<meta property=\"og:description\" content=\"U Beranama je ve\u010deras u prepunoj sali, sna\u017enoj atmosferi zajedni\u0161tva i optimizma, izabran prvi Op\u0161tinski odbor Pokreta narodnog povjerenja Berane i prvi predsjednik OO PNP Berane, Tiho Bogavac, odbornik u SO Berane i nekadasnji predsjednik Opstine Berane, \u010dime je ispisana nova, zna\u010dajna stranica u politi\u010dkom i dru\u0161tvenom \u017eivotu Beran\u0430.\" \/>\n<meta property=\"og:url\" content=\"https:\/\/dmcsrb.com\/en\/politika\/izabran-novi-opstinski-odbor-pnp-u-beranama-tiho-bogavac-predsjednik\/\" \/>\n<meta property=\"og:site_name\" content=\"dmcsrb.com\" \/>\n<meta property=\"article:published_time\" content=\"2025-12-17T20:13:00+00:00\" \/>\n<meta property=\"og:image\" content=\"https:\/\/dmcsrb.com\/wp-content\/uploads\/2026\/01\/scekic1.jpg\" \/>\n\t<meta property=\"og:image:width\" content=\"1046\" \/>\n\t<meta property=\"og:image:height\" content=\"730\" \/>\n\t<meta property=\"og:image:type\" content=\"image\/jpeg\" \/>\n<meta name=\"author\" content=\"dmcsrbija.com@gmail.com\" \/>\n<meta name=\"twitter:card\" content=\"summary_large_image\" \/>\n<meta name=\"twitter:label1\" content=\"Written by\" \/>\n\t<meta name=\"twitter:data1\" content=\"dmcsrbija.com@gmail.com\" \/>\n\t<meta name=\"twitter:label2\" content=\"Estimated reading time\" \/>\n\t<meta name=\"twitter:data2\" content=\"2 minutes\" \/>\n<script type=\"application\/ld+json\" class=\"yoast-schema-graph\">{\"@context\":\"https:\\\/\\\/schema.org\",\"@graph\":[{\"@type\":\"Article\",\"@id\":\"https:\\\/\\\/dmcsrb.com\\\/politika\\\/izabran-novi-opstinski-odbor-pnp-u-beranama-tiho-bogavac-predsjednik\\\/#article\",\"isPartOf\":{\"@id\":\"https:\\\/\\\/dmcsrb.com\\\/politika\\\/izabran-novi-opstinski-odbor-pnp-u-beranama-tiho-bogavac-predsjednik\\\/\"},\"author\":{\"name\":\"dmcsrbija.com@gmail.com\",\"@id\":\"https:\\\/\\\/dmcsrb.com\\\/#\\\/schema\\\/person\\\/5c39170f12db1b8b457732d0b5c854e2\"},\"headline\":\"Izabran novi op\u0161tinski odbor PNP u Beranama, Tiho Bogavac predsjednik\",\"datePublished\":\"2025-12-17T20:13:00+00:00\",\"mainEntityOfPage\":{\"@id\":\"https:\\\/\\\/dmcsrb.com\\\/politika\\\/izabran-novi-opstinski-odbor-pnp-u-beranama-tiho-bogavac-predsjednik\\\/\"},\"wordCount\":355,\"commentCount\":0,\"image\":{\"@id\":\"https:\\\/\\\/dmcsrb.com\\\/politika\\\/izabran-novi-opstinski-odbor-pnp-u-beranama-tiho-bogavac-predsjednik\\\/#primaryimage\"},\"thumbnailUrl\":\"https:\\\/\\\/dmcsrb.com\\\/wp-content\\\/uploads\\\/2026\\\/01\\\/scekic1.jpg\",\"keywords\":[\"Berane\",\"Op\u0161tinski odbor\",\"PNP\"],\"articleSection\":[\"Politika\"],\"inLanguage\":\"en-GB\",\"potentialAction\":[{\"@type\":\"CommentAction\",\"name\":\"Comment\",\"target\":[\"https:\\\/\\\/dmcsrb.com\\\/politika\\\/izabran-novi-opstinski-odbor-pnp-u-beranama-tiho-bogavac-predsjednik\\\/#respond\"]}]},{\"@type\":\"WebPage\",\"@id\":\"https:\\\/\\\/dmcsrb.com\\\/politika\\\/izabran-novi-opstinski-odbor-pnp-u-beranama-tiho-bogavac-predsjednik\\\/\",\"url\":\"https:\\\/\\\/dmcsrb.com\\\/politika\\\/izabran-novi-opstinski-odbor-pnp-u-beranama-tiho-bogavac-predsjednik\\\/\",\"name\":\"Izabran novi op\u0161tinski odbor PNP u Beranama, Tiho Bogavac predsjednik - dmcsrb.com\",\"isPartOf\":{\"@id\":\"https:\\\/\\\/dmcsrb.com\\\/#website\"},\"primaryImageOfPage\":{\"@id\":\"https:\\\/\\\/dmcsrb.com\\\/politika\\\/izabran-novi-opstinski-odbor-pnp-u-beranama-tiho-bogavac-predsjednik\\\/#primaryimage\"},\"image\":{\"@id\":\"https:\\\/\\\/dmcsrb.com\\\/politika\\\/izabran-novi-opstinski-odbor-pnp-u-beranama-tiho-bogavac-predsjednik\\\/#primaryimage\"},\"thumbnailUrl\":\"https:\\\/\\\/dmcsrb.com\\\/wp-content\\\/uploads\\\/2026\\\/01\\\/scekic1.jpg\",\"datePublished\":\"2025-12-17T20:13:00+00:00\",\"author\":{\"@id\":\"https:\\\/\\\/dmcsrb.com\\\/#\\\/schema\\\/person\\\/5c39170f12db1b8b457732d0b5c854e2\"},\"breadcrumb\":{\"@id\":\"https:\\\/\\\/dmcsrb.com\\\/politika\\\/izabran-novi-opstinski-odbor-pnp-u-beranama-tiho-bogavac-predsjednik\\\/#breadcrumb\"},\"inLanguage\":\"en-GB\",\"potentialAction\":[{\"@type\":\"ReadAction\",\"target\":[\"https:\\\/\\\/dmcsrb.com\\\/politika\\\/izabran-novi-opstinski-odbor-pnp-u-beranama-tiho-bogavac-predsjednik\\\/\"]}]},{\"@type\":\"ImageObject\",\"inLanguage\":\"en-GB\",\"@id\":\"https:\\\/\\\/dmcsrb.com\\\/politika\\\/izabran-novi-opstinski-odbor-pnp-u-beranama-tiho-bogavac-predsjednik\\\/#primaryimage\",\"url\":\"https:\\\/\\\/dmcsrb.com\\\/wp-content\\\/uploads\\\/2026\\\/01\\\/scekic1.jpg\",\"contentUrl\":\"https:\\\/\\\/dmcsrb.com\\\/wp-content\\\/uploads\\\/2026\\\/01\\\/scekic1.jpg\",\"width\":1046,\"height\":730},{\"@type\":\"BreadcrumbList\",\"@id\":\"https:\\\/\\\/dmcsrb.com\\\/politika\\\/izabran-novi-opstinski-odbor-pnp-u-beranama-tiho-bogavac-predsjednik\\\/#breadcrumb\",\"itemListElement\":[{\"@type\":\"ListItem\",\"position\":1,\"name\":\"Home\",\"item\":\"https:\\\/\\\/dmcsrb.com\\\/\"},{\"@type\":\"ListItem\",\"position\":2,\"name\":\"Izabran novi op\u0161tinski odbor PNP u Beranama, Tiho Bogavac predsjednik\"}]},{\"@type\":\"WebSite\",\"@id\":\"https:\\\/\\\/dmcsrb.com\\\/#website\",\"url\":\"https:\\\/\\\/dmcsrb.com\\\/\",\"name\":\"dmcsrb.com\",\"description\":\"\",\"potentialAction\":[{\"@type\":\"SearchAction\",\"target\":{\"@type\":\"EntryPoint\",\"urlTemplate\":\"https:\\\/\\\/dmcsrb.com\\\/?s={search_term_string}\"},\"query-input\":{\"@type\":\"PropertyValueSpecification\",\"valueRequired\":true,\"valueName\":\"search_term_string\"}}],\"inLanguage\":\"en-GB\"},{\"@type\":\"Person\",\"@id\":\"https:\\\/\\\/dmcsrb.com\\\/#\\\/schema\\\/person\\\/5c39170f12db1b8b457732d0b5c854e2\",\"name\":\"dmcsrbija.com@gmail.com\",\"image\":{\"@type\":\"ImageObject\",\"inLanguage\":\"en-GB\",\"@id\":\"https:\\\/\\\/secure.gravatar.com\\\/avatar\\\/68592660ad6347fad0fb587f8d5d8f1a7b44961362f56e4f2cd524feb87e9069?s=96&d=mm&r=g\",\"url\":\"https:\\\/\\\/secure.gravatar.com\\\/avatar\\\/68592660ad6347fad0fb587f8d5d8f1a7b44961362f56e4f2cd524feb87e9069?s=96&d=mm&r=g\",\"contentUrl\":\"https:\\\/\\\/secure.gravatar.com\\\/avatar\\\/68592660ad6347fad0fb587f8d5d8f1a7b44961362f56e4f2cd524feb87e9069?s=96&d=mm&r=g\",\"caption\":\"dmcsrbija.com@gmail.com\"},\"sameAs\":[\"https:\\\/\\\/dmcsrb.com\"],\"url\":\"https:\\\/\\\/dmcsrb.com\\\/en\\\/author\\\/dmcsrbija-comgmail-com\\\/\"}]}<\/script>\n<!-- \/ Yoast SEO plugin. -->","yoast_head_json":{"title":"Izabran novi op\u0161tinski odbor PNP u Beranama, Tiho Bogavac predsjednik - dmcsrb.com","robots":{"index":"index","follow":"follow","max-snippet":"max-snippet:-1","max-image-preview":"max-image-preview:large","max-video-preview":"max-video-preview:-1"},"canonical":"https:\/\/dmcsrb.com\/en\/politika\/izabran-novi-opstinski-odbor-pnp-u-beranama-tiho-bogavac-predsjednik\/","og_locale":"en_GB","og_type":"article","og_title":"Izabran novi op\u0161tinski odbor PNP u Beranama, Tiho Bogavac predsjednik - dmcsrb.com","og_description":"U Beranama je ve\u010deras u prepunoj sali, sna\u017enoj atmosferi zajedni\u0161tva i optimizma, izabran prvi Op\u0161tinski odbor Pokreta narodnog povjerenja Berane i prvi predsjednik OO PNP Berane, Tiho Bogavac, odbornik u SO Berane i nekadasnji predsjednik Opstine Berane, \u010dime je ispisana nova, zna\u010dajna stranica u politi\u010dkom i dru\u0161tvenom \u017eivotu Beran\u0430.","og_url":"https:\/\/dmcsrb.com\/en\/politika\/izabran-novi-opstinski-odbor-pnp-u-beranama-tiho-bogavac-predsjednik\/","og_site_name":"dmcsrb.com","article_published_time":"2025-12-17T20:13:00+00:00","og_image":[{"width":1046,"height":730,"url":"https:\/\/dmcsrb.com\/wp-content\/uploads\/2026\/01\/scekic1.jpg","type":"image\/jpeg"}],"author":"dmcsrbija.com@gmail.com","twitter_card":"summary_large_image","twitter_misc":{"Written by":"dmcsrbija.com@gmail.com","Estimated reading time":"2 minutes"},"schema":{"@context":"https:\/\/schema.org","@graph":[{"@type":"Article","@id":"https:\/\/dmcsrb.com\/politika\/izabran-novi-opstinski-odbor-pnp-u-beranama-tiho-bogavac-predsjednik\/#article","isPartOf":{"@id":"https:\/\/dmcsrb.com\/politika\/izabran-novi-opstinski-odbor-pnp-u-beranama-tiho-bogavac-predsjednik\/"},"author":{"name":"dmcsrbija.com@gmail.com","@id":"https:\/\/dmcsrb.com\/#\/schema\/person\/5c39170f12db1b8b457732d0b5c854e2"},"headline":"Izabran novi op\u0161tinski odbor PNP u Beranama, Tiho Bogavac predsjednik","datePublished":"2025-12-17T20:13:00+00:00","mainEntityOfPage":{"@id":"https:\/\/dmcsrb.com\/politika\/izabran-novi-opstinski-odbor-pnp-u-beranama-tiho-bogavac-predsjednik\/"},"wordCount":355,"commentCount":0,"image":{"@id":"https:\/\/dmcsrb.com\/politika\/izabran-novi-opstinski-odbor-pnp-u-beranama-tiho-bogavac-predsjednik\/#primaryimage"},"thumbnailUrl":"https:\/\/dmcsrb.com\/wp-content\/uploads\/2026\/01\/scekic1.jpg","keywords":["Berane","Op\u0161tinski odbor","PNP"],"articleSection":["Politika"],"inLanguage":"en-GB","potentialAction":[{"@type":"CommentAction","name":"Comment","target":["https:\/\/dmcsrb.com\/politika\/izabran-novi-opstinski-odbor-pnp-u-beranama-tiho-bogavac-predsjednik\/#respond"]}]},{"@type":"WebPage","@id":"https:\/\/dmcsrb.com\/politika\/izabran-novi-opstinski-odbor-pnp-u-beranama-tiho-bogavac-predsjednik\/","url":"https:\/\/dmcsrb.com\/politika\/izabran-novi-opstinski-odbor-pnp-u-beranama-tiho-bogavac-predsjednik\/","name":"Izabran novi op\u0161tinski odbor PNP u Beranama, Tiho Bogavac predsjednik - dmcsrb.com","isPartOf":{"@id":"https:\/\/dmcsrb.com\/#website"},"primaryImageOfPage":{"@id":"https:\/\/dmcsrb.com\/politika\/izabran-novi-opstinski-odbor-pnp-u-beranama-tiho-bogavac-predsjednik\/#primaryimage"},"image":{"@id":"https:\/\/dmcsrb.com\/politika\/izabran-novi-opstinski-odbor-pnp-u-beranama-tiho-bogavac-predsjednik\/#primaryimage"},"thumbnailUrl":"https:\/\/dmcsrb.com\/wp-content\/uploads\/2026\/01\/scekic1.jpg","datePublished":"2025-12-17T20:13:00+00:00","author":{"@id":"https:\/\/dmcsrb.com\/#\/schema\/person\/5c39170f12db1b8b457732d0b5c854e2"},"breadcrumb":{"@id":"https:\/\/dmcsrb.com\/politika\/izabran-novi-opstinski-odbor-pnp-u-beranama-tiho-bogavac-predsjednik\/#breadcrumb"},"inLanguage":"en-GB","potentialAction":[{"@type":"ReadAction","target":["https:\/\/dmcsrb.com\/politika\/izabran-novi-opstinski-odbor-pnp-u-beranama-tiho-bogavac-predsjednik\/"]}]},{"@type":"ImageObject","inLanguage":"en-GB","@id":"https:\/\/dmcsrb.com\/politika\/izabran-novi-opstinski-odbor-pnp-u-beranama-tiho-bogavac-predsjednik\/#primaryimage","url":"https:\/\/dmcsrb.com\/wp-content\/uploads\/2026\/01\/scekic1.jpg","contentUrl":"https:\/\/dmcsrb.com\/wp-content\/uploads\/2026\/01\/scekic1.jpg","width":1046,"height":730},{"@type":"BreadcrumbList","@id":"https:\/\/dmcsrb.com\/politika\/izabran-novi-opstinski-odbor-pnp-u-beranama-tiho-bogavac-predsjednik\/#breadcrumb","itemListElement":[{"@type":"ListItem","position":1,"name":"Home","item":"https:\/\/dmcsrb.com\/"},{"@type":"ListItem","position":2,"name":"Izabran novi op\u0161tinski odbor PNP u Beranama, Tiho Bogavac predsjednik"}]},{"@type":"WebSite","@id":"https:\/\/dmcsrb.com\/#website","url":"https:\/\/dmcsrb.com\/","name":"dmcsrb.com","description":"","potentialAction":[{"@type":"SearchAction","target":{"@type":"EntryPoint","urlTemplate":"https:\/\/dmcsrb.com\/?s={search_term_string}"},"query-input":{"@type":"PropertyValueSpecification","valueRequired":true,"valueName":"search_term_string"}}],"inLanguage":"en-GB"},{"@type":"Person","@id":"https:\/\/dmcsrb.com\/#\/schema\/person\/5c39170f12db1b8b457732d0b5c854e2","name":"dmcsrbija.com@gmail.com","image":{"@type":"ImageObject","inLanguage":"en-GB","@id":"https:\/\/secure.gravatar.com\/avatar\/68592660ad6347fad0fb587f8d5d8f1a7b44961362f56e4f2cd524feb87e9069?s=96&d=mm&r=g","url":"https:\/\/secure.gravatar.com\/avatar\/68592660ad6347fad0fb587f8d5d8f1a7b44961362f56e4f2cd524feb87e9069?s=96&d=mm&r=g","contentUrl":"https:\/\/secure.gravatar.com\/avatar\/68592660ad6347fad0fb587f8d5d8f1a7b44961362f56e4f2cd524feb87e9069?s=96&d=mm&r=g","caption":"dmcsrbija.com@gmail.com"},"sameAs":["https:\/\/dmcsrb.com"],"url":"https:\/\/dmcsrb.com\/en\/author\/dmcsrbija-comgmail-com\/"}]}},"_links":{"self":[{"href":"https:\/\/dmcsrb.com\/en\/wp-json\/wp\/v2\/posts\/914115","targetHints":{"allow":["GET"]}}],"collection":[{"href":"https:\/\/dmcsrb.com\/en\/wp-json\/wp\/v2\/posts"}],"about":[{"href":"https:\/\/dmcsrb.com\/en\/wp-json\/wp\/v2\/types\/post"}],"author":[{"embeddable":true,"href":"https:\/\/dmcsrb.com\/en\/wp-json\/wp\/v2\/users\/1"}],"replies":[{"embeddable":true,"href":"https:\/\/dmcsrb.com\/en\/wp-json\/wp\/v2\/comments?post=914115"}],"version-history":[{"count":0,"href":"https:\/\/dmcsrb.com\/en\/wp-json\/wp\/v2\/posts\/914115\/revisions"}],"wp:featuredmedia":[{"embeddable":true,"href":"https:\/\/dmcsrb.com\/en\/wp-json\/wp\/v2\/media\/914116"}],"wp:attachment":[{"href":"https:\/\/dmcsrb.com\/en\/wp-json\/wp\/v2\/media?parent=914115"}],"wp:term":[{"taxonomy":"category","embeddable":true,"href":"https:\/\/dmcsrb.com\/en\/wp-json\/wp\/v2\/categories?post=914115"},{"taxonomy":"post_tag","embeddable":true,"href":"https:\/\/dmcsrb.com\/en\/wp-json\/wp\/v2\/tags?post=914115"},{"taxonomy":"naslovna","embeddable":true,"href":"https:\/\/dmcsrb.com\/en\/wp-json\/wp\/v2\/naslovna?post=914115"}],"curies":[{"name":"wp","href":"https:\/\/api.w.org\/{rel}","templated":true}]}}