{"id":914103,"date":"2025-12-17T20:35:00","date_gmt":"2025-12-17T19:35:00","guid":{"rendered":"https:\/\/dmcsrb.com\/uncategorized\/u-becu-potpisan-memorandum-o-saradnji-ministarstva-prosvjete-nauke-i-inovacija-i-oead\/"},"modified":"2025-12-17T20:35:00","modified_gmt":"2025-12-17T19:35:00","slug":"u-becu-potpisan-memorandum-o-saradnji-ministarstva-prosvjete-nauke-i-inovacija-i-oead","status":"publish","type":"post","link":"https:\/\/dmcsrb.com\/en\/drustvo\/u-becu-potpisan-memorandum-o-saradnji-ministarstva-prosvjete-nauke-i-inovacija-i-oead\/","title":{"rendered":"U Be\u010du potpisan Memorandum o saradnji Ministarstva prosvjete, nauke i inovacija i OeAD"},"content":{"rendered":"<p><\/p>\n\n\n\n<p>Sporazum se odnosi na unapre\u0111enje saradnje u realizaciji projekta \u201eGet ready 4 VET through career guidance&#8221; koji se sprovodi uz podr\u0161ku OeAD-a i predstavlja zna\u010dajan iskorak u procesu reforme sistema karijernog savjetovanja i vo\u0111enja u obrazovanju &#8211; saop\u0161teno je iz MPNI.<\/p>\n\n\n\n<p>Delegaciju Ministarstva \u010dine i dr\u017eavni sekretari Tatjana \u0106alasan i Dragan Markovi\u0107, koji su zajedno sa ministarkom u\u010destvovali na sastanku sa rukovodstvom OeAD-a.<\/p>\n\n\n\n<p>Razgovarano je o dosada\u0161njim rezultatima projekta, efektima njegove implementacije, kao i o mogu\u0107nostima intenziviranja saradnje u oblasti obrazovanja, stru\u010dnog osposobljavanja i nauke i inovacija.<\/p>\n\n\n\n<p>Potpisivanje Memoranduma potvr\u0111uje zajedni\u010dku posve\u0107enost unapre\u0111enju kvaliteta obrazovnih politika i praksi, te ja\u010danju institucionalnih kapaciteta kroz razmjenu znanja, iskustava i dobrih praksi.<\/p>","protected":false},"excerpt":{"rendered":"<p>Ministarka An\u0111ela Jak\u0161i\u0107-Stojanovi\u0107 i Jakob Karli\u010d, direktor Austrijske agencije za obrazovanje i internacionalizaciju (OeAD) potpisali su danas u Be\u010du Memorandum o saradnji izme\u0111u Ministarstva prosvjete, nauke i inovacija Crne Gore i Agencije.<\/p>","protected":false},"author":1,"featured_media":914104,"comment_status":"open","ping_status":"open","sticky":false,"template":"","format":"standard","meta":{"_acf_changed":false,"footnotes":""},"categories":[2],"tags":[3505,3438,52],"naslovna":[],"class_list":["post-914103","post","type-post","status-publish","format-standard","has-post-thumbnail","hentry","category-drustvo","tag-becu","tag-memorandum","tag-mpni"],"acf":[],"yoast_head":"<!-- This site is optimized with the Yoast SEO plugin v27.4 - https:\/\/yoast.com\/product\/yoast-seo-wordpress\/ -->\n<title>U Be\u010du potpisan Memorandum o saradnji Ministarstva prosvjete, nauke i inovacija i OeAD - dmcsrb.com<\/title>\n<meta name=\"robots\" content=\"index, follow, max-snippet:-1, max-image-preview:large, max-video-preview:-1\" \/>\n<link rel=\"canonical\" href=\"https:\/\/dmcsrb.com\/en\/drustvo\/u-becu-potpisan-memorandum-o-saradnji-ministarstva-prosvjete-nauke-i-inovacija-i-oead\/\" \/>\n<meta property=\"og:locale\" content=\"en_GB\" \/>\n<meta property=\"og:type\" content=\"article\" \/>\n<meta property=\"og:title\" content=\"U Be\u010du potpisan Memorandum o saradnji Ministarstva prosvjete, nauke i inovacija i OeAD - dmcsrb.com\" \/>\n<meta property=\"og:description\" content=\"Ministarka An\u0111ela Jak\u0161i\u0107-Stojanovi\u0107 i Jakob Karli\u010d, direktor Austrijske agencije za obrazovanje i internacionalizaciju (OeAD) potpisali su danas u Be\u010du Memorandum o saradnji izme\u0111u Ministarstva prosvjete, nauke i inovacija Crne Gore i Agencije.\" \/>\n<meta property=\"og:url\" content=\"https:\/\/dmcsrb.com\/en\/drustvo\/u-becu-potpisan-memorandum-o-saradnji-ministarstva-prosvjete-nauke-i-inovacija-i-oead\/\" \/>\n<meta property=\"og:site_name\" content=\"dmcsrb.com\" \/>\n<meta property=\"article:published_time\" content=\"2025-12-17T19:35:00+00:00\" \/>\n<meta property=\"og:image\" content=\"https:\/\/dmcsrb.com\/wp-content\/uploads\/2026\/01\/mpni1.jpg\" \/>\n\t<meta property=\"og:image:width\" content=\"1024\" \/>\n\t<meta property=\"og:image:height\" content=\"819\" \/>\n\t<meta property=\"og:image:type\" content=\"image\/jpeg\" \/>\n<meta name=\"author\" content=\"dmcsrbija.com@gmail.com\" \/>\n<meta name=\"twitter:card\" content=\"summary_large_image\" \/>\n<meta name=\"twitter:label1\" content=\"Written by\" \/>\n\t<meta name=\"twitter:data1\" content=\"dmcsrbija.com@gmail.com\" \/>\n\t<meta name=\"twitter:label2\" content=\"Estimated reading time\" \/>\n\t<meta name=\"twitter:data2\" content=\"1 minute\" \/>\n<script type=\"application\/ld+json\" class=\"yoast-schema-graph\">{\"@context\":\"https:\\\/\\\/schema.org\",\"@graph\":[{\"@type\":\"Article\",\"@id\":\"https:\\\/\\\/dmcsrb.com\\\/drustvo\\\/u-becu-potpisan-memorandum-o-saradnji-ministarstva-prosvjete-nauke-i-inovacija-i-oead\\\/#article\",\"isPartOf\":{\"@id\":\"https:\\\/\\\/dmcsrb.com\\\/drustvo\\\/u-becu-potpisan-memorandum-o-saradnji-ministarstva-prosvjete-nauke-i-inovacija-i-oead\\\/\"},\"author\":{\"name\":\"dmcsrbija.com@gmail.com\",\"@id\":\"https:\\\/\\\/dmcsrb.com\\\/#\\\/schema\\\/person\\\/5c39170f12db1b8b457732d0b5c854e2\"},\"headline\":\"U Be\u010du potpisan Memorandum o saradnji Ministarstva prosvjete, nauke i inovacija i OeAD\",\"datePublished\":\"2025-12-17T19:35:00+00:00\",\"mainEntityOfPage\":{\"@id\":\"https:\\\/\\\/dmcsrb.com\\\/drustvo\\\/u-becu-potpisan-memorandum-o-saradnji-ministarstva-prosvjete-nauke-i-inovacija-i-oead\\\/\"},\"wordCount\":137,\"commentCount\":0,\"image\":{\"@id\":\"https:\\\/\\\/dmcsrb.com\\\/drustvo\\\/u-becu-potpisan-memorandum-o-saradnji-ministarstva-prosvjete-nauke-i-inovacija-i-oead\\\/#primaryimage\"},\"thumbnailUrl\":\"https:\\\/\\\/dmcsrb.com\\\/wp-content\\\/uploads\\\/2026\\\/01\\\/mpni1.jpg\",\"keywords\":[\"Be\u010du\",\"memorandum\",\"MPNI\"],\"articleSection\":[\"Dru\u0161tvo\"],\"inLanguage\":\"en-GB\",\"potentialAction\":[{\"@type\":\"CommentAction\",\"name\":\"Comment\",\"target\":[\"https:\\\/\\\/dmcsrb.com\\\/drustvo\\\/u-becu-potpisan-memorandum-o-saradnji-ministarstva-prosvjete-nauke-i-inovacija-i-oead\\\/#respond\"]}]},{\"@type\":\"WebPage\",\"@id\":\"https:\\\/\\\/dmcsrb.com\\\/drustvo\\\/u-becu-potpisan-memorandum-o-saradnji-ministarstva-prosvjete-nauke-i-inovacija-i-oead\\\/\",\"url\":\"https:\\\/\\\/dmcsrb.com\\\/drustvo\\\/u-becu-potpisan-memorandum-o-saradnji-ministarstva-prosvjete-nauke-i-inovacija-i-oead\\\/\",\"name\":\"U Be\u010du potpisan Memorandum o saradnji Ministarstva prosvjete, nauke i inovacija i OeAD - dmcsrb.com\",\"isPartOf\":{\"@id\":\"https:\\\/\\\/dmcsrb.com\\\/#website\"},\"primaryImageOfPage\":{\"@id\":\"https:\\\/\\\/dmcsrb.com\\\/drustvo\\\/u-becu-potpisan-memorandum-o-saradnji-ministarstva-prosvjete-nauke-i-inovacija-i-oead\\\/#primaryimage\"},\"image\":{\"@id\":\"https:\\\/\\\/dmcsrb.com\\\/drustvo\\\/u-becu-potpisan-memorandum-o-saradnji-ministarstva-prosvjete-nauke-i-inovacija-i-oead\\\/#primaryimage\"},\"thumbnailUrl\":\"https:\\\/\\\/dmcsrb.com\\\/wp-content\\\/uploads\\\/2026\\\/01\\\/mpni1.jpg\",\"datePublished\":\"2025-12-17T19:35:00+00:00\",\"author\":{\"@id\":\"https:\\\/\\\/dmcsrb.com\\\/#\\\/schema\\\/person\\\/5c39170f12db1b8b457732d0b5c854e2\"},\"breadcrumb\":{\"@id\":\"https:\\\/\\\/dmcsrb.com\\\/drustvo\\\/u-becu-potpisan-memorandum-o-saradnji-ministarstva-prosvjete-nauke-i-inovacija-i-oead\\\/#breadcrumb\"},\"inLanguage\":\"en-GB\",\"potentialAction\":[{\"@type\":\"ReadAction\",\"target\":[\"https:\\\/\\\/dmcsrb.com\\\/drustvo\\\/u-becu-potpisan-memorandum-o-saradnji-ministarstva-prosvjete-nauke-i-inovacija-i-oead\\\/\"]}]},{\"@type\":\"ImageObject\",\"inLanguage\":\"en-GB\",\"@id\":\"https:\\\/\\\/dmcsrb.com\\\/drustvo\\\/u-becu-potpisan-memorandum-o-saradnji-ministarstva-prosvjete-nauke-i-inovacija-i-oead\\\/#primaryimage\",\"url\":\"https:\\\/\\\/dmcsrb.com\\\/wp-content\\\/uploads\\\/2026\\\/01\\\/mpni1.jpg\",\"contentUrl\":\"https:\\\/\\\/dmcsrb.com\\\/wp-content\\\/uploads\\\/2026\\\/01\\\/mpni1.jpg\",\"width\":1024,\"height\":819},{\"@type\":\"BreadcrumbList\",\"@id\":\"https:\\\/\\\/dmcsrb.com\\\/drustvo\\\/u-becu-potpisan-memorandum-o-saradnji-ministarstva-prosvjete-nauke-i-inovacija-i-oead\\\/#breadcrumb\",\"itemListElement\":[{\"@type\":\"ListItem\",\"position\":1,\"name\":\"Home\",\"item\":\"https:\\\/\\\/dmcsrb.com\\\/\"},{\"@type\":\"ListItem\",\"position\":2,\"name\":\"U Be\u010du potpisan Memorandum o saradnji Ministarstva prosvjete, nauke i inovacija i OeAD\"}]},{\"@type\":\"WebSite\",\"@id\":\"https:\\\/\\\/dmcsrb.com\\\/#website\",\"url\":\"https:\\\/\\\/dmcsrb.com\\\/\",\"name\":\"dmcsrb.com\",\"description\":\"\",\"potentialAction\":[{\"@type\":\"SearchAction\",\"target\":{\"@type\":\"EntryPoint\",\"urlTemplate\":\"https:\\\/\\\/dmcsrb.com\\\/?s={search_term_string}\"},\"query-input\":{\"@type\":\"PropertyValueSpecification\",\"valueRequired\":true,\"valueName\":\"search_term_string\"}}],\"inLanguage\":\"en-GB\"},{\"@type\":\"Person\",\"@id\":\"https:\\\/\\\/dmcsrb.com\\\/#\\\/schema\\\/person\\\/5c39170f12db1b8b457732d0b5c854e2\",\"name\":\"dmcsrbija.com@gmail.com\",\"image\":{\"@type\":\"ImageObject\",\"inLanguage\":\"en-GB\",\"@id\":\"https:\\\/\\\/secure.gravatar.com\\\/avatar\\\/68592660ad6347fad0fb587f8d5d8f1a7b44961362f56e4f2cd524feb87e9069?s=96&d=mm&r=g\",\"url\":\"https:\\\/\\\/secure.gravatar.com\\\/avatar\\\/68592660ad6347fad0fb587f8d5d8f1a7b44961362f56e4f2cd524feb87e9069?s=96&d=mm&r=g\",\"contentUrl\":\"https:\\\/\\\/secure.gravatar.com\\\/avatar\\\/68592660ad6347fad0fb587f8d5d8f1a7b44961362f56e4f2cd524feb87e9069?s=96&d=mm&r=g\",\"caption\":\"dmcsrbija.com@gmail.com\"},\"sameAs\":[\"https:\\\/\\\/dmcsrb.com\"],\"url\":\"https:\\\/\\\/dmcsrb.com\\\/en\\\/author\\\/dmcsrbija-comgmail-com\\\/\"}]}<\/script>\n<!-- \/ Yoast SEO plugin. -->","yoast_head_json":{"title":"U Be\u010du potpisan Memorandum o saradnji Ministarstva prosvjete, nauke i inovacija i OeAD - dmcsrb.com","robots":{"index":"index","follow":"follow","max-snippet":"max-snippet:-1","max-image-preview":"max-image-preview:large","max-video-preview":"max-video-preview:-1"},"canonical":"https:\/\/dmcsrb.com\/en\/drustvo\/u-becu-potpisan-memorandum-o-saradnji-ministarstva-prosvjete-nauke-i-inovacija-i-oead\/","og_locale":"en_GB","og_type":"article","og_title":"U Be\u010du potpisan Memorandum o saradnji Ministarstva prosvjete, nauke i inovacija i OeAD - dmcsrb.com","og_description":"Ministarka An\u0111ela Jak\u0161i\u0107-Stojanovi\u0107 i Jakob Karli\u010d, direktor Austrijske agencije za obrazovanje i internacionalizaciju (OeAD) potpisali su danas u Be\u010du Memorandum o saradnji izme\u0111u Ministarstva prosvjete, nauke i inovacija Crne Gore i Agencije.","og_url":"https:\/\/dmcsrb.com\/en\/drustvo\/u-becu-potpisan-memorandum-o-saradnji-ministarstva-prosvjete-nauke-i-inovacija-i-oead\/","og_site_name":"dmcsrb.com","article_published_time":"2025-12-17T19:35:00+00:00","og_image":[{"width":1024,"height":819,"url":"https:\/\/dmcsrb.com\/wp-content\/uploads\/2026\/01\/mpni1.jpg","type":"image\/jpeg"}],"author":"dmcsrbija.com@gmail.com","twitter_card":"summary_large_image","twitter_misc":{"Written by":"dmcsrbija.com@gmail.com","Estimated reading time":"1 minute"},"schema":{"@context":"https:\/\/schema.org","@graph":[{"@type":"Article","@id":"https:\/\/dmcsrb.com\/drustvo\/u-becu-potpisan-memorandum-o-saradnji-ministarstva-prosvjete-nauke-i-inovacija-i-oead\/#article","isPartOf":{"@id":"https:\/\/dmcsrb.com\/drustvo\/u-becu-potpisan-memorandum-o-saradnji-ministarstva-prosvjete-nauke-i-inovacija-i-oead\/"},"author":{"name":"dmcsrbija.com@gmail.com","@id":"https:\/\/dmcsrb.com\/#\/schema\/person\/5c39170f12db1b8b457732d0b5c854e2"},"headline":"U Be\u010du potpisan Memorandum o saradnji Ministarstva prosvjete, nauke i inovacija i OeAD","datePublished":"2025-12-17T19:35:00+00:00","mainEntityOfPage":{"@id":"https:\/\/dmcsrb.com\/drustvo\/u-becu-potpisan-memorandum-o-saradnji-ministarstva-prosvjete-nauke-i-inovacija-i-oead\/"},"wordCount":137,"commentCount":0,"image":{"@id":"https:\/\/dmcsrb.com\/drustvo\/u-becu-potpisan-memorandum-o-saradnji-ministarstva-prosvjete-nauke-i-inovacija-i-oead\/#primaryimage"},"thumbnailUrl":"https:\/\/dmcsrb.com\/wp-content\/uploads\/2026\/01\/mpni1.jpg","keywords":["Be\u010du","memorandum","MPNI"],"articleSection":["Dru\u0161tvo"],"inLanguage":"en-GB","potentialAction":[{"@type":"CommentAction","name":"Comment","target":["https:\/\/dmcsrb.com\/drustvo\/u-becu-potpisan-memorandum-o-saradnji-ministarstva-prosvjete-nauke-i-inovacija-i-oead\/#respond"]}]},{"@type":"WebPage","@id":"https:\/\/dmcsrb.com\/drustvo\/u-becu-potpisan-memorandum-o-saradnji-ministarstva-prosvjete-nauke-i-inovacija-i-oead\/","url":"https:\/\/dmcsrb.com\/drustvo\/u-becu-potpisan-memorandum-o-saradnji-ministarstva-prosvjete-nauke-i-inovacija-i-oead\/","name":"U Be\u010du potpisan Memorandum o saradnji Ministarstva prosvjete, nauke i inovacija i OeAD - dmcsrb.com","isPartOf":{"@id":"https:\/\/dmcsrb.com\/#website"},"primaryImageOfPage":{"@id":"https:\/\/dmcsrb.com\/drustvo\/u-becu-potpisan-memorandum-o-saradnji-ministarstva-prosvjete-nauke-i-inovacija-i-oead\/#primaryimage"},"image":{"@id":"https:\/\/dmcsrb.com\/drustvo\/u-becu-potpisan-memorandum-o-saradnji-ministarstva-prosvjete-nauke-i-inovacija-i-oead\/#primaryimage"},"thumbnailUrl":"https:\/\/dmcsrb.com\/wp-content\/uploads\/2026\/01\/mpni1.jpg","datePublished":"2025-12-17T19:35:00+00:00","author":{"@id":"https:\/\/dmcsrb.com\/#\/schema\/person\/5c39170f12db1b8b457732d0b5c854e2"},"breadcrumb":{"@id":"https:\/\/dmcsrb.com\/drustvo\/u-becu-potpisan-memorandum-o-saradnji-ministarstva-prosvjete-nauke-i-inovacija-i-oead\/#breadcrumb"},"inLanguage":"en-GB","potentialAction":[{"@type":"ReadAction","target":["https:\/\/dmcsrb.com\/drustvo\/u-becu-potpisan-memorandum-o-saradnji-ministarstva-prosvjete-nauke-i-inovacija-i-oead\/"]}]},{"@type":"ImageObject","inLanguage":"en-GB","@id":"https:\/\/dmcsrb.com\/drustvo\/u-becu-potpisan-memorandum-o-saradnji-ministarstva-prosvjete-nauke-i-inovacija-i-oead\/#primaryimage","url":"https:\/\/dmcsrb.com\/wp-content\/uploads\/2026\/01\/mpni1.jpg","contentUrl":"https:\/\/dmcsrb.com\/wp-content\/uploads\/2026\/01\/mpni1.jpg","width":1024,"height":819},{"@type":"BreadcrumbList","@id":"https:\/\/dmcsrb.com\/drustvo\/u-becu-potpisan-memorandum-o-saradnji-ministarstva-prosvjete-nauke-i-inovacija-i-oead\/#breadcrumb","itemListElement":[{"@type":"ListItem","position":1,"name":"Home","item":"https:\/\/dmcsrb.com\/"},{"@type":"ListItem","position":2,"name":"U Be\u010du potpisan Memorandum o saradnji Ministarstva prosvjete, nauke i inovacija i OeAD"}]},{"@type":"WebSite","@id":"https:\/\/dmcsrb.com\/#website","url":"https:\/\/dmcsrb.com\/","name":"dmcsrb.com","description":"","potentialAction":[{"@type":"SearchAction","target":{"@type":"EntryPoint","urlTemplate":"https:\/\/dmcsrb.com\/?s={search_term_string}"},"query-input":{"@type":"PropertyValueSpecification","valueRequired":true,"valueName":"search_term_string"}}],"inLanguage":"en-GB"},{"@type":"Person","@id":"https:\/\/dmcsrb.com\/#\/schema\/person\/5c39170f12db1b8b457732d0b5c854e2","name":"dmcsrbija.com@gmail.com","image":{"@type":"ImageObject","inLanguage":"en-GB","@id":"https:\/\/secure.gravatar.com\/avatar\/68592660ad6347fad0fb587f8d5d8f1a7b44961362f56e4f2cd524feb87e9069?s=96&d=mm&r=g","url":"https:\/\/secure.gravatar.com\/avatar\/68592660ad6347fad0fb587f8d5d8f1a7b44961362f56e4f2cd524feb87e9069?s=96&d=mm&r=g","contentUrl":"https:\/\/secure.gravatar.com\/avatar\/68592660ad6347fad0fb587f8d5d8f1a7b44961362f56e4f2cd524feb87e9069?s=96&d=mm&r=g","caption":"dmcsrbija.com@gmail.com"},"sameAs":["https:\/\/dmcsrb.com"],"url":"https:\/\/dmcsrb.com\/en\/author\/dmcsrbija-comgmail-com\/"}]}},"_links":{"self":[{"href":"https:\/\/dmcsrb.com\/en\/wp-json\/wp\/v2\/posts\/914103","targetHints":{"allow":["GET"]}}],"collection":[{"href":"https:\/\/dmcsrb.com\/en\/wp-json\/wp\/v2\/posts"}],"about":[{"href":"https:\/\/dmcsrb.com\/en\/wp-json\/wp\/v2\/types\/post"}],"author":[{"embeddable":true,"href":"https:\/\/dmcsrb.com\/en\/wp-json\/wp\/v2\/users\/1"}],"replies":[{"embeddable":true,"href":"https:\/\/dmcsrb.com\/en\/wp-json\/wp\/v2\/comments?post=914103"}],"version-history":[{"count":0,"href":"https:\/\/dmcsrb.com\/en\/wp-json\/wp\/v2\/posts\/914103\/revisions"}],"wp:featuredmedia":[{"embeddable":true,"href":"https:\/\/dmcsrb.com\/en\/wp-json\/wp\/v2\/media\/914104"}],"wp:attachment":[{"href":"https:\/\/dmcsrb.com\/en\/wp-json\/wp\/v2\/media?parent=914103"}],"wp:term":[{"taxonomy":"category","embeddable":true,"href":"https:\/\/dmcsrb.com\/en\/wp-json\/wp\/v2\/categories?post=914103"},{"taxonomy":"post_tag","embeddable":true,"href":"https:\/\/dmcsrb.com\/en\/wp-json\/wp\/v2\/tags?post=914103"},{"taxonomy":"naslovna","embeddable":true,"href":"https:\/\/dmcsrb.com\/en\/wp-json\/wp\/v2\/naslovna?post=914103"}],"curies":[{"name":"wp","href":"https:\/\/api.w.org\/{rel}","templated":true}]}}