{"id":914082,"date":"2025-12-17T18:13:00","date_gmt":"2025-12-17T17:13:00","guid":{"rendered":"https:\/\/dmcsrb.com\/uncategorized\/video-protest-poljoprivrednika-traze-povecanje-agrobudzeta-i-snazniju-podrsku-selima\/"},"modified":"2025-12-17T18:13:00","modified_gmt":"2025-12-17T17:13:00","slug":"video-protest-poljoprivrednika-traze-povecanje-agrobudzeta-i-snazniju-podrsku-selima","status":"publish","type":"post","link":"https:\/\/dmcsrb.com\/en\/drustvo\/video-protest-poljoprivrednika-traze-povecanje-agrobudzeta-i-snazniju-podrsku-selima\/","title":{"rendered":"(VIDEO) Protest poljoprivrednika: Tra\u017ee pove\u0107anje agrobud\u017eeta i sna\u017eniju podr\u0161ku selima"},"content":{"rendered":"<p>&#8220;Sela umiru, a vi \u0107utite &#8220;, \u00a0&#8220;Bez poljoprivrednika nema hrane &#8221; neke su od poruka sa traktora koje su poljoprivrednici iz cijele dr\u017eave danas, umjesto na imanjima, parkirali pored zgrade Vlade u Podgorici. Poru\u010duju da su predugo \u010dekali, imaju i konkretne zahtjeve.<\/p>\n\n\n\n<p>\u201cTra\u017eimo pove\u0107anje agrobud\u017eetana najmanje 5% ukupnog dr\u017eavnog bud\u017eeta, jer se bez ozbiljnog finansijskog okvira ne mo\u017ee govoriti o razvoju poljoprivrede. Tra\u017eimo za\u0161titu doma\u0107e proizvodnje i ravnopravne uslove na tr\u017ei\u0161tu, kao i efikasnu kontrolu uvoza. Tra\u017eimo profesionalan i odgovoran rad institucija, bez ka\u0161njenja, improvizacije i prebacivanja odgovornosti. Tra\u017eimo i sna\u017eniju podr\u0161ku selu, sto\u010darima i mladim poljoprivrednicima, kako bi se zaustavilo pra\u017enjenje ruralnih podru\u010dja\u201d, kazao je predsjednik Poljoprivrednog klastera Crne Gore, Bo\u0161ko Mili\u010di\u0107.<\/p>\n\n\n\n<p><strong>\u201e<\/strong>Osnovni stub suvereniteta jedne dr\u017eave je proizvodnja hrane. Ako ostanemo bez na\u0161ih proizvo\u0111a\u010da, ako nam mladi ljudi odu u strane zemlje, ugasi\u0107emo proizvodnju. Pla\u0107a\u0107emo skupu hranu i proizvodi\u0107emo samo gubitke\u201d, kazao je Vu\u010dko Pe\u0161i\u0107 iz Unije sto\u010dara sjevera Crne Gore.<\/p>\n\n\n\n<p>Me\u0111u okupljenima bio je dr\u017eavni sekretar u Ministarstvu poljoprivrede Andrija Deli\u0107 &#8211; ka\u017ee da ih razumije jer je i sam poljoprivrednik, kao i da \u0107e sve prenijeti premijeru Milojku Spaji\u0107u.<\/p>\n\n\n\n<p>\u201ePredo\u010diti mu da su poljoprivrednici kao posljednji Mohikanci koji ostaju u tim predjelima. Mnogi svakodnevno napu\u0161taju svoja ognji\u0161ta. Mora se ozbiljno napraviti Strategija razvoja poljoprivrede\u201c, kazao je Deli\u0107.<\/p>\n\n\n\n<p>Podsjetimo, agrobud\u017eet za ovu godinu iznosio je 77 milona eura, od kojih je 11 miliona donacija Evropske unije. Poljoprivrednici ka\u017eu da, iako je ministar za narednu godinu najavljivao bud\u017eet od oko stotinu miliona eura, on \u0107e, prema njihovim saznanjima, biti manji i od ovogodi\u0161njeg, dok iz resora na \u010dijem je \u010delu Vladimir Jokovi\u0107 ka\u017eu da \u0107e biti na istom nivou.\u00a0<\/p>\n\n\n\n<figure class=\"wp-block-embed is-type-video is-provider-youtube wp-block-embed-youtube wp-embed-aspect-16-9 wp-has-aspect-ratio\"><div class=\"wp-block-embed__wrapper\">\n<iframe loading=\"lazy\" title=\"Protest poljoprivrednika: Tra\u017ee pove\u0107anje agrobud\u017eeta i sna\u017eniju podr\u0161ku selima\" width=\"500\" height=\"281\" src=\"https:\/\/www.youtube.com\/embed\/FeOHcd35Sv8?feature=oembed\" frameborder=\"0\" allow=\"accelerometer; autoplay; clipboard-write; encrypted-media; gyroscope; picture-in-picture; web-share\" referrerpolicy=\"strict-origin-when-cross-origin\" allowfullscreen><\/iframe>\n<\/div><\/figure>","protected":false},"excerpt":{"rendered":"<p>A poljoprivrednici iz svih krajeva Crne Gore u podne su traktorima blokirali prostor pored zgrade Vlade, upozoravaju\u0107i da je doma\u0107a poljoprivreda na ivici opstanka. Ka\u017eu da su iscrpljeni dugogodi\u0161njim obe\u0107anjima, lo\u0161om agrarnom politikom i ne\u010dinjenjem institucija, te poru\u010duju-ukoliko dr\u017eava ne preuzme odgovornost, protesti \u0107e biti radikalizovani.<\/p>","protected":false},"author":1,"featured_media":914083,"comment_status":"open","ping_status":"open","sticky":false,"template":"","format":"standard","meta":{"_acf_changed":false,"footnotes":""},"categories":[2],"tags":[3501,455],"naslovna":[],"class_list":["post-914082","post","type-post","status-publish","format-standard","has-post-thumbnail","hentry","category-drustvo","tag-poljoprivrednici","tag-protest"],"acf":[],"yoast_head":"<!-- This site is optimized with the Yoast SEO plugin v27.4 - https:\/\/yoast.com\/product\/yoast-seo-wordpress\/ -->\n<title>(VIDEO) Protest poljoprivrednika: Tra\u017ee pove\u0107anje agrobud\u017eeta i sna\u017eniju podr\u0161ku selima - dmcsrb.com<\/title>\n<meta name=\"robots\" content=\"index, follow, max-snippet:-1, max-image-preview:large, max-video-preview:-1\" \/>\n<link rel=\"canonical\" href=\"https:\/\/dmcsrb.com\/en\/drustvo\/video-protest-poljoprivrednika-traze-povecanje-agrobudzeta-i-snazniju-podrsku-selima\/\" \/>\n<meta property=\"og:locale\" content=\"en_GB\" \/>\n<meta property=\"og:type\" content=\"article\" \/>\n<meta property=\"og:title\" content=\"(VIDEO) Protest poljoprivrednika: Tra\u017ee pove\u0107anje agrobud\u017eeta i sna\u017eniju podr\u0161ku selima - dmcsrb.com\" \/>\n<meta property=\"og:description\" content=\"A poljoprivrednici iz svih krajeva Crne Gore u podne su traktorima blokirali prostor pored zgrade Vlade, upozoravaju\u0107i da je doma\u0107a poljoprivreda na ivici opstanka. Ka\u017eu da su iscrpljeni dugogodi\u0161njim obe\u0107anjima, lo\u0161om agrarnom politikom i ne\u010dinjenjem institucija, te poru\u010duju-ukoliko dr\u017eava ne preuzme odgovornost, protesti \u0107e biti radikalizovani.\" \/>\n<meta property=\"og:url\" content=\"https:\/\/dmcsrb.com\/en\/drustvo\/video-protest-poljoprivrednika-traze-povecanje-agrobudzeta-i-snazniju-podrsku-selima\/\" \/>\n<meta property=\"og:site_name\" content=\"dmcsrb.com\" \/>\n<meta property=\"article:published_time\" content=\"2025-12-17T17:13:00+00:00\" \/>\n<meta property=\"og:image\" content=\"https:\/\/dmcsrb.com\/wp-content\/uploads\/2026\/01\/traktor.jpg\" \/>\n\t<meta property=\"og:image:width\" content=\"1837\" \/>\n\t<meta property=\"og:image:height\" content=\"882\" \/>\n\t<meta property=\"og:image:type\" content=\"image\/jpeg\" \/>\n<meta name=\"author\" content=\"dmcsrbija.com@gmail.com\" \/>\n<meta name=\"twitter:card\" content=\"summary_large_image\" \/>\n<meta name=\"twitter:label1\" content=\"Written by\" \/>\n\t<meta name=\"twitter:data1\" content=\"dmcsrbija.com@gmail.com\" \/>\n\t<meta name=\"twitter:label2\" content=\"Estimated reading time\" \/>\n\t<meta name=\"twitter:data2\" content=\"2 minutes\" \/>\n<script type=\"application\/ld+json\" class=\"yoast-schema-graph\">{\"@context\":\"https:\\\/\\\/schema.org\",\"@graph\":[{\"@type\":\"Article\",\"@id\":\"https:\\\/\\\/dmcsrb.com\\\/drustvo\\\/video-protest-poljoprivrednika-traze-povecanje-agrobudzeta-i-snazniju-podrsku-selima\\\/#article\",\"isPartOf\":{\"@id\":\"https:\\\/\\\/dmcsrb.com\\\/drustvo\\\/video-protest-poljoprivrednika-traze-povecanje-agrobudzeta-i-snazniju-podrsku-selima\\\/\"},\"author\":{\"name\":\"dmcsrbija.com@gmail.com\",\"@id\":\"https:\\\/\\\/dmcsrb.com\\\/#\\\/schema\\\/person\\\/5c39170f12db1b8b457732d0b5c854e2\"},\"headline\":\"(VIDEO) Protest poljoprivrednika: Tra\u017ee pove\u0107anje agrobud\u017eeta i sna\u017eniju podr\u0161ku selima\",\"datePublished\":\"2025-12-17T17:13:00+00:00\",\"mainEntityOfPage\":{\"@id\":\"https:\\\/\\\/dmcsrb.com\\\/drustvo\\\/video-protest-poljoprivrednika-traze-povecanje-agrobudzeta-i-snazniju-podrsku-selima\\\/\"},\"wordCount\":332,\"commentCount\":0,\"image\":{\"@id\":\"https:\\\/\\\/dmcsrb.com\\\/drustvo\\\/video-protest-poljoprivrednika-traze-povecanje-agrobudzeta-i-snazniju-podrsku-selima\\\/#primaryimage\"},\"thumbnailUrl\":\"https:\\\/\\\/dmcsrb.com\\\/wp-content\\\/uploads\\\/2026\\\/01\\\/traktor.jpg\",\"keywords\":[\"poljoprivrednici\",\"Protest\"],\"articleSection\":[\"Dru\u0161tvo\"],\"inLanguage\":\"en-GB\",\"potentialAction\":[{\"@type\":\"CommentAction\",\"name\":\"Comment\",\"target\":[\"https:\\\/\\\/dmcsrb.com\\\/drustvo\\\/video-protest-poljoprivrednika-traze-povecanje-agrobudzeta-i-snazniju-podrsku-selima\\\/#respond\"]}]},{\"@type\":\"WebPage\",\"@id\":\"https:\\\/\\\/dmcsrb.com\\\/drustvo\\\/video-protest-poljoprivrednika-traze-povecanje-agrobudzeta-i-snazniju-podrsku-selima\\\/\",\"url\":\"https:\\\/\\\/dmcsrb.com\\\/drustvo\\\/video-protest-poljoprivrednika-traze-povecanje-agrobudzeta-i-snazniju-podrsku-selima\\\/\",\"name\":\"(VIDEO) Protest poljoprivrednika: Tra\u017ee pove\u0107anje agrobud\u017eeta i sna\u017eniju podr\u0161ku selima - dmcsrb.com\",\"isPartOf\":{\"@id\":\"https:\\\/\\\/dmcsrb.com\\\/#website\"},\"primaryImageOfPage\":{\"@id\":\"https:\\\/\\\/dmcsrb.com\\\/drustvo\\\/video-protest-poljoprivrednika-traze-povecanje-agrobudzeta-i-snazniju-podrsku-selima\\\/#primaryimage\"},\"image\":{\"@id\":\"https:\\\/\\\/dmcsrb.com\\\/drustvo\\\/video-protest-poljoprivrednika-traze-povecanje-agrobudzeta-i-snazniju-podrsku-selima\\\/#primaryimage\"},\"thumbnailUrl\":\"https:\\\/\\\/dmcsrb.com\\\/wp-content\\\/uploads\\\/2026\\\/01\\\/traktor.jpg\",\"datePublished\":\"2025-12-17T17:13:00+00:00\",\"author\":{\"@id\":\"https:\\\/\\\/dmcsrb.com\\\/#\\\/schema\\\/person\\\/5c39170f12db1b8b457732d0b5c854e2\"},\"breadcrumb\":{\"@id\":\"https:\\\/\\\/dmcsrb.com\\\/drustvo\\\/video-protest-poljoprivrednika-traze-povecanje-agrobudzeta-i-snazniju-podrsku-selima\\\/#breadcrumb\"},\"inLanguage\":\"en-GB\",\"potentialAction\":[{\"@type\":\"ReadAction\",\"target\":[\"https:\\\/\\\/dmcsrb.com\\\/drustvo\\\/video-protest-poljoprivrednika-traze-povecanje-agrobudzeta-i-snazniju-podrsku-selima\\\/\"]}]},{\"@type\":\"ImageObject\",\"inLanguage\":\"en-GB\",\"@id\":\"https:\\\/\\\/dmcsrb.com\\\/drustvo\\\/video-protest-poljoprivrednika-traze-povecanje-agrobudzeta-i-snazniju-podrsku-selima\\\/#primaryimage\",\"url\":\"https:\\\/\\\/dmcsrb.com\\\/wp-content\\\/uploads\\\/2026\\\/01\\\/traktor.jpg\",\"contentUrl\":\"https:\\\/\\\/dmcsrb.com\\\/wp-content\\\/uploads\\\/2026\\\/01\\\/traktor.jpg\",\"width\":1837,\"height\":882},{\"@type\":\"BreadcrumbList\",\"@id\":\"https:\\\/\\\/dmcsrb.com\\\/drustvo\\\/video-protest-poljoprivrednika-traze-povecanje-agrobudzeta-i-snazniju-podrsku-selima\\\/#breadcrumb\",\"itemListElement\":[{\"@type\":\"ListItem\",\"position\":1,\"name\":\"Home\",\"item\":\"https:\\\/\\\/dmcsrb.com\\\/\"},{\"@type\":\"ListItem\",\"position\":2,\"name\":\"(VIDEO) Protest poljoprivrednika: Tra\u017ee pove\u0107anje agrobud\u017eeta i sna\u017eniju podr\u0161ku selima\"}]},{\"@type\":\"WebSite\",\"@id\":\"https:\\\/\\\/dmcsrb.com\\\/#website\",\"url\":\"https:\\\/\\\/dmcsrb.com\\\/\",\"name\":\"dmcsrb.com\",\"description\":\"\",\"potentialAction\":[{\"@type\":\"SearchAction\",\"target\":{\"@type\":\"EntryPoint\",\"urlTemplate\":\"https:\\\/\\\/dmcsrb.com\\\/?s={search_term_string}\"},\"query-input\":{\"@type\":\"PropertyValueSpecification\",\"valueRequired\":true,\"valueName\":\"search_term_string\"}}],\"inLanguage\":\"en-GB\"},{\"@type\":\"Person\",\"@id\":\"https:\\\/\\\/dmcsrb.com\\\/#\\\/schema\\\/person\\\/5c39170f12db1b8b457732d0b5c854e2\",\"name\":\"dmcsrbija.com@gmail.com\",\"image\":{\"@type\":\"ImageObject\",\"inLanguage\":\"en-GB\",\"@id\":\"https:\\\/\\\/secure.gravatar.com\\\/avatar\\\/68592660ad6347fad0fb587f8d5d8f1a7b44961362f56e4f2cd524feb87e9069?s=96&d=mm&r=g\",\"url\":\"https:\\\/\\\/secure.gravatar.com\\\/avatar\\\/68592660ad6347fad0fb587f8d5d8f1a7b44961362f56e4f2cd524feb87e9069?s=96&d=mm&r=g\",\"contentUrl\":\"https:\\\/\\\/secure.gravatar.com\\\/avatar\\\/68592660ad6347fad0fb587f8d5d8f1a7b44961362f56e4f2cd524feb87e9069?s=96&d=mm&r=g\",\"caption\":\"dmcsrbija.com@gmail.com\"},\"sameAs\":[\"https:\\\/\\\/dmcsrb.com\"],\"url\":\"https:\\\/\\\/dmcsrb.com\\\/en\\\/author\\\/dmcsrbija-comgmail-com\\\/\"}]}<\/script>\n<!-- \/ Yoast SEO plugin. -->","yoast_head_json":{"title":"(VIDEO) Protest poljoprivrednika: Tra\u017ee pove\u0107anje agrobud\u017eeta i sna\u017eniju podr\u0161ku selima - dmcsrb.com","robots":{"index":"index","follow":"follow","max-snippet":"max-snippet:-1","max-image-preview":"max-image-preview:large","max-video-preview":"max-video-preview:-1"},"canonical":"https:\/\/dmcsrb.com\/en\/drustvo\/video-protest-poljoprivrednika-traze-povecanje-agrobudzeta-i-snazniju-podrsku-selima\/","og_locale":"en_GB","og_type":"article","og_title":"(VIDEO) Protest poljoprivrednika: Tra\u017ee pove\u0107anje agrobud\u017eeta i sna\u017eniju podr\u0161ku selima - dmcsrb.com","og_description":"A poljoprivrednici iz svih krajeva Crne Gore u podne su traktorima blokirali prostor pored zgrade Vlade, upozoravaju\u0107i da je doma\u0107a poljoprivreda na ivici opstanka. Ka\u017eu da su iscrpljeni dugogodi\u0161njim obe\u0107anjima, lo\u0161om agrarnom politikom i ne\u010dinjenjem institucija, te poru\u010duju-ukoliko dr\u017eava ne preuzme odgovornost, protesti \u0107e biti radikalizovani.","og_url":"https:\/\/dmcsrb.com\/en\/drustvo\/video-protest-poljoprivrednika-traze-povecanje-agrobudzeta-i-snazniju-podrsku-selima\/","og_site_name":"dmcsrb.com","article_published_time":"2025-12-17T17:13:00+00:00","og_image":[{"width":1837,"height":882,"url":"https:\/\/dmcsrb.com\/wp-content\/uploads\/2026\/01\/traktor.jpg","type":"image\/jpeg"}],"author":"dmcsrbija.com@gmail.com","twitter_card":"summary_large_image","twitter_misc":{"Written by":"dmcsrbija.com@gmail.com","Estimated reading time":"2 minutes"},"schema":{"@context":"https:\/\/schema.org","@graph":[{"@type":"Article","@id":"https:\/\/dmcsrb.com\/drustvo\/video-protest-poljoprivrednika-traze-povecanje-agrobudzeta-i-snazniju-podrsku-selima\/#article","isPartOf":{"@id":"https:\/\/dmcsrb.com\/drustvo\/video-protest-poljoprivrednika-traze-povecanje-agrobudzeta-i-snazniju-podrsku-selima\/"},"author":{"name":"dmcsrbija.com@gmail.com","@id":"https:\/\/dmcsrb.com\/#\/schema\/person\/5c39170f12db1b8b457732d0b5c854e2"},"headline":"(VIDEO) Protest poljoprivrednika: Tra\u017ee pove\u0107anje agrobud\u017eeta i sna\u017eniju podr\u0161ku selima","datePublished":"2025-12-17T17:13:00+00:00","mainEntityOfPage":{"@id":"https:\/\/dmcsrb.com\/drustvo\/video-protest-poljoprivrednika-traze-povecanje-agrobudzeta-i-snazniju-podrsku-selima\/"},"wordCount":332,"commentCount":0,"image":{"@id":"https:\/\/dmcsrb.com\/drustvo\/video-protest-poljoprivrednika-traze-povecanje-agrobudzeta-i-snazniju-podrsku-selima\/#primaryimage"},"thumbnailUrl":"https:\/\/dmcsrb.com\/wp-content\/uploads\/2026\/01\/traktor.jpg","keywords":["poljoprivrednici","Protest"],"articleSection":["Dru\u0161tvo"],"inLanguage":"en-GB","potentialAction":[{"@type":"CommentAction","name":"Comment","target":["https:\/\/dmcsrb.com\/drustvo\/video-protest-poljoprivrednika-traze-povecanje-agrobudzeta-i-snazniju-podrsku-selima\/#respond"]}]},{"@type":"WebPage","@id":"https:\/\/dmcsrb.com\/drustvo\/video-protest-poljoprivrednika-traze-povecanje-agrobudzeta-i-snazniju-podrsku-selima\/","url":"https:\/\/dmcsrb.com\/drustvo\/video-protest-poljoprivrednika-traze-povecanje-agrobudzeta-i-snazniju-podrsku-selima\/","name":"(VIDEO) Protest poljoprivrednika: Tra\u017ee pove\u0107anje agrobud\u017eeta i sna\u017eniju podr\u0161ku selima - dmcsrb.com","isPartOf":{"@id":"https:\/\/dmcsrb.com\/#website"},"primaryImageOfPage":{"@id":"https:\/\/dmcsrb.com\/drustvo\/video-protest-poljoprivrednika-traze-povecanje-agrobudzeta-i-snazniju-podrsku-selima\/#primaryimage"},"image":{"@id":"https:\/\/dmcsrb.com\/drustvo\/video-protest-poljoprivrednika-traze-povecanje-agrobudzeta-i-snazniju-podrsku-selima\/#primaryimage"},"thumbnailUrl":"https:\/\/dmcsrb.com\/wp-content\/uploads\/2026\/01\/traktor.jpg","datePublished":"2025-12-17T17:13:00+00:00","author":{"@id":"https:\/\/dmcsrb.com\/#\/schema\/person\/5c39170f12db1b8b457732d0b5c854e2"},"breadcrumb":{"@id":"https:\/\/dmcsrb.com\/drustvo\/video-protest-poljoprivrednika-traze-povecanje-agrobudzeta-i-snazniju-podrsku-selima\/#breadcrumb"},"inLanguage":"en-GB","potentialAction":[{"@type":"ReadAction","target":["https:\/\/dmcsrb.com\/drustvo\/video-protest-poljoprivrednika-traze-povecanje-agrobudzeta-i-snazniju-podrsku-selima\/"]}]},{"@type":"ImageObject","inLanguage":"en-GB","@id":"https:\/\/dmcsrb.com\/drustvo\/video-protest-poljoprivrednika-traze-povecanje-agrobudzeta-i-snazniju-podrsku-selima\/#primaryimage","url":"https:\/\/dmcsrb.com\/wp-content\/uploads\/2026\/01\/traktor.jpg","contentUrl":"https:\/\/dmcsrb.com\/wp-content\/uploads\/2026\/01\/traktor.jpg","width":1837,"height":882},{"@type":"BreadcrumbList","@id":"https:\/\/dmcsrb.com\/drustvo\/video-protest-poljoprivrednika-traze-povecanje-agrobudzeta-i-snazniju-podrsku-selima\/#breadcrumb","itemListElement":[{"@type":"ListItem","position":1,"name":"Home","item":"https:\/\/dmcsrb.com\/"},{"@type":"ListItem","position":2,"name":"(VIDEO) Protest poljoprivrednika: Tra\u017ee pove\u0107anje agrobud\u017eeta i sna\u017eniju podr\u0161ku selima"}]},{"@type":"WebSite","@id":"https:\/\/dmcsrb.com\/#website","url":"https:\/\/dmcsrb.com\/","name":"dmcsrb.com","description":"","potentialAction":[{"@type":"SearchAction","target":{"@type":"EntryPoint","urlTemplate":"https:\/\/dmcsrb.com\/?s={search_term_string}"},"query-input":{"@type":"PropertyValueSpecification","valueRequired":true,"valueName":"search_term_string"}}],"inLanguage":"en-GB"},{"@type":"Person","@id":"https:\/\/dmcsrb.com\/#\/schema\/person\/5c39170f12db1b8b457732d0b5c854e2","name":"dmcsrbija.com@gmail.com","image":{"@type":"ImageObject","inLanguage":"en-GB","@id":"https:\/\/secure.gravatar.com\/avatar\/68592660ad6347fad0fb587f8d5d8f1a7b44961362f56e4f2cd524feb87e9069?s=96&d=mm&r=g","url":"https:\/\/secure.gravatar.com\/avatar\/68592660ad6347fad0fb587f8d5d8f1a7b44961362f56e4f2cd524feb87e9069?s=96&d=mm&r=g","contentUrl":"https:\/\/secure.gravatar.com\/avatar\/68592660ad6347fad0fb587f8d5d8f1a7b44961362f56e4f2cd524feb87e9069?s=96&d=mm&r=g","caption":"dmcsrbija.com@gmail.com"},"sameAs":["https:\/\/dmcsrb.com"],"url":"https:\/\/dmcsrb.com\/en\/author\/dmcsrbija-comgmail-com\/"}]}},"_links":{"self":[{"href":"https:\/\/dmcsrb.com\/en\/wp-json\/wp\/v2\/posts\/914082","targetHints":{"allow":["GET"]}}],"collection":[{"href":"https:\/\/dmcsrb.com\/en\/wp-json\/wp\/v2\/posts"}],"about":[{"href":"https:\/\/dmcsrb.com\/en\/wp-json\/wp\/v2\/types\/post"}],"author":[{"embeddable":true,"href":"https:\/\/dmcsrb.com\/en\/wp-json\/wp\/v2\/users\/1"}],"replies":[{"embeddable":true,"href":"https:\/\/dmcsrb.com\/en\/wp-json\/wp\/v2\/comments?post=914082"}],"version-history":[{"count":0,"href":"https:\/\/dmcsrb.com\/en\/wp-json\/wp\/v2\/posts\/914082\/revisions"}],"wp:featuredmedia":[{"embeddable":true,"href":"https:\/\/dmcsrb.com\/en\/wp-json\/wp\/v2\/media\/914083"}],"wp:attachment":[{"href":"https:\/\/dmcsrb.com\/en\/wp-json\/wp\/v2\/media?parent=914082"}],"wp:term":[{"taxonomy":"category","embeddable":true,"href":"https:\/\/dmcsrb.com\/en\/wp-json\/wp\/v2\/categories?post=914082"},{"taxonomy":"post_tag","embeddable":true,"href":"https:\/\/dmcsrb.com\/en\/wp-json\/wp\/v2\/tags?post=914082"},{"taxonomy":"naslovna","embeddable":true,"href":"https:\/\/dmcsrb.com\/en\/wp-json\/wp\/v2\/naslovna?post=914082"}],"curies":[{"name":"wp","href":"https:\/\/api.w.org\/{rel}","templated":true}]}}