{"id":914048,"date":"2025-12-17T17:20:00","date_gmt":"2025-12-17T16:20:00","guid":{"rendered":"https:\/\/dmcsrb.com\/uncategorized\/informativno-edukativna-kampanja-arhus-karavan-2025-u-herceg-novom\/"},"modified":"2025-12-17T17:20:00","modified_gmt":"2025-12-17T16:20:00","slug":"informativno-edukativna-kampanja-arhus-karavan-2025-u-herceg-novom","status":"publish","type":"post","link":"https:\/\/dmcsrb.com\/en\/drustvo\/informativno-edukativna-kampanja-arhus-karavan-2025-u-herceg-novom\/","title":{"rendered":"Informativno-edukativna kampanja \u201eArhus karavan 2025\u201c u Herceg Novom"},"content":{"rendered":"<p>Prema rije\u010dima Bojane Obradovi\u0107 iz Agencije za za\u0161titu \u017eivotne sredine, Arhus karavan je inicijativa \u010diji je cilj unaprije\u0111enje primjene Arhuske konvencije na lokalnom nivou, u okviru koje gra\u0111ani mogu da se interesuju za svako pitanje koje ima veze sa za\u0161titom \u017eivotne sredine.<\/p>\n\n\n\n<p>\u2013 Po\u0161to je ovo jedan u\u017eu koncept, do\u0161li smo u Herceg Novi da \u010dujemo \u0161ta su zapravo goru\u0107i problemi na ovom lokalnom nivou. Teme koje smo obradili i koje vidimo da su od najve\u0107eg interesa su upravljanje otpadom, divlje deponije, skladi\u0161tenje i odvoz guma. To je bio na\u0161 foku, sa onda \u0107emo sa svim zainteresovanim stranama, odnosno ljudima koji su uklju\u010deni u inicijativu Arhus karavana, da vidimo na koji na\u010din \u0107emo da rje\u0161avamo zajedni\u010dki ove probleme \u2013 objasnila je ona.<\/p>\n\n\n\n<p>Potpredsjednik Op\u0161tine Herceg Novi Ivan Otovi\u0107 je kazao da se na granici Parka prirode Orjen trenutno nalazi oko 800 tona nelegalno deponovanih iskori\u0161\u0107enih guma, pa je izuzetno va\u017eno da u narednom periodu lokalna uprava krene da sanira ekolo\u0161ke crne ta\u010dke.<\/p>\n\n\n\n<p>\u2013 Imamo naslije\u0111ene probleme, koje nije lako rije\u0161titi, prije svega \u0161to na nivou \u010ditave dr\u017eave upravljanje otpadom nije ne\u0161to \u0161to nam je ja\u010da stran. Ali samo pribli\u017eavanje i vi\u0161e nego o\u010digledan ulazak Crne Gore u Evropsku uniju, name\u0107e nam jo\u0161 jednu obavezu, da na odgovaraju\u0107i i savjestan na\u010din upravljamo otpadom. Vjerujem da ba\u0161 ovako direktna komunikacija sa Agencijom za za\u0161titu \u017eivotne sredine mo\u017ee nam pomo\u0107i, prije svega u tom domenu da direktno sa njima iskomuniciramo sve probleme koji postoje u na\u0161em gradu i da o\u010dekujemo i njihovu podr\u0161ku, kako su oni i krovna organizacija koja se bavi za\u0161titom \u017eivotne sredine \u2013 kazao je on.<\/p>\n\n\n\n<p>Na sastanku je bilo rije\u010di i o za\u0161titi Plave \u0161pilje, a kako navodi Otovi\u0107, u narednom periodu bi\u0107e potpisan ugovor o saradnji Op\u0161tine Herceg Novi i Agencije u cilju izrade studije o za\u0161titi ovog prirodnog lokaliteta.<\/p>\n\n\n\n<p>\u201eArhus karavan\u201c je inicijativa koju realizuju Agencija za za\u0161titu \u017eivotne sredine, Ministarstvo ekologije, odr\u017eivog razvoja i razvoja sjevera, Ekolo\u0161ki pokret \u201eOzon\u201d i Deponija d.o.o. Podgorica, u saradnji sa nadle\u017enim institucijama i Arhus centrima, a uz podr\u0161ku Eko fonda.<\/p>","protected":false},"excerpt":{"rendered":"<p>Koncept Arhus karavana je volja za rje\u0161avanjem ekolo\u0161kih problema. Na nelegalnoj deponiji na Orjenu, prema procjenama trenutno je oko 800 tona iskori\u0161\u0107enih guma.<\/p>","protected":false},"author":1,"featured_media":914049,"comment_status":"open","ping_status":"open","sticky":false,"template":"","format":"standard","meta":{"_acf_changed":false,"footnotes":""},"categories":[2],"tags":[3481,3482,48,3483,3484],"naslovna":[],"class_list":["post-914048","post","type-post","status-publish","format-standard","has-post-thumbnail","hentry","category-drustvo","tag-arhus-karavana-2025","tag-bojana-obradovic","tag-herceg-novi","tag-ivan-otovic","tag-upravljanje-otpadom"],"acf":[],"yoast_head":"<!-- This site is optimized with the Yoast SEO plugin v27.4 - https:\/\/yoast.com\/product\/yoast-seo-wordpress\/ -->\n<title>Informativno-edukativna kampanja \u201eArhus karavan 2025\u201c u Herceg Novom - dmcsrb.com<\/title>\n<meta name=\"robots\" content=\"index, follow, max-snippet:-1, max-image-preview:large, max-video-preview:-1\" \/>\n<link rel=\"canonical\" href=\"https:\/\/dmcsrb.com\/en\/drustvo\/informativno-edukativna-kampanja-arhus-karavan-2025-u-herceg-novom\/\" \/>\n<meta property=\"og:locale\" content=\"en_GB\" \/>\n<meta property=\"og:type\" content=\"article\" \/>\n<meta property=\"og:title\" content=\"Informativno-edukativna kampanja \u201eArhus karavan 2025\u201c u Herceg Novom - dmcsrb.com\" \/>\n<meta property=\"og:description\" content=\"Koncept Arhus karavana je volja za rje\u0161avanjem ekolo\u0161kih problema. Na nelegalnoj deponiji na Orjenu, prema procjenama trenutno je oko 800 tona iskori\u0161\u0107enih guma.\" \/>\n<meta property=\"og:url\" content=\"https:\/\/dmcsrb.com\/en\/drustvo\/informativno-edukativna-kampanja-arhus-karavan-2025-u-herceg-novom\/\" \/>\n<meta property=\"og:site_name\" content=\"dmcsrb.com\" \/>\n<meta property=\"article:published_time\" content=\"2025-12-17T16:20:00+00:00\" \/>\n<meta property=\"og:image\" content=\"https:\/\/dmcsrb.com\/wp-content\/uploads\/2026\/01\/Arhus-karavan-HN.jpg\" \/>\n\t<meta property=\"og:image:width\" content=\"1068\" \/>\n\t<meta property=\"og:image:height\" content=\"601\" \/>\n\t<meta property=\"og:image:type\" content=\"image\/jpeg\" \/>\n<meta name=\"author\" content=\"dmcsrbija.com@gmail.com\" \/>\n<meta name=\"twitter:card\" content=\"summary_large_image\" \/>\n<meta name=\"twitter:label1\" content=\"Written by\" \/>\n\t<meta name=\"twitter:data1\" content=\"dmcsrbija.com@gmail.com\" \/>\n\t<meta name=\"twitter:label2\" content=\"Estimated reading time\" \/>\n\t<meta name=\"twitter:data2\" content=\"2 minutes\" \/>\n<script type=\"application\/ld+json\" class=\"yoast-schema-graph\">{\"@context\":\"https:\\\/\\\/schema.org\",\"@graph\":[{\"@type\":\"Article\",\"@id\":\"https:\\\/\\\/dmcsrb.com\\\/drustvo\\\/informativno-edukativna-kampanja-arhus-karavan-2025-u-herceg-novom\\\/#article\",\"isPartOf\":{\"@id\":\"https:\\\/\\\/dmcsrb.com\\\/drustvo\\\/informativno-edukativna-kampanja-arhus-karavan-2025-u-herceg-novom\\\/\"},\"author\":{\"name\":\"dmcsrbija.com@gmail.com\",\"@id\":\"https:\\\/\\\/dmcsrb.com\\\/#\\\/schema\\\/person\\\/5c39170f12db1b8b457732d0b5c854e2\"},\"headline\":\"Informativno-edukativna kampanja \u201eArhus karavan 2025\u201c u Herceg Novom\",\"datePublished\":\"2025-12-17T16:20:00+00:00\",\"mainEntityOfPage\":{\"@id\":\"https:\\\/\\\/dmcsrb.com\\\/drustvo\\\/informativno-edukativna-kampanja-arhus-karavan-2025-u-herceg-novom\\\/\"},\"wordCount\":392,\"commentCount\":0,\"image\":{\"@id\":\"https:\\\/\\\/dmcsrb.com\\\/drustvo\\\/informativno-edukativna-kampanja-arhus-karavan-2025-u-herceg-novom\\\/#primaryimage\"},\"thumbnailUrl\":\"https:\\\/\\\/dmcsrb.com\\\/wp-content\\\/uploads\\\/2026\\\/01\\\/Arhus-karavan-HN.jpg\",\"keywords\":[\"Arhus karavana 2025\",\"Bojana Obradovi\u0107\",\"Herceg Novi\",\"Ivan Otovi\u0107\",\"Upravljanje otpadom\"],\"articleSection\":[\"Dru\u0161tvo\"],\"inLanguage\":\"en-GB\",\"potentialAction\":[{\"@type\":\"CommentAction\",\"name\":\"Comment\",\"target\":[\"https:\\\/\\\/dmcsrb.com\\\/drustvo\\\/informativno-edukativna-kampanja-arhus-karavan-2025-u-herceg-novom\\\/#respond\"]}]},{\"@type\":\"WebPage\",\"@id\":\"https:\\\/\\\/dmcsrb.com\\\/drustvo\\\/informativno-edukativna-kampanja-arhus-karavan-2025-u-herceg-novom\\\/\",\"url\":\"https:\\\/\\\/dmcsrb.com\\\/drustvo\\\/informativno-edukativna-kampanja-arhus-karavan-2025-u-herceg-novom\\\/\",\"name\":\"Informativno-edukativna kampanja \u201eArhus karavan 2025\u201c u Herceg Novom - dmcsrb.com\",\"isPartOf\":{\"@id\":\"https:\\\/\\\/dmcsrb.com\\\/#website\"},\"primaryImageOfPage\":{\"@id\":\"https:\\\/\\\/dmcsrb.com\\\/drustvo\\\/informativno-edukativna-kampanja-arhus-karavan-2025-u-herceg-novom\\\/#primaryimage\"},\"image\":{\"@id\":\"https:\\\/\\\/dmcsrb.com\\\/drustvo\\\/informativno-edukativna-kampanja-arhus-karavan-2025-u-herceg-novom\\\/#primaryimage\"},\"thumbnailUrl\":\"https:\\\/\\\/dmcsrb.com\\\/wp-content\\\/uploads\\\/2026\\\/01\\\/Arhus-karavan-HN.jpg\",\"datePublished\":\"2025-12-17T16:20:00+00:00\",\"author\":{\"@id\":\"https:\\\/\\\/dmcsrb.com\\\/#\\\/schema\\\/person\\\/5c39170f12db1b8b457732d0b5c854e2\"},\"breadcrumb\":{\"@id\":\"https:\\\/\\\/dmcsrb.com\\\/drustvo\\\/informativno-edukativna-kampanja-arhus-karavan-2025-u-herceg-novom\\\/#breadcrumb\"},\"inLanguage\":\"en-GB\",\"potentialAction\":[{\"@type\":\"ReadAction\",\"target\":[\"https:\\\/\\\/dmcsrb.com\\\/drustvo\\\/informativno-edukativna-kampanja-arhus-karavan-2025-u-herceg-novom\\\/\"]}]},{\"@type\":\"ImageObject\",\"inLanguage\":\"en-GB\",\"@id\":\"https:\\\/\\\/dmcsrb.com\\\/drustvo\\\/informativno-edukativna-kampanja-arhus-karavan-2025-u-herceg-novom\\\/#primaryimage\",\"url\":\"https:\\\/\\\/dmcsrb.com\\\/wp-content\\\/uploads\\\/2026\\\/01\\\/Arhus-karavan-HN.jpg\",\"contentUrl\":\"https:\\\/\\\/dmcsrb.com\\\/wp-content\\\/uploads\\\/2026\\\/01\\\/Arhus-karavan-HN.jpg\",\"width\":1068,\"height\":601},{\"@type\":\"BreadcrumbList\",\"@id\":\"https:\\\/\\\/dmcsrb.com\\\/drustvo\\\/informativno-edukativna-kampanja-arhus-karavan-2025-u-herceg-novom\\\/#breadcrumb\",\"itemListElement\":[{\"@type\":\"ListItem\",\"position\":1,\"name\":\"Home\",\"item\":\"https:\\\/\\\/dmcsrb.com\\\/\"},{\"@type\":\"ListItem\",\"position\":2,\"name\":\"Informativno-edukativna kampanja \u201eArhus karavan 2025\u201c u Herceg Novom\"}]},{\"@type\":\"WebSite\",\"@id\":\"https:\\\/\\\/dmcsrb.com\\\/#website\",\"url\":\"https:\\\/\\\/dmcsrb.com\\\/\",\"name\":\"dmcsrb.com\",\"description\":\"\",\"potentialAction\":[{\"@type\":\"SearchAction\",\"target\":{\"@type\":\"EntryPoint\",\"urlTemplate\":\"https:\\\/\\\/dmcsrb.com\\\/?s={search_term_string}\"},\"query-input\":{\"@type\":\"PropertyValueSpecification\",\"valueRequired\":true,\"valueName\":\"search_term_string\"}}],\"inLanguage\":\"en-GB\"},{\"@type\":\"Person\",\"@id\":\"https:\\\/\\\/dmcsrb.com\\\/#\\\/schema\\\/person\\\/5c39170f12db1b8b457732d0b5c854e2\",\"name\":\"dmcsrbija.com@gmail.com\",\"image\":{\"@type\":\"ImageObject\",\"inLanguage\":\"en-GB\",\"@id\":\"https:\\\/\\\/secure.gravatar.com\\\/avatar\\\/68592660ad6347fad0fb587f8d5d8f1a7b44961362f56e4f2cd524feb87e9069?s=96&d=mm&r=g\",\"url\":\"https:\\\/\\\/secure.gravatar.com\\\/avatar\\\/68592660ad6347fad0fb587f8d5d8f1a7b44961362f56e4f2cd524feb87e9069?s=96&d=mm&r=g\",\"contentUrl\":\"https:\\\/\\\/secure.gravatar.com\\\/avatar\\\/68592660ad6347fad0fb587f8d5d8f1a7b44961362f56e4f2cd524feb87e9069?s=96&d=mm&r=g\",\"caption\":\"dmcsrbija.com@gmail.com\"},\"sameAs\":[\"https:\\\/\\\/dmcsrb.com\"],\"url\":\"https:\\\/\\\/dmcsrb.com\\\/en\\\/author\\\/dmcsrbija-comgmail-com\\\/\"}]}<\/script>\n<!-- \/ Yoast SEO plugin. -->","yoast_head_json":{"title":"Informativno-edukativna kampanja \u201eArhus karavan 2025\u201c u Herceg Novom - dmcsrb.com","robots":{"index":"index","follow":"follow","max-snippet":"max-snippet:-1","max-image-preview":"max-image-preview:large","max-video-preview":"max-video-preview:-1"},"canonical":"https:\/\/dmcsrb.com\/en\/drustvo\/informativno-edukativna-kampanja-arhus-karavan-2025-u-herceg-novom\/","og_locale":"en_GB","og_type":"article","og_title":"Informativno-edukativna kampanja \u201eArhus karavan 2025\u201c u Herceg Novom - dmcsrb.com","og_description":"Koncept Arhus karavana je volja za rje\u0161avanjem ekolo\u0161kih problema. Na nelegalnoj deponiji na Orjenu, prema procjenama trenutno je oko 800 tona iskori\u0161\u0107enih guma.","og_url":"https:\/\/dmcsrb.com\/en\/drustvo\/informativno-edukativna-kampanja-arhus-karavan-2025-u-herceg-novom\/","og_site_name":"dmcsrb.com","article_published_time":"2025-12-17T16:20:00+00:00","og_image":[{"width":1068,"height":601,"url":"https:\/\/dmcsrb.com\/wp-content\/uploads\/2026\/01\/Arhus-karavan-HN.jpg","type":"image\/jpeg"}],"author":"dmcsrbija.com@gmail.com","twitter_card":"summary_large_image","twitter_misc":{"Written by":"dmcsrbija.com@gmail.com","Estimated reading time":"2 minutes"},"schema":{"@context":"https:\/\/schema.org","@graph":[{"@type":"Article","@id":"https:\/\/dmcsrb.com\/drustvo\/informativno-edukativna-kampanja-arhus-karavan-2025-u-herceg-novom\/#article","isPartOf":{"@id":"https:\/\/dmcsrb.com\/drustvo\/informativno-edukativna-kampanja-arhus-karavan-2025-u-herceg-novom\/"},"author":{"name":"dmcsrbija.com@gmail.com","@id":"https:\/\/dmcsrb.com\/#\/schema\/person\/5c39170f12db1b8b457732d0b5c854e2"},"headline":"Informativno-edukativna kampanja \u201eArhus karavan 2025\u201c u Herceg Novom","datePublished":"2025-12-17T16:20:00+00:00","mainEntityOfPage":{"@id":"https:\/\/dmcsrb.com\/drustvo\/informativno-edukativna-kampanja-arhus-karavan-2025-u-herceg-novom\/"},"wordCount":392,"commentCount":0,"image":{"@id":"https:\/\/dmcsrb.com\/drustvo\/informativno-edukativna-kampanja-arhus-karavan-2025-u-herceg-novom\/#primaryimage"},"thumbnailUrl":"https:\/\/dmcsrb.com\/wp-content\/uploads\/2026\/01\/Arhus-karavan-HN.jpg","keywords":["Arhus karavana 2025","Bojana Obradovi\u0107","Herceg Novi","Ivan Otovi\u0107","Upravljanje otpadom"],"articleSection":["Dru\u0161tvo"],"inLanguage":"en-GB","potentialAction":[{"@type":"CommentAction","name":"Comment","target":["https:\/\/dmcsrb.com\/drustvo\/informativno-edukativna-kampanja-arhus-karavan-2025-u-herceg-novom\/#respond"]}]},{"@type":"WebPage","@id":"https:\/\/dmcsrb.com\/drustvo\/informativno-edukativna-kampanja-arhus-karavan-2025-u-herceg-novom\/","url":"https:\/\/dmcsrb.com\/drustvo\/informativno-edukativna-kampanja-arhus-karavan-2025-u-herceg-novom\/","name":"Informativno-edukativna kampanja \u201eArhus karavan 2025\u201c u Herceg Novom - dmcsrb.com","isPartOf":{"@id":"https:\/\/dmcsrb.com\/#website"},"primaryImageOfPage":{"@id":"https:\/\/dmcsrb.com\/drustvo\/informativno-edukativna-kampanja-arhus-karavan-2025-u-herceg-novom\/#primaryimage"},"image":{"@id":"https:\/\/dmcsrb.com\/drustvo\/informativno-edukativna-kampanja-arhus-karavan-2025-u-herceg-novom\/#primaryimage"},"thumbnailUrl":"https:\/\/dmcsrb.com\/wp-content\/uploads\/2026\/01\/Arhus-karavan-HN.jpg","datePublished":"2025-12-17T16:20:00+00:00","author":{"@id":"https:\/\/dmcsrb.com\/#\/schema\/person\/5c39170f12db1b8b457732d0b5c854e2"},"breadcrumb":{"@id":"https:\/\/dmcsrb.com\/drustvo\/informativno-edukativna-kampanja-arhus-karavan-2025-u-herceg-novom\/#breadcrumb"},"inLanguage":"en-GB","potentialAction":[{"@type":"ReadAction","target":["https:\/\/dmcsrb.com\/drustvo\/informativno-edukativna-kampanja-arhus-karavan-2025-u-herceg-novom\/"]}]},{"@type":"ImageObject","inLanguage":"en-GB","@id":"https:\/\/dmcsrb.com\/drustvo\/informativno-edukativna-kampanja-arhus-karavan-2025-u-herceg-novom\/#primaryimage","url":"https:\/\/dmcsrb.com\/wp-content\/uploads\/2026\/01\/Arhus-karavan-HN.jpg","contentUrl":"https:\/\/dmcsrb.com\/wp-content\/uploads\/2026\/01\/Arhus-karavan-HN.jpg","width":1068,"height":601},{"@type":"BreadcrumbList","@id":"https:\/\/dmcsrb.com\/drustvo\/informativno-edukativna-kampanja-arhus-karavan-2025-u-herceg-novom\/#breadcrumb","itemListElement":[{"@type":"ListItem","position":1,"name":"Home","item":"https:\/\/dmcsrb.com\/"},{"@type":"ListItem","position":2,"name":"Informativno-edukativna kampanja \u201eArhus karavan 2025\u201c u Herceg Novom"}]},{"@type":"WebSite","@id":"https:\/\/dmcsrb.com\/#website","url":"https:\/\/dmcsrb.com\/","name":"dmcsrb.com","description":"","potentialAction":[{"@type":"SearchAction","target":{"@type":"EntryPoint","urlTemplate":"https:\/\/dmcsrb.com\/?s={search_term_string}"},"query-input":{"@type":"PropertyValueSpecification","valueRequired":true,"valueName":"search_term_string"}}],"inLanguage":"en-GB"},{"@type":"Person","@id":"https:\/\/dmcsrb.com\/#\/schema\/person\/5c39170f12db1b8b457732d0b5c854e2","name":"dmcsrbija.com@gmail.com","image":{"@type":"ImageObject","inLanguage":"en-GB","@id":"https:\/\/secure.gravatar.com\/avatar\/68592660ad6347fad0fb587f8d5d8f1a7b44961362f56e4f2cd524feb87e9069?s=96&d=mm&r=g","url":"https:\/\/secure.gravatar.com\/avatar\/68592660ad6347fad0fb587f8d5d8f1a7b44961362f56e4f2cd524feb87e9069?s=96&d=mm&r=g","contentUrl":"https:\/\/secure.gravatar.com\/avatar\/68592660ad6347fad0fb587f8d5d8f1a7b44961362f56e4f2cd524feb87e9069?s=96&d=mm&r=g","caption":"dmcsrbija.com@gmail.com"},"sameAs":["https:\/\/dmcsrb.com"],"url":"https:\/\/dmcsrb.com\/en\/author\/dmcsrbija-comgmail-com\/"}]}},"_links":{"self":[{"href":"https:\/\/dmcsrb.com\/en\/wp-json\/wp\/v2\/posts\/914048","targetHints":{"allow":["GET"]}}],"collection":[{"href":"https:\/\/dmcsrb.com\/en\/wp-json\/wp\/v2\/posts"}],"about":[{"href":"https:\/\/dmcsrb.com\/en\/wp-json\/wp\/v2\/types\/post"}],"author":[{"embeddable":true,"href":"https:\/\/dmcsrb.com\/en\/wp-json\/wp\/v2\/users\/1"}],"replies":[{"embeddable":true,"href":"https:\/\/dmcsrb.com\/en\/wp-json\/wp\/v2\/comments?post=914048"}],"version-history":[{"count":0,"href":"https:\/\/dmcsrb.com\/en\/wp-json\/wp\/v2\/posts\/914048\/revisions"}],"wp:featuredmedia":[{"embeddable":true,"href":"https:\/\/dmcsrb.com\/en\/wp-json\/wp\/v2\/media\/914049"}],"wp:attachment":[{"href":"https:\/\/dmcsrb.com\/en\/wp-json\/wp\/v2\/media?parent=914048"}],"wp:term":[{"taxonomy":"category","embeddable":true,"href":"https:\/\/dmcsrb.com\/en\/wp-json\/wp\/v2\/categories?post=914048"},{"taxonomy":"post_tag","embeddable":true,"href":"https:\/\/dmcsrb.com\/en\/wp-json\/wp\/v2\/tags?post=914048"},{"taxonomy":"naslovna","embeddable":true,"href":"https:\/\/dmcsrb.com\/en\/wp-json\/wp\/v2\/naslovna?post=914048"}],"curies":[{"name":"wp","href":"https:\/\/api.w.org\/{rel}","templated":true}]}}