{"id":914037,"date":"2025-12-17T16:30:00","date_gmt":"2025-12-17T15:30:00","guid":{"rendered":"https:\/\/dmcsrb.com\/uncategorized\/belan-i-cikotic-stali-uz-procesuirane-gradjane-pozvali-na-protest-na-gorici-19-decembra\/"},"modified":"2025-12-17T16:30:00","modified_gmt":"2025-12-17T15:30:00","slug":"belan-i-cikotic-stali-uz-procesuirane-gradjane-pozvali-na-protest-na-gorici-19-decembra","status":"publish","type":"post","link":"https:\/\/dmcsrb.com\/en\/politika\/belan-i-cikotic-stali-uz-procesuirane-gradjane-pozvali-na-protest-na-gorici-19-decembra\/","title":{"rendered":"Belan i Cikoti\u0107 stali uz procesuirane gra\u0111ane, pozvali na protest na Gorici 19. decembra"},"content":{"rendered":"<p><\/p>\n\n\n\n<p><\/p>\n\n\n\n<p>Predsjednik Liberalne partije i jedan od lidera Evropskog saveza Vatroslav Belan kazao je da ne\u0107e lako pre\u0107i preko poku\u0161aja da nadle\u017eni organi zastra\u0161e slobodnomisle\u0107e ljude i one koji su bez obzira na sve mogu\u0107e posljedice spremni da se bore protiv promocije fa\u0161izma, \u0161ovinizma i protiv najdrskijih prevara i manipulacija, \u010diji su pokrovitelji Vlada i Skup\u0161tina Crne Gore i aktuelna parlamentarna ve\u0107ina.<\/p>\n\n\n\n<p>\u201eMe\u0111u 35 procesuiranih lica su i na\u0161ih pet kolega iz Evropskog saveza. Procesuirani su potpredsjednik LP Aleksandar Ljumovi\u0107, me\u0111unarodni sekretar SD Milo\u0161 \u0110uri\u010dkovi\u0107 i generalni sekretar LP Esad \u0160ainovi\u0107, kao i dvojica kolega iz lokalnih odbora u Podgorici i sa Cetinja. Stojimo uz njih i uz sve procesuirane gra\u0111anke i gra\u0111ane, jer oni na protestu nisu bili revoltirani zbog neke svoje neispunjene li\u010dne ili uskopartijske stvari ili hira, ve\u0107 su se borili za univerzalne vrijednosti na kojima mora po\u010divati svako dru\u0161tvo i savremena, gra\u0111anska i evropska Crna Gora \u2013 vrijednosti antifa\u0161izma, gra\u0111anskog dru\u0161tva, pravde i etike\u201d, istakao je Belan.<\/p>\n\n\n\n<p>Belan je postavio pitanje ko je u navedenom slu\u010daju omalova\u017eio dr\u017eavu, protestanti ili oni koji su dodijelili nagradu Be\u0107iru Vukovi\u0107u.<\/p>\n\n\n\n<p>\u201eOdgovor je jasan, ali po\u0161to je sasvim o\u010dekivano da Be\u010di\u0107 i \u0160aranovi\u0107 ne\u0107e pokrenuti prekr\u0161ajne postupke, kamoli krivi\u010dne, protiv Andrije Mandi\u0107a, Be\u0107ira Vukovi\u0107a i \u017eirija za dodjelu Trinaestojulske nagrade, onda je bila obaveza nas gra\u0111ana da branimo i antifa\u0161isti\u010dku Crnu Goru i vrijednosti na kojima po\u010divaju civilizovana demokratska dru\u0161tva\u201d, dodao je Belan.<\/p>\n\n\n\n<p>Belan je upitao koju poruku mladim generacijama \u0161aljemo kada najzna\u010dajniju dr\u017eavnu nagradu dodjeljujemo \u010dovjeku koji iskazuje \u0161ovinisti\u010dke stavove prema jednoj naciji i dr\u017eavi, \u010dak sopstvenoj dr\u017eavi, i to za djelo koje nije napisano i koji otvoreno i pervezno, i da ne trepne vara, obmanjuje, cijelu naciju da je njegovo \u201edjelo\u201c negdje i nekad katalogizovano, a jasno je da nije bilo ni u Crnoj Gori, ni \u010dak u Srbiji.<\/p>\n\n\n\n<p>\u201e\u017delimo mladim ljudima poslati poruku da Be\u0107ir Vukovi\u0107 i svi oni koji su ga nagradili nisu i ne smiju biti primjer na koje je potrebno da se ugledaju. Da je ova dodjela samo sramni ekces kojim se poku\u0161avaju ukaljati i ruglu izvrnuti vrijednosti Trinaestog jula i da \u0107emo u ovom dru\u0161tvu na kraju pobjediti mi koji se borimo da se budu\u0107nost Crne Gore temelji na osnovnim i univerzalnim ljudskim vrijednostima\u201d, rekao je Belan.<\/p>\n\n\n\n<p>Potpredsjednica SDP-a i predstavnica Evropskog saveza Amina Cikoti\u0107 je obra\u0107aju\u0107i se javnosti izrazila zabrinutost za pravac kojim ide Crna Gora i za kakve vrijednosti dr\u017eava danas \u0161titi, a kakve ka\u017enjava.<\/p>\n\n\n\n<p>Prema njenim rije\u010dima &nbsp;\u201cprekr\u0161aj\u201d procesuiranih gra\u0111ana bio je to \u0161to su mirno, javno i odgovorno izrazili neslaganje sa jednom duboko spornom odlukom dr\u017eave- dodjelom Trinaestojulske nagrade Be\u0107iru Vukovi\u0107u.<\/p>\n\n\n\n<p>\u2028\u201eBe\u0107ir Vukovi\u0107 je ogledalo dana\u0161nje vlasti i on je njihova vrijednosna poruka. Poruka relativizacije antifa\u0161izma, negiranja crnogorske dr\u017eavnosti i poku\u0161aja da se istorijski revizionizam uvede u institucije kroz najve\u0107a dr\u017eavna priznanja. Zato je protest ispred Vile Gorica bio legitiman, gra\u0111anski i nu\u017ean. Bio je izraz savjesti i odgovornosti prema dr\u017eavi koja je nastala na antifa\u0161isti\u010dkim temeljima. I onda, umjesto da vlast koja nam svakodnevno pri\u010da o eu vrijednostima stane u za\u0161titu ba\u0161 tih vrijednosti, ona vr\u0161i represiju nad gra\u0111anima koji te vrijednosti \u010duvaju za sve nas\u201d, kazala je Cikoti\u0107.<\/p>\n\n\n\n<p>Cikoti\u0107 smatra da dr\u017eava umjesto da sankcioni\u0161e fa\u0161izam, sankcioni\u0161e antifa\u0161izam. Umjesto da \u0161titi gra\u0111ane, ona \u0161titi i nagra\u0111uje one koji negiraju Crnu Goru i relativizuju vrijednosti na kojima je Crna Gora nastala.<\/p>\n\n\n\n<p>\u201eU takvoj dr\u017eavi, represija nad gra\u0111anima koji protestuju postaje redovna procedura, a po\u0161tovanje zakona i odbrana vrijednosti progla\u0161avaju se problemom. I dozvolite mi ovdje i jednu li\u010dnu notu. Kao neko ko dolazi iz Evropskog saveza, ali prije svega kao gra\u0111anka ove zemlje, ne mogu i ne\u0107u da prihvatim da se Crna Gora navikava na nepravdu. Ne mogu da prihvatim da se antifa\u0161izam ka\u017enjava, a fa\u0161izam relativizuje. Ne mogu da prihvatim da se zakon gazi, a da se od gra\u0111ana tra\u017ei poslu\u0161nost i \u0107utanje\u201d, istakla je Cikoti\u0107.<\/p>\n\n\n\n<p>Ona je naglasila da Evropski savez ne\u0107e pristati na takvu Crnu Goru.<\/p>\n\n\n\n<p>\u201eNe\u0107emo \u0107utati pred zastra\u0161ivanjem gra\u0111ana, niti \u0107emo se povu\u0107i pred poku\u0161ajem kriminalizacije slobodnog mi\u0161ljenja. Ako je Be\u0107ir Vukovi\u0107 lice koje ova vlast nagra\u0111uje, onda su ovi gra\u0111ani lice Crne Gore kakvu mi branimo i kakvu \u017eelimo\u201d, zaklju\u010dila je Cikoti\u0107.<\/p>\n\n\n\n<p>Belan i Cikoti\u0107 su pozvali sve one koji ne prihvataju nenormalnosti na koje Vlada ho\u0107e da nas navikne, koji ne \u017eele da se na\u0161e dru\u0161tvo gradi na antivrijednostima \u010diji je reprezent Be\u0107ir Vukovi\u0107 i njegov politi\u010dki mentor Andrija Mandi\u0107, da do\u0111u na demokratski i civilizovan protest 19. decembra na Gorici.<\/p>","protected":false},"excerpt":{"rendered":"<p>Evropski savez odr\u017eao je danas konferenciju za medije sa koje je poslata jasna poruka Ministarstvu unutra\u0161njih poslova pod komandom Alekse Be\u010di\u0107a i Danila \u0160aranovi\u0107a da tema 35 procesuiranih gra\u0111ana koji su 8. jula ove godine protestovali ispred Vile Gorica, ne\u0107e pasti u zaborav, te da je protest bio legitiman, gra\u0111anski i nu\u017ean.\u00a0<\/p>","protected":false},"author":1,"featured_media":914038,"comment_status":"open","ping_status":"open","sticky":false,"template":"","format":"standard","meta":{"_acf_changed":false,"footnotes":""},"categories":[12],"tags":[1377,3474],"naslovna":[],"class_list":["post-914037","post","type-post","status-publish","format-standard","has-post-thumbnail","hentry","category-politika","tag-amina-cikotic","tag-vatrsolav-belan"],"acf":[],"yoast_head":"<!-- This site is optimized with the Yoast SEO plugin v27.4 - https:\/\/yoast.com\/product\/yoast-seo-wordpress\/ -->\n<title>Belan i Cikoti\u0107 stali uz procesuirane gra\u0111ane, pozvali na protest na Gorici 19. decembra - dmcsrb.com<\/title>\n<meta name=\"robots\" content=\"index, follow, max-snippet:-1, max-image-preview:large, max-video-preview:-1\" \/>\n<link rel=\"canonical\" href=\"https:\/\/dmcsrb.com\/en\/politika\/belan-i-cikotic-stali-uz-procesuirane-gradjane-pozvali-na-protest-na-gorici-19-decembra\/\" \/>\n<meta property=\"og:locale\" content=\"en_GB\" \/>\n<meta property=\"og:type\" content=\"article\" \/>\n<meta property=\"og:title\" content=\"Belan i Cikoti\u0107 stali uz procesuirane gra\u0111ane, pozvali na protest na Gorici 19. decembra - dmcsrb.com\" \/>\n<meta property=\"og:description\" content=\"Evropski savez odr\u017eao je danas konferenciju za medije sa koje je poslata jasna poruka Ministarstvu unutra\u0161njih poslova pod komandom Alekse Be\u010di\u0107a i Danila \u0160aranovi\u0107a da tema 35 procesuiranih gra\u0111ana koji su 8. jula ove godine protestovali ispred Vile Gorica, ne\u0107e pasti u zaborav, te da je protest bio legitiman, gra\u0111anski i nu\u017ean.\u00a0\" \/>\n<meta property=\"og:url\" content=\"https:\/\/dmcsrb.com\/en\/politika\/belan-i-cikotic-stali-uz-procesuirane-gradjane-pozvali-na-protest-na-gorici-19-decembra\/\" \/>\n<meta property=\"og:site_name\" content=\"dmcsrb.com\" \/>\n<meta property=\"article:published_time\" content=\"2025-12-17T15:30:00+00:00\" \/>\n<meta property=\"og:image\" content=\"https:\/\/dmcsrb.com\/wp-content\/uploads\/2026\/01\/ES1.jpg\" \/>\n\t<meta property=\"og:image:width\" content=\"966\" \/>\n\t<meta property=\"og:image:height\" content=\"638\" \/>\n\t<meta property=\"og:image:type\" content=\"image\/jpeg\" \/>\n<meta name=\"author\" content=\"dmcsrbija.com@gmail.com\" \/>\n<meta name=\"twitter:card\" content=\"summary_large_image\" \/>\n<meta name=\"twitter:label1\" content=\"Written by\" \/>\n\t<meta name=\"twitter:data1\" content=\"dmcsrbija.com@gmail.com\" \/>\n\t<meta name=\"twitter:label2\" content=\"Estimated reading time\" \/>\n\t<meta name=\"twitter:data2\" content=\"4 minutes\" \/>\n<script type=\"application\/ld+json\" class=\"yoast-schema-graph\">{\"@context\":\"https:\\\/\\\/schema.org\",\"@graph\":[{\"@type\":\"Article\",\"@id\":\"https:\\\/\\\/dmcsrb.com\\\/en\\\/politika\\\/belan-i-cikotic-stali-uz-procesuirane-gradjane-pozvali-na-protest-na-gorici-19-decembra\\\/#article\",\"isPartOf\":{\"@id\":\"https:\\\/\\\/dmcsrb.com\\\/en\\\/politika\\\/belan-i-cikotic-stali-uz-procesuirane-gradjane-pozvali-na-protest-na-gorici-19-decembra\\\/\"},\"author\":{\"name\":\"dmcsrbija.com@gmail.com\",\"@id\":\"https:\\\/\\\/dmcsrb.com\\\/#\\\/schema\\\/person\\\/5c39170f12db1b8b457732d0b5c854e2\"},\"headline\":\"Belan i Cikoti\u0107 stali uz procesuirane gra\u0111ane, pozvali na protest na Gorici 19. decembra\",\"datePublished\":\"2025-12-17T15:30:00+00:00\",\"mainEntityOfPage\":{\"@id\":\"https:\\\/\\\/dmcsrb.com\\\/en\\\/politika\\\/belan-i-cikotic-stali-uz-procesuirane-gradjane-pozvali-na-protest-na-gorici-19-decembra\\\/\"},\"wordCount\":865,\"commentCount\":0,\"image\":{\"@id\":\"https:\\\/\\\/dmcsrb.com\\\/en\\\/politika\\\/belan-i-cikotic-stali-uz-procesuirane-gradjane-pozvali-na-protest-na-gorici-19-decembra\\\/#primaryimage\"},\"thumbnailUrl\":\"https:\\\/\\\/dmcsrb.com\\\/wp-content\\\/uploads\\\/2026\\\/01\\\/ES1.jpg\",\"keywords\":[\"Amina Cikoti\u0107\",\"Vatrsolav Belan\"],\"articleSection\":[\"Politika\"],\"inLanguage\":\"en-GB\",\"potentialAction\":[{\"@type\":\"CommentAction\",\"name\":\"Comment\",\"target\":[\"https:\\\/\\\/dmcsrb.com\\\/en\\\/politika\\\/belan-i-cikotic-stali-uz-procesuirane-gradjane-pozvali-na-protest-na-gorici-19-decembra\\\/#respond\"]}]},{\"@type\":\"WebPage\",\"@id\":\"https:\\\/\\\/dmcsrb.com\\\/en\\\/politika\\\/belan-i-cikotic-stali-uz-procesuirane-gradjane-pozvali-na-protest-na-gorici-19-decembra\\\/\",\"url\":\"https:\\\/\\\/dmcsrb.com\\\/en\\\/politika\\\/belan-i-cikotic-stali-uz-procesuirane-gradjane-pozvali-na-protest-na-gorici-19-decembra\\\/\",\"name\":\"Belan i Cikoti\u0107 stali uz procesuirane gra\u0111ane, pozvali na protest na Gorici 19. decembra - dmcsrb.com\",\"isPartOf\":{\"@id\":\"https:\\\/\\\/dmcsrb.com\\\/#website\"},\"primaryImageOfPage\":{\"@id\":\"https:\\\/\\\/dmcsrb.com\\\/en\\\/politika\\\/belan-i-cikotic-stali-uz-procesuirane-gradjane-pozvali-na-protest-na-gorici-19-decembra\\\/#primaryimage\"},\"image\":{\"@id\":\"https:\\\/\\\/dmcsrb.com\\\/en\\\/politika\\\/belan-i-cikotic-stali-uz-procesuirane-gradjane-pozvali-na-protest-na-gorici-19-decembra\\\/#primaryimage\"},\"thumbnailUrl\":\"https:\\\/\\\/dmcsrb.com\\\/wp-content\\\/uploads\\\/2026\\\/01\\\/ES1.jpg\",\"datePublished\":\"2025-12-17T15:30:00+00:00\",\"author\":{\"@id\":\"https:\\\/\\\/dmcsrb.com\\\/#\\\/schema\\\/person\\\/5c39170f12db1b8b457732d0b5c854e2\"},\"breadcrumb\":{\"@id\":\"https:\\\/\\\/dmcsrb.com\\\/en\\\/politika\\\/belan-i-cikotic-stali-uz-procesuirane-gradjane-pozvali-na-protest-na-gorici-19-decembra\\\/#breadcrumb\"},\"inLanguage\":\"en-GB\",\"potentialAction\":[{\"@type\":\"ReadAction\",\"target\":[\"https:\\\/\\\/dmcsrb.com\\\/en\\\/politika\\\/belan-i-cikotic-stali-uz-procesuirane-gradjane-pozvali-na-protest-na-gorici-19-decembra\\\/\"]}]},{\"@type\":\"ImageObject\",\"inLanguage\":\"en-GB\",\"@id\":\"https:\\\/\\\/dmcsrb.com\\\/en\\\/politika\\\/belan-i-cikotic-stali-uz-procesuirane-gradjane-pozvali-na-protest-na-gorici-19-decembra\\\/#primaryimage\",\"url\":\"https:\\\/\\\/dmcsrb.com\\\/wp-content\\\/uploads\\\/2026\\\/01\\\/ES1.jpg\",\"contentUrl\":\"https:\\\/\\\/dmcsrb.com\\\/wp-content\\\/uploads\\\/2026\\\/01\\\/ES1.jpg\",\"width\":966,\"height\":638},{\"@type\":\"BreadcrumbList\",\"@id\":\"https:\\\/\\\/dmcsrb.com\\\/en\\\/politika\\\/belan-i-cikotic-stali-uz-procesuirane-gradjane-pozvali-na-protest-na-gorici-19-decembra\\\/#breadcrumb\",\"itemListElement\":[{\"@type\":\"ListItem\",\"position\":1,\"name\":\"Home\",\"item\":\"https:\\\/\\\/dmcsrb.com\\\/\"},{\"@type\":\"ListItem\",\"position\":2,\"name\":\"Belan i Cikoti\u0107 stali uz procesuirane gra\u0111ane, pozvali na protest na Gorici 19. decembra\"}]},{\"@type\":\"WebSite\",\"@id\":\"https:\\\/\\\/dmcsrb.com\\\/#website\",\"url\":\"https:\\\/\\\/dmcsrb.com\\\/\",\"name\":\"dmcsrb.com\",\"description\":\"\",\"potentialAction\":[{\"@type\":\"SearchAction\",\"target\":{\"@type\":\"EntryPoint\",\"urlTemplate\":\"https:\\\/\\\/dmcsrb.com\\\/?s={search_term_string}\"},\"query-input\":{\"@type\":\"PropertyValueSpecification\",\"valueRequired\":true,\"valueName\":\"search_term_string\"}}],\"inLanguage\":\"en-GB\"},{\"@type\":\"Person\",\"@id\":\"https:\\\/\\\/dmcsrb.com\\\/#\\\/schema\\\/person\\\/5c39170f12db1b8b457732d0b5c854e2\",\"name\":\"dmcsrbija.com@gmail.com\",\"image\":{\"@type\":\"ImageObject\",\"inLanguage\":\"en-GB\",\"@id\":\"https:\\\/\\\/secure.gravatar.com\\\/avatar\\\/68592660ad6347fad0fb587f8d5d8f1a7b44961362f56e4f2cd524feb87e9069?s=96&d=mm&r=g\",\"url\":\"https:\\\/\\\/secure.gravatar.com\\\/avatar\\\/68592660ad6347fad0fb587f8d5d8f1a7b44961362f56e4f2cd524feb87e9069?s=96&d=mm&r=g\",\"contentUrl\":\"https:\\\/\\\/secure.gravatar.com\\\/avatar\\\/68592660ad6347fad0fb587f8d5d8f1a7b44961362f56e4f2cd524feb87e9069?s=96&d=mm&r=g\",\"caption\":\"dmcsrbija.com@gmail.com\"},\"sameAs\":[\"https:\\\/\\\/dmcsrb.com\"],\"url\":\"https:\\\/\\\/dmcsrb.com\\\/en\\\/author\\\/dmcsrbija-comgmail-com\\\/\"}]}<\/script>\n<!-- \/ Yoast SEO plugin. -->","yoast_head_json":{"title":"Belan i Cikoti\u0107 stali uz procesuirane gra\u0111ane, pozvali na protest na Gorici 19. decembra - dmcsrb.com","robots":{"index":"index","follow":"follow","max-snippet":"max-snippet:-1","max-image-preview":"max-image-preview:large","max-video-preview":"max-video-preview:-1"},"canonical":"https:\/\/dmcsrb.com\/en\/politika\/belan-i-cikotic-stali-uz-procesuirane-gradjane-pozvali-na-protest-na-gorici-19-decembra\/","og_locale":"en_GB","og_type":"article","og_title":"Belan i Cikoti\u0107 stali uz procesuirane gra\u0111ane, pozvali na protest na Gorici 19. decembra - dmcsrb.com","og_description":"Evropski savez odr\u017eao je danas konferenciju za medije sa koje je poslata jasna poruka Ministarstvu unutra\u0161njih poslova pod komandom Alekse Be\u010di\u0107a i Danila \u0160aranovi\u0107a da tema 35 procesuiranih gra\u0111ana koji su 8. jula ove godine protestovali ispred Vile Gorica, ne\u0107e pasti u zaborav, te da je protest bio legitiman, gra\u0111anski i nu\u017ean.\u00a0","og_url":"https:\/\/dmcsrb.com\/en\/politika\/belan-i-cikotic-stali-uz-procesuirane-gradjane-pozvali-na-protest-na-gorici-19-decembra\/","og_site_name":"dmcsrb.com","article_published_time":"2025-12-17T15:30:00+00:00","og_image":[{"width":966,"height":638,"url":"https:\/\/dmcsrb.com\/wp-content\/uploads\/2026\/01\/ES1.jpg","type":"image\/jpeg"}],"author":"dmcsrbija.com@gmail.com","twitter_card":"summary_large_image","twitter_misc":{"Written by":"dmcsrbija.com@gmail.com","Estimated reading time":"4 minutes"},"schema":{"@context":"https:\/\/schema.org","@graph":[{"@type":"Article","@id":"https:\/\/dmcsrb.com\/en\/politika\/belan-i-cikotic-stali-uz-procesuirane-gradjane-pozvali-na-protest-na-gorici-19-decembra\/#article","isPartOf":{"@id":"https:\/\/dmcsrb.com\/en\/politika\/belan-i-cikotic-stali-uz-procesuirane-gradjane-pozvali-na-protest-na-gorici-19-decembra\/"},"author":{"name":"dmcsrbija.com@gmail.com","@id":"https:\/\/dmcsrb.com\/#\/schema\/person\/5c39170f12db1b8b457732d0b5c854e2"},"headline":"Belan i Cikoti\u0107 stali uz procesuirane gra\u0111ane, pozvali na protest na Gorici 19. decembra","datePublished":"2025-12-17T15:30:00+00:00","mainEntityOfPage":{"@id":"https:\/\/dmcsrb.com\/en\/politika\/belan-i-cikotic-stali-uz-procesuirane-gradjane-pozvali-na-protest-na-gorici-19-decembra\/"},"wordCount":865,"commentCount":0,"image":{"@id":"https:\/\/dmcsrb.com\/en\/politika\/belan-i-cikotic-stali-uz-procesuirane-gradjane-pozvali-na-protest-na-gorici-19-decembra\/#primaryimage"},"thumbnailUrl":"https:\/\/dmcsrb.com\/wp-content\/uploads\/2026\/01\/ES1.jpg","keywords":["Amina Cikoti\u0107","Vatrsolav Belan"],"articleSection":["Politika"],"inLanguage":"en-GB","potentialAction":[{"@type":"CommentAction","name":"Comment","target":["https:\/\/dmcsrb.com\/en\/politika\/belan-i-cikotic-stali-uz-procesuirane-gradjane-pozvali-na-protest-na-gorici-19-decembra\/#respond"]}]},{"@type":"WebPage","@id":"https:\/\/dmcsrb.com\/en\/politika\/belan-i-cikotic-stali-uz-procesuirane-gradjane-pozvali-na-protest-na-gorici-19-decembra\/","url":"https:\/\/dmcsrb.com\/en\/politika\/belan-i-cikotic-stali-uz-procesuirane-gradjane-pozvali-na-protest-na-gorici-19-decembra\/","name":"Belan i Cikoti\u0107 stali uz procesuirane gra\u0111ane, pozvali na protest na Gorici 19. decembra - dmcsrb.com","isPartOf":{"@id":"https:\/\/dmcsrb.com\/#website"},"primaryImageOfPage":{"@id":"https:\/\/dmcsrb.com\/en\/politika\/belan-i-cikotic-stali-uz-procesuirane-gradjane-pozvali-na-protest-na-gorici-19-decembra\/#primaryimage"},"image":{"@id":"https:\/\/dmcsrb.com\/en\/politika\/belan-i-cikotic-stali-uz-procesuirane-gradjane-pozvali-na-protest-na-gorici-19-decembra\/#primaryimage"},"thumbnailUrl":"https:\/\/dmcsrb.com\/wp-content\/uploads\/2026\/01\/ES1.jpg","datePublished":"2025-12-17T15:30:00+00:00","author":{"@id":"https:\/\/dmcsrb.com\/#\/schema\/person\/5c39170f12db1b8b457732d0b5c854e2"},"breadcrumb":{"@id":"https:\/\/dmcsrb.com\/en\/politika\/belan-i-cikotic-stali-uz-procesuirane-gradjane-pozvali-na-protest-na-gorici-19-decembra\/#breadcrumb"},"inLanguage":"en-GB","potentialAction":[{"@type":"ReadAction","target":["https:\/\/dmcsrb.com\/en\/politika\/belan-i-cikotic-stali-uz-procesuirane-gradjane-pozvali-na-protest-na-gorici-19-decembra\/"]}]},{"@type":"ImageObject","inLanguage":"en-GB","@id":"https:\/\/dmcsrb.com\/en\/politika\/belan-i-cikotic-stali-uz-procesuirane-gradjane-pozvali-na-protest-na-gorici-19-decembra\/#primaryimage","url":"https:\/\/dmcsrb.com\/wp-content\/uploads\/2026\/01\/ES1.jpg","contentUrl":"https:\/\/dmcsrb.com\/wp-content\/uploads\/2026\/01\/ES1.jpg","width":966,"height":638},{"@type":"BreadcrumbList","@id":"https:\/\/dmcsrb.com\/en\/politika\/belan-i-cikotic-stali-uz-procesuirane-gradjane-pozvali-na-protest-na-gorici-19-decembra\/#breadcrumb","itemListElement":[{"@type":"ListItem","position":1,"name":"Home","item":"https:\/\/dmcsrb.com\/"},{"@type":"ListItem","position":2,"name":"Belan i Cikoti\u0107 stali uz procesuirane gra\u0111ane, pozvali na protest na Gorici 19. decembra"}]},{"@type":"WebSite","@id":"https:\/\/dmcsrb.com\/#website","url":"https:\/\/dmcsrb.com\/","name":"dmcsrb.com","description":"","potentialAction":[{"@type":"SearchAction","target":{"@type":"EntryPoint","urlTemplate":"https:\/\/dmcsrb.com\/?s={search_term_string}"},"query-input":{"@type":"PropertyValueSpecification","valueRequired":true,"valueName":"search_term_string"}}],"inLanguage":"en-GB"},{"@type":"Person","@id":"https:\/\/dmcsrb.com\/#\/schema\/person\/5c39170f12db1b8b457732d0b5c854e2","name":"dmcsrbija.com@gmail.com","image":{"@type":"ImageObject","inLanguage":"en-GB","@id":"https:\/\/secure.gravatar.com\/avatar\/68592660ad6347fad0fb587f8d5d8f1a7b44961362f56e4f2cd524feb87e9069?s=96&d=mm&r=g","url":"https:\/\/secure.gravatar.com\/avatar\/68592660ad6347fad0fb587f8d5d8f1a7b44961362f56e4f2cd524feb87e9069?s=96&d=mm&r=g","contentUrl":"https:\/\/secure.gravatar.com\/avatar\/68592660ad6347fad0fb587f8d5d8f1a7b44961362f56e4f2cd524feb87e9069?s=96&d=mm&r=g","caption":"dmcsrbija.com@gmail.com"},"sameAs":["https:\/\/dmcsrb.com"],"url":"https:\/\/dmcsrb.com\/en\/author\/dmcsrbija-comgmail-com\/"}]}},"_links":{"self":[{"href":"https:\/\/dmcsrb.com\/en\/wp-json\/wp\/v2\/posts\/914037","targetHints":{"allow":["GET"]}}],"collection":[{"href":"https:\/\/dmcsrb.com\/en\/wp-json\/wp\/v2\/posts"}],"about":[{"href":"https:\/\/dmcsrb.com\/en\/wp-json\/wp\/v2\/types\/post"}],"author":[{"embeddable":true,"href":"https:\/\/dmcsrb.com\/en\/wp-json\/wp\/v2\/users\/1"}],"replies":[{"embeddable":true,"href":"https:\/\/dmcsrb.com\/en\/wp-json\/wp\/v2\/comments?post=914037"}],"version-history":[{"count":0,"href":"https:\/\/dmcsrb.com\/en\/wp-json\/wp\/v2\/posts\/914037\/revisions"}],"wp:featuredmedia":[{"embeddable":true,"href":"https:\/\/dmcsrb.com\/en\/wp-json\/wp\/v2\/media\/914038"}],"wp:attachment":[{"href":"https:\/\/dmcsrb.com\/en\/wp-json\/wp\/v2\/media?parent=914037"}],"wp:term":[{"taxonomy":"category","embeddable":true,"href":"https:\/\/dmcsrb.com\/en\/wp-json\/wp\/v2\/categories?post=914037"},{"taxonomy":"post_tag","embeddable":true,"href":"https:\/\/dmcsrb.com\/en\/wp-json\/wp\/v2\/tags?post=914037"},{"taxonomy":"naslovna","embeddable":true,"href":"https:\/\/dmcsrb.com\/en\/wp-json\/wp\/v2\/naslovna?post=914037"}],"curies":[{"name":"wp","href":"https:\/\/api.w.org\/{rel}","templated":true}]}}