{"id":914029,"date":"2025-12-17T14:30:00","date_gmt":"2025-12-17T13:30:00","guid":{"rendered":"https:\/\/dmcsrb.com\/uncategorized\/zahtjev-sa-ekoloskog-protesta-u-pljevljima-gasenje-te-pljevlja-do-potpune-ekoloske-rekonstrukcije\/"},"modified":"2025-12-17T14:30:00","modified_gmt":"2025-12-17T13:30:00","slug":"zahtjev-sa-ekoloskog-protesta-u-pljevljima-gasenje-te-pljevlja-do-potpune-ekoloske-rekonstrukcije","status":"publish","type":"post","link":"https:\/\/dmcsrb.com\/en\/drustvo\/zahtjev-sa-ekoloskog-protesta-u-pljevljima-gasenje-te-pljevlja-do-potpune-ekoloske-rekonstrukcije\/","title":{"rendered":"Zahtjev sa ekolo\u0161kog protesta u Pljevljima: Ga\u0161enje TE Pljevlja do potpune ekolo\u0161ke rekonstrukcije"},"content":{"rendered":"<p><\/p>\n\n\n\n<p>Na skupu pored organizatora skupa gra\u0111anskog aktiviste Pavla \u010colovi\u0107a prisutnim gra\u0111anima su se obratili i prosvetni i zdravstveni radnici, predstavnik NVO sektora i privrednik iz Pljevalja. \u010colovi\u0107 se zahvalio prisutnima koji su svojim prisustvom iskazali gra\u0111ansku odgovornost, bez ubzira na pritiske nadle\u017enih organa i interesnih grupa da se ovaj protest ne odr\u017ei.<\/p>\n\n\n\n<p>Svi govornici da dana\u0161njem ekolo\u0161kom protestu zbog slabe reakcije dr\u017eavnih organa koji su pali na ispitu za\u0161tite zdravlja gra\u0111ana Pljevalja su naveli da je ovakvo stanje neodr\u017eivo, jer koncentracije \u0161tetnih materija u vazduhu u velikom omjeru prelazi zakonom dozvoljene koncentracije i ugro\u017eavaju zdravlje ljudi.<\/p>\n\n\n\n<p>I u vrijeme skupa u 12 \u010dasova koncentracije PM 10 \u010destica su iznosile 380,2 ug\/m3, koncentracije jo\u0161 opasnijih PN 2,5 \u010destica 316,5 mikro grama po metru kubnom, a sumpor dioksida 236 ug\/m3.<\/p>\n\n\n\n<p>Zaklju\u010dak sa skupa je da treba ugasiti termoelektranu sve do potpune ekolo\u0161ke rekonstrukcije i omogu\u0107iti gra\u0111anima Pljevalja da mogu da udi\u0161u \u010dist vazduh i \u017eive u zdravoj \u017eivotnoj sredini.<\/p>\n\n\n\n<p>Govornici su se kriti\u010dki osvrnuli na izjave predsjednika Odbora direktora EPCG Milutina \u0110ukanovi\u0107a za koga su predlagali da bude progla\u0161en nepo\u017eeljnim na teritoriji op\u0161tine Pljevlja, a kritikovani su i nadle\u017eni iz Instituta za javno zdravlje, jer u svojim preporukama nizu za\u0161titili zdravlje pljevaljske djece u ovako te\u0161kim ekolo\u0161kim incidentima u gradu.<\/p>\n\n\n\n<p>Tako\u0111e je zajedni\u010dka konstatacija da gra\u0111anima Pljevalja od EPCG ne treba milostinja u vidu 50% popusta na aktivnu energiju , jer oni svoje zdravlje i zdravlje svoje djece ne prodaju za 10-15 eura popusta za subvenciju za struju.<\/p>\n\n\n\n<p>Od premijera Spaji\u0107a tra\u017ee po\u0161tovanje ustava kojim se gra\u0111anima garantuje \u010dist vazduh i zdrava \u017eivotna sredina. Gra\u0111ani o\u010dekuju hitne mjere sa kojima \u0107e se koncentracije \u0161tetnih \u010destica prilagoditi zakonom propisanim vrijednostima, jer rad termoelektrane ne mo\u017ee biti va\u017eniji od zdravlja ljudi gra\u0111ana Pljevalja.<\/p>","protected":false},"excerpt":{"rendered":"<p>Pred nekoliko stotina gra\u0111ana na centralnom gradskom trgu u Pljevljima odr\u017ean je ekolo\u0161ki protest protiv izuzetno te\u0161ke ekolo\u0161ke i zdravstvene situacije u gradu, prevashodno izazvane po\u010detkom rada TE Pljevlja.<\/p>","protected":false},"author":1,"featured_media":914030,"comment_status":"open","ping_status":"open","sticky":false,"template":"","format":"standard","meta":{"_acf_changed":false,"footnotes":""},"categories":[2],"tags":[2893,3457,3458,167,3459],"naslovna":[],"class_list":["post-914029","post","type-post","status-publish","format-standard","has-post-thumbnail","hentry","category-drustvo","tag-ekoloska-rekonstrukcija","tag-ekoloski-protest","tag-gasenje-te-pljevlja","tag-pljevlja","tag-zahtjev"],"acf":[],"yoast_head":"<!-- This site is optimized with the Yoast SEO plugin v27.0 - https:\/\/yoast.com\/product\/yoast-seo-wordpress\/ -->\n<title>Zahtjev sa ekolo\u0161kog protesta u Pljevljima: Ga\u0161enje TE Pljevlja do potpune ekolo\u0161ke rekonstrukcije - dmcsrb.com<\/title>\n<meta name=\"robots\" content=\"index, follow, max-snippet:-1, max-image-preview:large, max-video-preview:-1\" \/>\n<link rel=\"canonical\" href=\"https:\/\/dmcsrb.com\/en\/drustvo\/zahtjev-sa-ekoloskog-protesta-u-pljevljima-gasenje-te-pljevlja-do-potpune-ekoloske-rekonstrukcije\/\" \/>\n<meta property=\"og:locale\" content=\"en_GB\" \/>\n<meta property=\"og:type\" content=\"article\" \/>\n<meta property=\"og:title\" content=\"Zahtjev sa ekolo\u0161kog protesta u Pljevljima: Ga\u0161enje TE Pljevlja do potpune ekolo\u0161ke rekonstrukcije - dmcsrb.com\" \/>\n<meta property=\"og:description\" content=\"Pred nekoliko stotina gra\u0111ana na centralnom gradskom trgu u Pljevljima odr\u017ean je ekolo\u0161ki protest protiv izuzetno te\u0161ke ekolo\u0161ke i zdravstvene situacije u gradu, prevashodno izazvane po\u010detkom rada TE Pljevlja.\" \/>\n<meta property=\"og:url\" content=\"https:\/\/dmcsrb.com\/en\/drustvo\/zahtjev-sa-ekoloskog-protesta-u-pljevljima-gasenje-te-pljevlja-do-potpune-ekoloske-rekonstrukcije\/\" \/>\n<meta property=\"og:site_name\" content=\"dmcsrb.com\" \/>\n<meta property=\"article:published_time\" content=\"2025-12-17T13:30:00+00:00\" \/>\n<meta property=\"og:image\" content=\"https:\/\/dmcsrb.com\/wp-content\/uploads\/2026\/01\/1457.webp\" \/>\n\t<meta property=\"og:image:width\" content=\"768\" \/>\n\t<meta property=\"og:image:height\" content=\"431\" \/>\n\t<meta property=\"og:image:type\" content=\"image\/webp\" \/>\n<meta name=\"author\" content=\"dmcsrbija.com@gmail.com\" \/>\n<meta name=\"twitter:card\" content=\"summary_large_image\" \/>\n<meta name=\"twitter:label1\" content=\"Written by\" \/>\n\t<meta name=\"twitter:data1\" content=\"dmcsrbija.com@gmail.com\" \/>\n\t<meta name=\"twitter:label2\" content=\"Estimated reading time\" \/>\n\t<meta name=\"twitter:data2\" content=\"2 minutes\" \/>\n<script type=\"application\/ld+json\" class=\"yoast-schema-graph\">{\"@context\":\"https:\/\/schema.org\",\"@graph\":[{\"@type\":\"Article\",\"@id\":\"https:\/\/dmcsrb.com\/drustvo\/zahtjev-sa-ekoloskog-protesta-u-pljevljima-gasenje-te-pljevlja-do-potpune-ekoloske-rekonstrukcije\/#article\",\"isPartOf\":{\"@id\":\"https:\/\/dmcsrb.com\/drustvo\/zahtjev-sa-ekoloskog-protesta-u-pljevljima-gasenje-te-pljevlja-do-potpune-ekoloske-rekonstrukcije\/\"},\"author\":{\"name\":\"dmcsrbija.com@gmail.com\",\"@id\":\"https:\/\/dmcsrb.com\/#\/schema\/person\/5c39170f12db1b8b457732d0b5c854e2\"},\"headline\":\"Zahtjev sa ekolo\u0161kog protesta u Pljevljima: Ga\u0161enje TE Pljevlja do potpune ekolo\u0161ke rekonstrukcije\",\"datePublished\":\"2025-12-17T13:30:00+00:00\",\"mainEntityOfPage\":{\"@id\":\"https:\/\/dmcsrb.com\/drustvo\/zahtjev-sa-ekoloskog-protesta-u-pljevljima-gasenje-te-pljevlja-do-potpune-ekoloske-rekonstrukcije\/\"},\"wordCount\":338,\"commentCount\":0,\"image\":{\"@id\":\"https:\/\/dmcsrb.com\/drustvo\/zahtjev-sa-ekoloskog-protesta-u-pljevljima-gasenje-te-pljevlja-do-potpune-ekoloske-rekonstrukcije\/#primaryimage\"},\"thumbnailUrl\":\"https:\/\/dmcsrb.com\/wp-content\/uploads\/2026\/01\/1457.webp\",\"keywords\":[\"ekolo\u0161ka rekonstrukcija\",\"Ekolo\u0161ki protest\",\"Ga\u0161enje TE Pljevlja\",\"Pljevlja\",\"zahtjev\"],\"articleSection\":[\"Dru\u0161tvo\"],\"inLanguage\":\"en-GB\",\"potentialAction\":[{\"@type\":\"CommentAction\",\"name\":\"Comment\",\"target\":[\"https:\/\/dmcsrb.com\/drustvo\/zahtjev-sa-ekoloskog-protesta-u-pljevljima-gasenje-te-pljevlja-do-potpune-ekoloske-rekonstrukcije\/#respond\"]}]},{\"@type\":\"WebPage\",\"@id\":\"https:\/\/dmcsrb.com\/drustvo\/zahtjev-sa-ekoloskog-protesta-u-pljevljima-gasenje-te-pljevlja-do-potpune-ekoloske-rekonstrukcije\/\",\"url\":\"https:\/\/dmcsrb.com\/drustvo\/zahtjev-sa-ekoloskog-protesta-u-pljevljima-gasenje-te-pljevlja-do-potpune-ekoloske-rekonstrukcije\/\",\"name\":\"Zahtjev sa ekolo\u0161kog protesta u Pljevljima: Ga\u0161enje TE Pljevlja do potpune ekolo\u0161ke rekonstrukcije - dmcsrb.com\",\"isPartOf\":{\"@id\":\"https:\/\/dmcsrb.com\/#website\"},\"primaryImageOfPage\":{\"@id\":\"https:\/\/dmcsrb.com\/drustvo\/zahtjev-sa-ekoloskog-protesta-u-pljevljima-gasenje-te-pljevlja-do-potpune-ekoloske-rekonstrukcije\/#primaryimage\"},\"image\":{\"@id\":\"https:\/\/dmcsrb.com\/drustvo\/zahtjev-sa-ekoloskog-protesta-u-pljevljima-gasenje-te-pljevlja-do-potpune-ekoloske-rekonstrukcije\/#primaryimage\"},\"thumbnailUrl\":\"https:\/\/dmcsrb.com\/wp-content\/uploads\/2026\/01\/1457.webp\",\"datePublished\":\"2025-12-17T13:30:00+00:00\",\"author\":{\"@id\":\"https:\/\/dmcsrb.com\/#\/schema\/person\/5c39170f12db1b8b457732d0b5c854e2\"},\"breadcrumb\":{\"@id\":\"https:\/\/dmcsrb.com\/drustvo\/zahtjev-sa-ekoloskog-protesta-u-pljevljima-gasenje-te-pljevlja-do-potpune-ekoloske-rekonstrukcije\/#breadcrumb\"},\"inLanguage\":\"en-GB\",\"potentialAction\":[{\"@type\":\"ReadAction\",\"target\":[\"https:\/\/dmcsrb.com\/drustvo\/zahtjev-sa-ekoloskog-protesta-u-pljevljima-gasenje-te-pljevlja-do-potpune-ekoloske-rekonstrukcije\/\"]}]},{\"@type\":\"ImageObject\",\"inLanguage\":\"en-GB\",\"@id\":\"https:\/\/dmcsrb.com\/drustvo\/zahtjev-sa-ekoloskog-protesta-u-pljevljima-gasenje-te-pljevlja-do-potpune-ekoloske-rekonstrukcije\/#primaryimage\",\"url\":\"https:\/\/dmcsrb.com\/wp-content\/uploads\/2026\/01\/1457.webp\",\"contentUrl\":\"https:\/\/dmcsrb.com\/wp-content\/uploads\/2026\/01\/1457.webp\",\"width\":768,\"height\":431},{\"@type\":\"BreadcrumbList\",\"@id\":\"https:\/\/dmcsrb.com\/drustvo\/zahtjev-sa-ekoloskog-protesta-u-pljevljima-gasenje-te-pljevlja-do-potpune-ekoloske-rekonstrukcije\/#breadcrumb\",\"itemListElement\":[{\"@type\":\"ListItem\",\"position\":1,\"name\":\"Home\",\"item\":\"https:\/\/dmcsrb.com\/\"},{\"@type\":\"ListItem\",\"position\":2,\"name\":\"Zahtjev sa ekolo\u0161kog protesta u Pljevljima: Ga\u0161enje TE Pljevlja do potpune ekolo\u0161ke rekonstrukcije\"}]},{\"@type\":\"WebSite\",\"@id\":\"https:\/\/dmcsrb.com\/#website\",\"url\":\"https:\/\/dmcsrb.com\/\",\"name\":\"dmcsrb.com\",\"description\":\"\",\"potentialAction\":[{\"@type\":\"SearchAction\",\"target\":{\"@type\":\"EntryPoint\",\"urlTemplate\":\"https:\/\/dmcsrb.com\/?s={search_term_string}\"},\"query-input\":{\"@type\":\"PropertyValueSpecification\",\"valueRequired\":true,\"valueName\":\"search_term_string\"}}],\"inLanguage\":\"en-GB\"},{\"@type\":\"Person\",\"@id\":\"https:\/\/dmcsrb.com\/#\/schema\/person\/5c39170f12db1b8b457732d0b5c854e2\",\"name\":\"dmcsrbija.com@gmail.com\",\"image\":{\"@type\":\"ImageObject\",\"inLanguage\":\"en-GB\",\"@id\":\"https:\/\/dmcsrb.com\/#\/schema\/person\/image\/\",\"url\":\"https:\/\/secure.gravatar.com\/avatar\/68592660ad6347fad0fb587f8d5d8f1a7b44961362f56e4f2cd524feb87e9069?s=96&d=mm&r=g\",\"contentUrl\":\"https:\/\/secure.gravatar.com\/avatar\/68592660ad6347fad0fb587f8d5d8f1a7b44961362f56e4f2cd524feb87e9069?s=96&d=mm&r=g\",\"caption\":\"dmcsrbija.com@gmail.com\"},\"sameAs\":[\"https:\/\/dmcsrb.com\"],\"url\":\"https:\/\/dmcsrb.com\/en\/author\/dmcsrbija-comgmail-com\/\"}]}<\/script>\n<!-- \/ Yoast SEO plugin. -->","yoast_head_json":{"title":"Zahtjev sa ekolo\u0161kog protesta u Pljevljima: Ga\u0161enje TE Pljevlja do potpune ekolo\u0161ke rekonstrukcije - dmcsrb.com","robots":{"index":"index","follow":"follow","max-snippet":"max-snippet:-1","max-image-preview":"max-image-preview:large","max-video-preview":"max-video-preview:-1"},"canonical":"https:\/\/dmcsrb.com\/en\/drustvo\/zahtjev-sa-ekoloskog-protesta-u-pljevljima-gasenje-te-pljevlja-do-potpune-ekoloske-rekonstrukcije\/","og_locale":"en_GB","og_type":"article","og_title":"Zahtjev sa ekolo\u0161kog protesta u Pljevljima: Ga\u0161enje TE Pljevlja do potpune ekolo\u0161ke rekonstrukcije - dmcsrb.com","og_description":"Pred nekoliko stotina gra\u0111ana na centralnom gradskom trgu u Pljevljima odr\u017ean je ekolo\u0161ki protest protiv izuzetno te\u0161ke ekolo\u0161ke i zdravstvene situacije u gradu, prevashodno izazvane po\u010detkom rada TE Pljevlja.","og_url":"https:\/\/dmcsrb.com\/en\/drustvo\/zahtjev-sa-ekoloskog-protesta-u-pljevljima-gasenje-te-pljevlja-do-potpune-ekoloske-rekonstrukcije\/","og_site_name":"dmcsrb.com","article_published_time":"2025-12-17T13:30:00+00:00","og_image":[{"width":768,"height":431,"url":"https:\/\/dmcsrb.com\/wp-content\/uploads\/2026\/01\/1457.webp","type":"image\/webp"}],"author":"dmcsrbija.com@gmail.com","twitter_card":"summary_large_image","twitter_misc":{"Written by":"dmcsrbija.com@gmail.com","Estimated reading time":"2 minutes"},"schema":{"@context":"https:\/\/schema.org","@graph":[{"@type":"Article","@id":"https:\/\/dmcsrb.com\/drustvo\/zahtjev-sa-ekoloskog-protesta-u-pljevljima-gasenje-te-pljevlja-do-potpune-ekoloske-rekonstrukcije\/#article","isPartOf":{"@id":"https:\/\/dmcsrb.com\/drustvo\/zahtjev-sa-ekoloskog-protesta-u-pljevljima-gasenje-te-pljevlja-do-potpune-ekoloske-rekonstrukcije\/"},"author":{"name":"dmcsrbija.com@gmail.com","@id":"https:\/\/dmcsrb.com\/#\/schema\/person\/5c39170f12db1b8b457732d0b5c854e2"},"headline":"Zahtjev sa ekolo\u0161kog protesta u Pljevljima: Ga\u0161enje TE Pljevlja do potpune ekolo\u0161ke rekonstrukcije","datePublished":"2025-12-17T13:30:00+00:00","mainEntityOfPage":{"@id":"https:\/\/dmcsrb.com\/drustvo\/zahtjev-sa-ekoloskog-protesta-u-pljevljima-gasenje-te-pljevlja-do-potpune-ekoloske-rekonstrukcije\/"},"wordCount":338,"commentCount":0,"image":{"@id":"https:\/\/dmcsrb.com\/drustvo\/zahtjev-sa-ekoloskog-protesta-u-pljevljima-gasenje-te-pljevlja-do-potpune-ekoloske-rekonstrukcije\/#primaryimage"},"thumbnailUrl":"https:\/\/dmcsrb.com\/wp-content\/uploads\/2026\/01\/1457.webp","keywords":["ekolo\u0161ka rekonstrukcija","Ekolo\u0161ki protest","Ga\u0161enje TE Pljevlja","Pljevlja","zahtjev"],"articleSection":["Dru\u0161tvo"],"inLanguage":"en-GB","potentialAction":[{"@type":"CommentAction","name":"Comment","target":["https:\/\/dmcsrb.com\/drustvo\/zahtjev-sa-ekoloskog-protesta-u-pljevljima-gasenje-te-pljevlja-do-potpune-ekoloske-rekonstrukcije\/#respond"]}]},{"@type":"WebPage","@id":"https:\/\/dmcsrb.com\/drustvo\/zahtjev-sa-ekoloskog-protesta-u-pljevljima-gasenje-te-pljevlja-do-potpune-ekoloske-rekonstrukcije\/","url":"https:\/\/dmcsrb.com\/drustvo\/zahtjev-sa-ekoloskog-protesta-u-pljevljima-gasenje-te-pljevlja-do-potpune-ekoloske-rekonstrukcije\/","name":"Zahtjev sa ekolo\u0161kog protesta u Pljevljima: Ga\u0161enje TE Pljevlja do potpune ekolo\u0161ke rekonstrukcije - dmcsrb.com","isPartOf":{"@id":"https:\/\/dmcsrb.com\/#website"},"primaryImageOfPage":{"@id":"https:\/\/dmcsrb.com\/drustvo\/zahtjev-sa-ekoloskog-protesta-u-pljevljima-gasenje-te-pljevlja-do-potpune-ekoloske-rekonstrukcije\/#primaryimage"},"image":{"@id":"https:\/\/dmcsrb.com\/drustvo\/zahtjev-sa-ekoloskog-protesta-u-pljevljima-gasenje-te-pljevlja-do-potpune-ekoloske-rekonstrukcije\/#primaryimage"},"thumbnailUrl":"https:\/\/dmcsrb.com\/wp-content\/uploads\/2026\/01\/1457.webp","datePublished":"2025-12-17T13:30:00+00:00","author":{"@id":"https:\/\/dmcsrb.com\/#\/schema\/person\/5c39170f12db1b8b457732d0b5c854e2"},"breadcrumb":{"@id":"https:\/\/dmcsrb.com\/drustvo\/zahtjev-sa-ekoloskog-protesta-u-pljevljima-gasenje-te-pljevlja-do-potpune-ekoloske-rekonstrukcije\/#breadcrumb"},"inLanguage":"en-GB","potentialAction":[{"@type":"ReadAction","target":["https:\/\/dmcsrb.com\/drustvo\/zahtjev-sa-ekoloskog-protesta-u-pljevljima-gasenje-te-pljevlja-do-potpune-ekoloske-rekonstrukcije\/"]}]},{"@type":"ImageObject","inLanguage":"en-GB","@id":"https:\/\/dmcsrb.com\/drustvo\/zahtjev-sa-ekoloskog-protesta-u-pljevljima-gasenje-te-pljevlja-do-potpune-ekoloske-rekonstrukcije\/#primaryimage","url":"https:\/\/dmcsrb.com\/wp-content\/uploads\/2026\/01\/1457.webp","contentUrl":"https:\/\/dmcsrb.com\/wp-content\/uploads\/2026\/01\/1457.webp","width":768,"height":431},{"@type":"BreadcrumbList","@id":"https:\/\/dmcsrb.com\/drustvo\/zahtjev-sa-ekoloskog-protesta-u-pljevljima-gasenje-te-pljevlja-do-potpune-ekoloske-rekonstrukcije\/#breadcrumb","itemListElement":[{"@type":"ListItem","position":1,"name":"Home","item":"https:\/\/dmcsrb.com\/"},{"@type":"ListItem","position":2,"name":"Zahtjev sa ekolo\u0161kog protesta u Pljevljima: Ga\u0161enje TE Pljevlja do potpune ekolo\u0161ke rekonstrukcije"}]},{"@type":"WebSite","@id":"https:\/\/dmcsrb.com\/#website","url":"https:\/\/dmcsrb.com\/","name":"dmcsrb.com","description":"","potentialAction":[{"@type":"SearchAction","target":{"@type":"EntryPoint","urlTemplate":"https:\/\/dmcsrb.com\/?s={search_term_string}"},"query-input":{"@type":"PropertyValueSpecification","valueRequired":true,"valueName":"search_term_string"}}],"inLanguage":"en-GB"},{"@type":"Person","@id":"https:\/\/dmcsrb.com\/#\/schema\/person\/5c39170f12db1b8b457732d0b5c854e2","name":"dmcsrbija.com@gmail.com","image":{"@type":"ImageObject","inLanguage":"en-GB","@id":"https:\/\/dmcsrb.com\/#\/schema\/person\/image\/","url":"https:\/\/secure.gravatar.com\/avatar\/68592660ad6347fad0fb587f8d5d8f1a7b44961362f56e4f2cd524feb87e9069?s=96&d=mm&r=g","contentUrl":"https:\/\/secure.gravatar.com\/avatar\/68592660ad6347fad0fb587f8d5d8f1a7b44961362f56e4f2cd524feb87e9069?s=96&d=mm&r=g","caption":"dmcsrbija.com@gmail.com"},"sameAs":["https:\/\/dmcsrb.com"],"url":"https:\/\/dmcsrb.com\/en\/author\/dmcsrbija-comgmail-com\/"}]}},"_links":{"self":[{"href":"https:\/\/dmcsrb.com\/en\/wp-json\/wp\/v2\/posts\/914029","targetHints":{"allow":["GET"]}}],"collection":[{"href":"https:\/\/dmcsrb.com\/en\/wp-json\/wp\/v2\/posts"}],"about":[{"href":"https:\/\/dmcsrb.com\/en\/wp-json\/wp\/v2\/types\/post"}],"author":[{"embeddable":true,"href":"https:\/\/dmcsrb.com\/en\/wp-json\/wp\/v2\/users\/1"}],"replies":[{"embeddable":true,"href":"https:\/\/dmcsrb.com\/en\/wp-json\/wp\/v2\/comments?post=914029"}],"version-history":[{"count":0,"href":"https:\/\/dmcsrb.com\/en\/wp-json\/wp\/v2\/posts\/914029\/revisions"}],"wp:featuredmedia":[{"embeddable":true,"href":"https:\/\/dmcsrb.com\/en\/wp-json\/wp\/v2\/media\/914030"}],"wp:attachment":[{"href":"https:\/\/dmcsrb.com\/en\/wp-json\/wp\/v2\/media?parent=914029"}],"wp:term":[{"taxonomy":"category","embeddable":true,"href":"https:\/\/dmcsrb.com\/en\/wp-json\/wp\/v2\/categories?post=914029"},{"taxonomy":"post_tag","embeddable":true,"href":"https:\/\/dmcsrb.com\/en\/wp-json\/wp\/v2\/tags?post=914029"},{"taxonomy":"naslovna","embeddable":true,"href":"https:\/\/dmcsrb.com\/en\/wp-json\/wp\/v2\/naslovna?post=914029"}],"curies":[{"name":"wp","href":"https:\/\/api.w.org\/{rel}","templated":true}]}}