{"id":913991,"date":"2025-12-17T12:26:00","date_gmt":"2025-12-17T11:26:00","guid":{"rendered":"https:\/\/dmcsrb.com\/uncategorized\/vlada-hrvatske-osnovala-komisiju-za-povrat-skolskog-broda-jadran\/"},"modified":"2025-12-17T12:26:00","modified_gmt":"2025-12-17T11:26:00","slug":"vlada-hrvatske-osnovala-komisiju-za-povrat-skolskog-broda-jadran","status":"publish","type":"post","link":"https:\/\/dmcsrb.com\/en\/politika\/vlada-hrvatske-osnovala-komisiju-za-povrat-skolskog-broda-jadran\/","title":{"rendered":"Vlada Hrvatske osnovala komisiju za povrat \u0161kolskog broda Jadran"},"content":{"rendered":"<p><\/p>\n\n\n\n<p>U odluci Vlade navodi se da je obostrano dogovoreno razmatranje ovog pitanja na nivou stru\u010dnih komisija, jer je pitanje sukcesije vojne imovine biv\u0161e JNA, posebno povrat \u0161kolskog broda Jadran, jedno od otvorenih pitanja izme\u0111u dvije dr\u017eave.<\/p>\n\n\n\n<p>Za predsjednika komisije, \u010diji je zadatak da aktivno vodi pregovore sa Crnom Gorom, imenovan je ministar vanjskih i evropskih poslova Gordan Grli\u0107 Radman. \u010clanovi komisije su i Andreja Metelko-Zgombi\u0107 i Vanda Babi\u0107 Gali\u0107 iz Ministarstva vanjskih i evropskih poslova, kao i Tomislav Gali\u0107, Nikolina Volf i \u017delimir Latkovi\u0107 iz Ministarstva odbrane.<\/p>\n\n\n\n<p>&#8220;Hrvatska podsti\u010de aktivan i otvoren dijalog sa Crnom Gorom radi rje\u0161avanja otvorenih pitanja u duhu me\u0111usobnog uva\u017eavanja, dobrosusjedskih odnosa i na osnovu va\u017ee\u0107eg me\u0111unarodnog prava&#8221;, rekao je na dana\u0161njoj sjednici Vlade dr\u017eavni sekretar Ministarstva vanjskih poslova <strong>Frano Matu\u0161i\u0107<\/strong>.<\/p>\n\n\n\n<p>Zagreb uskra\u0107uje saglasnost za zatvaranje poglavlja 31, koje se odnosi na vanjsku, bezbjednosnu i odbrambenu politiku, navode\u0107i da ne blokira Crnu Goru, ali da postoje otvorena pitanja koja treba rije\u0161iti, me\u0111u kojima su brod Jadran, razgrani\u010denje, nestale osobe i procesuiranje ratnih zlo\u010dina.<\/p>","protected":false},"excerpt":{"rendered":"<p>Hrvatska vlada je u srijedu osnovala komisiju za povrat \u0161kolskog broda Jadran i druge vojne imovine od Crne Gore, \u0161to je jedan od razloga zbog kojih Hrvatska u pregovorima o pristupanju uskra\u0107uje saglasnost za zatvaranje poglavlja o vanjskoj politici.<\/p>","protected":false},"author":1,"featured_media":913992,"comment_status":"open","ping_status":"open","sticky":false,"template":"","format":"standard","meta":{"_acf_changed":false,"footnotes":""},"categories":[12],"tags":[3406,3407,806],"naslovna":[],"class_list":["post-913991","post","type-post","status-publish","format-standard","has-post-thumbnail","hentry","category-politika","tag-brod-jadran","tag-frano-matusic","tag-hrvatska"],"acf":[],"yoast_head":"<!-- This site is optimized with the Yoast SEO plugin v27.4 - https:\/\/yoast.com\/product\/yoast-seo-wordpress\/ -->\n<title>Vlada Hrvatske osnovala komisiju za povrat \u0161kolskog broda Jadran - dmcsrb.com<\/title>\n<meta name=\"robots\" content=\"index, follow, max-snippet:-1, max-image-preview:large, max-video-preview:-1\" \/>\n<link rel=\"canonical\" href=\"https:\/\/dmcsrb.com\/en\/politika\/vlada-hrvatske-osnovala-komisiju-za-povrat-skolskog-broda-jadran\/\" \/>\n<meta property=\"og:locale\" content=\"en_GB\" \/>\n<meta property=\"og:type\" content=\"article\" \/>\n<meta property=\"og:title\" content=\"Vlada Hrvatske osnovala komisiju za povrat \u0161kolskog broda Jadran - dmcsrb.com\" \/>\n<meta property=\"og:description\" content=\"Hrvatska vlada je u srijedu osnovala komisiju za povrat \u0161kolskog broda Jadran i druge vojne imovine od Crne Gore, \u0161to je jedan od razloga zbog kojih Hrvatska u pregovorima o pristupanju uskra\u0107uje saglasnost za zatvaranje poglavlja o vanjskoj politici.\" \/>\n<meta property=\"og:url\" content=\"https:\/\/dmcsrb.com\/en\/politika\/vlada-hrvatske-osnovala-komisiju-za-povrat-skolskog-broda-jadran\/\" \/>\n<meta property=\"og:site_name\" content=\"dmcsrb.com\" \/>\n<meta property=\"article:published_time\" content=\"2025-12-17T11:26:00+00:00\" \/>\n<meta property=\"og:image\" content=\"https:\/\/dmcsrb.com\/wp-content\/uploads\/2026\/01\/Brod-Jadran-foto-ss-yt.jpg\" \/>\n\t<meta property=\"og:image:width\" content=\"881\" \/>\n\t<meta property=\"og:image:height\" content=\"463\" \/>\n\t<meta property=\"og:image:type\" content=\"image\/jpeg\" \/>\n<meta name=\"author\" content=\"dmcsrbija.com@gmail.com\" \/>\n<meta name=\"twitter:card\" content=\"summary_large_image\" \/>\n<meta name=\"twitter:label1\" content=\"Written by\" \/>\n\t<meta name=\"twitter:data1\" content=\"dmcsrbija.com@gmail.com\" \/>\n\t<meta name=\"twitter:label2\" content=\"Estimated reading time\" \/>\n\t<meta name=\"twitter:data2\" content=\"1 minute\" \/>\n<script type=\"application\/ld+json\" class=\"yoast-schema-graph\">{\"@context\":\"https:\\\/\\\/schema.org\",\"@graph\":[{\"@type\":\"Article\",\"@id\":\"https:\\\/\\\/dmcsrb.com\\\/politika\\\/vlada-hrvatske-osnovala-komisiju-za-povrat-skolskog-broda-jadran\\\/#article\",\"isPartOf\":{\"@id\":\"https:\\\/\\\/dmcsrb.com\\\/politika\\\/vlada-hrvatske-osnovala-komisiju-za-povrat-skolskog-broda-jadran\\\/\"},\"author\":{\"name\":\"dmcsrbija.com@gmail.com\",\"@id\":\"https:\\\/\\\/dmcsrb.com\\\/#\\\/schema\\\/person\\\/5c39170f12db1b8b457732d0b5c854e2\"},\"headline\":\"Vlada Hrvatske osnovala komisiju za povrat \u0161kolskog broda Jadran\",\"datePublished\":\"2025-12-17T11:26:00+00:00\",\"mainEntityOfPage\":{\"@id\":\"https:\\\/\\\/dmcsrb.com\\\/politika\\\/vlada-hrvatske-osnovala-komisiju-za-povrat-skolskog-broda-jadran\\\/\"},\"wordCount\":195,\"commentCount\":0,\"image\":{\"@id\":\"https:\\\/\\\/dmcsrb.com\\\/politika\\\/vlada-hrvatske-osnovala-komisiju-za-povrat-skolskog-broda-jadran\\\/#primaryimage\"},\"thumbnailUrl\":\"https:\\\/\\\/dmcsrb.com\\\/wp-content\\\/uploads\\\/2026\\\/01\\\/Brod-Jadran-foto-ss-yt.jpg\",\"keywords\":[\"brod jadran\",\"Frano Matu\u0161i\u0107\",\"Hrvatska\"],\"articleSection\":[\"Politika\"],\"inLanguage\":\"en-GB\",\"potentialAction\":[{\"@type\":\"CommentAction\",\"name\":\"Comment\",\"target\":[\"https:\\\/\\\/dmcsrb.com\\\/politika\\\/vlada-hrvatske-osnovala-komisiju-za-povrat-skolskog-broda-jadran\\\/#respond\"]}]},{\"@type\":\"WebPage\",\"@id\":\"https:\\\/\\\/dmcsrb.com\\\/politika\\\/vlada-hrvatske-osnovala-komisiju-za-povrat-skolskog-broda-jadran\\\/\",\"url\":\"https:\\\/\\\/dmcsrb.com\\\/politika\\\/vlada-hrvatske-osnovala-komisiju-za-povrat-skolskog-broda-jadran\\\/\",\"name\":\"Vlada Hrvatske osnovala komisiju za povrat \u0161kolskog broda Jadran - dmcsrb.com\",\"isPartOf\":{\"@id\":\"https:\\\/\\\/dmcsrb.com\\\/#website\"},\"primaryImageOfPage\":{\"@id\":\"https:\\\/\\\/dmcsrb.com\\\/politika\\\/vlada-hrvatske-osnovala-komisiju-za-povrat-skolskog-broda-jadran\\\/#primaryimage\"},\"image\":{\"@id\":\"https:\\\/\\\/dmcsrb.com\\\/politika\\\/vlada-hrvatske-osnovala-komisiju-za-povrat-skolskog-broda-jadran\\\/#primaryimage\"},\"thumbnailUrl\":\"https:\\\/\\\/dmcsrb.com\\\/wp-content\\\/uploads\\\/2026\\\/01\\\/Brod-Jadran-foto-ss-yt.jpg\",\"datePublished\":\"2025-12-17T11:26:00+00:00\",\"author\":{\"@id\":\"https:\\\/\\\/dmcsrb.com\\\/#\\\/schema\\\/person\\\/5c39170f12db1b8b457732d0b5c854e2\"},\"breadcrumb\":{\"@id\":\"https:\\\/\\\/dmcsrb.com\\\/politika\\\/vlada-hrvatske-osnovala-komisiju-za-povrat-skolskog-broda-jadran\\\/#breadcrumb\"},\"inLanguage\":\"en-GB\",\"potentialAction\":[{\"@type\":\"ReadAction\",\"target\":[\"https:\\\/\\\/dmcsrb.com\\\/politika\\\/vlada-hrvatske-osnovala-komisiju-za-povrat-skolskog-broda-jadran\\\/\"]}]},{\"@type\":\"ImageObject\",\"inLanguage\":\"en-GB\",\"@id\":\"https:\\\/\\\/dmcsrb.com\\\/politika\\\/vlada-hrvatske-osnovala-komisiju-za-povrat-skolskog-broda-jadran\\\/#primaryimage\",\"url\":\"https:\\\/\\\/dmcsrb.com\\\/wp-content\\\/uploads\\\/2026\\\/01\\\/Brod-Jadran-foto-ss-yt.jpg\",\"contentUrl\":\"https:\\\/\\\/dmcsrb.com\\\/wp-content\\\/uploads\\\/2026\\\/01\\\/Brod-Jadran-foto-ss-yt.jpg\",\"width\":881,\"height\":463},{\"@type\":\"BreadcrumbList\",\"@id\":\"https:\\\/\\\/dmcsrb.com\\\/politika\\\/vlada-hrvatske-osnovala-komisiju-za-povrat-skolskog-broda-jadran\\\/#breadcrumb\",\"itemListElement\":[{\"@type\":\"ListItem\",\"position\":1,\"name\":\"Home\",\"item\":\"https:\\\/\\\/dmcsrb.com\\\/\"},{\"@type\":\"ListItem\",\"position\":2,\"name\":\"Vlada Hrvatske osnovala komisiju za povrat \u0161kolskog broda Jadran\"}]},{\"@type\":\"WebSite\",\"@id\":\"https:\\\/\\\/dmcsrb.com\\\/#website\",\"url\":\"https:\\\/\\\/dmcsrb.com\\\/\",\"name\":\"dmcsrb.com\",\"description\":\"\",\"potentialAction\":[{\"@type\":\"SearchAction\",\"target\":{\"@type\":\"EntryPoint\",\"urlTemplate\":\"https:\\\/\\\/dmcsrb.com\\\/?s={search_term_string}\"},\"query-input\":{\"@type\":\"PropertyValueSpecification\",\"valueRequired\":true,\"valueName\":\"search_term_string\"}}],\"inLanguage\":\"en-GB\"},{\"@type\":\"Person\",\"@id\":\"https:\\\/\\\/dmcsrb.com\\\/#\\\/schema\\\/person\\\/5c39170f12db1b8b457732d0b5c854e2\",\"name\":\"dmcsrbija.com@gmail.com\",\"image\":{\"@type\":\"ImageObject\",\"inLanguage\":\"en-GB\",\"@id\":\"https:\\\/\\\/secure.gravatar.com\\\/avatar\\\/68592660ad6347fad0fb587f8d5d8f1a7b44961362f56e4f2cd524feb87e9069?s=96&d=mm&r=g\",\"url\":\"https:\\\/\\\/secure.gravatar.com\\\/avatar\\\/68592660ad6347fad0fb587f8d5d8f1a7b44961362f56e4f2cd524feb87e9069?s=96&d=mm&r=g\",\"contentUrl\":\"https:\\\/\\\/secure.gravatar.com\\\/avatar\\\/68592660ad6347fad0fb587f8d5d8f1a7b44961362f56e4f2cd524feb87e9069?s=96&d=mm&r=g\",\"caption\":\"dmcsrbija.com@gmail.com\"},\"sameAs\":[\"https:\\\/\\\/dmcsrb.com\"],\"url\":\"https:\\\/\\\/dmcsrb.com\\\/en\\\/author\\\/dmcsrbija-comgmail-com\\\/\"}]}<\/script>\n<!-- \/ Yoast SEO plugin. -->","yoast_head_json":{"title":"Vlada Hrvatske osnovala komisiju za povrat \u0161kolskog broda Jadran - dmcsrb.com","robots":{"index":"index","follow":"follow","max-snippet":"max-snippet:-1","max-image-preview":"max-image-preview:large","max-video-preview":"max-video-preview:-1"},"canonical":"https:\/\/dmcsrb.com\/en\/politika\/vlada-hrvatske-osnovala-komisiju-za-povrat-skolskog-broda-jadran\/","og_locale":"en_GB","og_type":"article","og_title":"Vlada Hrvatske osnovala komisiju za povrat \u0161kolskog broda Jadran - dmcsrb.com","og_description":"Hrvatska vlada je u srijedu osnovala komisiju za povrat \u0161kolskog broda Jadran i druge vojne imovine od Crne Gore, \u0161to je jedan od razloga zbog kojih Hrvatska u pregovorima o pristupanju uskra\u0107uje saglasnost za zatvaranje poglavlja o vanjskoj politici.","og_url":"https:\/\/dmcsrb.com\/en\/politika\/vlada-hrvatske-osnovala-komisiju-za-povrat-skolskog-broda-jadran\/","og_site_name":"dmcsrb.com","article_published_time":"2025-12-17T11:26:00+00:00","og_image":[{"width":881,"height":463,"url":"https:\/\/dmcsrb.com\/wp-content\/uploads\/2026\/01\/Brod-Jadran-foto-ss-yt.jpg","type":"image\/jpeg"}],"author":"dmcsrbija.com@gmail.com","twitter_card":"summary_large_image","twitter_misc":{"Written by":"dmcsrbija.com@gmail.com","Estimated reading time":"1 minute"},"schema":{"@context":"https:\/\/schema.org","@graph":[{"@type":"Article","@id":"https:\/\/dmcsrb.com\/politika\/vlada-hrvatske-osnovala-komisiju-za-povrat-skolskog-broda-jadran\/#article","isPartOf":{"@id":"https:\/\/dmcsrb.com\/politika\/vlada-hrvatske-osnovala-komisiju-za-povrat-skolskog-broda-jadran\/"},"author":{"name":"dmcsrbija.com@gmail.com","@id":"https:\/\/dmcsrb.com\/#\/schema\/person\/5c39170f12db1b8b457732d0b5c854e2"},"headline":"Vlada Hrvatske osnovala komisiju za povrat \u0161kolskog broda Jadran","datePublished":"2025-12-17T11:26:00+00:00","mainEntityOfPage":{"@id":"https:\/\/dmcsrb.com\/politika\/vlada-hrvatske-osnovala-komisiju-za-povrat-skolskog-broda-jadran\/"},"wordCount":195,"commentCount":0,"image":{"@id":"https:\/\/dmcsrb.com\/politika\/vlada-hrvatske-osnovala-komisiju-za-povrat-skolskog-broda-jadran\/#primaryimage"},"thumbnailUrl":"https:\/\/dmcsrb.com\/wp-content\/uploads\/2026\/01\/Brod-Jadran-foto-ss-yt.jpg","keywords":["brod jadran","Frano Matu\u0161i\u0107","Hrvatska"],"articleSection":["Politika"],"inLanguage":"en-GB","potentialAction":[{"@type":"CommentAction","name":"Comment","target":["https:\/\/dmcsrb.com\/politika\/vlada-hrvatske-osnovala-komisiju-za-povrat-skolskog-broda-jadran\/#respond"]}]},{"@type":"WebPage","@id":"https:\/\/dmcsrb.com\/politika\/vlada-hrvatske-osnovala-komisiju-za-povrat-skolskog-broda-jadran\/","url":"https:\/\/dmcsrb.com\/politika\/vlada-hrvatske-osnovala-komisiju-za-povrat-skolskog-broda-jadran\/","name":"Vlada Hrvatske osnovala komisiju za povrat \u0161kolskog broda Jadran - dmcsrb.com","isPartOf":{"@id":"https:\/\/dmcsrb.com\/#website"},"primaryImageOfPage":{"@id":"https:\/\/dmcsrb.com\/politika\/vlada-hrvatske-osnovala-komisiju-za-povrat-skolskog-broda-jadran\/#primaryimage"},"image":{"@id":"https:\/\/dmcsrb.com\/politika\/vlada-hrvatske-osnovala-komisiju-za-povrat-skolskog-broda-jadran\/#primaryimage"},"thumbnailUrl":"https:\/\/dmcsrb.com\/wp-content\/uploads\/2026\/01\/Brod-Jadran-foto-ss-yt.jpg","datePublished":"2025-12-17T11:26:00+00:00","author":{"@id":"https:\/\/dmcsrb.com\/#\/schema\/person\/5c39170f12db1b8b457732d0b5c854e2"},"breadcrumb":{"@id":"https:\/\/dmcsrb.com\/politika\/vlada-hrvatske-osnovala-komisiju-za-povrat-skolskog-broda-jadran\/#breadcrumb"},"inLanguage":"en-GB","potentialAction":[{"@type":"ReadAction","target":["https:\/\/dmcsrb.com\/politika\/vlada-hrvatske-osnovala-komisiju-za-povrat-skolskog-broda-jadran\/"]}]},{"@type":"ImageObject","inLanguage":"en-GB","@id":"https:\/\/dmcsrb.com\/politika\/vlada-hrvatske-osnovala-komisiju-za-povrat-skolskog-broda-jadran\/#primaryimage","url":"https:\/\/dmcsrb.com\/wp-content\/uploads\/2026\/01\/Brod-Jadran-foto-ss-yt.jpg","contentUrl":"https:\/\/dmcsrb.com\/wp-content\/uploads\/2026\/01\/Brod-Jadran-foto-ss-yt.jpg","width":881,"height":463},{"@type":"BreadcrumbList","@id":"https:\/\/dmcsrb.com\/politika\/vlada-hrvatske-osnovala-komisiju-za-povrat-skolskog-broda-jadran\/#breadcrumb","itemListElement":[{"@type":"ListItem","position":1,"name":"Home","item":"https:\/\/dmcsrb.com\/"},{"@type":"ListItem","position":2,"name":"Vlada Hrvatske osnovala komisiju za povrat \u0161kolskog broda Jadran"}]},{"@type":"WebSite","@id":"https:\/\/dmcsrb.com\/#website","url":"https:\/\/dmcsrb.com\/","name":"dmcsrb.com","description":"","potentialAction":[{"@type":"SearchAction","target":{"@type":"EntryPoint","urlTemplate":"https:\/\/dmcsrb.com\/?s={search_term_string}"},"query-input":{"@type":"PropertyValueSpecification","valueRequired":true,"valueName":"search_term_string"}}],"inLanguage":"en-GB"},{"@type":"Person","@id":"https:\/\/dmcsrb.com\/#\/schema\/person\/5c39170f12db1b8b457732d0b5c854e2","name":"dmcsrbija.com@gmail.com","image":{"@type":"ImageObject","inLanguage":"en-GB","@id":"https:\/\/secure.gravatar.com\/avatar\/68592660ad6347fad0fb587f8d5d8f1a7b44961362f56e4f2cd524feb87e9069?s=96&d=mm&r=g","url":"https:\/\/secure.gravatar.com\/avatar\/68592660ad6347fad0fb587f8d5d8f1a7b44961362f56e4f2cd524feb87e9069?s=96&d=mm&r=g","contentUrl":"https:\/\/secure.gravatar.com\/avatar\/68592660ad6347fad0fb587f8d5d8f1a7b44961362f56e4f2cd524feb87e9069?s=96&d=mm&r=g","caption":"dmcsrbija.com@gmail.com"},"sameAs":["https:\/\/dmcsrb.com"],"url":"https:\/\/dmcsrb.com\/en\/author\/dmcsrbija-comgmail-com\/"}]}},"_links":{"self":[{"href":"https:\/\/dmcsrb.com\/en\/wp-json\/wp\/v2\/posts\/913991","targetHints":{"allow":["GET"]}}],"collection":[{"href":"https:\/\/dmcsrb.com\/en\/wp-json\/wp\/v2\/posts"}],"about":[{"href":"https:\/\/dmcsrb.com\/en\/wp-json\/wp\/v2\/types\/post"}],"author":[{"embeddable":true,"href":"https:\/\/dmcsrb.com\/en\/wp-json\/wp\/v2\/users\/1"}],"replies":[{"embeddable":true,"href":"https:\/\/dmcsrb.com\/en\/wp-json\/wp\/v2\/comments?post=913991"}],"version-history":[{"count":0,"href":"https:\/\/dmcsrb.com\/en\/wp-json\/wp\/v2\/posts\/913991\/revisions"}],"wp:featuredmedia":[{"embeddable":true,"href":"https:\/\/dmcsrb.com\/en\/wp-json\/wp\/v2\/media\/913992"}],"wp:attachment":[{"href":"https:\/\/dmcsrb.com\/en\/wp-json\/wp\/v2\/media?parent=913991"}],"wp:term":[{"taxonomy":"category","embeddable":true,"href":"https:\/\/dmcsrb.com\/en\/wp-json\/wp\/v2\/categories?post=913991"},{"taxonomy":"post_tag","embeddable":true,"href":"https:\/\/dmcsrb.com\/en\/wp-json\/wp\/v2\/tags?post=913991"},{"taxonomy":"naslovna","embeddable":true,"href":"https:\/\/dmcsrb.com\/en\/wp-json\/wp\/v2\/naslovna?post=913991"}],"curies":[{"name":"wp","href":"https:\/\/api.w.org\/{rel}","templated":true}]}}