{"id":913984,"date":"2025-12-17T12:21:48","date_gmt":"2025-12-17T11:21:48","guid":{"rendered":"https:\/\/dmcsrb.com\/uncategorized\/sjutra-otvaranje-novog-dijela-urgentnog-centra-kccg\/"},"modified":"2025-12-17T12:21:48","modified_gmt":"2025-12-17T11:21:48","slug":"sjutra-otvaranje-novog-dijela-urgentnog-centra-kccg","status":"publish","type":"post","link":"https:\/\/dmcsrb.com\/en\/drustvo\/sjutra-otvaranje-novog-dijela-urgentnog-centra-kccg\/","title":{"rendered":"Sjutra otvaranje novog dijela Urgentnog centra KCCG"},"content":{"rendered":"<p><\/p>\n\n\n\n<p><\/p>\n\n\n\n<p>Kako je saop\u0161teno, imaju\u0107i u vidu da je Urgentni centar jedna od najoptere\u0107enijih organizacionih jedinica KCCG, novoizgra\u0111eni prostor zna\u010dajno \u0107e doprinijeti unapre\u0111enju pru\u017eanja urgentnih medicinskih usluga u Klini\u010dkom centru Crne Gore, a samim tim i u ukupnom zdravstvenom sistemu Crne Gore.<\/p>\n\n\n\n<p>Otvaranju \u0107e prisustvovati ministar zdravlja u Vladi Crne Gore dr Vojislav \u0160imun sa saradnicima, gradona\u010delnik Glavnog grada Podgorice prof. dr Sa\u0161a Mujovi\u0107 sa saradnicima, predsjednik Borda direktora kompanije \u201eVoli\u201c Dragan Bokan sa saradnicima, kao i direktor Klini\u010dkog centra Crne Gore dr mr sc. Aleksandar Radovi\u0107 sa saradnicima.<\/p>\n\n\n\n<p>Iz Klini\u010dkog centra Crne Gore pozvali su predstavnike medija da prisustvuju ovom doga\u0111aju i doprinesu informisanju javnosti o unapre\u0111enju urgentne medicine u Crnoj Gori.<\/p>","protected":false},"excerpt":{"rendered":"<p>Otvaranje novoizgra\u0111enog pro\u0161irenja Urgentnog centra Klini\u010dkog centra Crne Gore bi\u0107e odr\u017eano sjutra, u 10 sati, a realizovano je zahvaljuju\u0107i donaciji kompanije \u201eVoli\u201c i projektu koji je donirao \u201eArhitektonski atelje\u201c iz Podgorice, navedeno je u saop\u0161tenju Klini\u010dkog centra Crne Gore.<\/p>","protected":false},"author":1,"featured_media":909811,"comment_status":"open","ping_status":"open","sticky":false,"template":"","format":"standard","meta":{"_acf_changed":false,"footnotes":""},"categories":[2],"tags":[95,3401,31,174,442],"naslovna":[],"class_list":["post-913984","post","type-post","status-publish","format-standard","has-post-thumbnail","hentry","category-drustvo","tag-crna-gora","tag-kbc","tag-podgorica","tag-sasa-mujovic","tag-vojislav-simun"],"acf":[],"yoast_head":"<!-- This site is optimized with the Yoast SEO plugin v27.4 - https:\/\/yoast.com\/product\/yoast-seo-wordpress\/ -->\n<title>Sjutra otvaranje novog dijela Urgentnog centra KCCG - dmcsrb.com<\/title>\n<meta name=\"robots\" content=\"index, follow, max-snippet:-1, max-image-preview:large, max-video-preview:-1\" \/>\n<link rel=\"canonical\" href=\"https:\/\/dmcsrb.com\/en\/drustvo\/sjutra-otvaranje-novog-dijela-urgentnog-centra-kccg\/\" \/>\n<meta property=\"og:locale\" content=\"en_GB\" \/>\n<meta property=\"og:type\" content=\"article\" \/>\n<meta property=\"og:title\" content=\"Sjutra otvaranje novog dijela Urgentnog centra KCCG - dmcsrb.com\" \/>\n<meta property=\"og:description\" content=\"Otvaranje novoizgra\u0111enog pro\u0161irenja Urgentnog centra Klini\u010dkog centra Crne Gore bi\u0107e odr\u017eano sjutra, u 10 sati, a realizovano je zahvaljuju\u0107i donaciji kompanije \u201eVoli\u201c i projektu koji je donirao \u201eArhitektonski atelje\u201c iz Podgorice, navedeno je u saop\u0161tenju Klini\u010dkog centra Crne Gore.\" \/>\n<meta property=\"og:url\" content=\"https:\/\/dmcsrb.com\/en\/drustvo\/sjutra-otvaranje-novog-dijela-urgentnog-centra-kccg\/\" \/>\n<meta property=\"og:site_name\" content=\"dmcsrb.com\" \/>\n<meta property=\"article:published_time\" content=\"2025-12-17T11:21:48+00:00\" \/>\n<meta property=\"og:image\" content=\"https:\/\/dmcsrb.com\/wp-content\/uploads\/2026\/01\/Klinicki-centar-CG-foto-KCCG.jpg\" \/>\n\t<meta property=\"og:image:width\" content=\"932\" \/>\n\t<meta property=\"og:image:height\" content=\"560\" \/>\n\t<meta property=\"og:image:type\" content=\"image\/jpeg\" \/>\n<meta name=\"author\" content=\"dmcsrbija.com@gmail.com\" \/>\n<meta name=\"twitter:card\" content=\"summary_large_image\" \/>\n<meta name=\"twitter:label1\" content=\"Written by\" \/>\n\t<meta name=\"twitter:data1\" content=\"dmcsrbija.com@gmail.com\" \/>\n\t<meta name=\"twitter:label2\" content=\"Estimated reading time\" \/>\n\t<meta name=\"twitter:data2\" content=\"1 minute\" \/>\n<script type=\"application\/ld+json\" class=\"yoast-schema-graph\">{\"@context\":\"https:\\\/\\\/schema.org\",\"@graph\":[{\"@type\":\"Article\",\"@id\":\"https:\\\/\\\/dmcsrb.com\\\/drustvo\\\/sjutra-otvaranje-novog-dijela-urgentnog-centra-kccg\\\/#article\",\"isPartOf\":{\"@id\":\"https:\\\/\\\/dmcsrb.com\\\/drustvo\\\/sjutra-otvaranje-novog-dijela-urgentnog-centra-kccg\\\/\"},\"author\":{\"name\":\"dmcsrbija.com@gmail.com\",\"@id\":\"https:\\\/\\\/dmcsrb.com\\\/#\\\/schema\\\/person\\\/5c39170f12db1b8b457732d0b5c854e2\"},\"headline\":\"Sjutra otvaranje novog dijela Urgentnog centra KCCG\",\"datePublished\":\"2025-12-17T11:21:48+00:00\",\"mainEntityOfPage\":{\"@id\":\"https:\\\/\\\/dmcsrb.com\\\/drustvo\\\/sjutra-otvaranje-novog-dijela-urgentnog-centra-kccg\\\/\"},\"wordCount\":133,\"commentCount\":0,\"image\":{\"@id\":\"https:\\\/\\\/dmcsrb.com\\\/drustvo\\\/sjutra-otvaranje-novog-dijela-urgentnog-centra-kccg\\\/#primaryimage\"},\"thumbnailUrl\":\"https:\\\/\\\/dmcsrb.com\\\/wp-content\\\/uploads\\\/2026\\\/01\\\/Klinicki-centar-CG-foto-KCCG.jpg\",\"keywords\":[\"Crna Gora\",\"KBC\",\"Podgorica\",\"Sa\u0161a Mujovi\u0107\",\"Vojislav \u0160imun\"],\"articleSection\":[\"Dru\u0161tvo\"],\"inLanguage\":\"en-GB\",\"potentialAction\":[{\"@type\":\"CommentAction\",\"name\":\"Comment\",\"target\":[\"https:\\\/\\\/dmcsrb.com\\\/drustvo\\\/sjutra-otvaranje-novog-dijela-urgentnog-centra-kccg\\\/#respond\"]}]},{\"@type\":\"WebPage\",\"@id\":\"https:\\\/\\\/dmcsrb.com\\\/drustvo\\\/sjutra-otvaranje-novog-dijela-urgentnog-centra-kccg\\\/\",\"url\":\"https:\\\/\\\/dmcsrb.com\\\/drustvo\\\/sjutra-otvaranje-novog-dijela-urgentnog-centra-kccg\\\/\",\"name\":\"Sjutra otvaranje novog dijela Urgentnog centra KCCG - dmcsrb.com\",\"isPartOf\":{\"@id\":\"https:\\\/\\\/dmcsrb.com\\\/#website\"},\"primaryImageOfPage\":{\"@id\":\"https:\\\/\\\/dmcsrb.com\\\/drustvo\\\/sjutra-otvaranje-novog-dijela-urgentnog-centra-kccg\\\/#primaryimage\"},\"image\":{\"@id\":\"https:\\\/\\\/dmcsrb.com\\\/drustvo\\\/sjutra-otvaranje-novog-dijela-urgentnog-centra-kccg\\\/#primaryimage\"},\"thumbnailUrl\":\"https:\\\/\\\/dmcsrb.com\\\/wp-content\\\/uploads\\\/2026\\\/01\\\/Klinicki-centar-CG-foto-KCCG.jpg\",\"datePublished\":\"2025-12-17T11:21:48+00:00\",\"author\":{\"@id\":\"https:\\\/\\\/dmcsrb.com\\\/#\\\/schema\\\/person\\\/5c39170f12db1b8b457732d0b5c854e2\"},\"breadcrumb\":{\"@id\":\"https:\\\/\\\/dmcsrb.com\\\/drustvo\\\/sjutra-otvaranje-novog-dijela-urgentnog-centra-kccg\\\/#breadcrumb\"},\"inLanguage\":\"en-GB\",\"potentialAction\":[{\"@type\":\"ReadAction\",\"target\":[\"https:\\\/\\\/dmcsrb.com\\\/drustvo\\\/sjutra-otvaranje-novog-dijela-urgentnog-centra-kccg\\\/\"]}]},{\"@type\":\"ImageObject\",\"inLanguage\":\"en-GB\",\"@id\":\"https:\\\/\\\/dmcsrb.com\\\/drustvo\\\/sjutra-otvaranje-novog-dijela-urgentnog-centra-kccg\\\/#primaryimage\",\"url\":\"https:\\\/\\\/dmcsrb.com\\\/wp-content\\\/uploads\\\/2026\\\/01\\\/Klinicki-centar-CG-foto-KCCG.jpg\",\"contentUrl\":\"https:\\\/\\\/dmcsrb.com\\\/wp-content\\\/uploads\\\/2026\\\/01\\\/Klinicki-centar-CG-foto-KCCG.jpg\",\"width\":932,\"height\":560},{\"@type\":\"BreadcrumbList\",\"@id\":\"https:\\\/\\\/dmcsrb.com\\\/drustvo\\\/sjutra-otvaranje-novog-dijela-urgentnog-centra-kccg\\\/#breadcrumb\",\"itemListElement\":[{\"@type\":\"ListItem\",\"position\":1,\"name\":\"Home\",\"item\":\"https:\\\/\\\/dmcsrb.com\\\/\"},{\"@type\":\"ListItem\",\"position\":2,\"name\":\"Sjutra otvaranje novog dijela Urgentnog centra KCCG\"}]},{\"@type\":\"WebSite\",\"@id\":\"https:\\\/\\\/dmcsrb.com\\\/#website\",\"url\":\"https:\\\/\\\/dmcsrb.com\\\/\",\"name\":\"dmcsrb.com\",\"description\":\"\",\"potentialAction\":[{\"@type\":\"SearchAction\",\"target\":{\"@type\":\"EntryPoint\",\"urlTemplate\":\"https:\\\/\\\/dmcsrb.com\\\/?s={search_term_string}\"},\"query-input\":{\"@type\":\"PropertyValueSpecification\",\"valueRequired\":true,\"valueName\":\"search_term_string\"}}],\"inLanguage\":\"en-GB\"},{\"@type\":\"Person\",\"@id\":\"https:\\\/\\\/dmcsrb.com\\\/#\\\/schema\\\/person\\\/5c39170f12db1b8b457732d0b5c854e2\",\"name\":\"dmcsrbija.com@gmail.com\",\"image\":{\"@type\":\"ImageObject\",\"inLanguage\":\"en-GB\",\"@id\":\"https:\\\/\\\/secure.gravatar.com\\\/avatar\\\/68592660ad6347fad0fb587f8d5d8f1a7b44961362f56e4f2cd524feb87e9069?s=96&d=mm&r=g\",\"url\":\"https:\\\/\\\/secure.gravatar.com\\\/avatar\\\/68592660ad6347fad0fb587f8d5d8f1a7b44961362f56e4f2cd524feb87e9069?s=96&d=mm&r=g\",\"contentUrl\":\"https:\\\/\\\/secure.gravatar.com\\\/avatar\\\/68592660ad6347fad0fb587f8d5d8f1a7b44961362f56e4f2cd524feb87e9069?s=96&d=mm&r=g\",\"caption\":\"dmcsrbija.com@gmail.com\"},\"sameAs\":[\"https:\\\/\\\/dmcsrb.com\"],\"url\":\"https:\\\/\\\/dmcsrb.com\\\/en\\\/author\\\/dmcsrbija-comgmail-com\\\/\"}]}<\/script>\n<!-- \/ Yoast SEO plugin. -->","yoast_head_json":{"title":"Sjutra otvaranje novog dijela Urgentnog centra KCCG - dmcsrb.com","robots":{"index":"index","follow":"follow","max-snippet":"max-snippet:-1","max-image-preview":"max-image-preview:large","max-video-preview":"max-video-preview:-1"},"canonical":"https:\/\/dmcsrb.com\/en\/drustvo\/sjutra-otvaranje-novog-dijela-urgentnog-centra-kccg\/","og_locale":"en_GB","og_type":"article","og_title":"Sjutra otvaranje novog dijela Urgentnog centra KCCG - dmcsrb.com","og_description":"Otvaranje novoizgra\u0111enog pro\u0161irenja Urgentnog centra Klini\u010dkog centra Crne Gore bi\u0107e odr\u017eano sjutra, u 10 sati, a realizovano je zahvaljuju\u0107i donaciji kompanije \u201eVoli\u201c i projektu koji je donirao \u201eArhitektonski atelje\u201c iz Podgorice, navedeno je u saop\u0161tenju Klini\u010dkog centra Crne Gore.","og_url":"https:\/\/dmcsrb.com\/en\/drustvo\/sjutra-otvaranje-novog-dijela-urgentnog-centra-kccg\/","og_site_name":"dmcsrb.com","article_published_time":"2025-12-17T11:21:48+00:00","og_image":[{"width":932,"height":560,"url":"https:\/\/dmcsrb.com\/wp-content\/uploads\/2026\/01\/Klinicki-centar-CG-foto-KCCG.jpg","type":"image\/jpeg"}],"author":"dmcsrbija.com@gmail.com","twitter_card":"summary_large_image","twitter_misc":{"Written by":"dmcsrbija.com@gmail.com","Estimated reading time":"1 minute"},"schema":{"@context":"https:\/\/schema.org","@graph":[{"@type":"Article","@id":"https:\/\/dmcsrb.com\/drustvo\/sjutra-otvaranje-novog-dijela-urgentnog-centra-kccg\/#article","isPartOf":{"@id":"https:\/\/dmcsrb.com\/drustvo\/sjutra-otvaranje-novog-dijela-urgentnog-centra-kccg\/"},"author":{"name":"dmcsrbija.com@gmail.com","@id":"https:\/\/dmcsrb.com\/#\/schema\/person\/5c39170f12db1b8b457732d0b5c854e2"},"headline":"Sjutra otvaranje novog dijela Urgentnog centra KCCG","datePublished":"2025-12-17T11:21:48+00:00","mainEntityOfPage":{"@id":"https:\/\/dmcsrb.com\/drustvo\/sjutra-otvaranje-novog-dijela-urgentnog-centra-kccg\/"},"wordCount":133,"commentCount":0,"image":{"@id":"https:\/\/dmcsrb.com\/drustvo\/sjutra-otvaranje-novog-dijela-urgentnog-centra-kccg\/#primaryimage"},"thumbnailUrl":"https:\/\/dmcsrb.com\/wp-content\/uploads\/2026\/01\/Klinicki-centar-CG-foto-KCCG.jpg","keywords":["Crna Gora","KBC","Podgorica","Sa\u0161a Mujovi\u0107","Vojislav \u0160imun"],"articleSection":["Dru\u0161tvo"],"inLanguage":"en-GB","potentialAction":[{"@type":"CommentAction","name":"Comment","target":["https:\/\/dmcsrb.com\/drustvo\/sjutra-otvaranje-novog-dijela-urgentnog-centra-kccg\/#respond"]}]},{"@type":"WebPage","@id":"https:\/\/dmcsrb.com\/drustvo\/sjutra-otvaranje-novog-dijela-urgentnog-centra-kccg\/","url":"https:\/\/dmcsrb.com\/drustvo\/sjutra-otvaranje-novog-dijela-urgentnog-centra-kccg\/","name":"Sjutra otvaranje novog dijela Urgentnog centra KCCG - dmcsrb.com","isPartOf":{"@id":"https:\/\/dmcsrb.com\/#website"},"primaryImageOfPage":{"@id":"https:\/\/dmcsrb.com\/drustvo\/sjutra-otvaranje-novog-dijela-urgentnog-centra-kccg\/#primaryimage"},"image":{"@id":"https:\/\/dmcsrb.com\/drustvo\/sjutra-otvaranje-novog-dijela-urgentnog-centra-kccg\/#primaryimage"},"thumbnailUrl":"https:\/\/dmcsrb.com\/wp-content\/uploads\/2026\/01\/Klinicki-centar-CG-foto-KCCG.jpg","datePublished":"2025-12-17T11:21:48+00:00","author":{"@id":"https:\/\/dmcsrb.com\/#\/schema\/person\/5c39170f12db1b8b457732d0b5c854e2"},"breadcrumb":{"@id":"https:\/\/dmcsrb.com\/drustvo\/sjutra-otvaranje-novog-dijela-urgentnog-centra-kccg\/#breadcrumb"},"inLanguage":"en-GB","potentialAction":[{"@type":"ReadAction","target":["https:\/\/dmcsrb.com\/drustvo\/sjutra-otvaranje-novog-dijela-urgentnog-centra-kccg\/"]}]},{"@type":"ImageObject","inLanguage":"en-GB","@id":"https:\/\/dmcsrb.com\/drustvo\/sjutra-otvaranje-novog-dijela-urgentnog-centra-kccg\/#primaryimage","url":"https:\/\/dmcsrb.com\/wp-content\/uploads\/2026\/01\/Klinicki-centar-CG-foto-KCCG.jpg","contentUrl":"https:\/\/dmcsrb.com\/wp-content\/uploads\/2026\/01\/Klinicki-centar-CG-foto-KCCG.jpg","width":932,"height":560},{"@type":"BreadcrumbList","@id":"https:\/\/dmcsrb.com\/drustvo\/sjutra-otvaranje-novog-dijela-urgentnog-centra-kccg\/#breadcrumb","itemListElement":[{"@type":"ListItem","position":1,"name":"Home","item":"https:\/\/dmcsrb.com\/"},{"@type":"ListItem","position":2,"name":"Sjutra otvaranje novog dijela Urgentnog centra KCCG"}]},{"@type":"WebSite","@id":"https:\/\/dmcsrb.com\/#website","url":"https:\/\/dmcsrb.com\/","name":"dmcsrb.com","description":"","potentialAction":[{"@type":"SearchAction","target":{"@type":"EntryPoint","urlTemplate":"https:\/\/dmcsrb.com\/?s={search_term_string}"},"query-input":{"@type":"PropertyValueSpecification","valueRequired":true,"valueName":"search_term_string"}}],"inLanguage":"en-GB"},{"@type":"Person","@id":"https:\/\/dmcsrb.com\/#\/schema\/person\/5c39170f12db1b8b457732d0b5c854e2","name":"dmcsrbija.com@gmail.com","image":{"@type":"ImageObject","inLanguage":"en-GB","@id":"https:\/\/secure.gravatar.com\/avatar\/68592660ad6347fad0fb587f8d5d8f1a7b44961362f56e4f2cd524feb87e9069?s=96&d=mm&r=g","url":"https:\/\/secure.gravatar.com\/avatar\/68592660ad6347fad0fb587f8d5d8f1a7b44961362f56e4f2cd524feb87e9069?s=96&d=mm&r=g","contentUrl":"https:\/\/secure.gravatar.com\/avatar\/68592660ad6347fad0fb587f8d5d8f1a7b44961362f56e4f2cd524feb87e9069?s=96&d=mm&r=g","caption":"dmcsrbija.com@gmail.com"},"sameAs":["https:\/\/dmcsrb.com"],"url":"https:\/\/dmcsrb.com\/en\/author\/dmcsrbija-comgmail-com\/"}]}},"_links":{"self":[{"href":"https:\/\/dmcsrb.com\/en\/wp-json\/wp\/v2\/posts\/913984","targetHints":{"allow":["GET"]}}],"collection":[{"href":"https:\/\/dmcsrb.com\/en\/wp-json\/wp\/v2\/posts"}],"about":[{"href":"https:\/\/dmcsrb.com\/en\/wp-json\/wp\/v2\/types\/post"}],"author":[{"embeddable":true,"href":"https:\/\/dmcsrb.com\/en\/wp-json\/wp\/v2\/users\/1"}],"replies":[{"embeddable":true,"href":"https:\/\/dmcsrb.com\/en\/wp-json\/wp\/v2\/comments?post=913984"}],"version-history":[{"count":0,"href":"https:\/\/dmcsrb.com\/en\/wp-json\/wp\/v2\/posts\/913984\/revisions"}],"wp:featuredmedia":[{"embeddable":true,"href":"https:\/\/dmcsrb.com\/en\/wp-json\/wp\/v2\/media\/909811"}],"wp:attachment":[{"href":"https:\/\/dmcsrb.com\/en\/wp-json\/wp\/v2\/media?parent=913984"}],"wp:term":[{"taxonomy":"category","embeddable":true,"href":"https:\/\/dmcsrb.com\/en\/wp-json\/wp\/v2\/categories?post=913984"},{"taxonomy":"post_tag","embeddable":true,"href":"https:\/\/dmcsrb.com\/en\/wp-json\/wp\/v2\/tags?post=913984"},{"taxonomy":"naslovna","embeddable":true,"href":"https:\/\/dmcsrb.com\/en\/wp-json\/wp\/v2\/naslovna?post=913984"}],"curies":[{"name":"wp","href":"https:\/\/api.w.org\/{rel}","templated":true}]}}