{"id":913974,"date":"2025-12-17T12:03:00","date_gmt":"2025-12-17T11:03:00","guid":{"rendered":"https:\/\/dmcsrb.com\/uncategorized\/vukicevic-nije-logicno-da-kompanije-koje-su-u-minusu-dijele-donacije\/"},"modified":"2025-12-17T12:03:00","modified_gmt":"2025-12-17T11:03:00","slug":"vukicevic-nije-logicno-da-kompanije-koje-su-u-minusu-dijele-donacije","status":"publish","type":"post","link":"https:\/\/dmcsrb.com\/en\/ekonomija\/vukicevic-nije-logicno-da-kompanije-koje-su-u-minusu-dijele-donacije\/","title":{"rendered":"Vuki\u0107evi\u0107: Nije logi\u010dno da kompanije koje su u minusu dijele donacije"},"content":{"rendered":"<p><\/p>\n\n\n\n<p>Ministarstvo saobra\u0107aja je jedina institucija koja se odazvala pozivu da prisustvuje Odboru za antikorupciju, \u010dija je jedna od tema bila i situacija u preduze\u0107ima iz sektora saobra\u0107aja.<\/p>\n\n\n\n<p>Iako se istra\u017eivanje u nejve\u0107em dijelu odnosilo na period u kojem ministarka saobra\u0107aja nije bila na trenutnoj funkciji, mora postojati, kako ka\u017ee, institucionalna memorija i odgovornost. Istra\u017eivanje je obuhvatilo period od 2018. godine do 2024. godine i najve\u0107i akcenat je na stambenoj politici i donacijama.<\/p>\n\n\n\n<p>Kako je istakla ministarka saobra\u0107aja ta se situacija u posljednjih godinu i po dana zna\u010dajno promijenila, da je stambena politika sada uskla\u0111ena sa sindikatima, a da na primjer bord Aerodroma Crne Gore u ovom mandatu nije imao nijednu donaciju, a da je kod ostalih kompanija to zna\u010dajno smanjeno. Tako\u0111e, ukupan broj zaposlenih u preduze\u0107ima koja su u resoru saobra\u0107aja je, ka\u017ee ministarka, manji nego 1. septembra pro\u0161le godine.<\/p>\n\n\n\n<p>Ministarka je istakla da je te\u0161ko i izazovno mijenjati sistem koji je takav kakav je ve\u0107 decenijama, ali da ima napretka i da svi dru\u0161tveni \u010dinioci moraju dati doprinos kako bi situacija bila bolja i kako bi kompanije pokazale ve\u0107u odgovornost prema javnim resursima, ali i gra\u0111anima Crne Gore.<\/p>\n\n\n\n<p>&#8220;Nije logi\u010dno da kompanije koje posluju negativno daju donacije i sponzorstva. U tom dijelu se praksa mora promijeniti&#8221;, poru\u010dila je Vuki\u0107evi\u0107.<\/p>\n\n\n\n<p>Govore\u0107i o rezultatima Ministarstva saobra\u0107aja ministarka se zahvalila poslanicima koji su primijetili dobar rad resora, i istakla da kad se govori o saobra\u0107aju \u010desto su u fokusu projekti, i da se de\u0161ava da lijepu pri\u010du svako \u017eeli da prisvoji, iako se radi o isklju\u010divoj nadle\u017enosti Ministarstva saobra\u0107aja, ali da kad je rije\u010d o problemima onda se odgovori tra\u017ee od resora saobra\u0107aja.<\/p>","protected":false},"excerpt":{"rendered":"<p>Nije logi\u010dno da kompanije koje posluju negativno daju donacije i sponzorstva. Ta praksa se mora promijeniti, poru\u010dila je ministarka saobra\u0107aja Maja Vuki\u0107evi\u0107 na Odboru za antikorupciju.<\/p>","protected":false},"author":1,"featured_media":913975,"comment_status":"open","ping_status":"open","sticky":false,"template":"","format":"standard","meta":{"_acf_changed":false,"footnotes":""},"categories":[27],"tags":[1898,3081,3390],"naslovna":[],"class_list":["post-913974","post","type-post","status-publish","format-standard","has-post-thumbnail","hentry","category-ekonomija","tag-maja-vukicevic","tag-ministarstvo-saobracaja","tag-odbor-za-antikorupciju"],"acf":[],"yoast_head":"<!-- This site is optimized with the Yoast SEO plugin v27.0 - https:\/\/yoast.com\/product\/yoast-seo-wordpress\/ -->\n<title>Vuki\u0107evi\u0107: Nije logi\u010dno da kompanije koje su u minusu dijele donacije - dmcsrb.com<\/title>\n<meta name=\"robots\" content=\"index, follow, max-snippet:-1, max-image-preview:large, max-video-preview:-1\" \/>\n<link rel=\"canonical\" href=\"https:\/\/dmcsrb.com\/en\/ekonomija\/vukicevic-nije-logicno-da-kompanije-koje-su-u-minusu-dijele-donacije\/\" \/>\n<meta property=\"og:locale\" content=\"en_GB\" \/>\n<meta property=\"og:type\" content=\"article\" \/>\n<meta property=\"og:title\" content=\"Vuki\u0107evi\u0107: Nije logi\u010dno da kompanije koje su u minusu dijele donacije - dmcsrb.com\" \/>\n<meta property=\"og:description\" content=\"Nije logi\u010dno da kompanije koje posluju negativno daju donacije i sponzorstva. Ta praksa se mora promijeniti, poru\u010dila je ministarka saobra\u0107aja Maja Vuki\u0107evi\u0107 na Odboru za antikorupciju.\" \/>\n<meta property=\"og:url\" content=\"https:\/\/dmcsrb.com\/en\/ekonomija\/vukicevic-nije-logicno-da-kompanije-koje-su-u-minusu-dijele-donacije\/\" \/>\n<meta property=\"og:site_name\" content=\"dmcsrb.com\" \/>\n<meta property=\"article:published_time\" content=\"2025-12-17T11:03:00+00:00\" \/>\n<meta property=\"og:image\" content=\"https:\/\/dmcsrb.com\/wp-content\/uploads\/2026\/01\/Odbor-za-antikorupciju-foto-ss-yt.jpg\" \/>\n\t<meta property=\"og:image:width\" content=\"1103\" \/>\n\t<meta property=\"og:image:height\" content=\"643\" \/>\n\t<meta property=\"og:image:type\" content=\"image\/jpeg\" \/>\n<meta name=\"author\" content=\"dmcsrbija.com@gmail.com\" \/>\n<meta name=\"twitter:card\" content=\"summary_large_image\" \/>\n<meta name=\"twitter:label1\" content=\"Written by\" \/>\n\t<meta name=\"twitter:data1\" content=\"dmcsrbija.com@gmail.com\" \/>\n\t<meta name=\"twitter:label2\" content=\"Estimated reading time\" \/>\n\t<meta name=\"twitter:data2\" content=\"2 minutes\" \/>\n<script type=\"application\/ld+json\" class=\"yoast-schema-graph\">{\"@context\":\"https:\/\/schema.org\",\"@graph\":[{\"@type\":\"Article\",\"@id\":\"https:\/\/dmcsrb.com\/ekonomija\/vukicevic-nije-logicno-da-kompanije-koje-su-u-minusu-dijele-donacije\/#article\",\"isPartOf\":{\"@id\":\"https:\/\/dmcsrb.com\/ekonomija\/vukicevic-nije-logicno-da-kompanije-koje-su-u-minusu-dijele-donacije\/\"},\"author\":{\"name\":\"dmcsrbija.com@gmail.com\",\"@id\":\"https:\/\/dmcsrb.com\/#\/schema\/person\/5c39170f12db1b8b457732d0b5c854e2\"},\"headline\":\"Vuki\u0107evi\u0107: Nije logi\u010dno da kompanije koje su u minusu dijele donacije\",\"datePublished\":\"2025-12-17T11:03:00+00:00\",\"mainEntityOfPage\":{\"@id\":\"https:\/\/dmcsrb.com\/ekonomija\/vukicevic-nije-logicno-da-kompanije-koje-su-u-minusu-dijele-donacije\/\"},\"wordCount\":316,\"commentCount\":0,\"image\":{\"@id\":\"https:\/\/dmcsrb.com\/ekonomija\/vukicevic-nije-logicno-da-kompanije-koje-su-u-minusu-dijele-donacije\/#primaryimage\"},\"thumbnailUrl\":\"https:\/\/dmcsrb.com\/wp-content\/uploads\/2026\/01\/Odbor-za-antikorupciju-foto-ss-yt.jpg\",\"keywords\":[\"maja vuki\u0107evi\u0107\",\"Ministarstvo saobra\u0107aja\",\"Odbor za antikorupciju\"],\"articleSection\":[\"Ekonomija\"],\"inLanguage\":\"en-GB\",\"potentialAction\":[{\"@type\":\"CommentAction\",\"name\":\"Comment\",\"target\":[\"https:\/\/dmcsrb.com\/ekonomija\/vukicevic-nije-logicno-da-kompanije-koje-su-u-minusu-dijele-donacije\/#respond\"]}]},{\"@type\":\"WebPage\",\"@id\":\"https:\/\/dmcsrb.com\/ekonomija\/vukicevic-nije-logicno-da-kompanije-koje-su-u-minusu-dijele-donacije\/\",\"url\":\"https:\/\/dmcsrb.com\/ekonomija\/vukicevic-nije-logicno-da-kompanije-koje-su-u-minusu-dijele-donacije\/\",\"name\":\"Vuki\u0107evi\u0107: Nije logi\u010dno da kompanije koje su u minusu dijele donacije - dmcsrb.com\",\"isPartOf\":{\"@id\":\"https:\/\/dmcsrb.com\/#website\"},\"primaryImageOfPage\":{\"@id\":\"https:\/\/dmcsrb.com\/ekonomija\/vukicevic-nije-logicno-da-kompanije-koje-su-u-minusu-dijele-donacije\/#primaryimage\"},\"image\":{\"@id\":\"https:\/\/dmcsrb.com\/ekonomija\/vukicevic-nije-logicno-da-kompanije-koje-su-u-minusu-dijele-donacije\/#primaryimage\"},\"thumbnailUrl\":\"https:\/\/dmcsrb.com\/wp-content\/uploads\/2026\/01\/Odbor-za-antikorupciju-foto-ss-yt.jpg\",\"datePublished\":\"2025-12-17T11:03:00+00:00\",\"author\":{\"@id\":\"https:\/\/dmcsrb.com\/#\/schema\/person\/5c39170f12db1b8b457732d0b5c854e2\"},\"breadcrumb\":{\"@id\":\"https:\/\/dmcsrb.com\/ekonomija\/vukicevic-nije-logicno-da-kompanije-koje-su-u-minusu-dijele-donacije\/#breadcrumb\"},\"inLanguage\":\"en-GB\",\"potentialAction\":[{\"@type\":\"ReadAction\",\"target\":[\"https:\/\/dmcsrb.com\/ekonomija\/vukicevic-nije-logicno-da-kompanije-koje-su-u-minusu-dijele-donacije\/\"]}]},{\"@type\":\"ImageObject\",\"inLanguage\":\"en-GB\",\"@id\":\"https:\/\/dmcsrb.com\/ekonomija\/vukicevic-nije-logicno-da-kompanije-koje-su-u-minusu-dijele-donacije\/#primaryimage\",\"url\":\"https:\/\/dmcsrb.com\/wp-content\/uploads\/2026\/01\/Odbor-za-antikorupciju-foto-ss-yt.jpg\",\"contentUrl\":\"https:\/\/dmcsrb.com\/wp-content\/uploads\/2026\/01\/Odbor-za-antikorupciju-foto-ss-yt.jpg\",\"width\":1103,\"height\":643},{\"@type\":\"BreadcrumbList\",\"@id\":\"https:\/\/dmcsrb.com\/ekonomija\/vukicevic-nije-logicno-da-kompanije-koje-su-u-minusu-dijele-donacije\/#breadcrumb\",\"itemListElement\":[{\"@type\":\"ListItem\",\"position\":1,\"name\":\"Home\",\"item\":\"https:\/\/dmcsrb.com\/\"},{\"@type\":\"ListItem\",\"position\":2,\"name\":\"Vuki\u0107evi\u0107: Nije logi\u010dno da kompanije koje su u minusu dijele donacije\"}]},{\"@type\":\"WebSite\",\"@id\":\"https:\/\/dmcsrb.com\/#website\",\"url\":\"https:\/\/dmcsrb.com\/\",\"name\":\"dmcsrb.com\",\"description\":\"\",\"potentialAction\":[{\"@type\":\"SearchAction\",\"target\":{\"@type\":\"EntryPoint\",\"urlTemplate\":\"https:\/\/dmcsrb.com\/?s={search_term_string}\"},\"query-input\":{\"@type\":\"PropertyValueSpecification\",\"valueRequired\":true,\"valueName\":\"search_term_string\"}}],\"inLanguage\":\"en-GB\"},{\"@type\":\"Person\",\"@id\":\"https:\/\/dmcsrb.com\/#\/schema\/person\/5c39170f12db1b8b457732d0b5c854e2\",\"name\":\"dmcsrbija.com@gmail.com\",\"image\":{\"@type\":\"ImageObject\",\"inLanguage\":\"en-GB\",\"@id\":\"https:\/\/dmcsrb.com\/#\/schema\/person\/image\/\",\"url\":\"https:\/\/secure.gravatar.com\/avatar\/68592660ad6347fad0fb587f8d5d8f1a7b44961362f56e4f2cd524feb87e9069?s=96&d=mm&r=g\",\"contentUrl\":\"https:\/\/secure.gravatar.com\/avatar\/68592660ad6347fad0fb587f8d5d8f1a7b44961362f56e4f2cd524feb87e9069?s=96&d=mm&r=g\",\"caption\":\"dmcsrbija.com@gmail.com\"},\"sameAs\":[\"https:\/\/dmcsrb.com\"],\"url\":\"https:\/\/dmcsrb.com\/en\/author\/dmcsrbija-comgmail-com\/\"}]}<\/script>\n<!-- \/ Yoast SEO plugin. -->","yoast_head_json":{"title":"Vuki\u0107evi\u0107: Nije logi\u010dno da kompanije koje su u minusu dijele donacije - dmcsrb.com","robots":{"index":"index","follow":"follow","max-snippet":"max-snippet:-1","max-image-preview":"max-image-preview:large","max-video-preview":"max-video-preview:-1"},"canonical":"https:\/\/dmcsrb.com\/en\/ekonomija\/vukicevic-nije-logicno-da-kompanije-koje-su-u-minusu-dijele-donacije\/","og_locale":"en_GB","og_type":"article","og_title":"Vuki\u0107evi\u0107: Nije logi\u010dno da kompanije koje su u minusu dijele donacije - dmcsrb.com","og_description":"Nije logi\u010dno da kompanije koje posluju negativno daju donacije i sponzorstva. Ta praksa se mora promijeniti, poru\u010dila je ministarka saobra\u0107aja Maja Vuki\u0107evi\u0107 na Odboru za antikorupciju.","og_url":"https:\/\/dmcsrb.com\/en\/ekonomija\/vukicevic-nije-logicno-da-kompanije-koje-su-u-minusu-dijele-donacije\/","og_site_name":"dmcsrb.com","article_published_time":"2025-12-17T11:03:00+00:00","og_image":[{"width":1103,"height":643,"url":"https:\/\/dmcsrb.com\/wp-content\/uploads\/2026\/01\/Odbor-za-antikorupciju-foto-ss-yt.jpg","type":"image\/jpeg"}],"author":"dmcsrbija.com@gmail.com","twitter_card":"summary_large_image","twitter_misc":{"Written by":"dmcsrbija.com@gmail.com","Estimated reading time":"2 minutes"},"schema":{"@context":"https:\/\/schema.org","@graph":[{"@type":"Article","@id":"https:\/\/dmcsrb.com\/ekonomija\/vukicevic-nije-logicno-da-kompanije-koje-su-u-minusu-dijele-donacije\/#article","isPartOf":{"@id":"https:\/\/dmcsrb.com\/ekonomija\/vukicevic-nije-logicno-da-kompanije-koje-su-u-minusu-dijele-donacije\/"},"author":{"name":"dmcsrbija.com@gmail.com","@id":"https:\/\/dmcsrb.com\/#\/schema\/person\/5c39170f12db1b8b457732d0b5c854e2"},"headline":"Vuki\u0107evi\u0107: Nije logi\u010dno da kompanije koje su u minusu dijele donacije","datePublished":"2025-12-17T11:03:00+00:00","mainEntityOfPage":{"@id":"https:\/\/dmcsrb.com\/ekonomija\/vukicevic-nije-logicno-da-kompanije-koje-su-u-minusu-dijele-donacije\/"},"wordCount":316,"commentCount":0,"image":{"@id":"https:\/\/dmcsrb.com\/ekonomija\/vukicevic-nije-logicno-da-kompanije-koje-su-u-minusu-dijele-donacije\/#primaryimage"},"thumbnailUrl":"https:\/\/dmcsrb.com\/wp-content\/uploads\/2026\/01\/Odbor-za-antikorupciju-foto-ss-yt.jpg","keywords":["maja vuki\u0107evi\u0107","Ministarstvo saobra\u0107aja","Odbor za antikorupciju"],"articleSection":["Ekonomija"],"inLanguage":"en-GB","potentialAction":[{"@type":"CommentAction","name":"Comment","target":["https:\/\/dmcsrb.com\/ekonomija\/vukicevic-nije-logicno-da-kompanije-koje-su-u-minusu-dijele-donacije\/#respond"]}]},{"@type":"WebPage","@id":"https:\/\/dmcsrb.com\/ekonomija\/vukicevic-nije-logicno-da-kompanije-koje-su-u-minusu-dijele-donacije\/","url":"https:\/\/dmcsrb.com\/ekonomija\/vukicevic-nije-logicno-da-kompanije-koje-su-u-minusu-dijele-donacije\/","name":"Vuki\u0107evi\u0107: Nije logi\u010dno da kompanije koje su u minusu dijele donacije - dmcsrb.com","isPartOf":{"@id":"https:\/\/dmcsrb.com\/#website"},"primaryImageOfPage":{"@id":"https:\/\/dmcsrb.com\/ekonomija\/vukicevic-nije-logicno-da-kompanije-koje-su-u-minusu-dijele-donacije\/#primaryimage"},"image":{"@id":"https:\/\/dmcsrb.com\/ekonomija\/vukicevic-nije-logicno-da-kompanije-koje-su-u-minusu-dijele-donacije\/#primaryimage"},"thumbnailUrl":"https:\/\/dmcsrb.com\/wp-content\/uploads\/2026\/01\/Odbor-za-antikorupciju-foto-ss-yt.jpg","datePublished":"2025-12-17T11:03:00+00:00","author":{"@id":"https:\/\/dmcsrb.com\/#\/schema\/person\/5c39170f12db1b8b457732d0b5c854e2"},"breadcrumb":{"@id":"https:\/\/dmcsrb.com\/ekonomija\/vukicevic-nije-logicno-da-kompanije-koje-su-u-minusu-dijele-donacije\/#breadcrumb"},"inLanguage":"en-GB","potentialAction":[{"@type":"ReadAction","target":["https:\/\/dmcsrb.com\/ekonomija\/vukicevic-nije-logicno-da-kompanije-koje-su-u-minusu-dijele-donacije\/"]}]},{"@type":"ImageObject","inLanguage":"en-GB","@id":"https:\/\/dmcsrb.com\/ekonomija\/vukicevic-nije-logicno-da-kompanije-koje-su-u-minusu-dijele-donacije\/#primaryimage","url":"https:\/\/dmcsrb.com\/wp-content\/uploads\/2026\/01\/Odbor-za-antikorupciju-foto-ss-yt.jpg","contentUrl":"https:\/\/dmcsrb.com\/wp-content\/uploads\/2026\/01\/Odbor-za-antikorupciju-foto-ss-yt.jpg","width":1103,"height":643},{"@type":"BreadcrumbList","@id":"https:\/\/dmcsrb.com\/ekonomija\/vukicevic-nije-logicno-da-kompanije-koje-su-u-minusu-dijele-donacije\/#breadcrumb","itemListElement":[{"@type":"ListItem","position":1,"name":"Home","item":"https:\/\/dmcsrb.com\/"},{"@type":"ListItem","position":2,"name":"Vuki\u0107evi\u0107: Nije logi\u010dno da kompanije koje su u minusu dijele donacije"}]},{"@type":"WebSite","@id":"https:\/\/dmcsrb.com\/#website","url":"https:\/\/dmcsrb.com\/","name":"dmcsrb.com","description":"","potentialAction":[{"@type":"SearchAction","target":{"@type":"EntryPoint","urlTemplate":"https:\/\/dmcsrb.com\/?s={search_term_string}"},"query-input":{"@type":"PropertyValueSpecification","valueRequired":true,"valueName":"search_term_string"}}],"inLanguage":"en-GB"},{"@type":"Person","@id":"https:\/\/dmcsrb.com\/#\/schema\/person\/5c39170f12db1b8b457732d0b5c854e2","name":"dmcsrbija.com@gmail.com","image":{"@type":"ImageObject","inLanguage":"en-GB","@id":"https:\/\/dmcsrb.com\/#\/schema\/person\/image\/","url":"https:\/\/secure.gravatar.com\/avatar\/68592660ad6347fad0fb587f8d5d8f1a7b44961362f56e4f2cd524feb87e9069?s=96&d=mm&r=g","contentUrl":"https:\/\/secure.gravatar.com\/avatar\/68592660ad6347fad0fb587f8d5d8f1a7b44961362f56e4f2cd524feb87e9069?s=96&d=mm&r=g","caption":"dmcsrbija.com@gmail.com"},"sameAs":["https:\/\/dmcsrb.com"],"url":"https:\/\/dmcsrb.com\/en\/author\/dmcsrbija-comgmail-com\/"}]}},"_links":{"self":[{"href":"https:\/\/dmcsrb.com\/en\/wp-json\/wp\/v2\/posts\/913974","targetHints":{"allow":["GET"]}}],"collection":[{"href":"https:\/\/dmcsrb.com\/en\/wp-json\/wp\/v2\/posts"}],"about":[{"href":"https:\/\/dmcsrb.com\/en\/wp-json\/wp\/v2\/types\/post"}],"author":[{"embeddable":true,"href":"https:\/\/dmcsrb.com\/en\/wp-json\/wp\/v2\/users\/1"}],"replies":[{"embeddable":true,"href":"https:\/\/dmcsrb.com\/en\/wp-json\/wp\/v2\/comments?post=913974"}],"version-history":[{"count":0,"href":"https:\/\/dmcsrb.com\/en\/wp-json\/wp\/v2\/posts\/913974\/revisions"}],"wp:featuredmedia":[{"embeddable":true,"href":"https:\/\/dmcsrb.com\/en\/wp-json\/wp\/v2\/media\/913975"}],"wp:attachment":[{"href":"https:\/\/dmcsrb.com\/en\/wp-json\/wp\/v2\/media?parent=913974"}],"wp:term":[{"taxonomy":"category","embeddable":true,"href":"https:\/\/dmcsrb.com\/en\/wp-json\/wp\/v2\/categories?post=913974"},{"taxonomy":"post_tag","embeddable":true,"href":"https:\/\/dmcsrb.com\/en\/wp-json\/wp\/v2\/tags?post=913974"},{"taxonomy":"naslovna","embeddable":true,"href":"https:\/\/dmcsrb.com\/en\/wp-json\/wp\/v2\/naslovna?post=913974"}],"curies":[{"name":"wp","href":"https:\/\/api.w.org\/{rel}","templated":true}]}}