{"id":913961,"date":"2025-12-17T15:05:00","date_gmt":"2025-12-17T14:05:00","guid":{"rendered":"https:\/\/dmcsrb.com\/uncategorized\/predstavljanja-monografija-pastrovici-bastina-i-scena\/"},"modified":"2025-12-17T15:05:00","modified_gmt":"2025-12-17T14:05:00","slug":"predstavljanja-monografija-pastrovici-bastina-i-scena","status":"publish","type":"post","link":"https:\/\/dmcsrb.com\/en\/kultura\/predstavljanja-monografija-pastrovici-bastina-i-scena\/","title":{"rendered":"Predstavljanja monografija \u201ePa\u0161trovi\u0107i: ba\u0161tina i scena\u201c"},"content":{"rendered":"<p><\/p>\n\n\n\n<p>Na samom po\u010detku programa, u uvodnom dijelu, govorila je Zorica Stablovi\u0107 Bulaji\u0107, izvr\u0161na direktorica izdava\u010dke ku\u0107e HeraEdu iz Beograda i osniva\u010dica Festivala FESK, istakav\u0161i da je rije\u010d o prvom beogradskom predstavljanju ove monografije, koja je u septembru, na kotorskom izdanju Festivala FESKK \u2013 \u201ePazi \u0161to \u010dita\u0161!\u201c, nagra\u0111ena u kategoriji knjiga od trajne vrijednosti i zna\u010dajnog nau\u010dnog doprinosa. Dodala je da, stoga, \u201emonografija &#8216;Pa\u0161trovi\u0107i: ba\u0161tina i scena&#8217; ne mo\u017ee biti presko\u010dena u na beogradskom FESK-u\u201c.<\/p>\n\n\n\n<p>Dr Mirjana Blagojevi\u0107, istori\u010darka prava iz Beograda, koja je bila u ulozi uvodni\u010darke i moderatorke programa, izrazila je zadovoljstvo \u0161to upravo ova knjiga otvara ovogodi\u0161nji festivalski program. Detaljno je predstavila sadr\u017eaj monografije i autore \u010diji su radovi u njoj zastupljeni: prof. dr Ljiljana Gavrilovi\u0107 (U potrazi za sobom: no\u0161nja na\u0161a nasu\u0161na), Du\u0161an Medin (Pa\u0161trovska no\u0161nja u novom ruhu: odjevno naslje\u0111e u savremenom kontekstu), mr Jelena \u0110ukanovi\u0107 (Pa\u0161trovska no\u0161nja kao stvarala\u010dka inspiracija), Davor Sedlarevi\u0107 (Pa\u0161trovi\u0107i na plesnoj mapi Crne Gore: scenski iskorak), doc. dr Zlata Marjanovi\u0107 (Zvu\u010dne slike Pa\u0161trovi\u0107a), Tatjana Rajkovi\u0107 i Du\u0161an Medin (No\u0161nja u \u201ePa\u0161trovi\u0107ima\u201c: osvrt na djelo Jovana Vukmanovi\u0107a), Tatjana Rajkovi\u0107 (Odjevni elementi iz Pa\u0161trovi\u0107a \u2013 muzejski predmeti u Etnografskom muzeju na Cetinju), kao i Ljubica Radovi\u0107 Mili\u010di\u0107 i Milica Radovi\u0107 (Pa\u0161trovska no\u0161nja u Muzeju grada Budve; Odjevno naslje\u0111e Pa\u0161trovi\u0107a u Spomen-domu \u201eRe\u017eevi\u0107i\u201c; Muzejske kopije pa\u0161trovske no\u0161nje u Spomen-domu \u201eRe\u017eevi\u0107i\u201c). Posebno se osvrnula na lik i djelo nedavno preminule etnomuzikolo\u0161kinje Zlate Marjanovi\u0107 i njen izuzetan vi\u0161egodi\u0161nji doprinos prou\u010davanju kulturnog naslje\u0111a Pa\u0161trovi\u0107a, naro\u010dito u oblasti muzike.<\/p>\n\n\n\n<p>Dr Sr\u0111an Radovi\u0107, etnolog-antropolog i vi\u0161i nau\u010dni saradnik Etnografskog instituta SANU iz Beograda, ujedno i jedan od recenzenata izdanja, ukazao je na vi\u0161estruki zna\u010daj i posebnost ove knjige u \u0161irem nau\u010dnom i izdava\u010dkom kontekstu, ne samo Crne Gore, ve\u0107 i Balkana. Izme\u0111u ostalog, kazao je i sljede\u0107e: \u201eKada se pojavila ova knjiga, \u010dim sam je vidio, odmah sam rekao da je u pitanju ne\u0161to vanredno \u2013 po pitanju sadr\u017eaja, likovne opreme i formata knjige. Ono \u0161to, po mom sudu, posebno isti\u010de ovu knjigu, jeste \u0161to se prilikom pisanja tekstova nije skliznulo u folkloristi\u010dki manir prikaza materijalne kulture koji je danas \u010dest, ve\u0107 se zadr\u017eao adekvatan stru\u010dni i nau\u010dni pristup. Tako\u0111e, ono \u0161to je vjerovatno najve\u0107i stru\u010dni doprinos jeste katalog pa\u0161trovskih no\u0161nji koji su dale dvije vrsne etnolo\u0161kinje i kustoskinje crnogorske, u prvom redu Tatjana Rajkovi\u0107 i Ljubica Radovi\u0107 Mili\u010di\u0107, uz pomo\u0107 Milice Radovi\u0107, tako\u0111e kustoskinje. Takvu vrstu fotografske, muzeolo\u0161ke i tekstualne obrade, a da pritom nijesu u pitanju suvoparni katalo\u0161ki zapisi, skorije nijesam vidio, \u010dak ni u katalozima opse\u017enih velikih izlo\u017ebi koje se bave tradicijskom kulturom, ne samo u Crnoj Gori\u201c.<\/p>\n\n\n\n<p>Na kraju programa obratio se Du\u0161an Medin, urednik i likovni urednik monografije, izvr\u0161ni direktor Dru\u0161tva za kulturni razvoj \u201eBauo\u201c i inicijator ovog projekta. Na po\u010detku izlaganja podsjetio je na klju\u010dne istra\u017eiva\u010dke, izdava\u010dke i druge aktivnosti ove organizacije tokom proteklih gotovo deset godina, posve\u0107ene muzi\u010dkom, plesnom i odjevnom naslje\u0111u pa\u0161trovske zajednice, koji su prethodili realizaciji pro\u0161logodi\u0161njeg projekta \u201eRekonstrukcija i revitalizacija tradicionalnih igara, plesova, muzike i no\u0161nji Pa\u0161trovi\u0107a\u201c. Podsjetio je na to da je ovaj projekat Dru\u0161tvo \u201eBauo\u201c realizovalo u partnerstvu s Centrom za izu\u010davanje i revitalizaciju tradicionalnih igara i pjesama CIRTIP iz Kola\u0161ina i \u017denskom vokalnom grupom \u201eHarmonija\u201c iz Budve, a uz podr\u0161ku Ministarstva kulture i medija Crne Gore, putem Javnog konkursa \u201eKultura spaja: od amatera do profesionalaca\u201c. U nastavku je predstavio sve aspekte ovog projekta, uklju\u010duju\u0107i vi\u0161emjese\u010dno terensko istra\u017eivanje, dokumentarnu izlo\u017ebu fotografija s katalogom, dokumentarni film, izradu replika no\u0161nji, postavljanje muzi\u010dko-scenskog djela za potrebe izvo\u0111enja, niz koncerata, seriju radionica sa lokalnom zajednicom i video-prezentacije no\u0161nji na internetu, zadr\u017eav\u0161i se posebno na klju\u010dnoj aktivnosti \u2013 nastanku monografije \u201ePa\u0161trovi\u0107i: ba\u0161tina i scena\u201c. Njegovo izlaganje pratila je prezentacija s brojnim ilustracijama i video zapisima.<\/p>\n\n\n\n<p>Bilo je planirano da se na promociji obrati i prof. dr Ljiljana Gavrilovi\u0107, etnolo\u0161kinja i nau\u010dna savjetnica iz Beograda, jedna od autorki ovog izdanja, ali je njeno u\u010de\u0161\u0107e ovog puta izostalo usljed zdravstvenih razloga.&nbsp;<\/p>\n\n\n\n<p>Festival FESK organizuje izdava\u010dka ku\u0107a HeraEdu iz Beograda ve\u0107 osmu godinu zaredom i predstavlja platformu za promociju savremenih izdanja, filmova i javnih razgovora iz oblasti istorije, arheologije, umjetnosti, etnologije, istorije prava i drugih disciplina, s posebnim fokusom na nova promi\u0161ljanja naslje\u0111a i kulture.&nbsp;<\/p>\n\n\n\n<p>Promocija monografije odr\u017eana je tokom prvog dana Festivala, u programu koji je uslijedio neposredno nakon sve\u010danog otvaranja.<\/p>","protected":false},"excerpt":{"rendered":"<p>U okviru VIII Festivala humanistike, kulture i umetnosti FESK \u2013 \u201ePazi \u0161ta \u010dita\u0161!\u201c, ju\u010de je (utorak, 16. decembra) u PTT Muzeju u Beogradu (Majke Jevrosime 13), odr\u017eano predstavljanje monografije \u201ePa\u0161trovi\u0107i: ba\u0161tina i scena\u201c, posve\u0107ene istra\u017eivanju i savremenoj umjetni\u010dkoj interpretaciji kulturne zaostav\u0161tine Pa\u0161trovi\u0107a.<\/p>","protected":false},"author":1,"featured_media":913962,"comment_status":"open","ping_status":"open","sticky":false,"template":"","format":"standard","meta":{"_acf_changed":false,"footnotes":""},"categories":[50],"tags":[1121,3434,3435],"naslovna":[],"class_list":["post-913961","post","type-post","status-publish","format-standard","has-post-thumbnail","hentry","category-kultura","tag-beograd","tag-muzej","tag-pazi-sto-citas"],"acf":[],"yoast_head":"<!-- This site is optimized with the Yoast SEO plugin v27.4 - https:\/\/yoast.com\/product\/yoast-seo-wordpress\/ -->\n<title>Predstavljanja monografija \u201ePa\u0161trovi\u0107i: ba\u0161tina i scena\u201c - dmcsrb.com<\/title>\n<meta name=\"robots\" content=\"index, follow, max-snippet:-1, max-image-preview:large, max-video-preview:-1\" \/>\n<link rel=\"canonical\" href=\"https:\/\/dmcsrb.com\/en\/kultura\/predstavljanja-monografija-pastrovici-bastina-i-scena\/\" \/>\n<meta property=\"og:locale\" content=\"en_GB\" \/>\n<meta property=\"og:type\" content=\"article\" \/>\n<meta property=\"og:title\" content=\"Predstavljanja monografija \u201ePa\u0161trovi\u0107i: ba\u0161tina i scena\u201c - dmcsrb.com\" \/>\n<meta property=\"og:description\" content=\"U okviru VIII Festivala humanistike, kulture i umetnosti FESK \u2013 \u201ePazi \u0161ta \u010dita\u0161!\u201c, ju\u010de je (utorak, 16. decembra) u PTT Muzeju u Beogradu (Majke Jevrosime 13), odr\u017eano predstavljanje monografije \u201ePa\u0161trovi\u0107i: ba\u0161tina i scena\u201c, posve\u0107ene istra\u017eivanju i savremenoj umjetni\u010dkoj interpretaciji kulturne zaostav\u0161tine Pa\u0161trovi\u0107a.\" \/>\n<meta property=\"og:url\" content=\"https:\/\/dmcsrb.com\/en\/kultura\/predstavljanja-monografija-pastrovici-bastina-i-scena\/\" \/>\n<meta property=\"og:site_name\" content=\"dmcsrb.com\" \/>\n<meta property=\"article:published_time\" content=\"2025-12-17T14:05:00+00:00\" \/>\n<meta property=\"og:image\" content=\"https:\/\/dmcsrb.com\/wp-content\/uploads\/2026\/01\/S-jucerasnje-promocije-Radovic-Medin-Blagojevic-Stablovic-Bulajic.jpeg\" \/>\n\t<meta property=\"og:image:width\" content=\"2048\" \/>\n\t<meta property=\"og:image:height\" content=\"945\" \/>\n\t<meta property=\"og:image:type\" content=\"image\/jpeg\" \/>\n<meta name=\"author\" content=\"dmcsrbija.com@gmail.com\" \/>\n<meta name=\"twitter:card\" content=\"summary_large_image\" \/>\n<meta name=\"twitter:label1\" content=\"Written by\" \/>\n\t<meta name=\"twitter:data1\" content=\"dmcsrbija.com@gmail.com\" \/>\n\t<meta name=\"twitter:label2\" content=\"Estimated reading time\" \/>\n\t<meta name=\"twitter:data2\" content=\"4 minutes\" \/>\n<script type=\"application\/ld+json\" class=\"yoast-schema-graph\">{\"@context\":\"https:\\\/\\\/schema.org\",\"@graph\":[{\"@type\":\"Article\",\"@id\":\"https:\\\/\\\/dmcsrb.com\\\/kultura\\\/predstavljanja-monografija-pastrovici-bastina-i-scena\\\/#article\",\"isPartOf\":{\"@id\":\"https:\\\/\\\/dmcsrb.com\\\/kultura\\\/predstavljanja-monografija-pastrovici-bastina-i-scena\\\/\"},\"author\":{\"name\":\"dmcsrbija.com@gmail.com\",\"@id\":\"https:\\\/\\\/dmcsrb.com\\\/#\\\/schema\\\/person\\\/5c39170f12db1b8b457732d0b5c854e2\"},\"headline\":\"Predstavljanja monografija \u201ePa\u0161trovi\u0107i: ba\u0161tina i scena\u201c\",\"datePublished\":\"2025-12-17T14:05:00+00:00\",\"mainEntityOfPage\":{\"@id\":\"https:\\\/\\\/dmcsrb.com\\\/kultura\\\/predstavljanja-monografija-pastrovici-bastina-i-scena\\\/\"},\"wordCount\":839,\"commentCount\":0,\"image\":{\"@id\":\"https:\\\/\\\/dmcsrb.com\\\/kultura\\\/predstavljanja-monografija-pastrovici-bastina-i-scena\\\/#primaryimage\"},\"thumbnailUrl\":\"https:\\\/\\\/dmcsrb.com\\\/wp-content\\\/uploads\\\/2026\\\/01\\\/S-jucerasnje-promocije-Radovic-Medin-Blagojevic-Stablovic-Bulajic.jpeg\",\"keywords\":[\"Beograd\",\"Muzej\",\"pazi \u0161to \u010dita\u0161\"],\"articleSection\":[\"Kultura\"],\"inLanguage\":\"en-GB\",\"potentialAction\":[{\"@type\":\"CommentAction\",\"name\":\"Comment\",\"target\":[\"https:\\\/\\\/dmcsrb.com\\\/kultura\\\/predstavljanja-monografija-pastrovici-bastina-i-scena\\\/#respond\"]}]},{\"@type\":\"WebPage\",\"@id\":\"https:\\\/\\\/dmcsrb.com\\\/kultura\\\/predstavljanja-monografija-pastrovici-bastina-i-scena\\\/\",\"url\":\"https:\\\/\\\/dmcsrb.com\\\/kultura\\\/predstavljanja-monografija-pastrovici-bastina-i-scena\\\/\",\"name\":\"Predstavljanja monografija \u201ePa\u0161trovi\u0107i: ba\u0161tina i scena\u201c - dmcsrb.com\",\"isPartOf\":{\"@id\":\"https:\\\/\\\/dmcsrb.com\\\/#website\"},\"primaryImageOfPage\":{\"@id\":\"https:\\\/\\\/dmcsrb.com\\\/kultura\\\/predstavljanja-monografija-pastrovici-bastina-i-scena\\\/#primaryimage\"},\"image\":{\"@id\":\"https:\\\/\\\/dmcsrb.com\\\/kultura\\\/predstavljanja-monografija-pastrovici-bastina-i-scena\\\/#primaryimage\"},\"thumbnailUrl\":\"https:\\\/\\\/dmcsrb.com\\\/wp-content\\\/uploads\\\/2026\\\/01\\\/S-jucerasnje-promocije-Radovic-Medin-Blagojevic-Stablovic-Bulajic.jpeg\",\"datePublished\":\"2025-12-17T14:05:00+00:00\",\"author\":{\"@id\":\"https:\\\/\\\/dmcsrb.com\\\/#\\\/schema\\\/person\\\/5c39170f12db1b8b457732d0b5c854e2\"},\"breadcrumb\":{\"@id\":\"https:\\\/\\\/dmcsrb.com\\\/kultura\\\/predstavljanja-monografija-pastrovici-bastina-i-scena\\\/#breadcrumb\"},\"inLanguage\":\"en-GB\",\"potentialAction\":[{\"@type\":\"ReadAction\",\"target\":[\"https:\\\/\\\/dmcsrb.com\\\/kultura\\\/predstavljanja-monografija-pastrovici-bastina-i-scena\\\/\"]}]},{\"@type\":\"ImageObject\",\"inLanguage\":\"en-GB\",\"@id\":\"https:\\\/\\\/dmcsrb.com\\\/kultura\\\/predstavljanja-monografija-pastrovici-bastina-i-scena\\\/#primaryimage\",\"url\":\"https:\\\/\\\/dmcsrb.com\\\/wp-content\\\/uploads\\\/2026\\\/01\\\/S-jucerasnje-promocije-Radovic-Medin-Blagojevic-Stablovic-Bulajic.jpeg\",\"contentUrl\":\"https:\\\/\\\/dmcsrb.com\\\/wp-content\\\/uploads\\\/2026\\\/01\\\/S-jucerasnje-promocije-Radovic-Medin-Blagojevic-Stablovic-Bulajic.jpeg\",\"width\":2048,\"height\":945},{\"@type\":\"BreadcrumbList\",\"@id\":\"https:\\\/\\\/dmcsrb.com\\\/kultura\\\/predstavljanja-monografija-pastrovici-bastina-i-scena\\\/#breadcrumb\",\"itemListElement\":[{\"@type\":\"ListItem\",\"position\":1,\"name\":\"Home\",\"item\":\"https:\\\/\\\/dmcsrb.com\\\/\"},{\"@type\":\"ListItem\",\"position\":2,\"name\":\"Predstavljanja monografija \u201ePa\u0161trovi\u0107i: ba\u0161tina i scena\u201c\"}]},{\"@type\":\"WebSite\",\"@id\":\"https:\\\/\\\/dmcsrb.com\\\/#website\",\"url\":\"https:\\\/\\\/dmcsrb.com\\\/\",\"name\":\"dmcsrb.com\",\"description\":\"\",\"potentialAction\":[{\"@type\":\"SearchAction\",\"target\":{\"@type\":\"EntryPoint\",\"urlTemplate\":\"https:\\\/\\\/dmcsrb.com\\\/?s={search_term_string}\"},\"query-input\":{\"@type\":\"PropertyValueSpecification\",\"valueRequired\":true,\"valueName\":\"search_term_string\"}}],\"inLanguage\":\"en-GB\"},{\"@type\":\"Person\",\"@id\":\"https:\\\/\\\/dmcsrb.com\\\/#\\\/schema\\\/person\\\/5c39170f12db1b8b457732d0b5c854e2\",\"name\":\"dmcsrbija.com@gmail.com\",\"image\":{\"@type\":\"ImageObject\",\"inLanguage\":\"en-GB\",\"@id\":\"https:\\\/\\\/secure.gravatar.com\\\/avatar\\\/68592660ad6347fad0fb587f8d5d8f1a7b44961362f56e4f2cd524feb87e9069?s=96&d=mm&r=g\",\"url\":\"https:\\\/\\\/secure.gravatar.com\\\/avatar\\\/68592660ad6347fad0fb587f8d5d8f1a7b44961362f56e4f2cd524feb87e9069?s=96&d=mm&r=g\",\"contentUrl\":\"https:\\\/\\\/secure.gravatar.com\\\/avatar\\\/68592660ad6347fad0fb587f8d5d8f1a7b44961362f56e4f2cd524feb87e9069?s=96&d=mm&r=g\",\"caption\":\"dmcsrbija.com@gmail.com\"},\"sameAs\":[\"https:\\\/\\\/dmcsrb.com\"],\"url\":\"https:\\\/\\\/dmcsrb.com\\\/en\\\/author\\\/dmcsrbija-comgmail-com\\\/\"}]}<\/script>\n<!-- \/ Yoast SEO plugin. -->","yoast_head_json":{"title":"Predstavljanja monografija \u201ePa\u0161trovi\u0107i: ba\u0161tina i scena\u201c - dmcsrb.com","robots":{"index":"index","follow":"follow","max-snippet":"max-snippet:-1","max-image-preview":"max-image-preview:large","max-video-preview":"max-video-preview:-1"},"canonical":"https:\/\/dmcsrb.com\/en\/kultura\/predstavljanja-monografija-pastrovici-bastina-i-scena\/","og_locale":"en_GB","og_type":"article","og_title":"Predstavljanja monografija \u201ePa\u0161trovi\u0107i: ba\u0161tina i scena\u201c - dmcsrb.com","og_description":"U okviru VIII Festivala humanistike, kulture i umetnosti FESK \u2013 \u201ePazi \u0161ta \u010dita\u0161!\u201c, ju\u010de je (utorak, 16. decembra) u PTT Muzeju u Beogradu (Majke Jevrosime 13), odr\u017eano predstavljanje monografije \u201ePa\u0161trovi\u0107i: ba\u0161tina i scena\u201c, posve\u0107ene istra\u017eivanju i savremenoj umjetni\u010dkoj interpretaciji kulturne zaostav\u0161tine Pa\u0161trovi\u0107a.","og_url":"https:\/\/dmcsrb.com\/en\/kultura\/predstavljanja-monografija-pastrovici-bastina-i-scena\/","og_site_name":"dmcsrb.com","article_published_time":"2025-12-17T14:05:00+00:00","og_image":[{"width":2048,"height":945,"url":"https:\/\/dmcsrb.com\/wp-content\/uploads\/2026\/01\/S-jucerasnje-promocije-Radovic-Medin-Blagojevic-Stablovic-Bulajic.jpeg","type":"image\/jpeg"}],"author":"dmcsrbija.com@gmail.com","twitter_card":"summary_large_image","twitter_misc":{"Written by":"dmcsrbija.com@gmail.com","Estimated reading time":"4 minutes"},"schema":{"@context":"https:\/\/schema.org","@graph":[{"@type":"Article","@id":"https:\/\/dmcsrb.com\/kultura\/predstavljanja-monografija-pastrovici-bastina-i-scena\/#article","isPartOf":{"@id":"https:\/\/dmcsrb.com\/kultura\/predstavljanja-monografija-pastrovici-bastina-i-scena\/"},"author":{"name":"dmcsrbija.com@gmail.com","@id":"https:\/\/dmcsrb.com\/#\/schema\/person\/5c39170f12db1b8b457732d0b5c854e2"},"headline":"Predstavljanja monografija \u201ePa\u0161trovi\u0107i: ba\u0161tina i scena\u201c","datePublished":"2025-12-17T14:05:00+00:00","mainEntityOfPage":{"@id":"https:\/\/dmcsrb.com\/kultura\/predstavljanja-monografija-pastrovici-bastina-i-scena\/"},"wordCount":839,"commentCount":0,"image":{"@id":"https:\/\/dmcsrb.com\/kultura\/predstavljanja-monografija-pastrovici-bastina-i-scena\/#primaryimage"},"thumbnailUrl":"https:\/\/dmcsrb.com\/wp-content\/uploads\/2026\/01\/S-jucerasnje-promocije-Radovic-Medin-Blagojevic-Stablovic-Bulajic.jpeg","keywords":["Beograd","Muzej","pazi \u0161to \u010dita\u0161"],"articleSection":["Kultura"],"inLanguage":"en-GB","potentialAction":[{"@type":"CommentAction","name":"Comment","target":["https:\/\/dmcsrb.com\/kultura\/predstavljanja-monografija-pastrovici-bastina-i-scena\/#respond"]}]},{"@type":"WebPage","@id":"https:\/\/dmcsrb.com\/kultura\/predstavljanja-monografija-pastrovici-bastina-i-scena\/","url":"https:\/\/dmcsrb.com\/kultura\/predstavljanja-monografija-pastrovici-bastina-i-scena\/","name":"Predstavljanja monografija \u201ePa\u0161trovi\u0107i: ba\u0161tina i scena\u201c - dmcsrb.com","isPartOf":{"@id":"https:\/\/dmcsrb.com\/#website"},"primaryImageOfPage":{"@id":"https:\/\/dmcsrb.com\/kultura\/predstavljanja-monografija-pastrovici-bastina-i-scena\/#primaryimage"},"image":{"@id":"https:\/\/dmcsrb.com\/kultura\/predstavljanja-monografija-pastrovici-bastina-i-scena\/#primaryimage"},"thumbnailUrl":"https:\/\/dmcsrb.com\/wp-content\/uploads\/2026\/01\/S-jucerasnje-promocije-Radovic-Medin-Blagojevic-Stablovic-Bulajic.jpeg","datePublished":"2025-12-17T14:05:00+00:00","author":{"@id":"https:\/\/dmcsrb.com\/#\/schema\/person\/5c39170f12db1b8b457732d0b5c854e2"},"breadcrumb":{"@id":"https:\/\/dmcsrb.com\/kultura\/predstavljanja-monografija-pastrovici-bastina-i-scena\/#breadcrumb"},"inLanguage":"en-GB","potentialAction":[{"@type":"ReadAction","target":["https:\/\/dmcsrb.com\/kultura\/predstavljanja-monografija-pastrovici-bastina-i-scena\/"]}]},{"@type":"ImageObject","inLanguage":"en-GB","@id":"https:\/\/dmcsrb.com\/kultura\/predstavljanja-monografija-pastrovici-bastina-i-scena\/#primaryimage","url":"https:\/\/dmcsrb.com\/wp-content\/uploads\/2026\/01\/S-jucerasnje-promocije-Radovic-Medin-Blagojevic-Stablovic-Bulajic.jpeg","contentUrl":"https:\/\/dmcsrb.com\/wp-content\/uploads\/2026\/01\/S-jucerasnje-promocije-Radovic-Medin-Blagojevic-Stablovic-Bulajic.jpeg","width":2048,"height":945},{"@type":"BreadcrumbList","@id":"https:\/\/dmcsrb.com\/kultura\/predstavljanja-monografija-pastrovici-bastina-i-scena\/#breadcrumb","itemListElement":[{"@type":"ListItem","position":1,"name":"Home","item":"https:\/\/dmcsrb.com\/"},{"@type":"ListItem","position":2,"name":"Predstavljanja monografija \u201ePa\u0161trovi\u0107i: ba\u0161tina i scena\u201c"}]},{"@type":"WebSite","@id":"https:\/\/dmcsrb.com\/#website","url":"https:\/\/dmcsrb.com\/","name":"dmcsrb.com","description":"","potentialAction":[{"@type":"SearchAction","target":{"@type":"EntryPoint","urlTemplate":"https:\/\/dmcsrb.com\/?s={search_term_string}"},"query-input":{"@type":"PropertyValueSpecification","valueRequired":true,"valueName":"search_term_string"}}],"inLanguage":"en-GB"},{"@type":"Person","@id":"https:\/\/dmcsrb.com\/#\/schema\/person\/5c39170f12db1b8b457732d0b5c854e2","name":"dmcsrbija.com@gmail.com","image":{"@type":"ImageObject","inLanguage":"en-GB","@id":"https:\/\/secure.gravatar.com\/avatar\/68592660ad6347fad0fb587f8d5d8f1a7b44961362f56e4f2cd524feb87e9069?s=96&d=mm&r=g","url":"https:\/\/secure.gravatar.com\/avatar\/68592660ad6347fad0fb587f8d5d8f1a7b44961362f56e4f2cd524feb87e9069?s=96&d=mm&r=g","contentUrl":"https:\/\/secure.gravatar.com\/avatar\/68592660ad6347fad0fb587f8d5d8f1a7b44961362f56e4f2cd524feb87e9069?s=96&d=mm&r=g","caption":"dmcsrbija.com@gmail.com"},"sameAs":["https:\/\/dmcsrb.com"],"url":"https:\/\/dmcsrb.com\/en\/author\/dmcsrbija-comgmail-com\/"}]}},"_links":{"self":[{"href":"https:\/\/dmcsrb.com\/en\/wp-json\/wp\/v2\/posts\/913961","targetHints":{"allow":["GET"]}}],"collection":[{"href":"https:\/\/dmcsrb.com\/en\/wp-json\/wp\/v2\/posts"}],"about":[{"href":"https:\/\/dmcsrb.com\/en\/wp-json\/wp\/v2\/types\/post"}],"author":[{"embeddable":true,"href":"https:\/\/dmcsrb.com\/en\/wp-json\/wp\/v2\/users\/1"}],"replies":[{"embeddable":true,"href":"https:\/\/dmcsrb.com\/en\/wp-json\/wp\/v2\/comments?post=913961"}],"version-history":[{"count":0,"href":"https:\/\/dmcsrb.com\/en\/wp-json\/wp\/v2\/posts\/913961\/revisions"}],"wp:featuredmedia":[{"embeddable":true,"href":"https:\/\/dmcsrb.com\/en\/wp-json\/wp\/v2\/media\/913962"}],"wp:attachment":[{"href":"https:\/\/dmcsrb.com\/en\/wp-json\/wp\/v2\/media?parent=913961"}],"wp:term":[{"taxonomy":"category","embeddable":true,"href":"https:\/\/dmcsrb.com\/en\/wp-json\/wp\/v2\/categories?post=913961"},{"taxonomy":"post_tag","embeddable":true,"href":"https:\/\/dmcsrb.com\/en\/wp-json\/wp\/v2\/tags?post=913961"},{"taxonomy":"naslovna","embeddable":true,"href":"https:\/\/dmcsrb.com\/en\/wp-json\/wp\/v2\/naslovna?post=913961"}],"curies":[{"name":"wp","href":"https:\/\/api.w.org\/{rel}","templated":true}]}}