{"id":913941,"date":"2025-12-17T10:06:43","date_gmt":"2025-12-17T09:06:43","guid":{"rendered":"https:\/\/dmcsrb.com\/uncategorized\/ustavni-sud-bigovicu-i-ostalim-okrivljenima-po-dvije-hiljade-eura-zbog-neaktivnosti-apelacionog-suda\/"},"modified":"2025-12-17T10:06:43","modified_gmt":"2025-12-17T09:06:43","slug":"ustavni-sud-bigovicu-i-ostalim-okrivljenima-po-dvije-hiljade-eura-zbog-neaktivnosti-apelacionog-suda","status":"publish","type":"post","link":"https:\/\/dmcsrb.com\/en\/hronika\/ustavni-sud-bigovicu-i-ostalim-okrivljenima-po-dvije-hiljade-eura-zbog-neaktivnosti-apelacionog-suda\/","title":{"rendered":"Ustavni sud: Bigovi\u0107u i ostalim okrivljenima po dvije hiljade eura zbog neaktivnosti Apelacionog suda"},"content":{"rendered":"<p><\/p>\n\n\n\n<p>Iz Ustavnog suda navode da je Sa\u0161i Boreti, Ljubu Bigovi\u0107u, Ljubu Vujadinovi\u0107u i Milanu \u0160\u0107eki\u0107u usvojena ustavna \u017ealba i utvr\u0111eno da je neophodno odrediti naknadu na ime pravi\u010dnog zadovoljenja, jer Apelacioni sud nije udovoljio zahtjevu posebne revnosti u toku vo\u0111enja postupka, iako se sve vrijeme nalaze u pritvoru, \u010dime je do\u0161lo do kr\u0161enja Evropske konvencije o ljudskim pravima, navode iz Ustavnog suda.<\/p>\n\n\n\n<p>,,Sudije Ustavnog suda su, razmatraju\u0107i navode \u010detvorice pritvorenika, posebno cijenile period od 2019. godine, kada je Vrhovni sud postupio po ukidnoj odluci Ustavnog suda i ukinuo osu\u0111uju\u0107u presudu Apelacionog suda, nakon \u010dega je krenulo su\u0111enje iznova. Od tada im je nepunih \u0161est godina u kontinuitetu produ\u017eavan pritvor u kojem se nalaze jo\u0161 od 2006. godine&#8221;, isti\u010du iz Ustavnog suda.<\/p>\n\n\n\n<p>Ustavni sud je, navode, utvrdio da je od kraja 2019. do juna 2024. u tri navrata postojao period neaktivnosti Apelacionog suda<strong>.<\/strong><\/p>\n\n\n\n<p>\u201cPostojao je period neobja\u0161njive neaktivnosti Apelacionog suda Crne Gore od ukupno tri godine i \u010detiri mjeseca u vo\u0111enju krivi\u010dnog postupka, koji nije bio u skladu sa zahtjevom posebne revnosti, osobito u predmetu kao \u0161to je ovaj\u201d, navodi se u odluci i dodaje:<\/p>\n\n\n\n<p>\u201cZa vrijeme navedene neaktivnosti Apelacionog suda okrivljeni su bili pritvoreni, bez ikakvog\u00a0napretka ili razvoja u postupku. Stoji \u010dinjenica da je, nakon perioda neaktivnosti, sud svakomjese\u010dno zakazivao i odr\u017eavao pretrese i da su isklju\u010divo odlagani zbog zdravstvenog stanja Bigovi\u0107a. Me\u0111utim, Ustavni sud ne vidi nikakav razlog da opravda neaktivnost Apelacionog suda, ve\u0107 smatra da je za neaktivnost od 2019. godine upravo odgovoran taj sud.\u201c<\/p>\n\n\n\n<p>Iz Ustavnog suda isti\u010du kako se naro\u010dito se izdvaja period neaktivnosti od 4. decembra 2019. do 20. maja 2022. jer u spisima predmeta nema dokaza o postupanju Apelacionog suda.<\/p>\n\n\n\n<p>,,Nastale \u0161tetne posljedice nisu se mogle otkloniti drugim mjerama, zbog \u010dega je sud odlu\u010dio da na ime nematerijalne \u0161tete odredi pravi\u010dnu naknadu, u iznosu koji za Crnu Goru u svojoj praksi odre\u0111uje Evropski sud za ljudska prava&#8221;, navode.<\/p>\n\n\n\n<p>Ustavni sud je odbio ustavnu \u017ealbu Borete, Bigovi\u0107a, Vujadinovi\u0107a i \u0160\u0107eki\u0107a u dijelu<strong> <\/strong>u kojem su tvrdili da se neosnovano nalaze u pritvoru, kao i da je prekr\u0161ena pretpostavka nevinosti u njihovom slu\u010daju.<\/p>\n\n\n\n<p>U ovom slu\u010daju, napominju, Evropski sud je 2019. utvrdio da je jednom od okrivljenih, Ljubu Bigovi\u0107u, neopravdano produ\u017eavan pritvor zbog \u010dega mu je dosudio na ime nematerijalne \u0161tete sedam i po hiljada eura, dok je iste godine i Ustavni sud utvrdio da je Ljubu Bigovi\u0107u i Sa\u0161i Boreti povrije\u0111eno pravo na su\u0111enje u razumnom roku.<\/p>","protected":false},"excerpt":{"rendered":"<p>Ustavni sud Crne Gore odlu\u010dio je da se okrivljenima za ubistvo policijskog funkcionera Slavoljuba \u0160\u0107eki\u0107a isplati iz bud\u017eeta Crne Gore po dvije hiljade eura na ime pravi\u010dne naknade zbog neaktivnosti Apelacionog suda od tri godine i \u010detiri mjeseca.<\/p>","protected":false},"author":1,"featured_media":913650,"comment_status":"open","ping_status":"open","sticky":false,"template":"","format":"standard","meta":{"_acf_changed":false,"footnotes":""},"categories":[17],"tags":[3368,2311,3369,3370,3371,129],"naslovna":[],"class_list":["post-913941","post","type-post","status-publish","format-standard","has-post-thumbnail","hentry","category-hronika","tag-2-hiljada-eura","tag-apelacioni-sud","tag-ljubo-bigovic","tag-neaktivnost","tag-okrivljeni","tag-ustavni-sud"],"acf":[],"yoast_head":"<!-- This site is optimized with the Yoast SEO plugin v27.0 - https:\/\/yoast.com\/product\/yoast-seo-wordpress\/ -->\n<title>Ustavni sud: Bigovi\u0107u i ostalim okrivljenima po dvije hiljade eura zbog neaktivnosti Apelacionog suda - dmcsrb.com<\/title>\n<meta name=\"robots\" content=\"index, follow, max-snippet:-1, max-image-preview:large, max-video-preview:-1\" \/>\n<link rel=\"canonical\" href=\"https:\/\/dmcsrb.com\/en\/hronika\/ustavni-sud-bigovicu-i-ostalim-okrivljenima-po-dvije-hiljade-eura-zbog-neaktivnosti-apelacionog-suda\/\" \/>\n<meta property=\"og:locale\" content=\"en_GB\" \/>\n<meta property=\"og:type\" content=\"article\" \/>\n<meta property=\"og:title\" content=\"Ustavni sud: Bigovi\u0107u i ostalim okrivljenima po dvije hiljade eura zbog neaktivnosti Apelacionog suda - dmcsrb.com\" \/>\n<meta property=\"og:description\" content=\"Ustavni sud Crne Gore odlu\u010dio je da se okrivljenima za ubistvo policijskog funkcionera Slavoljuba \u0160\u0107eki\u0107a isplati iz bud\u017eeta Crne Gore po dvije hiljade eura na ime pravi\u010dne naknade zbog neaktivnosti Apelacionog suda od tri godine i \u010detiri mjeseca.\" \/>\n<meta property=\"og:url\" content=\"https:\/\/dmcsrb.com\/en\/hronika\/ustavni-sud-bigovicu-i-ostalim-okrivljenima-po-dvije-hiljade-eura-zbog-neaktivnosti-apelacionog-suda\/\" \/>\n<meta property=\"og:site_name\" content=\"dmcsrb.com\" \/>\n<meta property=\"article:published_time\" content=\"2025-12-17T09:06:43+00:00\" \/>\n<meta property=\"og:image\" content=\"https:\/\/dmcsrb.com\/wp-content\/uploads\/2026\/01\/ustavni-sud-780x470-1.png\" \/>\n\t<meta property=\"og:image:width\" content=\"780\" \/>\n\t<meta property=\"og:image:height\" content=\"470\" \/>\n\t<meta property=\"og:image:type\" content=\"image\/png\" \/>\n<meta name=\"author\" content=\"dmcsrbija.com@gmail.com\" \/>\n<meta name=\"twitter:card\" content=\"summary_large_image\" \/>\n<meta name=\"twitter:label1\" content=\"Written by\" \/>\n\t<meta name=\"twitter:data1\" content=\"dmcsrbija.com@gmail.com\" \/>\n\t<meta name=\"twitter:label2\" content=\"Estimated reading time\" \/>\n\t<meta name=\"twitter:data2\" content=\"2 minutes\" \/>\n<script type=\"application\/ld+json\" class=\"yoast-schema-graph\">{\"@context\":\"https:\/\/schema.org\",\"@graph\":[{\"@type\":\"Article\",\"@id\":\"https:\/\/dmcsrb.com\/hronika\/ustavni-sud-bigovicu-i-ostalim-okrivljenima-po-dvije-hiljade-eura-zbog-neaktivnosti-apelacionog-suda\/#article\",\"isPartOf\":{\"@id\":\"https:\/\/dmcsrb.com\/hronika\/ustavni-sud-bigovicu-i-ostalim-okrivljenima-po-dvije-hiljade-eura-zbog-neaktivnosti-apelacionog-suda\/\"},\"author\":{\"name\":\"dmcsrbija.com@gmail.com\",\"@id\":\"https:\/\/dmcsrb.com\/#\/schema\/person\/5c39170f12db1b8b457732d0b5c854e2\"},\"headline\":\"Ustavni sud: Bigovi\u0107u i ostalim okrivljenima po dvije hiljade eura zbog neaktivnosti Apelacionog suda\",\"datePublished\":\"2025-12-17T09:06:43+00:00\",\"mainEntityOfPage\":{\"@id\":\"https:\/\/dmcsrb.com\/hronika\/ustavni-sud-bigovicu-i-ostalim-okrivljenima-po-dvije-hiljade-eura-zbog-neaktivnosti-apelacionog-suda\/\"},\"wordCount\":448,\"commentCount\":0,\"image\":{\"@id\":\"https:\/\/dmcsrb.com\/hronika\/ustavni-sud-bigovicu-i-ostalim-okrivljenima-po-dvije-hiljade-eura-zbog-neaktivnosti-apelacionog-suda\/#primaryimage\"},\"thumbnailUrl\":\"https:\/\/dmcsrb.com\/wp-content\/uploads\/2026\/01\/ustavni-sud-780x470-1.png\",\"keywords\":[\"2 hiljada eura\",\"Apelacioni sud\",\"Ljubo Bigovi\u0107\",\"Neaktivnost\",\"Okrivljeni\",\"Ustavni sud\"],\"articleSection\":[\"Hronika\"],\"inLanguage\":\"en-GB\",\"potentialAction\":[{\"@type\":\"CommentAction\",\"name\":\"Comment\",\"target\":[\"https:\/\/dmcsrb.com\/hronika\/ustavni-sud-bigovicu-i-ostalim-okrivljenima-po-dvije-hiljade-eura-zbog-neaktivnosti-apelacionog-suda\/#respond\"]}]},{\"@type\":\"WebPage\",\"@id\":\"https:\/\/dmcsrb.com\/hronika\/ustavni-sud-bigovicu-i-ostalim-okrivljenima-po-dvije-hiljade-eura-zbog-neaktivnosti-apelacionog-suda\/\",\"url\":\"https:\/\/dmcsrb.com\/hronika\/ustavni-sud-bigovicu-i-ostalim-okrivljenima-po-dvije-hiljade-eura-zbog-neaktivnosti-apelacionog-suda\/\",\"name\":\"Ustavni sud: Bigovi\u0107u i ostalim okrivljenima po dvije hiljade eura zbog neaktivnosti Apelacionog suda - dmcsrb.com\",\"isPartOf\":{\"@id\":\"https:\/\/dmcsrb.com\/#website\"},\"primaryImageOfPage\":{\"@id\":\"https:\/\/dmcsrb.com\/hronika\/ustavni-sud-bigovicu-i-ostalim-okrivljenima-po-dvije-hiljade-eura-zbog-neaktivnosti-apelacionog-suda\/#primaryimage\"},\"image\":{\"@id\":\"https:\/\/dmcsrb.com\/hronika\/ustavni-sud-bigovicu-i-ostalim-okrivljenima-po-dvije-hiljade-eura-zbog-neaktivnosti-apelacionog-suda\/#primaryimage\"},\"thumbnailUrl\":\"https:\/\/dmcsrb.com\/wp-content\/uploads\/2026\/01\/ustavni-sud-780x470-1.png\",\"datePublished\":\"2025-12-17T09:06:43+00:00\",\"author\":{\"@id\":\"https:\/\/dmcsrb.com\/#\/schema\/person\/5c39170f12db1b8b457732d0b5c854e2\"},\"breadcrumb\":{\"@id\":\"https:\/\/dmcsrb.com\/hronika\/ustavni-sud-bigovicu-i-ostalim-okrivljenima-po-dvije-hiljade-eura-zbog-neaktivnosti-apelacionog-suda\/#breadcrumb\"},\"inLanguage\":\"en-GB\",\"potentialAction\":[{\"@type\":\"ReadAction\",\"target\":[\"https:\/\/dmcsrb.com\/hronika\/ustavni-sud-bigovicu-i-ostalim-okrivljenima-po-dvije-hiljade-eura-zbog-neaktivnosti-apelacionog-suda\/\"]}]},{\"@type\":\"ImageObject\",\"inLanguage\":\"en-GB\",\"@id\":\"https:\/\/dmcsrb.com\/hronika\/ustavni-sud-bigovicu-i-ostalim-okrivljenima-po-dvije-hiljade-eura-zbog-neaktivnosti-apelacionog-suda\/#primaryimage\",\"url\":\"https:\/\/dmcsrb.com\/wp-content\/uploads\/2026\/01\/ustavni-sud-780x470-1.png\",\"contentUrl\":\"https:\/\/dmcsrb.com\/wp-content\/uploads\/2026\/01\/ustavni-sud-780x470-1.png\",\"width\":780,\"height\":470},{\"@type\":\"BreadcrumbList\",\"@id\":\"https:\/\/dmcsrb.com\/hronika\/ustavni-sud-bigovicu-i-ostalim-okrivljenima-po-dvije-hiljade-eura-zbog-neaktivnosti-apelacionog-suda\/#breadcrumb\",\"itemListElement\":[{\"@type\":\"ListItem\",\"position\":1,\"name\":\"Home\",\"item\":\"https:\/\/dmcsrb.com\/\"},{\"@type\":\"ListItem\",\"position\":2,\"name\":\"Ustavni sud: Bigovi\u0107u i ostalim okrivljenima po dvije hiljade eura zbog neaktivnosti Apelacionog suda\"}]},{\"@type\":\"WebSite\",\"@id\":\"https:\/\/dmcsrb.com\/#website\",\"url\":\"https:\/\/dmcsrb.com\/\",\"name\":\"dmcsrb.com\",\"description\":\"\",\"potentialAction\":[{\"@type\":\"SearchAction\",\"target\":{\"@type\":\"EntryPoint\",\"urlTemplate\":\"https:\/\/dmcsrb.com\/?s={search_term_string}\"},\"query-input\":{\"@type\":\"PropertyValueSpecification\",\"valueRequired\":true,\"valueName\":\"search_term_string\"}}],\"inLanguage\":\"en-GB\"},{\"@type\":\"Person\",\"@id\":\"https:\/\/dmcsrb.com\/#\/schema\/person\/5c39170f12db1b8b457732d0b5c854e2\",\"name\":\"dmcsrbija.com@gmail.com\",\"image\":{\"@type\":\"ImageObject\",\"inLanguage\":\"en-GB\",\"@id\":\"https:\/\/dmcsrb.com\/#\/schema\/person\/image\/\",\"url\":\"https:\/\/secure.gravatar.com\/avatar\/68592660ad6347fad0fb587f8d5d8f1a7b44961362f56e4f2cd524feb87e9069?s=96&d=mm&r=g\",\"contentUrl\":\"https:\/\/secure.gravatar.com\/avatar\/68592660ad6347fad0fb587f8d5d8f1a7b44961362f56e4f2cd524feb87e9069?s=96&d=mm&r=g\",\"caption\":\"dmcsrbija.com@gmail.com\"},\"sameAs\":[\"https:\/\/dmcsrb.com\"],\"url\":\"https:\/\/dmcsrb.com\/en\/author\/dmcsrbija-comgmail-com\/\"}]}<\/script>\n<!-- \/ Yoast SEO plugin. -->","yoast_head_json":{"title":"Ustavni sud: Bigovi\u0107u i ostalim okrivljenima po dvije hiljade eura zbog neaktivnosti Apelacionog suda - dmcsrb.com","robots":{"index":"index","follow":"follow","max-snippet":"max-snippet:-1","max-image-preview":"max-image-preview:large","max-video-preview":"max-video-preview:-1"},"canonical":"https:\/\/dmcsrb.com\/en\/hronika\/ustavni-sud-bigovicu-i-ostalim-okrivljenima-po-dvije-hiljade-eura-zbog-neaktivnosti-apelacionog-suda\/","og_locale":"en_GB","og_type":"article","og_title":"Ustavni sud: Bigovi\u0107u i ostalim okrivljenima po dvije hiljade eura zbog neaktivnosti Apelacionog suda - dmcsrb.com","og_description":"Ustavni sud Crne Gore odlu\u010dio je da se okrivljenima za ubistvo policijskog funkcionera Slavoljuba \u0160\u0107eki\u0107a isplati iz bud\u017eeta Crne Gore po dvije hiljade eura na ime pravi\u010dne naknade zbog neaktivnosti Apelacionog suda od tri godine i \u010detiri mjeseca.","og_url":"https:\/\/dmcsrb.com\/en\/hronika\/ustavni-sud-bigovicu-i-ostalim-okrivljenima-po-dvije-hiljade-eura-zbog-neaktivnosti-apelacionog-suda\/","og_site_name":"dmcsrb.com","article_published_time":"2025-12-17T09:06:43+00:00","og_image":[{"width":780,"height":470,"url":"https:\/\/dmcsrb.com\/wp-content\/uploads\/2026\/01\/ustavni-sud-780x470-1.png","type":"image\/png"}],"author":"dmcsrbija.com@gmail.com","twitter_card":"summary_large_image","twitter_misc":{"Written by":"dmcsrbija.com@gmail.com","Estimated reading time":"2 minutes"},"schema":{"@context":"https:\/\/schema.org","@graph":[{"@type":"Article","@id":"https:\/\/dmcsrb.com\/hronika\/ustavni-sud-bigovicu-i-ostalim-okrivljenima-po-dvije-hiljade-eura-zbog-neaktivnosti-apelacionog-suda\/#article","isPartOf":{"@id":"https:\/\/dmcsrb.com\/hronika\/ustavni-sud-bigovicu-i-ostalim-okrivljenima-po-dvije-hiljade-eura-zbog-neaktivnosti-apelacionog-suda\/"},"author":{"name":"dmcsrbija.com@gmail.com","@id":"https:\/\/dmcsrb.com\/#\/schema\/person\/5c39170f12db1b8b457732d0b5c854e2"},"headline":"Ustavni sud: Bigovi\u0107u i ostalim okrivljenima po dvije hiljade eura zbog neaktivnosti Apelacionog suda","datePublished":"2025-12-17T09:06:43+00:00","mainEntityOfPage":{"@id":"https:\/\/dmcsrb.com\/hronika\/ustavni-sud-bigovicu-i-ostalim-okrivljenima-po-dvije-hiljade-eura-zbog-neaktivnosti-apelacionog-suda\/"},"wordCount":448,"commentCount":0,"image":{"@id":"https:\/\/dmcsrb.com\/hronika\/ustavni-sud-bigovicu-i-ostalim-okrivljenima-po-dvije-hiljade-eura-zbog-neaktivnosti-apelacionog-suda\/#primaryimage"},"thumbnailUrl":"https:\/\/dmcsrb.com\/wp-content\/uploads\/2026\/01\/ustavni-sud-780x470-1.png","keywords":["2 hiljada eura","Apelacioni sud","Ljubo Bigovi\u0107","Neaktivnost","Okrivljeni","Ustavni sud"],"articleSection":["Hronika"],"inLanguage":"en-GB","potentialAction":[{"@type":"CommentAction","name":"Comment","target":["https:\/\/dmcsrb.com\/hronika\/ustavni-sud-bigovicu-i-ostalim-okrivljenima-po-dvije-hiljade-eura-zbog-neaktivnosti-apelacionog-suda\/#respond"]}]},{"@type":"WebPage","@id":"https:\/\/dmcsrb.com\/hronika\/ustavni-sud-bigovicu-i-ostalim-okrivljenima-po-dvije-hiljade-eura-zbog-neaktivnosti-apelacionog-suda\/","url":"https:\/\/dmcsrb.com\/hronika\/ustavni-sud-bigovicu-i-ostalim-okrivljenima-po-dvije-hiljade-eura-zbog-neaktivnosti-apelacionog-suda\/","name":"Ustavni sud: Bigovi\u0107u i ostalim okrivljenima po dvije hiljade eura zbog neaktivnosti Apelacionog suda - dmcsrb.com","isPartOf":{"@id":"https:\/\/dmcsrb.com\/#website"},"primaryImageOfPage":{"@id":"https:\/\/dmcsrb.com\/hronika\/ustavni-sud-bigovicu-i-ostalim-okrivljenima-po-dvije-hiljade-eura-zbog-neaktivnosti-apelacionog-suda\/#primaryimage"},"image":{"@id":"https:\/\/dmcsrb.com\/hronika\/ustavni-sud-bigovicu-i-ostalim-okrivljenima-po-dvije-hiljade-eura-zbog-neaktivnosti-apelacionog-suda\/#primaryimage"},"thumbnailUrl":"https:\/\/dmcsrb.com\/wp-content\/uploads\/2026\/01\/ustavni-sud-780x470-1.png","datePublished":"2025-12-17T09:06:43+00:00","author":{"@id":"https:\/\/dmcsrb.com\/#\/schema\/person\/5c39170f12db1b8b457732d0b5c854e2"},"breadcrumb":{"@id":"https:\/\/dmcsrb.com\/hronika\/ustavni-sud-bigovicu-i-ostalim-okrivljenima-po-dvije-hiljade-eura-zbog-neaktivnosti-apelacionog-suda\/#breadcrumb"},"inLanguage":"en-GB","potentialAction":[{"@type":"ReadAction","target":["https:\/\/dmcsrb.com\/hronika\/ustavni-sud-bigovicu-i-ostalim-okrivljenima-po-dvije-hiljade-eura-zbog-neaktivnosti-apelacionog-suda\/"]}]},{"@type":"ImageObject","inLanguage":"en-GB","@id":"https:\/\/dmcsrb.com\/hronika\/ustavni-sud-bigovicu-i-ostalim-okrivljenima-po-dvije-hiljade-eura-zbog-neaktivnosti-apelacionog-suda\/#primaryimage","url":"https:\/\/dmcsrb.com\/wp-content\/uploads\/2026\/01\/ustavni-sud-780x470-1.png","contentUrl":"https:\/\/dmcsrb.com\/wp-content\/uploads\/2026\/01\/ustavni-sud-780x470-1.png","width":780,"height":470},{"@type":"BreadcrumbList","@id":"https:\/\/dmcsrb.com\/hronika\/ustavni-sud-bigovicu-i-ostalim-okrivljenima-po-dvije-hiljade-eura-zbog-neaktivnosti-apelacionog-suda\/#breadcrumb","itemListElement":[{"@type":"ListItem","position":1,"name":"Home","item":"https:\/\/dmcsrb.com\/"},{"@type":"ListItem","position":2,"name":"Ustavni sud: Bigovi\u0107u i ostalim okrivljenima po dvije hiljade eura zbog neaktivnosti Apelacionog suda"}]},{"@type":"WebSite","@id":"https:\/\/dmcsrb.com\/#website","url":"https:\/\/dmcsrb.com\/","name":"dmcsrb.com","description":"","potentialAction":[{"@type":"SearchAction","target":{"@type":"EntryPoint","urlTemplate":"https:\/\/dmcsrb.com\/?s={search_term_string}"},"query-input":{"@type":"PropertyValueSpecification","valueRequired":true,"valueName":"search_term_string"}}],"inLanguage":"en-GB"},{"@type":"Person","@id":"https:\/\/dmcsrb.com\/#\/schema\/person\/5c39170f12db1b8b457732d0b5c854e2","name":"dmcsrbija.com@gmail.com","image":{"@type":"ImageObject","inLanguage":"en-GB","@id":"https:\/\/dmcsrb.com\/#\/schema\/person\/image\/","url":"https:\/\/secure.gravatar.com\/avatar\/68592660ad6347fad0fb587f8d5d8f1a7b44961362f56e4f2cd524feb87e9069?s=96&d=mm&r=g","contentUrl":"https:\/\/secure.gravatar.com\/avatar\/68592660ad6347fad0fb587f8d5d8f1a7b44961362f56e4f2cd524feb87e9069?s=96&d=mm&r=g","caption":"dmcsrbija.com@gmail.com"},"sameAs":["https:\/\/dmcsrb.com"],"url":"https:\/\/dmcsrb.com\/en\/author\/dmcsrbija-comgmail-com\/"}]}},"_links":{"self":[{"href":"https:\/\/dmcsrb.com\/en\/wp-json\/wp\/v2\/posts\/913941","targetHints":{"allow":["GET"]}}],"collection":[{"href":"https:\/\/dmcsrb.com\/en\/wp-json\/wp\/v2\/posts"}],"about":[{"href":"https:\/\/dmcsrb.com\/en\/wp-json\/wp\/v2\/types\/post"}],"author":[{"embeddable":true,"href":"https:\/\/dmcsrb.com\/en\/wp-json\/wp\/v2\/users\/1"}],"replies":[{"embeddable":true,"href":"https:\/\/dmcsrb.com\/en\/wp-json\/wp\/v2\/comments?post=913941"}],"version-history":[{"count":0,"href":"https:\/\/dmcsrb.com\/en\/wp-json\/wp\/v2\/posts\/913941\/revisions"}],"wp:featuredmedia":[{"embeddable":true,"href":"https:\/\/dmcsrb.com\/en\/wp-json\/wp\/v2\/media\/913650"}],"wp:attachment":[{"href":"https:\/\/dmcsrb.com\/en\/wp-json\/wp\/v2\/media?parent=913941"}],"wp:term":[{"taxonomy":"category","embeddable":true,"href":"https:\/\/dmcsrb.com\/en\/wp-json\/wp\/v2\/categories?post=913941"},{"taxonomy":"post_tag","embeddable":true,"href":"https:\/\/dmcsrb.com\/en\/wp-json\/wp\/v2\/tags?post=913941"},{"taxonomy":"naslovna","embeddable":true,"href":"https:\/\/dmcsrb.com\/en\/wp-json\/wp\/v2\/naslovna?post=913941"}],"curies":[{"name":"wp","href":"https:\/\/api.w.org\/{rel}","templated":true}]}}