{"id":913860,"date":"2025-12-17T09:26:00","date_gmt":"2025-12-17T08:26:00","guid":{"rendered":"https:\/\/dmcsrb.com\/uncategorized\/u-srcu-evrope-nice-nuklearna-elektrana-vrijedna-40-milijardi-eura\/"},"modified":"2025-12-17T09:26:00","modified_gmt":"2025-12-17T08:26:00","slug":"u-srcu-evrope-nice-nuklearna-elektrana-vrijedna-40-milijardi-eura","status":"publish","type":"post","link":"https:\/\/dmcsrb.com\/en\/svijet\/u-srcu-evrope-nice-nuklearna-elektrana-vrijedna-40-milijardi-eura\/","title":{"rendered":"U srcu Evrope ni\u010de nuklearna elektrana vrijedna 40 milijardi eura"},"content":{"rendered":"<p><\/p>\n\n\n\n<p>Rije\u010d je o jednom od najve\u0107ih energetskih projekata u istoriji zemlje, ali i jednom od najzna\u010dajnijih u Evropskoj uniji u posljednjih nekoliko decenija.<\/p>\n\n\n\n<p>Projekat je dobio zeleno svjetlo nakon \u0161to je Evropska komisija odobrila dr\u017eavnu pomo\u0107, \u010dime su uklonjene posljednje institucionalne prepreke za po\u010detak realizacije.<\/p>\n\n\n\n<p>Za\u0161to Poljska ide u nuklearnu energiju<br>Poljska je jedna od energetskih najzavisnijih zemalja EU od uglja, koji i dalje \u010dini veliki dio njenog energetskog miksa.<\/p>\n\n\n\n<p>Nuklearna elektrana predstavlja klju\u010dni korak ka:<\/p>\n\n\n\n<ul class=\"wp-block-list\">\n<li>smanjenju emisija CO\u2082<\/li>\n\n\n\n<li>ja\u010danju energetske sigurnosti<\/li>\n\n\n\n<li>smanjenju zavisnosti od uvoza fosilnih goriva<\/li>\n\n\n\n<li>stabilnoj i predvidivoj proizvodnji elektri\u010dne energije<\/li>\n<\/ul>\n\n\n\n<p>U kontekstu energetske krize, rata u Ukrajini i nestabilnih cijena energenata, Var\u0161ava nuklearnu energiju vidi kao strate\u0161ki temelj budu\u0107eg razvoja.<\/p>\n\n\n\n<p><strong>Gdje se gradi i kakav \u0107e biti kapacitet<\/strong><\/p>\n\n\n\n<p>Prva poljska nuklearna elektrana gradi se na obali Balti\u010dkog mora, u sjevernom dijelu zemlje, a koristit \u0107e ameri\u010dku tehnologiju Westinghouse AP1000.<\/p>\n\n\n\n<p>Planirana su tri nuklearna reaktora, s ukupnim kapacitetom od oko 3,7 gigavata, \u0161to bi pokrilo zna\u010dajan dio potreba Poljske za elektri\u010dnom energijom.<\/p>\n\n\n\n<p>Administrativni i pripremni radovi ve\u0107 su zapo\u010deli, dok se fizi\u010dki po\u010detak gradnje (izlijevanje prvog betona) o\u010dekuje u narednim godinama. Prvi reaktor trebao bi biti operativan po\u010detkom 2030-ih.<\/p>\n\n\n\n<p><strong>Jedna od najve\u0107ih investicija u EU<\/strong><\/p>\n\n\n\n<p>Ukupna vrijednost projekta procjenjuje se na 40 do 45 milijardi evra, a finansiranje \u0107e se oslanjati na kombinaciju:<\/p>\n\n\n\n<ul class=\"wp-block-list\">\n<li>dr\u017eavnih sredstava<\/li>\n\n\n\n<li>dugoro\u010dnih kreditnih aran\u017emana<\/li>\n\n\n\n<li>mehanizama odobrenih od EU<\/li>\n<\/ul>\n\n\n\n<p>O\u010dekuje se da \u0107e projekat otvoriti desetine hiljada radnih mjesta tokom izgradnje, te trajno zaposliti veliki broj stru\u010dnjaka u fazi rada elektrane.<\/p>\n\n\n\n<p><strong>Nuklearna energija se vra\u0107a u fokus Evrope<\/strong><\/p>\n\n\n\n<p>Poljski projekat dio je \u0161ireg evropskog trenda ponovnog interesovanja za nuklearnu energiju. Nakon godina stagnacije, sve vi\u0161e zemalja EU nuklearnu energiju ponovo posmatra kao:<\/p>\n\n\n\n<ul class=\"wp-block-list\">\n<li>niskouglji\u010dni izvor energije<\/li>\n\n\n\n<li>stabilnu alternativu obnovljivim izvorima<\/li>\n\n\n\n<li>oslonac energetske nezavisnosti<\/li>\n<\/ul>\n\n\n\n<p>Francuska, \u010ce\u0161ka, Ma\u0111arska i Slova\u010dka ve\u0107 imaju ili pro\u0161iruju nuklearne kapacitete, dok Poljska prvi put ulazi u ovaj sektor.<\/p>\n\n\n\n<p><strong>\u0160iri zna\u010daj projekta<\/strong><\/p>\n\n\n\n<p>Izgradnja nuklearne elektrane u Poljskoj nije samo nacionalni projekat, ve\u0107 strate\u0161ki potez za cijelu Evropsku uniju. On ja\u010da stabilnost elektroenergetskog sistema, smanjuje pritisak na tr\u017ei\u0161te gasa i doprinosi dugoro\u010dnim klimatskim ciljevima.<\/p>\n\n\n\n<p>Za Poljsku, ovo je istorijski iskorak \u2013 prelazak iz energetskog sistema zasnovanog na uglju u modernu, niskouglji\u010dnu i tehnolo\u0161ki naprednu ekonomiju, pi\u0161e Biznisinfo.<\/p>","protected":false},"excerpt":{"rendered":"<p>Evropa ulazi u novu fazu energetske tranzicije, a jedan od najambicioznijih projekata trenutno se realizuje u Poljskoj, koja zapo\u010dinje izgradnju svoje prve nuklearne elektrane, investicije vrijedne vi\u0161e od 40 milijardi evra.<\/p>","protected":false},"author":1,"featured_media":913861,"comment_status":"open","ping_status":"open","sticky":false,"template":"","format":"standard","meta":{"_acf_changed":false,"footnotes":""},"categories":[144],"tags":[10,3330,2334],"naslovna":[],"class_list":["post-913860","post","type-post","status-publish","format-standard","has-post-thumbnail","hentry","category-svijet","tag-eu","tag-nuklearna-elektrana","tag-poljska"],"acf":[],"yoast_head":"<!-- This site is optimized with the Yoast SEO plugin v27.4 - https:\/\/yoast.com\/product\/yoast-seo-wordpress\/ -->\n<title>U srcu Evrope ni\u010de nuklearna elektrana vrijedna 40 milijardi eura - dmcsrb.com<\/title>\n<meta name=\"robots\" content=\"index, follow, max-snippet:-1, max-image-preview:large, max-video-preview:-1\" \/>\n<link rel=\"canonical\" href=\"https:\/\/dmcsrb.com\/en\/svijet\/u-srcu-evrope-nice-nuklearna-elektrana-vrijedna-40-milijardi-eura\/\" \/>\n<meta property=\"og:locale\" content=\"en_GB\" \/>\n<meta property=\"og:type\" content=\"article\" \/>\n<meta property=\"og:title\" content=\"U srcu Evrope ni\u010de nuklearna elektrana vrijedna 40 milijardi eura - dmcsrb.com\" \/>\n<meta property=\"og:description\" content=\"Evropa ulazi u novu fazu energetske tranzicije, a jedan od najambicioznijih projekata trenutno se realizuje u Poljskoj, koja zapo\u010dinje izgradnju svoje prve nuklearne elektrane, investicije vrijedne vi\u0161e od 40 milijardi evra.\" \/>\n<meta property=\"og:url\" content=\"https:\/\/dmcsrb.com\/en\/svijet\/u-srcu-evrope-nice-nuklearna-elektrana-vrijedna-40-milijardi-eura\/\" \/>\n<meta property=\"og:site_name\" content=\"dmcsrb.com\" \/>\n<meta property=\"article:published_time\" content=\"2025-12-17T08:26:00+00:00\" \/>\n<meta property=\"og:image\" content=\"https:\/\/dmcsrb.com\/wp-content\/uploads\/2026\/01\/elektrana-foto-pixabay.jpg\" \/>\n\t<meta property=\"og:image:width\" content=\"744\" \/>\n\t<meta property=\"og:image:height\" content=\"487\" \/>\n\t<meta property=\"og:image:type\" content=\"image\/jpeg\" \/>\n<meta name=\"author\" content=\"dmcsrbija.com@gmail.com\" \/>\n<meta name=\"twitter:card\" content=\"summary_large_image\" \/>\n<meta name=\"twitter:label1\" content=\"Written by\" \/>\n\t<meta name=\"twitter:data1\" content=\"dmcsrbija.com@gmail.com\" \/>\n\t<meta name=\"twitter:label2\" content=\"Estimated reading time\" \/>\n\t<meta name=\"twitter:data2\" content=\"2 minutes\" \/>\n<script type=\"application\/ld+json\" class=\"yoast-schema-graph\">{\"@context\":\"https:\\\/\\\/schema.org\",\"@graph\":[{\"@type\":\"Article\",\"@id\":\"https:\\\/\\\/dmcsrb.com\\\/en\\\/svijet\\\/u-srcu-evrope-nice-nuklearna-elektrana-vrijedna-40-milijardi-eura\\\/#article\",\"isPartOf\":{\"@id\":\"https:\\\/\\\/dmcsrb.com\\\/en\\\/svijet\\\/u-srcu-evrope-nice-nuklearna-elektrana-vrijedna-40-milijardi-eura\\\/\"},\"author\":{\"name\":\"dmcsrbija.com@gmail.com\",\"@id\":\"https:\\\/\\\/dmcsrb.com\\\/#\\\/schema\\\/person\\\/5c39170f12db1b8b457732d0b5c854e2\"},\"headline\":\"U srcu Evrope ni\u010de nuklearna elektrana vrijedna 40 milijardi eura\",\"datePublished\":\"2025-12-17T08:26:00+00:00\",\"mainEntityOfPage\":{\"@id\":\"https:\\\/\\\/dmcsrb.com\\\/en\\\/svijet\\\/u-srcu-evrope-nice-nuklearna-elektrana-vrijedna-40-milijardi-eura\\\/\"},\"wordCount\":411,\"commentCount\":0,\"image\":{\"@id\":\"https:\\\/\\\/dmcsrb.com\\\/en\\\/svijet\\\/u-srcu-evrope-nice-nuklearna-elektrana-vrijedna-40-milijardi-eura\\\/#primaryimage\"},\"thumbnailUrl\":\"https:\\\/\\\/dmcsrb.com\\\/wp-content\\\/uploads\\\/2026\\\/01\\\/elektrana-foto-pixabay.jpg\",\"keywords\":[\"EU\",\"Nuklearna elektrana\",\"Poljska\"],\"articleSection\":[\"Svijet\"],\"inLanguage\":\"en-GB\",\"potentialAction\":[{\"@type\":\"CommentAction\",\"name\":\"Comment\",\"target\":[\"https:\\\/\\\/dmcsrb.com\\\/en\\\/svijet\\\/u-srcu-evrope-nice-nuklearna-elektrana-vrijedna-40-milijardi-eura\\\/#respond\"]}]},{\"@type\":\"WebPage\",\"@id\":\"https:\\\/\\\/dmcsrb.com\\\/en\\\/svijet\\\/u-srcu-evrope-nice-nuklearna-elektrana-vrijedna-40-milijardi-eura\\\/\",\"url\":\"https:\\\/\\\/dmcsrb.com\\\/en\\\/svijet\\\/u-srcu-evrope-nice-nuklearna-elektrana-vrijedna-40-milijardi-eura\\\/\",\"name\":\"U srcu Evrope ni\u010de nuklearna elektrana vrijedna 40 milijardi eura - dmcsrb.com\",\"isPartOf\":{\"@id\":\"https:\\\/\\\/dmcsrb.com\\\/#website\"},\"primaryImageOfPage\":{\"@id\":\"https:\\\/\\\/dmcsrb.com\\\/en\\\/svijet\\\/u-srcu-evrope-nice-nuklearna-elektrana-vrijedna-40-milijardi-eura\\\/#primaryimage\"},\"image\":{\"@id\":\"https:\\\/\\\/dmcsrb.com\\\/en\\\/svijet\\\/u-srcu-evrope-nice-nuklearna-elektrana-vrijedna-40-milijardi-eura\\\/#primaryimage\"},\"thumbnailUrl\":\"https:\\\/\\\/dmcsrb.com\\\/wp-content\\\/uploads\\\/2026\\\/01\\\/elektrana-foto-pixabay.jpg\",\"datePublished\":\"2025-12-17T08:26:00+00:00\",\"author\":{\"@id\":\"https:\\\/\\\/dmcsrb.com\\\/#\\\/schema\\\/person\\\/5c39170f12db1b8b457732d0b5c854e2\"},\"breadcrumb\":{\"@id\":\"https:\\\/\\\/dmcsrb.com\\\/en\\\/svijet\\\/u-srcu-evrope-nice-nuklearna-elektrana-vrijedna-40-milijardi-eura\\\/#breadcrumb\"},\"inLanguage\":\"en-GB\",\"potentialAction\":[{\"@type\":\"ReadAction\",\"target\":[\"https:\\\/\\\/dmcsrb.com\\\/en\\\/svijet\\\/u-srcu-evrope-nice-nuklearna-elektrana-vrijedna-40-milijardi-eura\\\/\"]}]},{\"@type\":\"ImageObject\",\"inLanguage\":\"en-GB\",\"@id\":\"https:\\\/\\\/dmcsrb.com\\\/en\\\/svijet\\\/u-srcu-evrope-nice-nuklearna-elektrana-vrijedna-40-milijardi-eura\\\/#primaryimage\",\"url\":\"https:\\\/\\\/dmcsrb.com\\\/wp-content\\\/uploads\\\/2026\\\/01\\\/elektrana-foto-pixabay.jpg\",\"contentUrl\":\"https:\\\/\\\/dmcsrb.com\\\/wp-content\\\/uploads\\\/2026\\\/01\\\/elektrana-foto-pixabay.jpg\",\"width\":744,\"height\":487},{\"@type\":\"BreadcrumbList\",\"@id\":\"https:\\\/\\\/dmcsrb.com\\\/en\\\/svijet\\\/u-srcu-evrope-nice-nuklearna-elektrana-vrijedna-40-milijardi-eura\\\/#breadcrumb\",\"itemListElement\":[{\"@type\":\"ListItem\",\"position\":1,\"name\":\"Home\",\"item\":\"https:\\\/\\\/dmcsrb.com\\\/\"},{\"@type\":\"ListItem\",\"position\":2,\"name\":\"U srcu Evrope ni\u010de nuklearna elektrana vrijedna 40 milijardi eura\"}]},{\"@type\":\"WebSite\",\"@id\":\"https:\\\/\\\/dmcsrb.com\\\/#website\",\"url\":\"https:\\\/\\\/dmcsrb.com\\\/\",\"name\":\"dmcsrb.com\",\"description\":\"\",\"potentialAction\":[{\"@type\":\"SearchAction\",\"target\":{\"@type\":\"EntryPoint\",\"urlTemplate\":\"https:\\\/\\\/dmcsrb.com\\\/?s={search_term_string}\"},\"query-input\":{\"@type\":\"PropertyValueSpecification\",\"valueRequired\":true,\"valueName\":\"search_term_string\"}}],\"inLanguage\":\"en-GB\"},{\"@type\":\"Person\",\"@id\":\"https:\\\/\\\/dmcsrb.com\\\/#\\\/schema\\\/person\\\/5c39170f12db1b8b457732d0b5c854e2\",\"name\":\"dmcsrbija.com@gmail.com\",\"image\":{\"@type\":\"ImageObject\",\"inLanguage\":\"en-GB\",\"@id\":\"https:\\\/\\\/secure.gravatar.com\\\/avatar\\\/68592660ad6347fad0fb587f8d5d8f1a7b44961362f56e4f2cd524feb87e9069?s=96&d=mm&r=g\",\"url\":\"https:\\\/\\\/secure.gravatar.com\\\/avatar\\\/68592660ad6347fad0fb587f8d5d8f1a7b44961362f56e4f2cd524feb87e9069?s=96&d=mm&r=g\",\"contentUrl\":\"https:\\\/\\\/secure.gravatar.com\\\/avatar\\\/68592660ad6347fad0fb587f8d5d8f1a7b44961362f56e4f2cd524feb87e9069?s=96&d=mm&r=g\",\"caption\":\"dmcsrbija.com@gmail.com\"},\"sameAs\":[\"https:\\\/\\\/dmcsrb.com\"],\"url\":\"https:\\\/\\\/dmcsrb.com\\\/en\\\/author\\\/dmcsrbija-comgmail-com\\\/\"}]}<\/script>\n<!-- \/ Yoast SEO plugin. -->","yoast_head_json":{"title":"U srcu Evrope ni\u010de nuklearna elektrana vrijedna 40 milijardi eura - dmcsrb.com","robots":{"index":"index","follow":"follow","max-snippet":"max-snippet:-1","max-image-preview":"max-image-preview:large","max-video-preview":"max-video-preview:-1"},"canonical":"https:\/\/dmcsrb.com\/en\/svijet\/u-srcu-evrope-nice-nuklearna-elektrana-vrijedna-40-milijardi-eura\/","og_locale":"en_GB","og_type":"article","og_title":"U srcu Evrope ni\u010de nuklearna elektrana vrijedna 40 milijardi eura - dmcsrb.com","og_description":"Evropa ulazi u novu fazu energetske tranzicije, a jedan od najambicioznijih projekata trenutno se realizuje u Poljskoj, koja zapo\u010dinje izgradnju svoje prve nuklearne elektrane, investicije vrijedne vi\u0161e od 40 milijardi evra.","og_url":"https:\/\/dmcsrb.com\/en\/svijet\/u-srcu-evrope-nice-nuklearna-elektrana-vrijedna-40-milijardi-eura\/","og_site_name":"dmcsrb.com","article_published_time":"2025-12-17T08:26:00+00:00","og_image":[{"width":744,"height":487,"url":"https:\/\/dmcsrb.com\/wp-content\/uploads\/2026\/01\/elektrana-foto-pixabay.jpg","type":"image\/jpeg"}],"author":"dmcsrbija.com@gmail.com","twitter_card":"summary_large_image","twitter_misc":{"Written by":"dmcsrbija.com@gmail.com","Estimated reading time":"2 minutes"},"schema":{"@context":"https:\/\/schema.org","@graph":[{"@type":"Article","@id":"https:\/\/dmcsrb.com\/en\/svijet\/u-srcu-evrope-nice-nuklearna-elektrana-vrijedna-40-milijardi-eura\/#article","isPartOf":{"@id":"https:\/\/dmcsrb.com\/en\/svijet\/u-srcu-evrope-nice-nuklearna-elektrana-vrijedna-40-milijardi-eura\/"},"author":{"name":"dmcsrbija.com@gmail.com","@id":"https:\/\/dmcsrb.com\/#\/schema\/person\/5c39170f12db1b8b457732d0b5c854e2"},"headline":"U srcu Evrope ni\u010de nuklearna elektrana vrijedna 40 milijardi eura","datePublished":"2025-12-17T08:26:00+00:00","mainEntityOfPage":{"@id":"https:\/\/dmcsrb.com\/en\/svijet\/u-srcu-evrope-nice-nuklearna-elektrana-vrijedna-40-milijardi-eura\/"},"wordCount":411,"commentCount":0,"image":{"@id":"https:\/\/dmcsrb.com\/en\/svijet\/u-srcu-evrope-nice-nuklearna-elektrana-vrijedna-40-milijardi-eura\/#primaryimage"},"thumbnailUrl":"https:\/\/dmcsrb.com\/wp-content\/uploads\/2026\/01\/elektrana-foto-pixabay.jpg","keywords":["EU","Nuklearna elektrana","Poljska"],"articleSection":["Svijet"],"inLanguage":"en-GB","potentialAction":[{"@type":"CommentAction","name":"Comment","target":["https:\/\/dmcsrb.com\/en\/svijet\/u-srcu-evrope-nice-nuklearna-elektrana-vrijedna-40-milijardi-eura\/#respond"]}]},{"@type":"WebPage","@id":"https:\/\/dmcsrb.com\/en\/svijet\/u-srcu-evrope-nice-nuklearna-elektrana-vrijedna-40-milijardi-eura\/","url":"https:\/\/dmcsrb.com\/en\/svijet\/u-srcu-evrope-nice-nuklearna-elektrana-vrijedna-40-milijardi-eura\/","name":"U srcu Evrope ni\u010de nuklearna elektrana vrijedna 40 milijardi eura - dmcsrb.com","isPartOf":{"@id":"https:\/\/dmcsrb.com\/#website"},"primaryImageOfPage":{"@id":"https:\/\/dmcsrb.com\/en\/svijet\/u-srcu-evrope-nice-nuklearna-elektrana-vrijedna-40-milijardi-eura\/#primaryimage"},"image":{"@id":"https:\/\/dmcsrb.com\/en\/svijet\/u-srcu-evrope-nice-nuklearna-elektrana-vrijedna-40-milijardi-eura\/#primaryimage"},"thumbnailUrl":"https:\/\/dmcsrb.com\/wp-content\/uploads\/2026\/01\/elektrana-foto-pixabay.jpg","datePublished":"2025-12-17T08:26:00+00:00","author":{"@id":"https:\/\/dmcsrb.com\/#\/schema\/person\/5c39170f12db1b8b457732d0b5c854e2"},"breadcrumb":{"@id":"https:\/\/dmcsrb.com\/en\/svijet\/u-srcu-evrope-nice-nuklearna-elektrana-vrijedna-40-milijardi-eura\/#breadcrumb"},"inLanguage":"en-GB","potentialAction":[{"@type":"ReadAction","target":["https:\/\/dmcsrb.com\/en\/svijet\/u-srcu-evrope-nice-nuklearna-elektrana-vrijedna-40-milijardi-eura\/"]}]},{"@type":"ImageObject","inLanguage":"en-GB","@id":"https:\/\/dmcsrb.com\/en\/svijet\/u-srcu-evrope-nice-nuklearna-elektrana-vrijedna-40-milijardi-eura\/#primaryimage","url":"https:\/\/dmcsrb.com\/wp-content\/uploads\/2026\/01\/elektrana-foto-pixabay.jpg","contentUrl":"https:\/\/dmcsrb.com\/wp-content\/uploads\/2026\/01\/elektrana-foto-pixabay.jpg","width":744,"height":487},{"@type":"BreadcrumbList","@id":"https:\/\/dmcsrb.com\/en\/svijet\/u-srcu-evrope-nice-nuklearna-elektrana-vrijedna-40-milijardi-eura\/#breadcrumb","itemListElement":[{"@type":"ListItem","position":1,"name":"Home","item":"https:\/\/dmcsrb.com\/"},{"@type":"ListItem","position":2,"name":"U srcu Evrope ni\u010de nuklearna elektrana vrijedna 40 milijardi eura"}]},{"@type":"WebSite","@id":"https:\/\/dmcsrb.com\/#website","url":"https:\/\/dmcsrb.com\/","name":"dmcsrb.com","description":"","potentialAction":[{"@type":"SearchAction","target":{"@type":"EntryPoint","urlTemplate":"https:\/\/dmcsrb.com\/?s={search_term_string}"},"query-input":{"@type":"PropertyValueSpecification","valueRequired":true,"valueName":"search_term_string"}}],"inLanguage":"en-GB"},{"@type":"Person","@id":"https:\/\/dmcsrb.com\/#\/schema\/person\/5c39170f12db1b8b457732d0b5c854e2","name":"dmcsrbija.com@gmail.com","image":{"@type":"ImageObject","inLanguage":"en-GB","@id":"https:\/\/secure.gravatar.com\/avatar\/68592660ad6347fad0fb587f8d5d8f1a7b44961362f56e4f2cd524feb87e9069?s=96&d=mm&r=g","url":"https:\/\/secure.gravatar.com\/avatar\/68592660ad6347fad0fb587f8d5d8f1a7b44961362f56e4f2cd524feb87e9069?s=96&d=mm&r=g","contentUrl":"https:\/\/secure.gravatar.com\/avatar\/68592660ad6347fad0fb587f8d5d8f1a7b44961362f56e4f2cd524feb87e9069?s=96&d=mm&r=g","caption":"dmcsrbija.com@gmail.com"},"sameAs":["https:\/\/dmcsrb.com"],"url":"https:\/\/dmcsrb.com\/en\/author\/dmcsrbija-comgmail-com\/"}]}},"_links":{"self":[{"href":"https:\/\/dmcsrb.com\/en\/wp-json\/wp\/v2\/posts\/913860","targetHints":{"allow":["GET"]}}],"collection":[{"href":"https:\/\/dmcsrb.com\/en\/wp-json\/wp\/v2\/posts"}],"about":[{"href":"https:\/\/dmcsrb.com\/en\/wp-json\/wp\/v2\/types\/post"}],"author":[{"embeddable":true,"href":"https:\/\/dmcsrb.com\/en\/wp-json\/wp\/v2\/users\/1"}],"replies":[{"embeddable":true,"href":"https:\/\/dmcsrb.com\/en\/wp-json\/wp\/v2\/comments?post=913860"}],"version-history":[{"count":0,"href":"https:\/\/dmcsrb.com\/en\/wp-json\/wp\/v2\/posts\/913860\/revisions"}],"wp:featuredmedia":[{"embeddable":true,"href":"https:\/\/dmcsrb.com\/en\/wp-json\/wp\/v2\/media\/913861"}],"wp:attachment":[{"href":"https:\/\/dmcsrb.com\/en\/wp-json\/wp\/v2\/media?parent=913860"}],"wp:term":[{"taxonomy":"category","embeddable":true,"href":"https:\/\/dmcsrb.com\/en\/wp-json\/wp\/v2\/categories?post=913860"},{"taxonomy":"post_tag","embeddable":true,"href":"https:\/\/dmcsrb.com\/en\/wp-json\/wp\/v2\/tags?post=913860"},{"taxonomy":"naslovna","embeddable":true,"href":"https:\/\/dmcsrb.com\/en\/wp-json\/wp\/v2\/naslovna?post=913860"}],"curies":[{"name":"wp","href":"https:\/\/api.w.org\/{rel}","templated":true}]}}