{"id":913774,"date":"2025-12-16T16:57:00","date_gmt":"2025-12-16T15:57:00","guid":{"rendered":"https:\/\/dmcsrb.com\/uncategorized\/ukrajinci-tvrde-da-su-raznijeli-rusku-podmornicu-oglasio-se-kremlj\/"},"modified":"2025-12-16T16:57:00","modified_gmt":"2025-12-16T15:57:00","slug":"ukrajinci-tvrde-da-su-raznijeli-rusku-podmornicu-oglasio-se-kremlj","status":"publish","type":"post","link":"https:\/\/dmcsrb.com\/en\/svijet\/ukrajinci-tvrde-da-su-raznijeli-rusku-podmornicu-oglasio-se-kremlj\/","title":{"rendered":"Ukrajinci tvrde da su raznijeli rusku podmornicu, oglasio se Kremlj"},"content":{"rendered":"<p><\/p>\n\n\n\n<h3 class=\"wp-block-heading\">Napad i opre\u010dne tvrdnje<\/h3>\n\n\n\n<p>Slu\u017eba bezbjednosti Ukrajine (SBU) ju\u010de je objavila da su njeni operateri uspje\u0161no navodili podvodni dron Sea Baby-sub do ruske luke Novorosijsk kako bi pogodili podmornicu. Kao dokaz, SBU je objavio videozapis za koji tvrdi da poti\u010de s hakiranih ruskih bezbjednosnih kamera, a koji prikazuje posljednje sekunde pribli\u017eavanja drona i veliku eksploziju uz podmornicu. Prema ukrajinskim izvorima, \u0161teta je toliko ozbiljna da \u0107e podmornica, ako uop\u0161te ne bude otpisana, zahtijevati mjesece, a mo\u017eda i godine popravke.<\/p>\n\n\n\n<p>Rusko ministarstvo odbrane sada je demantovalo gotovo sve ukrajinske tvrdnje. U izvanrednom saop\u0161tenju naveli su: &#8220;Informacije koje \u0161ire specijalne slu\u017ebe Ukrajine o navodnom &#8216;uni\u0161tenju&#8217; jedne od ruskih podmornica u vojno-pomorskoj luci Novorosijsk nisu u skladu sa stvarno\u0161\u0107u. Neprijateljski poku\u0161aj sprovo\u0111enja sabota\u017ee pomo\u0107u robotskog ure\u0111aja nije postigao svoje ciljeve. Niti jedan ratni brod ili podmornica Crnomorske flote bazirana u Novorosijskom zalivu nije pretrpjela \u0161tetu, i (svi) provode normalne operacije.&#8221;<\/p>\n\n\n\n<h3 class=\"wp-block-heading\">\u0160to otkrivaju dokazi?<\/h3>\n\n\n\n<p>Uprkos ruskom poricanju, nezavisni izvori potkrepljuju ukrajinsku verziju. Ameri\u010dki Institut za prou\u010davanje rata (ISW) potvrdio je da je SBU upotrijebio bespilotno podvodno vozilo (UUV) za napad, \u0161to je prva takva upotreba u pomorskoj istoriji. ISW navodi da je napad izazvao vi\u0161estruke eksplozije i &#8220;kriti\u010dnu \u0161tetu podmornici&#8221;, pozivaju\u0107i se na satelitske snimke Planet Labsa i NASA-e.<\/p>\n\n\n\n<p>Pore\u0111enje satelitskih snimki luke od 15. decembra, dan prije napada, i 16. decembra, nekoliko sati poslije, pokazuje jednu podmornicu klase Kilo na istoj lokaciji. Na snimku nakon udara, \u010dini se da je podmornica ni\u017ee u vodi, s potopljenim dijelovima palube. Tako\u0111e su vidljiva o\u0161te\u0107enja na pristani\u0161tu, uklju\u010duju\u0107i tragove paljevine i razbijeni beton, a u blizini podmornice uo\u010deni su patrolni \u010damci kojih dan ranije nije bilo, prenosi <strong>Index<\/strong>.<\/p>\n\n\n\n<p>Istra\u017eiva\u010dka OSINT grupa Malcontent News komentarisala je video eksplozije: &#8220;Pojava blata i prljav\u0161tine (dignute u vazduh) na videu koji prikazuje eksploziju u luci Crnomorske flote u Novorosijsku ukazuje na upotrebu vrlo velike eksplozivne naprave&#8230; Prema na\u0161oj procjeni, s umjerenim ili visokim stepenom bezbjednosti mo\u017eemo re\u0107i da je podmornica klase &#8216;Kilo&#8217; o\u0161te\u0107ena zbog blizine eksplozije i koli\u010dine istisnute vode i morskog dna. Nemogu\u0107e je procijeniti opseg \u0161tete.&#8221;<\/p>","protected":false},"excerpt":{"rendered":"<p>Dok Ukrajina tvrdi da je novim, podvodnim dronom nanijela\u00a0ozbiljnu \u0161tetu ruskoj podmornici u luci Novorosijsk, Kremlj takve navode o\u0161tro odbacuje. Me\u0111utim, analiza dostupnih dokaza i satelitskih snimki sugeri\u0161e da je ruska verzija doga\u0111aja malo vjerovatna te da je podmornica klase Var\u0161avjanka vjerovatno pretrpjela zna\u010dajna o\u0161te\u0107enja trupa, kormila i propelera, pi\u0161e\u00a0Kyiv Post.<\/p>","protected":false},"author":1,"featured_media":913775,"comment_status":"open","ping_status":"open","sticky":false,"template":"","format":"standard","meta":{"_acf_changed":false,"footnotes":""},"categories":[144],"tags":[334,3262,3263,1305],"naslovna":[],"class_list":["post-913774","post","type-post","status-publish","format-standard","has-post-thumbnail","hentry","category-svijet","tag-kremlj","tag-oglasavanje","tag-raznosenje-ruske-podmornice","tag-ukrajinci"],"acf":[],"yoast_head":"<!-- This site is optimized with the Yoast SEO plugin v27.4 - https:\/\/yoast.com\/product\/yoast-seo-wordpress\/ -->\n<title>Ukrajinci tvrde da su raznijeli rusku podmornicu, oglasio se Kremlj - dmcsrb.com<\/title>\n<meta name=\"robots\" content=\"index, follow, max-snippet:-1, max-image-preview:large, max-video-preview:-1\" \/>\n<link rel=\"canonical\" href=\"https:\/\/dmcsrb.com\/en\/svijet\/ukrajinci-tvrde-da-su-raznijeli-rusku-podmornicu-oglasio-se-kremlj\/\" \/>\n<meta property=\"og:locale\" content=\"en_GB\" \/>\n<meta property=\"og:type\" content=\"article\" \/>\n<meta property=\"og:title\" content=\"Ukrajinci tvrde da su raznijeli rusku podmornicu, oglasio se Kremlj - dmcsrb.com\" \/>\n<meta property=\"og:description\" content=\"Dok Ukrajina tvrdi da je novim, podvodnim dronom nanijela\u00a0ozbiljnu \u0161tetu ruskoj podmornici u luci Novorosijsk, Kremlj takve navode o\u0161tro odbacuje. Me\u0111utim, analiza dostupnih dokaza i satelitskih snimki sugeri\u0161e da je ruska verzija doga\u0111aja malo vjerovatna te da je podmornica klase Var\u0161avjanka vjerovatno pretrpjela zna\u010dajna o\u0161te\u0107enja trupa, kormila i propelera, pi\u0161e\u00a0Kyiv Post.\" \/>\n<meta property=\"og:url\" content=\"https:\/\/dmcsrb.com\/en\/svijet\/ukrajinci-tvrde-da-su-raznijeli-rusku-podmornicu-oglasio-se-kremlj\/\" \/>\n<meta property=\"og:site_name\" content=\"dmcsrb.com\" \/>\n<meta property=\"article:published_time\" content=\"2025-12-16T15:57:00+00:00\" \/>\n<meta property=\"og:image\" content=\"https:\/\/dmcsrb.com\/wp-content\/uploads\/2026\/01\/4c0efea5-abce-4aa2-9869-33d53665f4aa.webp\" \/>\n\t<meta property=\"og:image:width\" content=\"765\" \/>\n\t<meta property=\"og:image:height\" content=\"441\" \/>\n\t<meta property=\"og:image:type\" content=\"image\/webp\" \/>\n<meta name=\"author\" content=\"dmcsrbija.com@gmail.com\" \/>\n<meta name=\"twitter:card\" content=\"summary_large_image\" \/>\n<meta name=\"twitter:label1\" content=\"Written by\" \/>\n\t<meta name=\"twitter:data1\" content=\"dmcsrbija.com@gmail.com\" \/>\n\t<meta name=\"twitter:label2\" content=\"Estimated reading time\" \/>\n\t<meta name=\"twitter:data2\" content=\"2 minutes\" \/>\n<script type=\"application\/ld+json\" class=\"yoast-schema-graph\">{\"@context\":\"https:\\\/\\\/schema.org\",\"@graph\":[{\"@type\":\"Article\",\"@id\":\"https:\\\/\\\/dmcsrb.com\\\/svijet\\\/ukrajinci-tvrde-da-su-raznijeli-rusku-podmornicu-oglasio-se-kremlj\\\/#article\",\"isPartOf\":{\"@id\":\"https:\\\/\\\/dmcsrb.com\\\/svijet\\\/ukrajinci-tvrde-da-su-raznijeli-rusku-podmornicu-oglasio-se-kremlj\\\/\"},\"author\":{\"name\":\"dmcsrbija.com@gmail.com\",\"@id\":\"https:\\\/\\\/dmcsrb.com\\\/#\\\/schema\\\/person\\\/5c39170f12db1b8b457732d0b5c854e2\"},\"headline\":\"Ukrajinci tvrde da su raznijeli rusku podmornicu, oglasio se Kremlj\",\"datePublished\":\"2025-12-16T15:57:00+00:00\",\"mainEntityOfPage\":{\"@id\":\"https:\\\/\\\/dmcsrb.com\\\/svijet\\\/ukrajinci-tvrde-da-su-raznijeli-rusku-podmornicu-oglasio-se-kremlj\\\/\"},\"wordCount\":387,\"commentCount\":0,\"image\":{\"@id\":\"https:\\\/\\\/dmcsrb.com\\\/svijet\\\/ukrajinci-tvrde-da-su-raznijeli-rusku-podmornicu-oglasio-se-kremlj\\\/#primaryimage\"},\"thumbnailUrl\":\"https:\\\/\\\/dmcsrb.com\\\/wp-content\\\/uploads\\\/2026\\\/01\\\/4c0efea5-abce-4aa2-9869-33d53665f4aa.webp\",\"keywords\":[\"Kremlj\",\"Ogla\u0161avanje\",\"Razno\u0161enje ruske podmornice\",\"ukrajinci\"],\"articleSection\":[\"Svijet\"],\"inLanguage\":\"en-GB\",\"potentialAction\":[{\"@type\":\"CommentAction\",\"name\":\"Comment\",\"target\":[\"https:\\\/\\\/dmcsrb.com\\\/svijet\\\/ukrajinci-tvrde-da-su-raznijeli-rusku-podmornicu-oglasio-se-kremlj\\\/#respond\"]}]},{\"@type\":\"WebPage\",\"@id\":\"https:\\\/\\\/dmcsrb.com\\\/svijet\\\/ukrajinci-tvrde-da-su-raznijeli-rusku-podmornicu-oglasio-se-kremlj\\\/\",\"url\":\"https:\\\/\\\/dmcsrb.com\\\/svijet\\\/ukrajinci-tvrde-da-su-raznijeli-rusku-podmornicu-oglasio-se-kremlj\\\/\",\"name\":\"Ukrajinci tvrde da su raznijeli rusku podmornicu, oglasio se Kremlj - dmcsrb.com\",\"isPartOf\":{\"@id\":\"https:\\\/\\\/dmcsrb.com\\\/#website\"},\"primaryImageOfPage\":{\"@id\":\"https:\\\/\\\/dmcsrb.com\\\/svijet\\\/ukrajinci-tvrde-da-su-raznijeli-rusku-podmornicu-oglasio-se-kremlj\\\/#primaryimage\"},\"image\":{\"@id\":\"https:\\\/\\\/dmcsrb.com\\\/svijet\\\/ukrajinci-tvrde-da-su-raznijeli-rusku-podmornicu-oglasio-se-kremlj\\\/#primaryimage\"},\"thumbnailUrl\":\"https:\\\/\\\/dmcsrb.com\\\/wp-content\\\/uploads\\\/2026\\\/01\\\/4c0efea5-abce-4aa2-9869-33d53665f4aa.webp\",\"datePublished\":\"2025-12-16T15:57:00+00:00\",\"author\":{\"@id\":\"https:\\\/\\\/dmcsrb.com\\\/#\\\/schema\\\/person\\\/5c39170f12db1b8b457732d0b5c854e2\"},\"breadcrumb\":{\"@id\":\"https:\\\/\\\/dmcsrb.com\\\/svijet\\\/ukrajinci-tvrde-da-su-raznijeli-rusku-podmornicu-oglasio-se-kremlj\\\/#breadcrumb\"},\"inLanguage\":\"en-GB\",\"potentialAction\":[{\"@type\":\"ReadAction\",\"target\":[\"https:\\\/\\\/dmcsrb.com\\\/svijet\\\/ukrajinci-tvrde-da-su-raznijeli-rusku-podmornicu-oglasio-se-kremlj\\\/\"]}]},{\"@type\":\"ImageObject\",\"inLanguage\":\"en-GB\",\"@id\":\"https:\\\/\\\/dmcsrb.com\\\/svijet\\\/ukrajinci-tvrde-da-su-raznijeli-rusku-podmornicu-oglasio-se-kremlj\\\/#primaryimage\",\"url\":\"https:\\\/\\\/dmcsrb.com\\\/wp-content\\\/uploads\\\/2026\\\/01\\\/4c0efea5-abce-4aa2-9869-33d53665f4aa.webp\",\"contentUrl\":\"https:\\\/\\\/dmcsrb.com\\\/wp-content\\\/uploads\\\/2026\\\/01\\\/4c0efea5-abce-4aa2-9869-33d53665f4aa.webp\",\"width\":765,\"height\":441},{\"@type\":\"BreadcrumbList\",\"@id\":\"https:\\\/\\\/dmcsrb.com\\\/svijet\\\/ukrajinci-tvrde-da-su-raznijeli-rusku-podmornicu-oglasio-se-kremlj\\\/#breadcrumb\",\"itemListElement\":[{\"@type\":\"ListItem\",\"position\":1,\"name\":\"Home\",\"item\":\"https:\\\/\\\/dmcsrb.com\\\/\"},{\"@type\":\"ListItem\",\"position\":2,\"name\":\"Ukrajinci tvrde da su raznijeli rusku podmornicu, oglasio se Kremlj\"}]},{\"@type\":\"WebSite\",\"@id\":\"https:\\\/\\\/dmcsrb.com\\\/#website\",\"url\":\"https:\\\/\\\/dmcsrb.com\\\/\",\"name\":\"dmcsrb.com\",\"description\":\"\",\"potentialAction\":[{\"@type\":\"SearchAction\",\"target\":{\"@type\":\"EntryPoint\",\"urlTemplate\":\"https:\\\/\\\/dmcsrb.com\\\/?s={search_term_string}\"},\"query-input\":{\"@type\":\"PropertyValueSpecification\",\"valueRequired\":true,\"valueName\":\"search_term_string\"}}],\"inLanguage\":\"en-GB\"},{\"@type\":\"Person\",\"@id\":\"https:\\\/\\\/dmcsrb.com\\\/#\\\/schema\\\/person\\\/5c39170f12db1b8b457732d0b5c854e2\",\"name\":\"dmcsrbija.com@gmail.com\",\"image\":{\"@type\":\"ImageObject\",\"inLanguage\":\"en-GB\",\"@id\":\"https:\\\/\\\/secure.gravatar.com\\\/avatar\\\/68592660ad6347fad0fb587f8d5d8f1a7b44961362f56e4f2cd524feb87e9069?s=96&d=mm&r=g\",\"url\":\"https:\\\/\\\/secure.gravatar.com\\\/avatar\\\/68592660ad6347fad0fb587f8d5d8f1a7b44961362f56e4f2cd524feb87e9069?s=96&d=mm&r=g\",\"contentUrl\":\"https:\\\/\\\/secure.gravatar.com\\\/avatar\\\/68592660ad6347fad0fb587f8d5d8f1a7b44961362f56e4f2cd524feb87e9069?s=96&d=mm&r=g\",\"caption\":\"dmcsrbija.com@gmail.com\"},\"sameAs\":[\"https:\\\/\\\/dmcsrb.com\"],\"url\":\"https:\\\/\\\/dmcsrb.com\\\/en\\\/author\\\/dmcsrbija-comgmail-com\\\/\"}]}<\/script>\n<!-- \/ Yoast SEO plugin. -->","yoast_head_json":{"title":"Ukrajinci tvrde da su raznijeli rusku podmornicu, oglasio se Kremlj - dmcsrb.com","robots":{"index":"index","follow":"follow","max-snippet":"max-snippet:-1","max-image-preview":"max-image-preview:large","max-video-preview":"max-video-preview:-1"},"canonical":"https:\/\/dmcsrb.com\/en\/svijet\/ukrajinci-tvrde-da-su-raznijeli-rusku-podmornicu-oglasio-se-kremlj\/","og_locale":"en_GB","og_type":"article","og_title":"Ukrajinci tvrde da su raznijeli rusku podmornicu, oglasio se Kremlj - dmcsrb.com","og_description":"Dok Ukrajina tvrdi da je novim, podvodnim dronom nanijela\u00a0ozbiljnu \u0161tetu ruskoj podmornici u luci Novorosijsk, Kremlj takve navode o\u0161tro odbacuje. Me\u0111utim, analiza dostupnih dokaza i satelitskih snimki sugeri\u0161e da je ruska verzija doga\u0111aja malo vjerovatna te da je podmornica klase Var\u0161avjanka vjerovatno pretrpjela zna\u010dajna o\u0161te\u0107enja trupa, kormila i propelera, pi\u0161e\u00a0Kyiv Post.","og_url":"https:\/\/dmcsrb.com\/en\/svijet\/ukrajinci-tvrde-da-su-raznijeli-rusku-podmornicu-oglasio-se-kremlj\/","og_site_name":"dmcsrb.com","article_published_time":"2025-12-16T15:57:00+00:00","og_image":[{"width":765,"height":441,"url":"https:\/\/dmcsrb.com\/wp-content\/uploads\/2026\/01\/4c0efea5-abce-4aa2-9869-33d53665f4aa.webp","type":"image\/webp"}],"author":"dmcsrbija.com@gmail.com","twitter_card":"summary_large_image","twitter_misc":{"Written by":"dmcsrbija.com@gmail.com","Estimated reading time":"2 minutes"},"schema":{"@context":"https:\/\/schema.org","@graph":[{"@type":"Article","@id":"https:\/\/dmcsrb.com\/svijet\/ukrajinci-tvrde-da-su-raznijeli-rusku-podmornicu-oglasio-se-kremlj\/#article","isPartOf":{"@id":"https:\/\/dmcsrb.com\/svijet\/ukrajinci-tvrde-da-su-raznijeli-rusku-podmornicu-oglasio-se-kremlj\/"},"author":{"name":"dmcsrbija.com@gmail.com","@id":"https:\/\/dmcsrb.com\/#\/schema\/person\/5c39170f12db1b8b457732d0b5c854e2"},"headline":"Ukrajinci tvrde da su raznijeli rusku podmornicu, oglasio se Kremlj","datePublished":"2025-12-16T15:57:00+00:00","mainEntityOfPage":{"@id":"https:\/\/dmcsrb.com\/svijet\/ukrajinci-tvrde-da-su-raznijeli-rusku-podmornicu-oglasio-se-kremlj\/"},"wordCount":387,"commentCount":0,"image":{"@id":"https:\/\/dmcsrb.com\/svijet\/ukrajinci-tvrde-da-su-raznijeli-rusku-podmornicu-oglasio-se-kremlj\/#primaryimage"},"thumbnailUrl":"https:\/\/dmcsrb.com\/wp-content\/uploads\/2026\/01\/4c0efea5-abce-4aa2-9869-33d53665f4aa.webp","keywords":["Kremlj","Ogla\u0161avanje","Razno\u0161enje ruske podmornice","ukrajinci"],"articleSection":["Svijet"],"inLanguage":"en-GB","potentialAction":[{"@type":"CommentAction","name":"Comment","target":["https:\/\/dmcsrb.com\/svijet\/ukrajinci-tvrde-da-su-raznijeli-rusku-podmornicu-oglasio-se-kremlj\/#respond"]}]},{"@type":"WebPage","@id":"https:\/\/dmcsrb.com\/svijet\/ukrajinci-tvrde-da-su-raznijeli-rusku-podmornicu-oglasio-se-kremlj\/","url":"https:\/\/dmcsrb.com\/svijet\/ukrajinci-tvrde-da-su-raznijeli-rusku-podmornicu-oglasio-se-kremlj\/","name":"Ukrajinci tvrde da su raznijeli rusku podmornicu, oglasio se Kremlj - dmcsrb.com","isPartOf":{"@id":"https:\/\/dmcsrb.com\/#website"},"primaryImageOfPage":{"@id":"https:\/\/dmcsrb.com\/svijet\/ukrajinci-tvrde-da-su-raznijeli-rusku-podmornicu-oglasio-se-kremlj\/#primaryimage"},"image":{"@id":"https:\/\/dmcsrb.com\/svijet\/ukrajinci-tvrde-da-su-raznijeli-rusku-podmornicu-oglasio-se-kremlj\/#primaryimage"},"thumbnailUrl":"https:\/\/dmcsrb.com\/wp-content\/uploads\/2026\/01\/4c0efea5-abce-4aa2-9869-33d53665f4aa.webp","datePublished":"2025-12-16T15:57:00+00:00","author":{"@id":"https:\/\/dmcsrb.com\/#\/schema\/person\/5c39170f12db1b8b457732d0b5c854e2"},"breadcrumb":{"@id":"https:\/\/dmcsrb.com\/svijet\/ukrajinci-tvrde-da-su-raznijeli-rusku-podmornicu-oglasio-se-kremlj\/#breadcrumb"},"inLanguage":"en-GB","potentialAction":[{"@type":"ReadAction","target":["https:\/\/dmcsrb.com\/svijet\/ukrajinci-tvrde-da-su-raznijeli-rusku-podmornicu-oglasio-se-kremlj\/"]}]},{"@type":"ImageObject","inLanguage":"en-GB","@id":"https:\/\/dmcsrb.com\/svijet\/ukrajinci-tvrde-da-su-raznijeli-rusku-podmornicu-oglasio-se-kremlj\/#primaryimage","url":"https:\/\/dmcsrb.com\/wp-content\/uploads\/2026\/01\/4c0efea5-abce-4aa2-9869-33d53665f4aa.webp","contentUrl":"https:\/\/dmcsrb.com\/wp-content\/uploads\/2026\/01\/4c0efea5-abce-4aa2-9869-33d53665f4aa.webp","width":765,"height":441},{"@type":"BreadcrumbList","@id":"https:\/\/dmcsrb.com\/svijet\/ukrajinci-tvrde-da-su-raznijeli-rusku-podmornicu-oglasio-se-kremlj\/#breadcrumb","itemListElement":[{"@type":"ListItem","position":1,"name":"Home","item":"https:\/\/dmcsrb.com\/"},{"@type":"ListItem","position":2,"name":"Ukrajinci tvrde da su raznijeli rusku podmornicu, oglasio se Kremlj"}]},{"@type":"WebSite","@id":"https:\/\/dmcsrb.com\/#website","url":"https:\/\/dmcsrb.com\/","name":"dmcsrb.com","description":"","potentialAction":[{"@type":"SearchAction","target":{"@type":"EntryPoint","urlTemplate":"https:\/\/dmcsrb.com\/?s={search_term_string}"},"query-input":{"@type":"PropertyValueSpecification","valueRequired":true,"valueName":"search_term_string"}}],"inLanguage":"en-GB"},{"@type":"Person","@id":"https:\/\/dmcsrb.com\/#\/schema\/person\/5c39170f12db1b8b457732d0b5c854e2","name":"dmcsrbija.com@gmail.com","image":{"@type":"ImageObject","inLanguage":"en-GB","@id":"https:\/\/secure.gravatar.com\/avatar\/68592660ad6347fad0fb587f8d5d8f1a7b44961362f56e4f2cd524feb87e9069?s=96&d=mm&r=g","url":"https:\/\/secure.gravatar.com\/avatar\/68592660ad6347fad0fb587f8d5d8f1a7b44961362f56e4f2cd524feb87e9069?s=96&d=mm&r=g","contentUrl":"https:\/\/secure.gravatar.com\/avatar\/68592660ad6347fad0fb587f8d5d8f1a7b44961362f56e4f2cd524feb87e9069?s=96&d=mm&r=g","caption":"dmcsrbija.com@gmail.com"},"sameAs":["https:\/\/dmcsrb.com"],"url":"https:\/\/dmcsrb.com\/en\/author\/dmcsrbija-comgmail-com\/"}]}},"_links":{"self":[{"href":"https:\/\/dmcsrb.com\/en\/wp-json\/wp\/v2\/posts\/913774","targetHints":{"allow":["GET"]}}],"collection":[{"href":"https:\/\/dmcsrb.com\/en\/wp-json\/wp\/v2\/posts"}],"about":[{"href":"https:\/\/dmcsrb.com\/en\/wp-json\/wp\/v2\/types\/post"}],"author":[{"embeddable":true,"href":"https:\/\/dmcsrb.com\/en\/wp-json\/wp\/v2\/users\/1"}],"replies":[{"embeddable":true,"href":"https:\/\/dmcsrb.com\/en\/wp-json\/wp\/v2\/comments?post=913774"}],"version-history":[{"count":0,"href":"https:\/\/dmcsrb.com\/en\/wp-json\/wp\/v2\/posts\/913774\/revisions"}],"wp:featuredmedia":[{"embeddable":true,"href":"https:\/\/dmcsrb.com\/en\/wp-json\/wp\/v2\/media\/913775"}],"wp:attachment":[{"href":"https:\/\/dmcsrb.com\/en\/wp-json\/wp\/v2\/media?parent=913774"}],"wp:term":[{"taxonomy":"category","embeddable":true,"href":"https:\/\/dmcsrb.com\/en\/wp-json\/wp\/v2\/categories?post=913774"},{"taxonomy":"post_tag","embeddable":true,"href":"https:\/\/dmcsrb.com\/en\/wp-json\/wp\/v2\/tags?post=913774"},{"taxonomy":"naslovna","embeddable":true,"href":"https:\/\/dmcsrb.com\/en\/wp-json\/wp\/v2\/naslovna?post=913774"}],"curies":[{"name":"wp","href":"https:\/\/api.w.org\/{rel}","templated":true}]}}