{"id":913740,"date":"2025-12-16T13:48:00","date_gmt":"2025-12-16T12:48:00","guid":{"rendered":"https:\/\/dmcsrb.com\/uncategorized\/milatovic-predlozio-gajevica-i-bjekovica\/"},"modified":"2025-12-16T13:48:00","modified_gmt":"2025-12-16T12:48:00","slug":"milatovic-predlozio-gajevica-i-bjekovica","status":"publish","type":"post","link":"https:\/\/dmcsrb.com\/en\/kultura\/milatovic-predlozio-gajevica-i-bjekovica\/","title":{"rendered":"Milatovi\u0107 predlo\u017eio Gajevi\u0107a i Bjekovi\u0107a"},"content":{"rendered":"<p>Milatovi\u0107 je 7. marta 2025. godine predlo\u017eio Stevana Gajevi\u0107a za \u010dlana Fiskalnog savjeta Crne Gore, dok je 4. decembra 2025. godine predlo\u017eio Sini\u0161u Bjekovi\u0107a za Za\u0161titnika ljudskih prava i sloboda.<\/p>\n\n\n\n<p>Milatovi\u0107 je obrazlo\u017eio predlog da Bjekovi\u0107 bude ombudsman, isti\u010du\u0107i da se radi o kvalitetnim rje\u0161enjima.&nbsp;<\/p>\n\n\n\n<p>&#8220;Opravdao je povjerenje koje mu je ranije dato, a njegova neprisnasnost i integritet su klju\u010dne vrijednosti ove institucije. Uvjeren sam, ukoliko bude imenovan, da \u0107e Bjekovi\u0107 tu funkciju obavljati u skladu sa zakonom&#8221;, kazao je Milatovi\u0107.&nbsp;<\/p>\n\n\n\n<p>Na\u0111a Lakovi\u0107 (PES) kazala je da je u pitanju kvalitetan predlog.&nbsp;<\/p>\n\n\n\n<p>&#8220;Bjekovi\u0107 je svoj posao radio korektno i profesionalno&#8221;, kazala je Lakovi\u0107.&nbsp;<\/p>\n\n\n\n<p>Ona je navela da je DPS o\u010dito o\u010dekivao da Bjekovi\u0107 bude poslu\u0161nik.<\/p>\n\n\n\n<p>&#8220;To nije uradio i na tome mu zahvaljujem&#8221;, rekla je Lakovi\u0107.&nbsp;<\/p>\n\n\n\n<p>Nela Savkovi\u0107 Vuk\u010devi\u0107 (DPS) rekla je da Bjekovi\u0107 nije opravdao povjerenje, podsje\u0107aju\u0107i da ga je na tu funkciju predlo\u017eio Milo \u0110ukanovi\u0107. Ona je rekla da neadekvatna reakcija ombudsmana u slu\u010dajevima Nermina Abdi\u0107a i Andreja Nikolaidisa jasno govori o tome da Bjekovi\u0107 nije profesionalno postupao.&nbsp;<\/p>\n\n\n\n<p>&#8220;Od ombudsmana sam o\u010dekivala da adekvatno koristi sva svoja prava, i da javno govori o svim temama i edukuje&#8221;, rekla je Savkovi\u0107 Vuk\u010devi\u0107.&nbsp;<\/p>\n\n\n\n<p>Vladislav Bojovi\u0107 (DNP\/ZBCG) rekao je da o\u010dekuje vanredno stanje u Vladi kao \u0161to je vanredno stanje u Pljevljima, zbog zaga\u0111enja vazduha. Naveo je da su Pljevljaci godinama \u017ertve profita energetskih kompanija.&nbsp;<\/p>\n\n\n\n<p>Andrija Nikoli\u0107 (DPS) rekao je da se u Crnoj Gori ne po\u0161tuju temeljna ljudska prava, posebno pravo na protest.&nbsp;<\/p>\n\n\n\n<p>Milatovi\u0107 je za \u010dlanstvo u Fiskalnom savjetu predlo\u017eio Gajevi\u0107a a Vlada Ninu Vujo\u0161evi\u0107.&nbsp;<\/p>\n\n\n\n<p>Govore\u0107i o ovom predlogu, Milatovi\u0107 je rekao da Fiskalni savjet nije samo jo\u0161 jedno savjetodavno tijelo, ve\u0107 korektiv i stub efikasne politike. Naglasio je da se sa formiranjem savjeta zna\u010dajno kasni.&nbsp;<\/p>\n\n\n\n<p>&#8220;To ka\u0161njenje je jedno u nizu su\u0161tinskih institucionalnih problema u funkcionisanju na\u0161eg dru\u0161tva&#8221;, rekao je Milatovi\u0107.&nbsp;<\/p>","protected":false},"excerpt":{"rendered":"<p>Predsjednik Crne Gore Jakov Milatovi\u0107 prisustvuje sjednici Skup\u0161tine Crne Gore, na kojoj je poslanicama i poslanicima obrazlo\u017eio predloge koje je ranije uputio Skup\u0161tini. Rije\u010d je o predlogu za izbor \u010dlana Fiskalnog savjeta Crne Gore i predlogu za Za\u0161titnika ljudskih prava i sloboda.<\/p>","protected":false},"author":1,"featured_media":909373,"comment_status":"open","ping_status":"open","sticky":false,"template":"","format":"standard","meta":{"_acf_changed":false,"footnotes":""},"categories":[50],"tags":[90,3213,3214],"naslovna":[],"class_list":["post-913740","post","type-post","status-publish","format-standard","has-post-thumbnail","hentry","category-kultura","tag-jakov-milatovic","tag-sinisa-bjekovic","tag-stevan-gajevic"],"acf":[],"yoast_head":"<!-- This site is optimized with the Yoast SEO plugin v27.4 - https:\/\/yoast.com\/product\/yoast-seo-wordpress\/ -->\n<title>Milatovi\u0107 predlo\u017eio Gajevi\u0107a i Bjekovi\u0107a - dmcsrb.com<\/title>\n<meta name=\"robots\" content=\"index, follow, max-snippet:-1, max-image-preview:large, max-video-preview:-1\" \/>\n<link rel=\"canonical\" href=\"https:\/\/dmcsrb.com\/en\/kultura\/milatovic-predlozio-gajevica-i-bjekovica\/\" \/>\n<meta property=\"og:locale\" content=\"en_GB\" \/>\n<meta property=\"og:type\" content=\"article\" \/>\n<meta property=\"og:title\" content=\"Milatovi\u0107 predlo\u017eio Gajevi\u0107a i Bjekovi\u0107a - dmcsrb.com\" \/>\n<meta property=\"og:description\" content=\"Predsjednik Crne Gore Jakov Milatovi\u0107 prisustvuje sjednici Skup\u0161tine Crne Gore, na kojoj je poslanicama i poslanicima obrazlo\u017eio predloge koje je ranije uputio Skup\u0161tini. Rije\u010d je o predlogu za izbor \u010dlana Fiskalnog savjeta Crne Gore i predlogu za Za\u0161titnika ljudskih prava i sloboda.\" \/>\n<meta property=\"og:url\" content=\"https:\/\/dmcsrb.com\/en\/kultura\/milatovic-predlozio-gajevica-i-bjekovica\/\" \/>\n<meta property=\"og:site_name\" content=\"dmcsrb.com\" \/>\n<meta property=\"article:published_time\" content=\"2025-12-16T12:48:00+00:00\" \/>\n<meta property=\"og:image\" content=\"https:\/\/dmcsrb.com\/wp-content\/uploads\/2026\/01\/milatovic.jpg\" \/>\n\t<meta property=\"og:image:width\" content=\"1320\" \/>\n\t<meta property=\"og:image:height\" content=\"733\" \/>\n\t<meta property=\"og:image:type\" content=\"image\/jpeg\" \/>\n<meta name=\"author\" content=\"dmcsrbija.com@gmail.com\" \/>\n<meta name=\"twitter:card\" content=\"summary_large_image\" \/>\n<meta name=\"twitter:label1\" content=\"Written by\" \/>\n\t<meta name=\"twitter:data1\" content=\"dmcsrbija.com@gmail.com\" \/>\n\t<meta name=\"twitter:label2\" content=\"Estimated reading time\" \/>\n\t<meta name=\"twitter:data2\" content=\"2 minutes\" \/>\n<script type=\"application\/ld+json\" class=\"yoast-schema-graph\">{\"@context\":\"https:\\\/\\\/schema.org\",\"@graph\":[{\"@type\":\"Article\",\"@id\":\"https:\\\/\\\/dmcsrb.com\\\/kultura\\\/milatovic-predlozio-gajevica-i-bjekovica\\\/#article\",\"isPartOf\":{\"@id\":\"https:\\\/\\\/dmcsrb.com\\\/kultura\\\/milatovic-predlozio-gajevica-i-bjekovica\\\/\"},\"author\":{\"name\":\"dmcsrbija.com@gmail.com\",\"@id\":\"https:\\\/\\\/dmcsrb.com\\\/#\\\/schema\\\/person\\\/5c39170f12db1b8b457732d0b5c854e2\"},\"headline\":\"Milatovi\u0107 predlo\u017eio Gajevi\u0107a i Bjekovi\u0107a\",\"datePublished\":\"2025-12-16T12:48:00+00:00\",\"mainEntityOfPage\":{\"@id\":\"https:\\\/\\\/dmcsrb.com\\\/kultura\\\/milatovic-predlozio-gajevica-i-bjekovica\\\/\"},\"wordCount\":355,\"commentCount\":0,\"image\":{\"@id\":\"https:\\\/\\\/dmcsrb.com\\\/kultura\\\/milatovic-predlozio-gajevica-i-bjekovica\\\/#primaryimage\"},\"thumbnailUrl\":\"https:\\\/\\\/dmcsrb.com\\\/wp-content\\\/uploads\\\/2026\\\/01\\\/milatovic.jpg\",\"keywords\":[\"Jakov Milatovi\u0107\",\"Sini\u0161a Bjekovi\u0107\",\"Stevan Gajevi\u0107\"],\"articleSection\":[\"Kultura\"],\"inLanguage\":\"en-GB\",\"potentialAction\":[{\"@type\":\"CommentAction\",\"name\":\"Comment\",\"target\":[\"https:\\\/\\\/dmcsrb.com\\\/kultura\\\/milatovic-predlozio-gajevica-i-bjekovica\\\/#respond\"]}]},{\"@type\":\"WebPage\",\"@id\":\"https:\\\/\\\/dmcsrb.com\\\/kultura\\\/milatovic-predlozio-gajevica-i-bjekovica\\\/\",\"url\":\"https:\\\/\\\/dmcsrb.com\\\/kultura\\\/milatovic-predlozio-gajevica-i-bjekovica\\\/\",\"name\":\"Milatovi\u0107 predlo\u017eio Gajevi\u0107a i Bjekovi\u0107a - dmcsrb.com\",\"isPartOf\":{\"@id\":\"https:\\\/\\\/dmcsrb.com\\\/#website\"},\"primaryImageOfPage\":{\"@id\":\"https:\\\/\\\/dmcsrb.com\\\/kultura\\\/milatovic-predlozio-gajevica-i-bjekovica\\\/#primaryimage\"},\"image\":{\"@id\":\"https:\\\/\\\/dmcsrb.com\\\/kultura\\\/milatovic-predlozio-gajevica-i-bjekovica\\\/#primaryimage\"},\"thumbnailUrl\":\"https:\\\/\\\/dmcsrb.com\\\/wp-content\\\/uploads\\\/2026\\\/01\\\/milatovic.jpg\",\"datePublished\":\"2025-12-16T12:48:00+00:00\",\"author\":{\"@id\":\"https:\\\/\\\/dmcsrb.com\\\/#\\\/schema\\\/person\\\/5c39170f12db1b8b457732d0b5c854e2\"},\"breadcrumb\":{\"@id\":\"https:\\\/\\\/dmcsrb.com\\\/kultura\\\/milatovic-predlozio-gajevica-i-bjekovica\\\/#breadcrumb\"},\"inLanguage\":\"en-GB\",\"potentialAction\":[{\"@type\":\"ReadAction\",\"target\":[\"https:\\\/\\\/dmcsrb.com\\\/kultura\\\/milatovic-predlozio-gajevica-i-bjekovica\\\/\"]}]},{\"@type\":\"ImageObject\",\"inLanguage\":\"en-GB\",\"@id\":\"https:\\\/\\\/dmcsrb.com\\\/kultura\\\/milatovic-predlozio-gajevica-i-bjekovica\\\/#primaryimage\",\"url\":\"https:\\\/\\\/dmcsrb.com\\\/wp-content\\\/uploads\\\/2026\\\/01\\\/milatovic.jpg\",\"contentUrl\":\"https:\\\/\\\/dmcsrb.com\\\/wp-content\\\/uploads\\\/2026\\\/01\\\/milatovic.jpg\",\"width\":1320,\"height\":733},{\"@type\":\"BreadcrumbList\",\"@id\":\"https:\\\/\\\/dmcsrb.com\\\/kultura\\\/milatovic-predlozio-gajevica-i-bjekovica\\\/#breadcrumb\",\"itemListElement\":[{\"@type\":\"ListItem\",\"position\":1,\"name\":\"Home\",\"item\":\"https:\\\/\\\/dmcsrb.com\\\/\"},{\"@type\":\"ListItem\",\"position\":2,\"name\":\"Milatovi\u0107 predlo\u017eio Gajevi\u0107a i Bjekovi\u0107a\"}]},{\"@type\":\"WebSite\",\"@id\":\"https:\\\/\\\/dmcsrb.com\\\/#website\",\"url\":\"https:\\\/\\\/dmcsrb.com\\\/\",\"name\":\"dmcsrb.com\",\"description\":\"\",\"potentialAction\":[{\"@type\":\"SearchAction\",\"target\":{\"@type\":\"EntryPoint\",\"urlTemplate\":\"https:\\\/\\\/dmcsrb.com\\\/?s={search_term_string}\"},\"query-input\":{\"@type\":\"PropertyValueSpecification\",\"valueRequired\":true,\"valueName\":\"search_term_string\"}}],\"inLanguage\":\"en-GB\"},{\"@type\":\"Person\",\"@id\":\"https:\\\/\\\/dmcsrb.com\\\/#\\\/schema\\\/person\\\/5c39170f12db1b8b457732d0b5c854e2\",\"name\":\"dmcsrbija.com@gmail.com\",\"image\":{\"@type\":\"ImageObject\",\"inLanguage\":\"en-GB\",\"@id\":\"https:\\\/\\\/secure.gravatar.com\\\/avatar\\\/68592660ad6347fad0fb587f8d5d8f1a7b44961362f56e4f2cd524feb87e9069?s=96&d=mm&r=g\",\"url\":\"https:\\\/\\\/secure.gravatar.com\\\/avatar\\\/68592660ad6347fad0fb587f8d5d8f1a7b44961362f56e4f2cd524feb87e9069?s=96&d=mm&r=g\",\"contentUrl\":\"https:\\\/\\\/secure.gravatar.com\\\/avatar\\\/68592660ad6347fad0fb587f8d5d8f1a7b44961362f56e4f2cd524feb87e9069?s=96&d=mm&r=g\",\"caption\":\"dmcsrbija.com@gmail.com\"},\"sameAs\":[\"https:\\\/\\\/dmcsrb.com\"],\"url\":\"https:\\\/\\\/dmcsrb.com\\\/en\\\/author\\\/dmcsrbija-comgmail-com\\\/\"}]}<\/script>\n<!-- \/ Yoast SEO plugin. -->","yoast_head_json":{"title":"Milatovi\u0107 predlo\u017eio Gajevi\u0107a i Bjekovi\u0107a - dmcsrb.com","robots":{"index":"index","follow":"follow","max-snippet":"max-snippet:-1","max-image-preview":"max-image-preview:large","max-video-preview":"max-video-preview:-1"},"canonical":"https:\/\/dmcsrb.com\/en\/kultura\/milatovic-predlozio-gajevica-i-bjekovica\/","og_locale":"en_GB","og_type":"article","og_title":"Milatovi\u0107 predlo\u017eio Gajevi\u0107a i Bjekovi\u0107a - dmcsrb.com","og_description":"Predsjednik Crne Gore Jakov Milatovi\u0107 prisustvuje sjednici Skup\u0161tine Crne Gore, na kojoj je poslanicama i poslanicima obrazlo\u017eio predloge koje je ranije uputio Skup\u0161tini. Rije\u010d je o predlogu za izbor \u010dlana Fiskalnog savjeta Crne Gore i predlogu za Za\u0161titnika ljudskih prava i sloboda.","og_url":"https:\/\/dmcsrb.com\/en\/kultura\/milatovic-predlozio-gajevica-i-bjekovica\/","og_site_name":"dmcsrb.com","article_published_time":"2025-12-16T12:48:00+00:00","og_image":[{"width":1320,"height":733,"url":"https:\/\/dmcsrb.com\/wp-content\/uploads\/2026\/01\/milatovic.jpg","type":"image\/jpeg"}],"author":"dmcsrbija.com@gmail.com","twitter_card":"summary_large_image","twitter_misc":{"Written by":"dmcsrbija.com@gmail.com","Estimated reading time":"2 minutes"},"schema":{"@context":"https:\/\/schema.org","@graph":[{"@type":"Article","@id":"https:\/\/dmcsrb.com\/kultura\/milatovic-predlozio-gajevica-i-bjekovica\/#article","isPartOf":{"@id":"https:\/\/dmcsrb.com\/kultura\/milatovic-predlozio-gajevica-i-bjekovica\/"},"author":{"name":"dmcsrbija.com@gmail.com","@id":"https:\/\/dmcsrb.com\/#\/schema\/person\/5c39170f12db1b8b457732d0b5c854e2"},"headline":"Milatovi\u0107 predlo\u017eio Gajevi\u0107a i Bjekovi\u0107a","datePublished":"2025-12-16T12:48:00+00:00","mainEntityOfPage":{"@id":"https:\/\/dmcsrb.com\/kultura\/milatovic-predlozio-gajevica-i-bjekovica\/"},"wordCount":355,"commentCount":0,"image":{"@id":"https:\/\/dmcsrb.com\/kultura\/milatovic-predlozio-gajevica-i-bjekovica\/#primaryimage"},"thumbnailUrl":"https:\/\/dmcsrb.com\/wp-content\/uploads\/2026\/01\/milatovic.jpg","keywords":["Jakov Milatovi\u0107","Sini\u0161a Bjekovi\u0107","Stevan Gajevi\u0107"],"articleSection":["Kultura"],"inLanguage":"en-GB","potentialAction":[{"@type":"CommentAction","name":"Comment","target":["https:\/\/dmcsrb.com\/kultura\/milatovic-predlozio-gajevica-i-bjekovica\/#respond"]}]},{"@type":"WebPage","@id":"https:\/\/dmcsrb.com\/kultura\/milatovic-predlozio-gajevica-i-bjekovica\/","url":"https:\/\/dmcsrb.com\/kultura\/milatovic-predlozio-gajevica-i-bjekovica\/","name":"Milatovi\u0107 predlo\u017eio Gajevi\u0107a i Bjekovi\u0107a - dmcsrb.com","isPartOf":{"@id":"https:\/\/dmcsrb.com\/#website"},"primaryImageOfPage":{"@id":"https:\/\/dmcsrb.com\/kultura\/milatovic-predlozio-gajevica-i-bjekovica\/#primaryimage"},"image":{"@id":"https:\/\/dmcsrb.com\/kultura\/milatovic-predlozio-gajevica-i-bjekovica\/#primaryimage"},"thumbnailUrl":"https:\/\/dmcsrb.com\/wp-content\/uploads\/2026\/01\/milatovic.jpg","datePublished":"2025-12-16T12:48:00+00:00","author":{"@id":"https:\/\/dmcsrb.com\/#\/schema\/person\/5c39170f12db1b8b457732d0b5c854e2"},"breadcrumb":{"@id":"https:\/\/dmcsrb.com\/kultura\/milatovic-predlozio-gajevica-i-bjekovica\/#breadcrumb"},"inLanguage":"en-GB","potentialAction":[{"@type":"ReadAction","target":["https:\/\/dmcsrb.com\/kultura\/milatovic-predlozio-gajevica-i-bjekovica\/"]}]},{"@type":"ImageObject","inLanguage":"en-GB","@id":"https:\/\/dmcsrb.com\/kultura\/milatovic-predlozio-gajevica-i-bjekovica\/#primaryimage","url":"https:\/\/dmcsrb.com\/wp-content\/uploads\/2026\/01\/milatovic.jpg","contentUrl":"https:\/\/dmcsrb.com\/wp-content\/uploads\/2026\/01\/milatovic.jpg","width":1320,"height":733},{"@type":"BreadcrumbList","@id":"https:\/\/dmcsrb.com\/kultura\/milatovic-predlozio-gajevica-i-bjekovica\/#breadcrumb","itemListElement":[{"@type":"ListItem","position":1,"name":"Home","item":"https:\/\/dmcsrb.com\/"},{"@type":"ListItem","position":2,"name":"Milatovi\u0107 predlo\u017eio Gajevi\u0107a i Bjekovi\u0107a"}]},{"@type":"WebSite","@id":"https:\/\/dmcsrb.com\/#website","url":"https:\/\/dmcsrb.com\/","name":"dmcsrb.com","description":"","potentialAction":[{"@type":"SearchAction","target":{"@type":"EntryPoint","urlTemplate":"https:\/\/dmcsrb.com\/?s={search_term_string}"},"query-input":{"@type":"PropertyValueSpecification","valueRequired":true,"valueName":"search_term_string"}}],"inLanguage":"en-GB"},{"@type":"Person","@id":"https:\/\/dmcsrb.com\/#\/schema\/person\/5c39170f12db1b8b457732d0b5c854e2","name":"dmcsrbija.com@gmail.com","image":{"@type":"ImageObject","inLanguage":"en-GB","@id":"https:\/\/secure.gravatar.com\/avatar\/68592660ad6347fad0fb587f8d5d8f1a7b44961362f56e4f2cd524feb87e9069?s=96&d=mm&r=g","url":"https:\/\/secure.gravatar.com\/avatar\/68592660ad6347fad0fb587f8d5d8f1a7b44961362f56e4f2cd524feb87e9069?s=96&d=mm&r=g","contentUrl":"https:\/\/secure.gravatar.com\/avatar\/68592660ad6347fad0fb587f8d5d8f1a7b44961362f56e4f2cd524feb87e9069?s=96&d=mm&r=g","caption":"dmcsrbija.com@gmail.com"},"sameAs":["https:\/\/dmcsrb.com"],"url":"https:\/\/dmcsrb.com\/en\/author\/dmcsrbija-comgmail-com\/"}]}},"_links":{"self":[{"href":"https:\/\/dmcsrb.com\/en\/wp-json\/wp\/v2\/posts\/913740","targetHints":{"allow":["GET"]}}],"collection":[{"href":"https:\/\/dmcsrb.com\/en\/wp-json\/wp\/v2\/posts"}],"about":[{"href":"https:\/\/dmcsrb.com\/en\/wp-json\/wp\/v2\/types\/post"}],"author":[{"embeddable":true,"href":"https:\/\/dmcsrb.com\/en\/wp-json\/wp\/v2\/users\/1"}],"replies":[{"embeddable":true,"href":"https:\/\/dmcsrb.com\/en\/wp-json\/wp\/v2\/comments?post=913740"}],"version-history":[{"count":0,"href":"https:\/\/dmcsrb.com\/en\/wp-json\/wp\/v2\/posts\/913740\/revisions"}],"wp:featuredmedia":[{"embeddable":true,"href":"https:\/\/dmcsrb.com\/en\/wp-json\/wp\/v2\/media\/909373"}],"wp:attachment":[{"href":"https:\/\/dmcsrb.com\/en\/wp-json\/wp\/v2\/media?parent=913740"}],"wp:term":[{"taxonomy":"category","embeddable":true,"href":"https:\/\/dmcsrb.com\/en\/wp-json\/wp\/v2\/categories?post=913740"},{"taxonomy":"post_tag","embeddable":true,"href":"https:\/\/dmcsrb.com\/en\/wp-json\/wp\/v2\/tags?post=913740"},{"taxonomy":"naslovna","embeddable":true,"href":"https:\/\/dmcsrb.com\/en\/wp-json\/wp\/v2\/naslovna?post=913740"}],"curies":[{"name":"wp","href":"https:\/\/api.w.org\/{rel}","templated":true}]}}