{"id":913698,"date":"2025-12-16T13:25:00","date_gmt":"2025-12-16T12:25:00","guid":{"rendered":"https:\/\/dmcsrb.com\/uncategorized\/gradjanska-alijansa-osudjuje-govor-mrznje-ispoljene-na-objektu-ambasade-bih\/"},"modified":"2025-12-16T13:25:00","modified_gmt":"2025-12-16T12:25:00","slug":"gradjanska-alijansa-osudjuje-govor-mrznje-ispoljene-na-objektu-ambasade-bih","status":"publish","type":"post","link":"https:\/\/dmcsrb.com\/en\/drustvo\/gradjanska-alijansa-osudjuje-govor-mrznje-ispoljene-na-objektu-ambasade-bih\/","title":{"rendered":"Gra\u0111anska alijansa osu\u0111uje govor mr\u017enje ispoljene na objektu Ambasade BIH"},"content":{"rendered":"<p><\/p>\n\n\n\n<p>&#8220;Pozivamo nadle\u017ene institucije da hitno identifikuju i procesuiraju odgovorne, te da preduzmu dodatne mjere za\u0161tite diplomatskih predstavni\u0161tava i suzbijanja govora mr\u017enje u javnom prostoru&#8221;, poru\u010dili su iz Gra\u0111anske alijanse.<\/p>","protected":false},"excerpt":{"rendered":"<p>Gra\u0111anska alijansa najo\u0161trije osu\u0111uje vandalski \u010din i otvoreni govor mr\u017enje ispoljene na objektu Ambasade Bosne i Hercegovine u Podgorici, koji predstavljaju te\u017eak i nedopustiv napad na osnovne vrijednosti civilizovanog dru\u0161tva, stoji u saop\u0161tenju.<\/p>","protected":false},"author":1,"featured_media":913699,"comment_status":"open","ping_status":"open","sticky":false,"template":"","format":"standard","meta":{"_acf_changed":false,"footnotes":""},"categories":[2],"tags":[84,95,3195,1795],"naslovna":[],"class_list":["post-913698","post","type-post","status-publish","format-standard","has-post-thumbnail","hentry","category-drustvo","tag-bih","tag-crna-gora","tag-govor-mrznje","tag-gradjanska-alijansa-2"],"acf":[],"yoast_head":"<!-- This site is optimized with the Yoast SEO plugin v27.4 - https:\/\/yoast.com\/product\/yoast-seo-wordpress\/ -->\n<title>Gra\u0111anska alijansa osu\u0111uje govor mr\u017enje ispoljene na objektu Ambasade BIH - dmcsrb.com<\/title>\n<meta name=\"robots\" content=\"index, follow, max-snippet:-1, max-image-preview:large, max-video-preview:-1\" \/>\n<link rel=\"canonical\" href=\"https:\/\/dmcsrb.com\/en\/drustvo\/gradjanska-alijansa-osudjuje-govor-mrznje-ispoljene-na-objektu-ambasade-bih\/\" \/>\n<meta property=\"og:locale\" content=\"en_GB\" \/>\n<meta property=\"og:type\" content=\"article\" \/>\n<meta property=\"og:title\" content=\"Gra\u0111anska alijansa osu\u0111uje govor mr\u017enje ispoljene na objektu Ambasade BIH - dmcsrb.com\" \/>\n<meta property=\"og:description\" content=\"Gra\u0111anska alijansa najo\u0161trije osu\u0111uje vandalski \u010din i otvoreni govor mr\u017enje ispoljene na objektu Ambasade Bosne i Hercegovine u Podgorici, koji predstavljaju te\u017eak i nedopustiv napad na osnovne vrijednosti civilizovanog dru\u0161tva, stoji u saop\u0161tenju.\" \/>\n<meta property=\"og:url\" content=\"https:\/\/dmcsrb.com\/en\/drustvo\/gradjanska-alijansa-osudjuje-govor-mrznje-ispoljene-na-objektu-ambasade-bih\/\" \/>\n<meta property=\"og:site_name\" content=\"dmcsrb.com\" \/>\n<meta property=\"article:published_time\" content=\"2025-12-16T12:25:00+00:00\" \/>\n<meta property=\"og:image\" content=\"https:\/\/dmcsrb.com\/wp-content\/uploads\/2026\/01\/logo-GA-final-1-1.png\" \/>\n\t<meta property=\"og:image:width\" content=\"2331\" \/>\n\t<meta property=\"og:image:height\" content=\"1233\" \/>\n\t<meta property=\"og:image:type\" content=\"image\/png\" \/>\n<meta name=\"author\" content=\"dmcsrbija.com@gmail.com\" \/>\n<meta name=\"twitter:card\" content=\"summary_large_image\" \/>\n<meta name=\"twitter:label1\" content=\"Written by\" \/>\n\t<meta name=\"twitter:data1\" content=\"dmcsrbija.com@gmail.com\" \/>\n<script type=\"application\/ld+json\" class=\"yoast-schema-graph\">{\"@context\":\"https:\\\/\\\/schema.org\",\"@graph\":[{\"@type\":\"Article\",\"@id\":\"https:\\\/\\\/dmcsrb.com\\\/drustvo\\\/gradjanska-alijansa-osudjuje-govor-mrznje-ispoljene-na-objektu-ambasade-bih\\\/#article\",\"isPartOf\":{\"@id\":\"https:\\\/\\\/dmcsrb.com\\\/drustvo\\\/gradjanska-alijansa-osudjuje-govor-mrznje-ispoljene-na-objektu-ambasade-bih\\\/\"},\"author\":{\"name\":\"dmcsrbija.com@gmail.com\",\"@id\":\"https:\\\/\\\/dmcsrb.com\\\/#\\\/schema\\\/person\\\/5c39170f12db1b8b457732d0b5c854e2\"},\"headline\":\"Gra\u0111anska alijansa osu\u0111uje govor mr\u017enje ispoljene na objektu Ambasade BIH\",\"datePublished\":\"2025-12-16T12:25:00+00:00\",\"mainEntityOfPage\":{\"@id\":\"https:\\\/\\\/dmcsrb.com\\\/drustvo\\\/gradjanska-alijansa-osudjuje-govor-mrznje-ispoljene-na-objektu-ambasade-bih\\\/\"},\"wordCount\":48,\"commentCount\":0,\"image\":{\"@id\":\"https:\\\/\\\/dmcsrb.com\\\/drustvo\\\/gradjanska-alijansa-osudjuje-govor-mrznje-ispoljene-na-objektu-ambasade-bih\\\/#primaryimage\"},\"thumbnailUrl\":\"https:\\\/\\\/dmcsrb.com\\\/wp-content\\\/uploads\\\/2026\\\/01\\\/logo-GA-final-1-1.png\",\"keywords\":[\"BiH\",\"Crna Gora\",\"Govor mr\u017enje\",\"Gra\u0111anska alijansa\"],\"articleSection\":[\"Dru\u0161tvo\"],\"inLanguage\":\"en-GB\",\"potentialAction\":[{\"@type\":\"CommentAction\",\"name\":\"Comment\",\"target\":[\"https:\\\/\\\/dmcsrb.com\\\/drustvo\\\/gradjanska-alijansa-osudjuje-govor-mrznje-ispoljene-na-objektu-ambasade-bih\\\/#respond\"]}]},{\"@type\":\"WebPage\",\"@id\":\"https:\\\/\\\/dmcsrb.com\\\/drustvo\\\/gradjanska-alijansa-osudjuje-govor-mrznje-ispoljene-na-objektu-ambasade-bih\\\/\",\"url\":\"https:\\\/\\\/dmcsrb.com\\\/drustvo\\\/gradjanska-alijansa-osudjuje-govor-mrznje-ispoljene-na-objektu-ambasade-bih\\\/\",\"name\":\"Gra\u0111anska alijansa osu\u0111uje govor mr\u017enje ispoljene na objektu Ambasade BIH - dmcsrb.com\",\"isPartOf\":{\"@id\":\"https:\\\/\\\/dmcsrb.com\\\/#website\"},\"primaryImageOfPage\":{\"@id\":\"https:\\\/\\\/dmcsrb.com\\\/drustvo\\\/gradjanska-alijansa-osudjuje-govor-mrznje-ispoljene-na-objektu-ambasade-bih\\\/#primaryimage\"},\"image\":{\"@id\":\"https:\\\/\\\/dmcsrb.com\\\/drustvo\\\/gradjanska-alijansa-osudjuje-govor-mrznje-ispoljene-na-objektu-ambasade-bih\\\/#primaryimage\"},\"thumbnailUrl\":\"https:\\\/\\\/dmcsrb.com\\\/wp-content\\\/uploads\\\/2026\\\/01\\\/logo-GA-final-1-1.png\",\"datePublished\":\"2025-12-16T12:25:00+00:00\",\"author\":{\"@id\":\"https:\\\/\\\/dmcsrb.com\\\/#\\\/schema\\\/person\\\/5c39170f12db1b8b457732d0b5c854e2\"},\"breadcrumb\":{\"@id\":\"https:\\\/\\\/dmcsrb.com\\\/drustvo\\\/gradjanska-alijansa-osudjuje-govor-mrznje-ispoljene-na-objektu-ambasade-bih\\\/#breadcrumb\"},\"inLanguage\":\"en-GB\",\"potentialAction\":[{\"@type\":\"ReadAction\",\"target\":[\"https:\\\/\\\/dmcsrb.com\\\/drustvo\\\/gradjanska-alijansa-osudjuje-govor-mrznje-ispoljene-na-objektu-ambasade-bih\\\/\"]}]},{\"@type\":\"ImageObject\",\"inLanguage\":\"en-GB\",\"@id\":\"https:\\\/\\\/dmcsrb.com\\\/drustvo\\\/gradjanska-alijansa-osudjuje-govor-mrznje-ispoljene-na-objektu-ambasade-bih\\\/#primaryimage\",\"url\":\"https:\\\/\\\/dmcsrb.com\\\/wp-content\\\/uploads\\\/2026\\\/01\\\/logo-GA-final-1-1.png\",\"contentUrl\":\"https:\\\/\\\/dmcsrb.com\\\/wp-content\\\/uploads\\\/2026\\\/01\\\/logo-GA-final-1-1.png\",\"width\":2331,\"height\":1233},{\"@type\":\"BreadcrumbList\",\"@id\":\"https:\\\/\\\/dmcsrb.com\\\/drustvo\\\/gradjanska-alijansa-osudjuje-govor-mrznje-ispoljene-na-objektu-ambasade-bih\\\/#breadcrumb\",\"itemListElement\":[{\"@type\":\"ListItem\",\"position\":1,\"name\":\"Home\",\"item\":\"https:\\\/\\\/dmcsrb.com\\\/\"},{\"@type\":\"ListItem\",\"position\":2,\"name\":\"Gra\u0111anska alijansa osu\u0111uje govor mr\u017enje ispoljene na objektu Ambasade BIH\"}]},{\"@type\":\"WebSite\",\"@id\":\"https:\\\/\\\/dmcsrb.com\\\/#website\",\"url\":\"https:\\\/\\\/dmcsrb.com\\\/\",\"name\":\"dmcsrb.com\",\"description\":\"\",\"potentialAction\":[{\"@type\":\"SearchAction\",\"target\":{\"@type\":\"EntryPoint\",\"urlTemplate\":\"https:\\\/\\\/dmcsrb.com\\\/?s={search_term_string}\"},\"query-input\":{\"@type\":\"PropertyValueSpecification\",\"valueRequired\":true,\"valueName\":\"search_term_string\"}}],\"inLanguage\":\"en-GB\"},{\"@type\":\"Person\",\"@id\":\"https:\\\/\\\/dmcsrb.com\\\/#\\\/schema\\\/person\\\/5c39170f12db1b8b457732d0b5c854e2\",\"name\":\"dmcsrbija.com@gmail.com\",\"image\":{\"@type\":\"ImageObject\",\"inLanguage\":\"en-GB\",\"@id\":\"https:\\\/\\\/secure.gravatar.com\\\/avatar\\\/68592660ad6347fad0fb587f8d5d8f1a7b44961362f56e4f2cd524feb87e9069?s=96&d=mm&r=g\",\"url\":\"https:\\\/\\\/secure.gravatar.com\\\/avatar\\\/68592660ad6347fad0fb587f8d5d8f1a7b44961362f56e4f2cd524feb87e9069?s=96&d=mm&r=g\",\"contentUrl\":\"https:\\\/\\\/secure.gravatar.com\\\/avatar\\\/68592660ad6347fad0fb587f8d5d8f1a7b44961362f56e4f2cd524feb87e9069?s=96&d=mm&r=g\",\"caption\":\"dmcsrbija.com@gmail.com\"},\"sameAs\":[\"https:\\\/\\\/dmcsrb.com\"],\"url\":\"https:\\\/\\\/dmcsrb.com\\\/en\\\/author\\\/dmcsrbija-comgmail-com\\\/\"}]}<\/script>\n<!-- \/ Yoast SEO plugin. -->","yoast_head_json":{"title":"Gra\u0111anska alijansa osu\u0111uje govor mr\u017enje ispoljene na objektu Ambasade BIH - dmcsrb.com","robots":{"index":"index","follow":"follow","max-snippet":"max-snippet:-1","max-image-preview":"max-image-preview:large","max-video-preview":"max-video-preview:-1"},"canonical":"https:\/\/dmcsrb.com\/en\/drustvo\/gradjanska-alijansa-osudjuje-govor-mrznje-ispoljene-na-objektu-ambasade-bih\/","og_locale":"en_GB","og_type":"article","og_title":"Gra\u0111anska alijansa osu\u0111uje govor mr\u017enje ispoljene na objektu Ambasade BIH - dmcsrb.com","og_description":"Gra\u0111anska alijansa najo\u0161trije osu\u0111uje vandalski \u010din i otvoreni govor mr\u017enje ispoljene na objektu Ambasade Bosne i Hercegovine u Podgorici, koji predstavljaju te\u017eak i nedopustiv napad na osnovne vrijednosti civilizovanog dru\u0161tva, stoji u saop\u0161tenju.","og_url":"https:\/\/dmcsrb.com\/en\/drustvo\/gradjanska-alijansa-osudjuje-govor-mrznje-ispoljene-na-objektu-ambasade-bih\/","og_site_name":"dmcsrb.com","article_published_time":"2025-12-16T12:25:00+00:00","og_image":[{"width":2331,"height":1233,"url":"https:\/\/dmcsrb.com\/wp-content\/uploads\/2026\/01\/logo-GA-final-1-1.png","type":"image\/png"}],"author":"dmcsrbija.com@gmail.com","twitter_card":"summary_large_image","twitter_misc":{"Written by":"dmcsrbija.com@gmail.com"},"schema":{"@context":"https:\/\/schema.org","@graph":[{"@type":"Article","@id":"https:\/\/dmcsrb.com\/drustvo\/gradjanska-alijansa-osudjuje-govor-mrznje-ispoljene-na-objektu-ambasade-bih\/#article","isPartOf":{"@id":"https:\/\/dmcsrb.com\/drustvo\/gradjanska-alijansa-osudjuje-govor-mrznje-ispoljene-na-objektu-ambasade-bih\/"},"author":{"name":"dmcsrbija.com@gmail.com","@id":"https:\/\/dmcsrb.com\/#\/schema\/person\/5c39170f12db1b8b457732d0b5c854e2"},"headline":"Gra\u0111anska alijansa osu\u0111uje govor mr\u017enje ispoljene na objektu Ambasade BIH","datePublished":"2025-12-16T12:25:00+00:00","mainEntityOfPage":{"@id":"https:\/\/dmcsrb.com\/drustvo\/gradjanska-alijansa-osudjuje-govor-mrznje-ispoljene-na-objektu-ambasade-bih\/"},"wordCount":48,"commentCount":0,"image":{"@id":"https:\/\/dmcsrb.com\/drustvo\/gradjanska-alijansa-osudjuje-govor-mrznje-ispoljene-na-objektu-ambasade-bih\/#primaryimage"},"thumbnailUrl":"https:\/\/dmcsrb.com\/wp-content\/uploads\/2026\/01\/logo-GA-final-1-1.png","keywords":["BiH","Crna Gora","Govor mr\u017enje","Gra\u0111anska alijansa"],"articleSection":["Dru\u0161tvo"],"inLanguage":"en-GB","potentialAction":[{"@type":"CommentAction","name":"Comment","target":["https:\/\/dmcsrb.com\/drustvo\/gradjanska-alijansa-osudjuje-govor-mrznje-ispoljene-na-objektu-ambasade-bih\/#respond"]}]},{"@type":"WebPage","@id":"https:\/\/dmcsrb.com\/drustvo\/gradjanska-alijansa-osudjuje-govor-mrznje-ispoljene-na-objektu-ambasade-bih\/","url":"https:\/\/dmcsrb.com\/drustvo\/gradjanska-alijansa-osudjuje-govor-mrznje-ispoljene-na-objektu-ambasade-bih\/","name":"Gra\u0111anska alijansa osu\u0111uje govor mr\u017enje ispoljene na objektu Ambasade BIH - dmcsrb.com","isPartOf":{"@id":"https:\/\/dmcsrb.com\/#website"},"primaryImageOfPage":{"@id":"https:\/\/dmcsrb.com\/drustvo\/gradjanska-alijansa-osudjuje-govor-mrznje-ispoljene-na-objektu-ambasade-bih\/#primaryimage"},"image":{"@id":"https:\/\/dmcsrb.com\/drustvo\/gradjanska-alijansa-osudjuje-govor-mrznje-ispoljene-na-objektu-ambasade-bih\/#primaryimage"},"thumbnailUrl":"https:\/\/dmcsrb.com\/wp-content\/uploads\/2026\/01\/logo-GA-final-1-1.png","datePublished":"2025-12-16T12:25:00+00:00","author":{"@id":"https:\/\/dmcsrb.com\/#\/schema\/person\/5c39170f12db1b8b457732d0b5c854e2"},"breadcrumb":{"@id":"https:\/\/dmcsrb.com\/drustvo\/gradjanska-alijansa-osudjuje-govor-mrznje-ispoljene-na-objektu-ambasade-bih\/#breadcrumb"},"inLanguage":"en-GB","potentialAction":[{"@type":"ReadAction","target":["https:\/\/dmcsrb.com\/drustvo\/gradjanska-alijansa-osudjuje-govor-mrznje-ispoljene-na-objektu-ambasade-bih\/"]}]},{"@type":"ImageObject","inLanguage":"en-GB","@id":"https:\/\/dmcsrb.com\/drustvo\/gradjanska-alijansa-osudjuje-govor-mrznje-ispoljene-na-objektu-ambasade-bih\/#primaryimage","url":"https:\/\/dmcsrb.com\/wp-content\/uploads\/2026\/01\/logo-GA-final-1-1.png","contentUrl":"https:\/\/dmcsrb.com\/wp-content\/uploads\/2026\/01\/logo-GA-final-1-1.png","width":2331,"height":1233},{"@type":"BreadcrumbList","@id":"https:\/\/dmcsrb.com\/drustvo\/gradjanska-alijansa-osudjuje-govor-mrznje-ispoljene-na-objektu-ambasade-bih\/#breadcrumb","itemListElement":[{"@type":"ListItem","position":1,"name":"Home","item":"https:\/\/dmcsrb.com\/"},{"@type":"ListItem","position":2,"name":"Gra\u0111anska alijansa osu\u0111uje govor mr\u017enje ispoljene na objektu Ambasade BIH"}]},{"@type":"WebSite","@id":"https:\/\/dmcsrb.com\/#website","url":"https:\/\/dmcsrb.com\/","name":"dmcsrb.com","description":"","potentialAction":[{"@type":"SearchAction","target":{"@type":"EntryPoint","urlTemplate":"https:\/\/dmcsrb.com\/?s={search_term_string}"},"query-input":{"@type":"PropertyValueSpecification","valueRequired":true,"valueName":"search_term_string"}}],"inLanguage":"en-GB"},{"@type":"Person","@id":"https:\/\/dmcsrb.com\/#\/schema\/person\/5c39170f12db1b8b457732d0b5c854e2","name":"dmcsrbija.com@gmail.com","image":{"@type":"ImageObject","inLanguage":"en-GB","@id":"https:\/\/secure.gravatar.com\/avatar\/68592660ad6347fad0fb587f8d5d8f1a7b44961362f56e4f2cd524feb87e9069?s=96&d=mm&r=g","url":"https:\/\/secure.gravatar.com\/avatar\/68592660ad6347fad0fb587f8d5d8f1a7b44961362f56e4f2cd524feb87e9069?s=96&d=mm&r=g","contentUrl":"https:\/\/secure.gravatar.com\/avatar\/68592660ad6347fad0fb587f8d5d8f1a7b44961362f56e4f2cd524feb87e9069?s=96&d=mm&r=g","caption":"dmcsrbija.com@gmail.com"},"sameAs":["https:\/\/dmcsrb.com"],"url":"https:\/\/dmcsrb.com\/en\/author\/dmcsrbija-comgmail-com\/"}]}},"_links":{"self":[{"href":"https:\/\/dmcsrb.com\/en\/wp-json\/wp\/v2\/posts\/913698","targetHints":{"allow":["GET"]}}],"collection":[{"href":"https:\/\/dmcsrb.com\/en\/wp-json\/wp\/v2\/posts"}],"about":[{"href":"https:\/\/dmcsrb.com\/en\/wp-json\/wp\/v2\/types\/post"}],"author":[{"embeddable":true,"href":"https:\/\/dmcsrb.com\/en\/wp-json\/wp\/v2\/users\/1"}],"replies":[{"embeddable":true,"href":"https:\/\/dmcsrb.com\/en\/wp-json\/wp\/v2\/comments?post=913698"}],"version-history":[{"count":0,"href":"https:\/\/dmcsrb.com\/en\/wp-json\/wp\/v2\/posts\/913698\/revisions"}],"wp:featuredmedia":[{"embeddable":true,"href":"https:\/\/dmcsrb.com\/en\/wp-json\/wp\/v2\/media\/913699"}],"wp:attachment":[{"href":"https:\/\/dmcsrb.com\/en\/wp-json\/wp\/v2\/media?parent=913698"}],"wp:term":[{"taxonomy":"category","embeddable":true,"href":"https:\/\/dmcsrb.com\/en\/wp-json\/wp\/v2\/categories?post=913698"},{"taxonomy":"post_tag","embeddable":true,"href":"https:\/\/dmcsrb.com\/en\/wp-json\/wp\/v2\/tags?post=913698"},{"taxonomy":"naslovna","embeddable":true,"href":"https:\/\/dmcsrb.com\/en\/wp-json\/wp\/v2\/naslovna?post=913698"}],"curies":[{"name":"wp","href":"https:\/\/api.w.org\/{rel}","templated":true}]}}