{"id":913685,"date":"2025-12-16T17:27:00","date_gmt":"2025-12-16T16:27:00","guid":{"rendered":"https:\/\/dmcsrb.com\/uncategorized\/usvojeni-zakljucci-savjeta-eu-uz-podrsku-26-clanica-osnovace-grupu-za-izradu-ugovora-o-pristupanju-sa-crnom-gorom\/"},"modified":"2025-12-16T17:27:00","modified_gmt":"2025-12-16T16:27:00","slug":"usvojeni-zakljucci-savjeta-eu-uz-podrsku-26-clanica-osnovace-grupu-za-izradu-ugovora-o-pristupanju-sa-crnom-gorom","status":"publish","type":"post","link":"https:\/\/dmcsrb.com\/en\/politika\/usvojeni-zakljucci-savjeta-eu-uz-podrsku-26-clanica-osnovace-grupu-za-izradu-ugovora-o-pristupanju-sa-crnom-gorom\/","title":{"rendered":"Usvojeni zaklju\u010dci Savjeta EU uz podr\u0161ku 26 \u010dlanica: Osnova\u0107e grupu za izradu Ugovora o pristupanju sa Crnom Gorom"},"content":{"rendered":"<p>Kako se navodi, Crna Gora je dalje napredovala u pregovorima o pristupanju EU i sada je 12 pregovara\u010dkih poglavlja privremeno zatvoreno.<\/p>\n\n\n\n<p>\u201cSavjet o\u010dekuje privremeno zatvaranje dodatnih poglavlja \u0161to je prije mogu\u0107e, kada se uslovi ispune. Na osnovu ukupnog napretka koji je Crna Gora postigla, Savjet odlu\u010duje da \u0107e biti osnovana Ad hok radna grupa za izradu Ugovora o pristupanju sa Crnom Gorom. U tom smislu i kao prioritet, Savjet o\u010dekuje neophodne pripremne radove kako bi se osiguralo efikasno djelovanje Ad hok radne grupe nakon njenog osnivanja, uklju\u010duju\u0107i i razja\u0161njenje klju\u010dnih principa budu\u0107ih ugovora o pristupanju\u201d, navodi se u zaklju\u010dku&nbsp;<\/p>\n\n\n\n<p><strong>&#8220;Kredibilan proces pro\u0161irenja mora biti odr\u017ean&#8221;<\/strong><\/p>\n\n\n\n<p>Isti\u010de se da Savjet ponovo potvr\u0111uje geostrate\u0161ki zna\u010daj pro\u0161irenja kao va\u017enog doprinosa evropskom miru, bezbjednosti, stabilnosti i prosperitetu u 21. vijeku. Efikasan, na zaslugama zasnovan i kredibilan proces pro\u0161irenja mora biti odr\u017ean, na osnovu Kopenhagenskih kriterijuma, utvr\u0111enih principa i metodologije, poru\u010deno je.&nbsp;<\/p>\n\n\n\n<p>&#8220;Savjet pozdravlja zna\u010dajan napredak Crne Gore na njenom putu reformi ka EU i pohvaljuje vladu zbog njene odlu\u010dnosti da sprovede reforme. Savjet prime\u0107uje ukupni napredak postignut u dosada\u0161njim pregovorima o pristupanju, sa otvorenih 33 poglavlja i privremeno zatvorenih 12 poglavlja. Savjet podsti\u010de vladu da slijedi svoj ambiciozni plan da uspje\u0161no zavr\u0161i pregovore o pristupanju. Podsti\u010de sve politi\u010dke snage da odr\u017ee svoj \u0161iroki politi\u010dki konsenzus i poja\u010daju svoje napore i rade zajedno kako bi osigurale dalji napredak. Savjet ponovo potvr\u0111uje svoju podr\u0161ku kontinuiranom napretku Crne Gore na njenom putu ka EU i raduje se privremenom zatvaranju daljih poglavlja kada se ispune uslovi&#8221;, dodaje se u zakl\u010dju\u010dcima.&nbsp;<\/p>\n\n\n\n<p>Savjet, ukazano je, podsti\u010de Crnu Goru da dalje unaprijedi sprovo\u0111enje kriterijuma za zatvaranje, posebno za poglavlja o vladavini prava 23 i 24.<\/p>\n\n\n\n<p>&#8220;Crna Gora mora da nastavi da napreduje na svom putu reformi, posebno u pogledu pravosu\u0111a, slobode izra\u017eavanja, slobode medija, borbe protiv korupcije i organizovanog kriminala i javne uprave. EU o\u010dekuje da Crna Gora generalno pove\u0107a svoje administrativne kapacitete. Savjet prime\u0107uje da je broj pravosna\u017enih osu\u0111uju\u0107ih presuda u slu\u010dajevima korupcije na visokom nivou i dalje nizak i nagla\u0161ava potrebu da Crna Gora pobolj\u0161a svoj dosada\u0161nji rezultat u pogledu istraga i krivi\u010dnog gonjenja u slu\u010dajevima korupcije na visokom nivou i organizovanog kriminala, osiguravaju\u0107i pravosna\u017ene osude, odvra\u0107aju\u0107e kazne, zapljenu i konfiskaciju imovine. Savjet poziva Crnu Goru da dodatno uskladi svoje izborno zakonodavstvo sa pravnim tekovinama EU i evropskim standardima, posebno u vezi sa finansiranjem politi\u010dkih subjekata i izbornih kampanja&#8221;, navedeno je u zaklju\u010dku Savjeta Evropske unije za op\u0161te poslove.&nbsp;<\/p>\n\n\n\n<p>Kako se nagla\u0161ava, Savjet tako\u0111e podsti\u010de Crnu Goru da obezbijedi kontinuirano funkcionisanje glavnih pravosudnih tijela i da ubrza i produbi sprovo\u0111enje klju\u010dnih pravosudnih reformi, kako bi se obezbijedilo dalje ja\u010danje nezavisnosti, profesionalizma i odgovornosti pravosu\u0111a.<\/p>\n\n\n\n<p>&#8220;Crna Gora treba brzo da zavr\u0161i imenovanja na upra\u017enjena mjesta kroz transparentan i inkluzivan proces konsultacija, kao i procedure zasnovane na zaslugama. Savet priznaje dobar napredak postignut u oblasti upravljanja azilom i migracijama, istovremeno potvr\u0111uju\u0107i potrebu za brzim i potpunim uskla\u0111ivanjem sa viznom politikom EU&#8221;, istaknuto je.&nbsp;<\/p>\n\n\n\n<p><strong>Savjet pozdravlja stabilan rast ekonomije<\/strong><\/p>\n\n\n\n<p>\u0160to se ti\u010de ekonomskih kriterijuma, Savjet pozdravlja stabilan rast ekonomije, stabilnost bankarskog i finansijskog sektora i pobolj\u0161anje na tr\u017ei\u0161tu rada.<\/p>\n\n\n\n<p>Isti\u010de va\u017enost za\u0161tite nezavisnosti Centralne banke i transparentnih, nepristrasnih imenovanja \u010dlanova odbora i pozdravlja nedavno imenovanje viceguvernera.<\/p>\n\n\n\n<p>&#8220;Savjet podsti\u010de Crnu Goru da dalje sprovodi neophodne strukturne reforme, smanji javni dug i nastavi napore za ja\u010danje fiskalnog upravljanja i transparentnosti&#8221;, podvu\u010deno je.&nbsp;<\/p>\n\n\n\n<p>Tako\u0111e, potencirano je da Savjet ostaje posve\u0107en daljem napretku postepene integracije Crne Gore u unutra\u0161nje tr\u017ei\u0161te EU, na osnovu, izme\u0111u ostalog, pobolj\u0161ane primjene Sporazuma o stabilizaciji i pridru\u017eivanju.<\/p>\n\n\n\n<p>&#8220;Savjet pozdravlja teku\u0107u primjenu Plana rasta za Zapadni Balkan u Crnoj Gori, koji je na putu da donese konkretne koristi gra\u0111anima. Pozitivno prima u obzir prve dvije djelimi\u010dne isplate u okviru Instrumenta za reforme i rast i podsti\u010de Crnu Goru da nastavi sa sprovo\u0111enjem svoje Reformske agende2, pi\u0161e u nacrtu zaklju\u010daka Savjeta EU.<\/p>\n\n\n\n<p>Uz to, Savjet napominje da dobrosusjedski odnosi i regionalna saradnja ostaju su\u0161tinski elementi procesa pro\u0161irenja, kao i Procesa stabilizacije i pridru\u017eivanja.<\/p>\n\n\n\n<p>&#8220;Savjet sna\u017eno pohvaljuje Crnu Goru zbog njene dosljedne saradnje po pitanjima spoljne politike i njenog \u010dvrstog i dugogodi\u0161njeg potpunog uskla\u0111ivanja sa Zajedni\u010dkom spoljnom i bezbjednosnom politikom, uklju\u010duju\u0107i i restriktivne mjere EU \u2013 sna\u017ean signal strate\u0161ke posve\u0107enosti Crne Gore njenom putu ka EU. Tako\u0111e pozdravlja kontinuirano aktivno u\u010de\u0161\u0107e Crne Gore u misijama i operacijama EU u okviru te politike i njen interes za ja\u010danje takve saradnje. Dijalog na visokom nivou izme\u0111u EU i Crne Gore o bezbjednosti i odbrani nudi fleksibilnu platformu za dublju, prakti\u010dnu saradnju&#8221;, dodaje se.<\/p>\n\n\n\n<p><strong>EU i budu\u0107e dr\u017eave \u010dlanice moraju biti spremne<\/strong><\/p>\n\n\n\n<p>Posebno se napominje da je sposobnost Unije da apsorbuje nove \u010dlanice, uz odr\u017eavanje svoje sposobnosti da efikasno funkcioni\u0161e i razvija se, va\u017eno pitanje u op\u0161tem interesu i Unije i zemalja kandidata.<\/p>\n\n\n\n<p>&#8220;Gledaju\u0107i unaprijed ka perspektivi daljeg pro\u0161irenja Unije, i EU i budu\u0107e dr\u017eave \u010dlanice moraju biti spremne. Paralelno sa poja\u010davanjem reformskih napora zemalja koje \u017eele da postanu \u010dlanice, EU mora da postavi neophodne unutra\u0161nje temelje i reforme, kako je navedeno u Granadskoj deklaraciji i zaklju\u010dcima Evropskog savjeta iz juna 2024. godine. Ovo \u0107e oja\u010dati EU i unaprijediti evropski suverenitet. Savjet \u0107e ostati zainteresovan za ovo pitanje i nastaviti rad u skladu sa dogovorenim procedurama&#8221;, pi\u0161e u nacrtu zaklju\u010daka.<\/p>\n\n\n\n<p>Me\u0111uvladina konferencija na kojoj Crna Gora zatvara pet poglavlja u pregovorima sa Evropskom unijom (EU) zavr\u0161ena je u Briselu.<\/p>\n\n\n\n<p>Na konfereciji za medije, danska ministarka evropskih poslova Mari Bjere, u ime predsjedavaju\u0107e EU, rekla je da Crna Gora zatvara poglavlja 3 &#8211; Pravo osnivanja preduze\u0107a i sloboda pru\u017eanja usluga, 4 &#8211; Sloboda kretanja kapitala, 6 &#8211; Privredno pravo, 11 &#8211; Poljoprivreda i ruralni razvoj i 13 \u2013 Ribarstvo.<\/p>\n\n\n\n<p>Premijer Milojko Spaji\u0107 je kazao da je Crna Gora zatvorila preko tre\u0107inu poglavlja sa EU, \u0161to je \u010dini prvom takvom zemljom za 16 godina.&nbsp;On je naveo da se svakodnevno pokazuje da je realisti\u010dan cilj da se sva pogavlja zatvore do kraja 2026. godine, da bi zemlja&nbsp; 2028. godine bila formalno dio EU.&nbsp;<\/p>","protected":false},"excerpt":{"rendered":"<p>Savjet EU za spoljne poslove (GAC) usvojio je zaklju\u010dke na osnovu kojih \u0107e biti osnovana Ad hok radna grupa za izradu Ugovora o pristupanju sa Crnom Gorom. To se navodi zaklju\u010dcima o pro\u0161irenju EU, u koji je RTCG imala uvid pred dana\u0161nju sjednicu Savjeta. Podr\u0161ku je uputilo 26 dr\u017eava \u010dlanica EU , osim Ma\u0111arske, koja je iskazala protivljenje u vezi sa Ukrajinom.<\/p>","protected":false},"author":1,"featured_media":913686,"comment_status":"open","ping_status":"open","sticky":false,"template":"","format":"standard","meta":{"_acf_changed":false,"footnotes":""},"categories":[12],"tags":[95,10,3258,3259],"naslovna":[],"class_list":["post-913685","post","type-post","status-publish","format-standard","has-post-thumbnail","hentry","category-politika","tag-crna-gora","tag-eu","tag-radna-grupa","tag-savjet-eu"],"acf":[],"yoast_head":"<!-- This site is optimized with the Yoast SEO plugin v27.4 - https:\/\/yoast.com\/product\/yoast-seo-wordpress\/ -->\n<title>Usvojeni zaklju\u010dci Savjeta EU uz podr\u0161ku 26 \u010dlanica: Osnova\u0107e grupu za izradu Ugovora o pristupanju sa Crnom Gorom - dmcsrb.com<\/title>\n<meta name=\"robots\" content=\"index, follow, max-snippet:-1, max-image-preview:large, max-video-preview:-1\" \/>\n<link rel=\"canonical\" href=\"https:\/\/dmcsrb.com\/en\/politika\/usvojeni-zakljucci-savjeta-eu-uz-podrsku-26-clanica-osnovace-grupu-za-izradu-ugovora-o-pristupanju-sa-crnom-gorom\/\" \/>\n<meta property=\"og:locale\" content=\"en_GB\" \/>\n<meta property=\"og:type\" content=\"article\" \/>\n<meta property=\"og:title\" content=\"Usvojeni zaklju\u010dci Savjeta EU uz podr\u0161ku 26 \u010dlanica: Osnova\u0107e grupu za izradu Ugovora o pristupanju sa Crnom Gorom - dmcsrb.com\" \/>\n<meta property=\"og:description\" content=\"Savjet EU za spoljne poslove (GAC) usvojio je zaklju\u010dke na osnovu kojih \u0107e biti osnovana Ad hok radna grupa za izradu Ugovora o pristupanju sa Crnom Gorom. To se navodi zaklju\u010dcima o pro\u0161irenju EU, u koji je RTCG imala uvid pred dana\u0161nju sjednicu Savjeta. Podr\u0161ku je uputilo 26 dr\u017eava \u010dlanica EU , osim Ma\u0111arske, koja je iskazala protivljenje u vezi sa Ukrajinom.\" \/>\n<meta property=\"og:url\" content=\"https:\/\/dmcsrb.com\/en\/politika\/usvojeni-zakljucci-savjeta-eu-uz-podrsku-26-clanica-osnovace-grupu-za-izradu-ugovora-o-pristupanju-sa-crnom-gorom\/\" \/>\n<meta property=\"og:site_name\" content=\"dmcsrb.com\" \/>\n<meta property=\"article:published_time\" content=\"2025-12-16T16:27:00+00:00\" \/>\n<meta property=\"og:image\" content=\"https:\/\/dmcsrb.com\/wp-content\/uploads\/2026\/01\/jedna-od-sjednica-Savjeta-EU-Foto-EU-Francois-Lenoir.jpg\" \/>\n\t<meta property=\"og:image:width\" content=\"1020\" \/>\n\t<meta property=\"og:image:height\" content=\"554\" \/>\n\t<meta property=\"og:image:type\" content=\"image\/jpeg\" \/>\n<meta name=\"author\" content=\"dmcsrbija.com@gmail.com\" \/>\n<meta name=\"twitter:card\" content=\"summary_large_image\" \/>\n<meta name=\"twitter:label1\" content=\"Written by\" \/>\n\t<meta name=\"twitter:data1\" content=\"dmcsrbija.com@gmail.com\" \/>\n\t<meta name=\"twitter:label2\" content=\"Estimated reading time\" \/>\n\t<meta name=\"twitter:data2\" content=\"6 minutes\" \/>\n<script type=\"application\/ld+json\" class=\"yoast-schema-graph\">{\"@context\":\"https:\\\/\\\/schema.org\",\"@graph\":[{\"@type\":\"Article\",\"@id\":\"https:\\\/\\\/dmcsrb.com\\\/politika\\\/usvojeni-zakljucci-savjeta-eu-uz-podrsku-26-clanica-osnovace-grupu-za-izradu-ugovora-o-pristupanju-sa-crnom-gorom\\\/#article\",\"isPartOf\":{\"@id\":\"https:\\\/\\\/dmcsrb.com\\\/politika\\\/usvojeni-zakljucci-savjeta-eu-uz-podrsku-26-clanica-osnovace-grupu-za-izradu-ugovora-o-pristupanju-sa-crnom-gorom\\\/\"},\"author\":{\"name\":\"dmcsrbija.com@gmail.com\",\"@id\":\"https:\\\/\\\/dmcsrb.com\\\/#\\\/schema\\\/person\\\/5c39170f12db1b8b457732d0b5c854e2\"},\"headline\":\"Usvojeni zaklju\u010dci Savjeta EU uz podr\u0161ku 26 \u010dlanica: Osnova\u0107e grupu za izradu Ugovora o pristupanju sa Crnom Gorom\",\"datePublished\":\"2025-12-16T16:27:00+00:00\",\"mainEntityOfPage\":{\"@id\":\"https:\\\/\\\/dmcsrb.com\\\/politika\\\/usvojeni-zakljucci-savjeta-eu-uz-podrsku-26-clanica-osnovace-grupu-za-izradu-ugovora-o-pristupanju-sa-crnom-gorom\\\/\"},\"wordCount\":1126,\"commentCount\":0,\"image\":{\"@id\":\"https:\\\/\\\/dmcsrb.com\\\/politika\\\/usvojeni-zakljucci-savjeta-eu-uz-podrsku-26-clanica-osnovace-grupu-za-izradu-ugovora-o-pristupanju-sa-crnom-gorom\\\/#primaryimage\"},\"thumbnailUrl\":\"https:\\\/\\\/dmcsrb.com\\\/wp-content\\\/uploads\\\/2026\\\/01\\\/jedna-od-sjednica-Savjeta-EU-Foto-EU-Francois-Lenoir.jpg\",\"keywords\":[\"Crna Gora\",\"EU\",\"radna grupa\",\"Savjet EU\"],\"articleSection\":[\"Politika\"],\"inLanguage\":\"en-GB\",\"potentialAction\":[{\"@type\":\"CommentAction\",\"name\":\"Comment\",\"target\":[\"https:\\\/\\\/dmcsrb.com\\\/politika\\\/usvojeni-zakljucci-savjeta-eu-uz-podrsku-26-clanica-osnovace-grupu-za-izradu-ugovora-o-pristupanju-sa-crnom-gorom\\\/#respond\"]}]},{\"@type\":\"WebPage\",\"@id\":\"https:\\\/\\\/dmcsrb.com\\\/politika\\\/usvojeni-zakljucci-savjeta-eu-uz-podrsku-26-clanica-osnovace-grupu-za-izradu-ugovora-o-pristupanju-sa-crnom-gorom\\\/\",\"url\":\"https:\\\/\\\/dmcsrb.com\\\/politika\\\/usvojeni-zakljucci-savjeta-eu-uz-podrsku-26-clanica-osnovace-grupu-za-izradu-ugovora-o-pristupanju-sa-crnom-gorom\\\/\",\"name\":\"Usvojeni zaklju\u010dci Savjeta EU uz podr\u0161ku 26 \u010dlanica: Osnova\u0107e grupu za izradu Ugovora o pristupanju sa Crnom Gorom - dmcsrb.com\",\"isPartOf\":{\"@id\":\"https:\\\/\\\/dmcsrb.com\\\/#website\"},\"primaryImageOfPage\":{\"@id\":\"https:\\\/\\\/dmcsrb.com\\\/politika\\\/usvojeni-zakljucci-savjeta-eu-uz-podrsku-26-clanica-osnovace-grupu-za-izradu-ugovora-o-pristupanju-sa-crnom-gorom\\\/#primaryimage\"},\"image\":{\"@id\":\"https:\\\/\\\/dmcsrb.com\\\/politika\\\/usvojeni-zakljucci-savjeta-eu-uz-podrsku-26-clanica-osnovace-grupu-za-izradu-ugovora-o-pristupanju-sa-crnom-gorom\\\/#primaryimage\"},\"thumbnailUrl\":\"https:\\\/\\\/dmcsrb.com\\\/wp-content\\\/uploads\\\/2026\\\/01\\\/jedna-od-sjednica-Savjeta-EU-Foto-EU-Francois-Lenoir.jpg\",\"datePublished\":\"2025-12-16T16:27:00+00:00\",\"author\":{\"@id\":\"https:\\\/\\\/dmcsrb.com\\\/#\\\/schema\\\/person\\\/5c39170f12db1b8b457732d0b5c854e2\"},\"breadcrumb\":{\"@id\":\"https:\\\/\\\/dmcsrb.com\\\/politika\\\/usvojeni-zakljucci-savjeta-eu-uz-podrsku-26-clanica-osnovace-grupu-za-izradu-ugovora-o-pristupanju-sa-crnom-gorom\\\/#breadcrumb\"},\"inLanguage\":\"en-GB\",\"potentialAction\":[{\"@type\":\"ReadAction\",\"target\":[\"https:\\\/\\\/dmcsrb.com\\\/politika\\\/usvojeni-zakljucci-savjeta-eu-uz-podrsku-26-clanica-osnovace-grupu-za-izradu-ugovora-o-pristupanju-sa-crnom-gorom\\\/\"]}]},{\"@type\":\"ImageObject\",\"inLanguage\":\"en-GB\",\"@id\":\"https:\\\/\\\/dmcsrb.com\\\/politika\\\/usvojeni-zakljucci-savjeta-eu-uz-podrsku-26-clanica-osnovace-grupu-za-izradu-ugovora-o-pristupanju-sa-crnom-gorom\\\/#primaryimage\",\"url\":\"https:\\\/\\\/dmcsrb.com\\\/wp-content\\\/uploads\\\/2026\\\/01\\\/jedna-od-sjednica-Savjeta-EU-Foto-EU-Francois-Lenoir.jpg\",\"contentUrl\":\"https:\\\/\\\/dmcsrb.com\\\/wp-content\\\/uploads\\\/2026\\\/01\\\/jedna-od-sjednica-Savjeta-EU-Foto-EU-Francois-Lenoir.jpg\",\"width\":1020,\"height\":554},{\"@type\":\"BreadcrumbList\",\"@id\":\"https:\\\/\\\/dmcsrb.com\\\/politika\\\/usvojeni-zakljucci-savjeta-eu-uz-podrsku-26-clanica-osnovace-grupu-za-izradu-ugovora-o-pristupanju-sa-crnom-gorom\\\/#breadcrumb\",\"itemListElement\":[{\"@type\":\"ListItem\",\"position\":1,\"name\":\"Home\",\"item\":\"https:\\\/\\\/dmcsrb.com\\\/\"},{\"@type\":\"ListItem\",\"position\":2,\"name\":\"Usvojeni zaklju\u010dci Savjeta EU uz podr\u0161ku 26 \u010dlanica: Osnova\u0107e grupu za izradu Ugovora o pristupanju sa Crnom Gorom\"}]},{\"@type\":\"WebSite\",\"@id\":\"https:\\\/\\\/dmcsrb.com\\\/#website\",\"url\":\"https:\\\/\\\/dmcsrb.com\\\/\",\"name\":\"dmcsrb.com\",\"description\":\"\",\"potentialAction\":[{\"@type\":\"SearchAction\",\"target\":{\"@type\":\"EntryPoint\",\"urlTemplate\":\"https:\\\/\\\/dmcsrb.com\\\/?s={search_term_string}\"},\"query-input\":{\"@type\":\"PropertyValueSpecification\",\"valueRequired\":true,\"valueName\":\"search_term_string\"}}],\"inLanguage\":\"en-GB\"},{\"@type\":\"Person\",\"@id\":\"https:\\\/\\\/dmcsrb.com\\\/#\\\/schema\\\/person\\\/5c39170f12db1b8b457732d0b5c854e2\",\"name\":\"dmcsrbija.com@gmail.com\",\"image\":{\"@type\":\"ImageObject\",\"inLanguage\":\"en-GB\",\"@id\":\"https:\\\/\\\/secure.gravatar.com\\\/avatar\\\/68592660ad6347fad0fb587f8d5d8f1a7b44961362f56e4f2cd524feb87e9069?s=96&d=mm&r=g\",\"url\":\"https:\\\/\\\/secure.gravatar.com\\\/avatar\\\/68592660ad6347fad0fb587f8d5d8f1a7b44961362f56e4f2cd524feb87e9069?s=96&d=mm&r=g\",\"contentUrl\":\"https:\\\/\\\/secure.gravatar.com\\\/avatar\\\/68592660ad6347fad0fb587f8d5d8f1a7b44961362f56e4f2cd524feb87e9069?s=96&d=mm&r=g\",\"caption\":\"dmcsrbija.com@gmail.com\"},\"sameAs\":[\"https:\\\/\\\/dmcsrb.com\"],\"url\":\"https:\\\/\\\/dmcsrb.com\\\/en\\\/author\\\/dmcsrbija-comgmail-com\\\/\"}]}<\/script>\n<!-- \/ Yoast SEO plugin. -->","yoast_head_json":{"title":"Usvojeni zaklju\u010dci Savjeta EU uz podr\u0161ku 26 \u010dlanica: Osnova\u0107e grupu za izradu Ugovora o pristupanju sa Crnom Gorom - dmcsrb.com","robots":{"index":"index","follow":"follow","max-snippet":"max-snippet:-1","max-image-preview":"max-image-preview:large","max-video-preview":"max-video-preview:-1"},"canonical":"https:\/\/dmcsrb.com\/en\/politika\/usvojeni-zakljucci-savjeta-eu-uz-podrsku-26-clanica-osnovace-grupu-za-izradu-ugovora-o-pristupanju-sa-crnom-gorom\/","og_locale":"en_GB","og_type":"article","og_title":"Usvojeni zaklju\u010dci Savjeta EU uz podr\u0161ku 26 \u010dlanica: Osnova\u0107e grupu za izradu Ugovora o pristupanju sa Crnom Gorom - dmcsrb.com","og_description":"Savjet EU za spoljne poslove (GAC) usvojio je zaklju\u010dke na osnovu kojih \u0107e biti osnovana Ad hok radna grupa za izradu Ugovora o pristupanju sa Crnom Gorom. To se navodi zaklju\u010dcima o pro\u0161irenju EU, u koji je RTCG imala uvid pred dana\u0161nju sjednicu Savjeta. Podr\u0161ku je uputilo 26 dr\u017eava \u010dlanica EU , osim Ma\u0111arske, koja je iskazala protivljenje u vezi sa Ukrajinom.","og_url":"https:\/\/dmcsrb.com\/en\/politika\/usvojeni-zakljucci-savjeta-eu-uz-podrsku-26-clanica-osnovace-grupu-za-izradu-ugovora-o-pristupanju-sa-crnom-gorom\/","og_site_name":"dmcsrb.com","article_published_time":"2025-12-16T16:27:00+00:00","og_image":[{"width":1020,"height":554,"url":"https:\/\/dmcsrb.com\/wp-content\/uploads\/2026\/01\/jedna-od-sjednica-Savjeta-EU-Foto-EU-Francois-Lenoir.jpg","type":"image\/jpeg"}],"author":"dmcsrbija.com@gmail.com","twitter_card":"summary_large_image","twitter_misc":{"Written by":"dmcsrbija.com@gmail.com","Estimated reading time":"6 minutes"},"schema":{"@context":"https:\/\/schema.org","@graph":[{"@type":"Article","@id":"https:\/\/dmcsrb.com\/politika\/usvojeni-zakljucci-savjeta-eu-uz-podrsku-26-clanica-osnovace-grupu-za-izradu-ugovora-o-pristupanju-sa-crnom-gorom\/#article","isPartOf":{"@id":"https:\/\/dmcsrb.com\/politika\/usvojeni-zakljucci-savjeta-eu-uz-podrsku-26-clanica-osnovace-grupu-za-izradu-ugovora-o-pristupanju-sa-crnom-gorom\/"},"author":{"name":"dmcsrbija.com@gmail.com","@id":"https:\/\/dmcsrb.com\/#\/schema\/person\/5c39170f12db1b8b457732d0b5c854e2"},"headline":"Usvojeni zaklju\u010dci Savjeta EU uz podr\u0161ku 26 \u010dlanica: Osnova\u0107e grupu za izradu Ugovora o pristupanju sa Crnom Gorom","datePublished":"2025-12-16T16:27:00+00:00","mainEntityOfPage":{"@id":"https:\/\/dmcsrb.com\/politika\/usvojeni-zakljucci-savjeta-eu-uz-podrsku-26-clanica-osnovace-grupu-za-izradu-ugovora-o-pristupanju-sa-crnom-gorom\/"},"wordCount":1126,"commentCount":0,"image":{"@id":"https:\/\/dmcsrb.com\/politika\/usvojeni-zakljucci-savjeta-eu-uz-podrsku-26-clanica-osnovace-grupu-za-izradu-ugovora-o-pristupanju-sa-crnom-gorom\/#primaryimage"},"thumbnailUrl":"https:\/\/dmcsrb.com\/wp-content\/uploads\/2026\/01\/jedna-od-sjednica-Savjeta-EU-Foto-EU-Francois-Lenoir.jpg","keywords":["Crna Gora","EU","radna grupa","Savjet EU"],"articleSection":["Politika"],"inLanguage":"en-GB","potentialAction":[{"@type":"CommentAction","name":"Comment","target":["https:\/\/dmcsrb.com\/politika\/usvojeni-zakljucci-savjeta-eu-uz-podrsku-26-clanica-osnovace-grupu-za-izradu-ugovora-o-pristupanju-sa-crnom-gorom\/#respond"]}]},{"@type":"WebPage","@id":"https:\/\/dmcsrb.com\/politika\/usvojeni-zakljucci-savjeta-eu-uz-podrsku-26-clanica-osnovace-grupu-za-izradu-ugovora-o-pristupanju-sa-crnom-gorom\/","url":"https:\/\/dmcsrb.com\/politika\/usvojeni-zakljucci-savjeta-eu-uz-podrsku-26-clanica-osnovace-grupu-za-izradu-ugovora-o-pristupanju-sa-crnom-gorom\/","name":"Usvojeni zaklju\u010dci Savjeta EU uz podr\u0161ku 26 \u010dlanica: Osnova\u0107e grupu za izradu Ugovora o pristupanju sa Crnom Gorom - dmcsrb.com","isPartOf":{"@id":"https:\/\/dmcsrb.com\/#website"},"primaryImageOfPage":{"@id":"https:\/\/dmcsrb.com\/politika\/usvojeni-zakljucci-savjeta-eu-uz-podrsku-26-clanica-osnovace-grupu-za-izradu-ugovora-o-pristupanju-sa-crnom-gorom\/#primaryimage"},"image":{"@id":"https:\/\/dmcsrb.com\/politika\/usvojeni-zakljucci-savjeta-eu-uz-podrsku-26-clanica-osnovace-grupu-za-izradu-ugovora-o-pristupanju-sa-crnom-gorom\/#primaryimage"},"thumbnailUrl":"https:\/\/dmcsrb.com\/wp-content\/uploads\/2026\/01\/jedna-od-sjednica-Savjeta-EU-Foto-EU-Francois-Lenoir.jpg","datePublished":"2025-12-16T16:27:00+00:00","author":{"@id":"https:\/\/dmcsrb.com\/#\/schema\/person\/5c39170f12db1b8b457732d0b5c854e2"},"breadcrumb":{"@id":"https:\/\/dmcsrb.com\/politika\/usvojeni-zakljucci-savjeta-eu-uz-podrsku-26-clanica-osnovace-grupu-za-izradu-ugovora-o-pristupanju-sa-crnom-gorom\/#breadcrumb"},"inLanguage":"en-GB","potentialAction":[{"@type":"ReadAction","target":["https:\/\/dmcsrb.com\/politika\/usvojeni-zakljucci-savjeta-eu-uz-podrsku-26-clanica-osnovace-grupu-za-izradu-ugovora-o-pristupanju-sa-crnom-gorom\/"]}]},{"@type":"ImageObject","inLanguage":"en-GB","@id":"https:\/\/dmcsrb.com\/politika\/usvojeni-zakljucci-savjeta-eu-uz-podrsku-26-clanica-osnovace-grupu-za-izradu-ugovora-o-pristupanju-sa-crnom-gorom\/#primaryimage","url":"https:\/\/dmcsrb.com\/wp-content\/uploads\/2026\/01\/jedna-od-sjednica-Savjeta-EU-Foto-EU-Francois-Lenoir.jpg","contentUrl":"https:\/\/dmcsrb.com\/wp-content\/uploads\/2026\/01\/jedna-od-sjednica-Savjeta-EU-Foto-EU-Francois-Lenoir.jpg","width":1020,"height":554},{"@type":"BreadcrumbList","@id":"https:\/\/dmcsrb.com\/politika\/usvojeni-zakljucci-savjeta-eu-uz-podrsku-26-clanica-osnovace-grupu-za-izradu-ugovora-o-pristupanju-sa-crnom-gorom\/#breadcrumb","itemListElement":[{"@type":"ListItem","position":1,"name":"Home","item":"https:\/\/dmcsrb.com\/"},{"@type":"ListItem","position":2,"name":"Usvojeni zaklju\u010dci Savjeta EU uz podr\u0161ku 26 \u010dlanica: Osnova\u0107e grupu za izradu Ugovora o pristupanju sa Crnom Gorom"}]},{"@type":"WebSite","@id":"https:\/\/dmcsrb.com\/#website","url":"https:\/\/dmcsrb.com\/","name":"dmcsrb.com","description":"","potentialAction":[{"@type":"SearchAction","target":{"@type":"EntryPoint","urlTemplate":"https:\/\/dmcsrb.com\/?s={search_term_string}"},"query-input":{"@type":"PropertyValueSpecification","valueRequired":true,"valueName":"search_term_string"}}],"inLanguage":"en-GB"},{"@type":"Person","@id":"https:\/\/dmcsrb.com\/#\/schema\/person\/5c39170f12db1b8b457732d0b5c854e2","name":"dmcsrbija.com@gmail.com","image":{"@type":"ImageObject","inLanguage":"en-GB","@id":"https:\/\/secure.gravatar.com\/avatar\/68592660ad6347fad0fb587f8d5d8f1a7b44961362f56e4f2cd524feb87e9069?s=96&d=mm&r=g","url":"https:\/\/secure.gravatar.com\/avatar\/68592660ad6347fad0fb587f8d5d8f1a7b44961362f56e4f2cd524feb87e9069?s=96&d=mm&r=g","contentUrl":"https:\/\/secure.gravatar.com\/avatar\/68592660ad6347fad0fb587f8d5d8f1a7b44961362f56e4f2cd524feb87e9069?s=96&d=mm&r=g","caption":"dmcsrbija.com@gmail.com"},"sameAs":["https:\/\/dmcsrb.com"],"url":"https:\/\/dmcsrb.com\/en\/author\/dmcsrbija-comgmail-com\/"}]}},"_links":{"self":[{"href":"https:\/\/dmcsrb.com\/en\/wp-json\/wp\/v2\/posts\/913685","targetHints":{"allow":["GET"]}}],"collection":[{"href":"https:\/\/dmcsrb.com\/en\/wp-json\/wp\/v2\/posts"}],"about":[{"href":"https:\/\/dmcsrb.com\/en\/wp-json\/wp\/v2\/types\/post"}],"author":[{"embeddable":true,"href":"https:\/\/dmcsrb.com\/en\/wp-json\/wp\/v2\/users\/1"}],"replies":[{"embeddable":true,"href":"https:\/\/dmcsrb.com\/en\/wp-json\/wp\/v2\/comments?post=913685"}],"version-history":[{"count":0,"href":"https:\/\/dmcsrb.com\/en\/wp-json\/wp\/v2\/posts\/913685\/revisions"}],"wp:featuredmedia":[{"embeddable":true,"href":"https:\/\/dmcsrb.com\/en\/wp-json\/wp\/v2\/media\/913686"}],"wp:attachment":[{"href":"https:\/\/dmcsrb.com\/en\/wp-json\/wp\/v2\/media?parent=913685"}],"wp:term":[{"taxonomy":"category","embeddable":true,"href":"https:\/\/dmcsrb.com\/en\/wp-json\/wp\/v2\/categories?post=913685"},{"taxonomy":"post_tag","embeddable":true,"href":"https:\/\/dmcsrb.com\/en\/wp-json\/wp\/v2\/tags?post=913685"},{"taxonomy":"naslovna","embeddable":true,"href":"https:\/\/dmcsrb.com\/en\/wp-json\/wp\/v2\/naslovna?post=913685"}],"curies":[{"name":"wp","href":"https:\/\/api.w.org\/{rel}","templated":true}]}}