{"id":913626,"date":"2025-12-16T08:23:19","date_gmt":"2025-12-16T07:23:19","guid":{"rendered":"https:\/\/dmcsrb.com\/uncategorized\/becic-vrijeme-je-da-bezbjednosni-sektor-bude-stub-stabilnosti\/"},"modified":"2025-12-16T08:23:19","modified_gmt":"2025-12-16T07:23:19","slug":"becic-vrijeme-je-da-bezbjednosni-sektor-bude-stub-stabilnosti","status":"publish","type":"post","link":"https:\/\/dmcsrb.com\/en\/politika\/becic-vrijeme-je-da-bezbjednosni-sektor-bude-stub-stabilnosti\/","title":{"rendered":"Be\u010di\u0107: Vrijeme je da bezbjednosni sektor bude stub stabilnosti"},"content":{"rendered":"<p><\/p>\n\n\n\n<p><\/p>\n\n\n\n<p>Kako su kazali, Be\u010di\u0107 je istakao da se Crna Gora nalazi u istorijski va\u017enoj fazi, u kojoj se kona\u010dno zatvara poglavlje zarobljene dr\u017eave, a otvara vrijeme sna\u017eenja institucija, vladavine prava i odgovorne bezbjednosne politike.<\/p>\n\n\n\n<p>\u201cGodinama smo upozoravali na razmjere kriminalnih hobotnica koje su u\u0161le u temelje sistema. Danas, kada se pred pravdom nalaze oni koji su decenijama bili iznad zakona, jasno je da se Crna Gora mijenja. Mi tu promjenu podr\u017eavamo, ubrzavamo i branimo. Vrijeme je da dr\u017eava slu\u017ei gra\u0111anima, a ne kriminalnim strukturama, i da bezbjednosni sektor bude stub stabilnosti, a ne poligon za \u0161verc cigareta, droge i politi\u010dke manipulacije\u201c, poru\u010dio je Be\u010di\u0107.<\/p>\n\n\n\n<p>Tako\u0111e, Be\u010di\u0107 je naglasio da je proces reformi u bezbjednosnim institucijama nezaustavljiv i da \u0107e se u narednom periodu dodatno intenzivirati.<\/p>\n\n\n\n<p>\u201cOzdravljujemo sektor koji je bio najdublje zarobljen i razoren. Nabavljamo modernu opremu, ula\u017eemo u tehnologiju, pove\u0107avamo bud\u017eet MUP-a na istorijski nivo i stvaramo uslove da stotine mladih profesionalaca stupe u slu\u017ebu. Nikada vi\u0161e Crna Gora ne\u0107e biti talac centara mo\u0107i koji su se kriju\u0107i iza institucija \u0161titili od pravde. To vrijeme je zavr\u0161eno\u201c, istakao je Be\u010di\u0107.<\/p>\n\n\n\n<p>\u010clanovi Demokratskog savjeta podr\u017eali su i proces sveobuhvatne reevidencije \u010dlanstva i obilaska terena koji Demokrate sprovode u susret desetoj godi\u0161njici postojanja partije. Savjet je ocijenio da se radi o jednom od najorganizovanijih, najmasovnijih i najtransparentnijih politi\u010dkih procesa u savremenoj Crnoj Gori, kojim se dodatno ja\u010da infrastruktura partije i ja\u010da veza sa gra\u0111anima.<\/p>\n\n\n\n<p>\u201cDemokrate su uvijek bile na terenu, sa ljudima, u svakom kraju dr\u017eave. Zato i imamo jednu od najstabilnijih organizacija i naj\u010distiji politi\u010dki bilans. Nastavi\u0107emo da obilazimo svaki dom, uva\u017eimo svakog \u010dovjeka, saslu\u0161amo svaku sugestiju i zajedno gradimo Crnu Goru koja zaslu\u017euje vi\u0161e, vi\u0161e reda, vi\u0161e pravde, vi\u0161e sigurnosti, vi\u0161e dostojanstva\u201c, naveli su \u010dlanovi Savjeta u svojim diskusijama.<\/p>\n\n\n\n<p>Na sjednici je konstatovano da poku\u0161aji pojedinih subjekata da podrivaju borbu protiv mafije, zloupotrebljavaju dogadjaje koji se de\u0161avaju i u najrazvijenim zemljama svijeta, napadaju institucije i brane aktere sa optu\u017eeni\u010dkih klupa predstavljaju o\u010dajni\u010dke poku\u0161aje da se zaustavi proces \u010di\u0161\u0107enja sistema. Savjet je ocijenio da su takvi napadi \u201csamo posljednji trzaji centara koji gube tlo pod nogama\u201c.<\/p>\n\n\n\n<p>\u201cProvidni su i poku\u0161aji kriminalnih organizacija da destabilizuju sistem i zaustave reforme po poznatom obrascu: poku\u0161aj ubistvo pripadnika suprotnog klana, napravi buku uz pomo\u0107 raznih aktera, izmisli politi\u010dku odgovornost, tra\u017ei smjenu i ako ti jednom uspije pozovi se na \u201cuspostavljenu praksu\u201d kako bi uvijek mogao ukloniti one koji smetaju, sistem i reforme blokirati, a dr\u017eavu paralisati. Nemogu oni koji su uru\u0161ili sistem da danas govore o bezbjednosti. Ne mogu oni koji decenijama nijesu branili dr\u017eavu od kriminala da kritikuju one koji je danas osloba\u0111aju. Crna Gora je na pravom putu, a Demokrate \u0107e biti garant da taj put nikada ne\u0107e skrenuti\u201c, poru\u010dili su \u010dlanovi Savjeta.<\/p>\n\n\n\n<p>Demokratski savjet zaklju\u010dio je da Demokrate ulaze u naredni period sna\u017enije, jedinstvenije i spremnije nego ikada da za\u0161tite javni interes, nastave reformske procese i daju puni doprinos stabilnosti i evropskoj budu\u0107nosti Crne Gore.<\/p>\n\n\n\n<p>Iz te partije podsje\u0107aju da su \u0107lanovi Demokratskog savjeta<strong>&nbsp;Milivoje Zarubica<\/strong>,&nbsp;<strong>Neven<\/strong>&nbsp;<strong>Go\u0161ovi\u0107<\/strong>,&nbsp;<strong>Velizar<\/strong>&nbsp;<strong>Kalu\u0111erovi\u0107<\/strong>,&nbsp;<strong>Vuksan Simonovi\u0107<\/strong>,&nbsp;<strong>Mileta Marko Ivanovi\u0107<\/strong>,&nbsp;<strong>Zoran Dabeti\u0107<\/strong>,&nbsp;<strong>Aleksandar Klari\u0107<\/strong>,&nbsp;<strong>Rajko<\/strong>&nbsp;<strong>Radusinovi\u0107<\/strong>,<strong>&nbsp;Veselinka Pekovi\u0107<\/strong>,&nbsp;<strong>Miodrag \u017divkovi\u0107<\/strong>,&nbsp;<strong>Vladimir Vujovi\u0107<\/strong>,&nbsp;<strong>Mijomir Vuli\u0107<\/strong>,&nbsp;<strong>Mitar Vukovi\u0107<\/strong>,&nbsp;<strong>Safet Kala\u010d<\/strong>,&nbsp;<strong>Zoran Miljani\u0107<\/strong>,&nbsp;<strong>Tatjana Simi\u0107<\/strong>&nbsp;i&nbsp;<strong>Milojica Te\u0161ovi\u0107<\/strong>.<\/p>","protected":false},"excerpt":{"rendered":"<p>U Podgrici je odr\u017eana sjednica Demokratskog savjeta, najvi\u0161eg savjetodavnog tijela Demokratske Crne Gore, na kojoj je razmatrana aktuelna politi\u010dka situacija u zemlji, kao i strate\u0161ki pravci djelovanja partije u predstoje\u0107em periodu. Sjednici je prisustvovao i predsjednik Demokrata\u00a0Aleksa Be\u010di\u0107, koji se \u010dlanovima Savjeta obratio uvodnim izlaganjem, saop\u0161teno je iz Demokrata.<\/p>","protected":false},"author":1,"featured_media":913627,"comment_status":"open","ping_status":"open","sticky":false,"template":"","format":"standard","meta":{"_acf_changed":false,"footnotes":""},"categories":[12],"tags":[1888,1355],"naslovna":[],"class_list":["post-913626","post","type-post","status-publish","format-standard","has-post-thumbnail","hentry","category-politika","tag-becic","tag-demokrate"],"acf":[],"yoast_head":"<!-- This site is optimized with the Yoast SEO plugin v27.4 - https:\/\/yoast.com\/product\/yoast-seo-wordpress\/ -->\n<title>Be\u010di\u0107: Vrijeme je da bezbjednosni sektor bude stub stabilnosti - dmcsrb.com<\/title>\n<meta name=\"robots\" content=\"index, follow, max-snippet:-1, max-image-preview:large, max-video-preview:-1\" \/>\n<link rel=\"canonical\" href=\"https:\/\/dmcsrb.com\/en\/politika\/becic-vrijeme-je-da-bezbjednosni-sektor-bude-stub-stabilnosti\/\" \/>\n<meta property=\"og:locale\" content=\"en_GB\" \/>\n<meta property=\"og:type\" content=\"article\" \/>\n<meta property=\"og:title\" content=\"Be\u010di\u0107: Vrijeme je da bezbjednosni sektor bude stub stabilnosti - dmcsrb.com\" \/>\n<meta property=\"og:description\" content=\"U Podgrici je odr\u017eana sjednica Demokratskog savjeta, najvi\u0161eg savjetodavnog tijela Demokratske Crne Gore, na kojoj je razmatrana aktuelna politi\u010dka situacija u zemlji, kao i strate\u0161ki pravci djelovanja partije u predstoje\u0107em periodu. Sjednici je prisustvovao i predsjednik Demokrata\u00a0Aleksa Be\u010di\u0107, koji se \u010dlanovima Savjeta obratio uvodnim izlaganjem, saop\u0161teno je iz Demokrata.\" \/>\n<meta property=\"og:url\" content=\"https:\/\/dmcsrb.com\/en\/politika\/becic-vrijeme-je-da-bezbjednosni-sektor-bude-stub-stabilnosti\/\" \/>\n<meta property=\"og:site_name\" content=\"dmcsrb.com\" \/>\n<meta property=\"article:published_time\" content=\"2025-12-16T07:23:19+00:00\" \/>\n<meta property=\"og:image\" content=\"https:\/\/dmcsrb.com\/wp-content\/uploads\/2026\/01\/viber_image_2025-12-15_23-33-30-054-1000x555-1.jpg\" \/>\n\t<meta property=\"og:image:width\" content=\"1000\" \/>\n\t<meta property=\"og:image:height\" content=\"555\" \/>\n\t<meta property=\"og:image:type\" content=\"image\/jpeg\" \/>\n<meta name=\"author\" content=\"dmcsrbija.com@gmail.com\" \/>\n<meta name=\"twitter:card\" content=\"summary_large_image\" \/>\n<meta name=\"twitter:label1\" content=\"Written by\" \/>\n\t<meta name=\"twitter:data1\" content=\"dmcsrbija.com@gmail.com\" \/>\n\t<meta name=\"twitter:label2\" content=\"Estimated reading time\" \/>\n\t<meta name=\"twitter:data2\" content=\"3 minutes\" \/>\n<script type=\"application\/ld+json\" class=\"yoast-schema-graph\">{\"@context\":\"https:\\\/\\\/schema.org\",\"@graph\":[{\"@type\":\"Article\",\"@id\":\"https:\\\/\\\/dmcsrb.com\\\/politika\\\/becic-vrijeme-je-da-bezbjednosni-sektor-bude-stub-stabilnosti\\\/#article\",\"isPartOf\":{\"@id\":\"https:\\\/\\\/dmcsrb.com\\\/politika\\\/becic-vrijeme-je-da-bezbjednosni-sektor-bude-stub-stabilnosti\\\/\"},\"author\":{\"name\":\"dmcsrbija.com@gmail.com\",\"@id\":\"https:\\\/\\\/dmcsrb.com\\\/#\\\/schema\\\/person\\\/5c39170f12db1b8b457732d0b5c854e2\"},\"headline\":\"Be\u010di\u0107: Vrijeme je da bezbjednosni sektor bude stub stabilnosti\",\"datePublished\":\"2025-12-16T07:23:19+00:00\",\"mainEntityOfPage\":{\"@id\":\"https:\\\/\\\/dmcsrb.com\\\/politika\\\/becic-vrijeme-je-da-bezbjednosni-sektor-bude-stub-stabilnosti\\\/\"},\"wordCount\":629,\"commentCount\":0,\"image\":{\"@id\":\"https:\\\/\\\/dmcsrb.com\\\/politika\\\/becic-vrijeme-je-da-bezbjednosni-sektor-bude-stub-stabilnosti\\\/#primaryimage\"},\"thumbnailUrl\":\"https:\\\/\\\/dmcsrb.com\\\/wp-content\\\/uploads\\\/2026\\\/01\\\/viber_image_2025-12-15_23-33-30-054-1000x555-1.jpg\",\"keywords\":[\"Be\u010di\u0107\",\"Demokrate\"],\"articleSection\":[\"Politika\"],\"inLanguage\":\"en-GB\",\"potentialAction\":[{\"@type\":\"CommentAction\",\"name\":\"Comment\",\"target\":[\"https:\\\/\\\/dmcsrb.com\\\/politika\\\/becic-vrijeme-je-da-bezbjednosni-sektor-bude-stub-stabilnosti\\\/#respond\"]}]},{\"@type\":\"WebPage\",\"@id\":\"https:\\\/\\\/dmcsrb.com\\\/politika\\\/becic-vrijeme-je-da-bezbjednosni-sektor-bude-stub-stabilnosti\\\/\",\"url\":\"https:\\\/\\\/dmcsrb.com\\\/politika\\\/becic-vrijeme-je-da-bezbjednosni-sektor-bude-stub-stabilnosti\\\/\",\"name\":\"Be\u010di\u0107: Vrijeme je da bezbjednosni sektor bude stub stabilnosti - dmcsrb.com\",\"isPartOf\":{\"@id\":\"https:\\\/\\\/dmcsrb.com\\\/#website\"},\"primaryImageOfPage\":{\"@id\":\"https:\\\/\\\/dmcsrb.com\\\/politika\\\/becic-vrijeme-je-da-bezbjednosni-sektor-bude-stub-stabilnosti\\\/#primaryimage\"},\"image\":{\"@id\":\"https:\\\/\\\/dmcsrb.com\\\/politika\\\/becic-vrijeme-je-da-bezbjednosni-sektor-bude-stub-stabilnosti\\\/#primaryimage\"},\"thumbnailUrl\":\"https:\\\/\\\/dmcsrb.com\\\/wp-content\\\/uploads\\\/2026\\\/01\\\/viber_image_2025-12-15_23-33-30-054-1000x555-1.jpg\",\"datePublished\":\"2025-12-16T07:23:19+00:00\",\"author\":{\"@id\":\"https:\\\/\\\/dmcsrb.com\\\/#\\\/schema\\\/person\\\/5c39170f12db1b8b457732d0b5c854e2\"},\"breadcrumb\":{\"@id\":\"https:\\\/\\\/dmcsrb.com\\\/politika\\\/becic-vrijeme-je-da-bezbjednosni-sektor-bude-stub-stabilnosti\\\/#breadcrumb\"},\"inLanguage\":\"en-GB\",\"potentialAction\":[{\"@type\":\"ReadAction\",\"target\":[\"https:\\\/\\\/dmcsrb.com\\\/politika\\\/becic-vrijeme-je-da-bezbjednosni-sektor-bude-stub-stabilnosti\\\/\"]}]},{\"@type\":\"ImageObject\",\"inLanguage\":\"en-GB\",\"@id\":\"https:\\\/\\\/dmcsrb.com\\\/politika\\\/becic-vrijeme-je-da-bezbjednosni-sektor-bude-stub-stabilnosti\\\/#primaryimage\",\"url\":\"https:\\\/\\\/dmcsrb.com\\\/wp-content\\\/uploads\\\/2026\\\/01\\\/viber_image_2025-12-15_23-33-30-054-1000x555-1.jpg\",\"contentUrl\":\"https:\\\/\\\/dmcsrb.com\\\/wp-content\\\/uploads\\\/2026\\\/01\\\/viber_image_2025-12-15_23-33-30-054-1000x555-1.jpg\",\"width\":1000,\"height\":555},{\"@type\":\"BreadcrumbList\",\"@id\":\"https:\\\/\\\/dmcsrb.com\\\/politika\\\/becic-vrijeme-je-da-bezbjednosni-sektor-bude-stub-stabilnosti\\\/#breadcrumb\",\"itemListElement\":[{\"@type\":\"ListItem\",\"position\":1,\"name\":\"Home\",\"item\":\"https:\\\/\\\/dmcsrb.com\\\/\"},{\"@type\":\"ListItem\",\"position\":2,\"name\":\"Be\u010di\u0107: Vrijeme je da bezbjednosni sektor bude stub stabilnosti\"}]},{\"@type\":\"WebSite\",\"@id\":\"https:\\\/\\\/dmcsrb.com\\\/#website\",\"url\":\"https:\\\/\\\/dmcsrb.com\\\/\",\"name\":\"dmcsrb.com\",\"description\":\"\",\"potentialAction\":[{\"@type\":\"SearchAction\",\"target\":{\"@type\":\"EntryPoint\",\"urlTemplate\":\"https:\\\/\\\/dmcsrb.com\\\/?s={search_term_string}\"},\"query-input\":{\"@type\":\"PropertyValueSpecification\",\"valueRequired\":true,\"valueName\":\"search_term_string\"}}],\"inLanguage\":\"en-GB\"},{\"@type\":\"Person\",\"@id\":\"https:\\\/\\\/dmcsrb.com\\\/#\\\/schema\\\/person\\\/5c39170f12db1b8b457732d0b5c854e2\",\"name\":\"dmcsrbija.com@gmail.com\",\"image\":{\"@type\":\"ImageObject\",\"inLanguage\":\"en-GB\",\"@id\":\"https:\\\/\\\/secure.gravatar.com\\\/avatar\\\/68592660ad6347fad0fb587f8d5d8f1a7b44961362f56e4f2cd524feb87e9069?s=96&d=mm&r=g\",\"url\":\"https:\\\/\\\/secure.gravatar.com\\\/avatar\\\/68592660ad6347fad0fb587f8d5d8f1a7b44961362f56e4f2cd524feb87e9069?s=96&d=mm&r=g\",\"contentUrl\":\"https:\\\/\\\/secure.gravatar.com\\\/avatar\\\/68592660ad6347fad0fb587f8d5d8f1a7b44961362f56e4f2cd524feb87e9069?s=96&d=mm&r=g\",\"caption\":\"dmcsrbija.com@gmail.com\"},\"sameAs\":[\"https:\\\/\\\/dmcsrb.com\"],\"url\":\"https:\\\/\\\/dmcsrb.com\\\/en\\\/author\\\/dmcsrbija-comgmail-com\\\/\"}]}<\/script>\n<!-- \/ Yoast SEO plugin. -->","yoast_head_json":{"title":"Be\u010di\u0107: Vrijeme je da bezbjednosni sektor bude stub stabilnosti - dmcsrb.com","robots":{"index":"index","follow":"follow","max-snippet":"max-snippet:-1","max-image-preview":"max-image-preview:large","max-video-preview":"max-video-preview:-1"},"canonical":"https:\/\/dmcsrb.com\/en\/politika\/becic-vrijeme-je-da-bezbjednosni-sektor-bude-stub-stabilnosti\/","og_locale":"en_GB","og_type":"article","og_title":"Be\u010di\u0107: Vrijeme je da bezbjednosni sektor bude stub stabilnosti - dmcsrb.com","og_description":"U Podgrici je odr\u017eana sjednica Demokratskog savjeta, najvi\u0161eg savjetodavnog tijela Demokratske Crne Gore, na kojoj je razmatrana aktuelna politi\u010dka situacija u zemlji, kao i strate\u0161ki pravci djelovanja partije u predstoje\u0107em periodu. Sjednici je prisustvovao i predsjednik Demokrata\u00a0Aleksa Be\u010di\u0107, koji se \u010dlanovima Savjeta obratio uvodnim izlaganjem, saop\u0161teno je iz Demokrata.","og_url":"https:\/\/dmcsrb.com\/en\/politika\/becic-vrijeme-je-da-bezbjednosni-sektor-bude-stub-stabilnosti\/","og_site_name":"dmcsrb.com","article_published_time":"2025-12-16T07:23:19+00:00","og_image":[{"width":1000,"height":555,"url":"https:\/\/dmcsrb.com\/wp-content\/uploads\/2026\/01\/viber_image_2025-12-15_23-33-30-054-1000x555-1.jpg","type":"image\/jpeg"}],"author":"dmcsrbija.com@gmail.com","twitter_card":"summary_large_image","twitter_misc":{"Written by":"dmcsrbija.com@gmail.com","Estimated reading time":"3 minutes"},"schema":{"@context":"https:\/\/schema.org","@graph":[{"@type":"Article","@id":"https:\/\/dmcsrb.com\/politika\/becic-vrijeme-je-da-bezbjednosni-sektor-bude-stub-stabilnosti\/#article","isPartOf":{"@id":"https:\/\/dmcsrb.com\/politika\/becic-vrijeme-je-da-bezbjednosni-sektor-bude-stub-stabilnosti\/"},"author":{"name":"dmcsrbija.com@gmail.com","@id":"https:\/\/dmcsrb.com\/#\/schema\/person\/5c39170f12db1b8b457732d0b5c854e2"},"headline":"Be\u010di\u0107: Vrijeme je da bezbjednosni sektor bude stub stabilnosti","datePublished":"2025-12-16T07:23:19+00:00","mainEntityOfPage":{"@id":"https:\/\/dmcsrb.com\/politika\/becic-vrijeme-je-da-bezbjednosni-sektor-bude-stub-stabilnosti\/"},"wordCount":629,"commentCount":0,"image":{"@id":"https:\/\/dmcsrb.com\/politika\/becic-vrijeme-je-da-bezbjednosni-sektor-bude-stub-stabilnosti\/#primaryimage"},"thumbnailUrl":"https:\/\/dmcsrb.com\/wp-content\/uploads\/2026\/01\/viber_image_2025-12-15_23-33-30-054-1000x555-1.jpg","keywords":["Be\u010di\u0107","Demokrate"],"articleSection":["Politika"],"inLanguage":"en-GB","potentialAction":[{"@type":"CommentAction","name":"Comment","target":["https:\/\/dmcsrb.com\/politika\/becic-vrijeme-je-da-bezbjednosni-sektor-bude-stub-stabilnosti\/#respond"]}]},{"@type":"WebPage","@id":"https:\/\/dmcsrb.com\/politika\/becic-vrijeme-je-da-bezbjednosni-sektor-bude-stub-stabilnosti\/","url":"https:\/\/dmcsrb.com\/politika\/becic-vrijeme-je-da-bezbjednosni-sektor-bude-stub-stabilnosti\/","name":"Be\u010di\u0107: Vrijeme je da bezbjednosni sektor bude stub stabilnosti - dmcsrb.com","isPartOf":{"@id":"https:\/\/dmcsrb.com\/#website"},"primaryImageOfPage":{"@id":"https:\/\/dmcsrb.com\/politika\/becic-vrijeme-je-da-bezbjednosni-sektor-bude-stub-stabilnosti\/#primaryimage"},"image":{"@id":"https:\/\/dmcsrb.com\/politika\/becic-vrijeme-je-da-bezbjednosni-sektor-bude-stub-stabilnosti\/#primaryimage"},"thumbnailUrl":"https:\/\/dmcsrb.com\/wp-content\/uploads\/2026\/01\/viber_image_2025-12-15_23-33-30-054-1000x555-1.jpg","datePublished":"2025-12-16T07:23:19+00:00","author":{"@id":"https:\/\/dmcsrb.com\/#\/schema\/person\/5c39170f12db1b8b457732d0b5c854e2"},"breadcrumb":{"@id":"https:\/\/dmcsrb.com\/politika\/becic-vrijeme-je-da-bezbjednosni-sektor-bude-stub-stabilnosti\/#breadcrumb"},"inLanguage":"en-GB","potentialAction":[{"@type":"ReadAction","target":["https:\/\/dmcsrb.com\/politika\/becic-vrijeme-je-da-bezbjednosni-sektor-bude-stub-stabilnosti\/"]}]},{"@type":"ImageObject","inLanguage":"en-GB","@id":"https:\/\/dmcsrb.com\/politika\/becic-vrijeme-je-da-bezbjednosni-sektor-bude-stub-stabilnosti\/#primaryimage","url":"https:\/\/dmcsrb.com\/wp-content\/uploads\/2026\/01\/viber_image_2025-12-15_23-33-30-054-1000x555-1.jpg","contentUrl":"https:\/\/dmcsrb.com\/wp-content\/uploads\/2026\/01\/viber_image_2025-12-15_23-33-30-054-1000x555-1.jpg","width":1000,"height":555},{"@type":"BreadcrumbList","@id":"https:\/\/dmcsrb.com\/politika\/becic-vrijeme-je-da-bezbjednosni-sektor-bude-stub-stabilnosti\/#breadcrumb","itemListElement":[{"@type":"ListItem","position":1,"name":"Home","item":"https:\/\/dmcsrb.com\/"},{"@type":"ListItem","position":2,"name":"Be\u010di\u0107: Vrijeme je da bezbjednosni sektor bude stub stabilnosti"}]},{"@type":"WebSite","@id":"https:\/\/dmcsrb.com\/#website","url":"https:\/\/dmcsrb.com\/","name":"dmcsrb.com","description":"","potentialAction":[{"@type":"SearchAction","target":{"@type":"EntryPoint","urlTemplate":"https:\/\/dmcsrb.com\/?s={search_term_string}"},"query-input":{"@type":"PropertyValueSpecification","valueRequired":true,"valueName":"search_term_string"}}],"inLanguage":"en-GB"},{"@type":"Person","@id":"https:\/\/dmcsrb.com\/#\/schema\/person\/5c39170f12db1b8b457732d0b5c854e2","name":"dmcsrbija.com@gmail.com","image":{"@type":"ImageObject","inLanguage":"en-GB","@id":"https:\/\/secure.gravatar.com\/avatar\/68592660ad6347fad0fb587f8d5d8f1a7b44961362f56e4f2cd524feb87e9069?s=96&d=mm&r=g","url":"https:\/\/secure.gravatar.com\/avatar\/68592660ad6347fad0fb587f8d5d8f1a7b44961362f56e4f2cd524feb87e9069?s=96&d=mm&r=g","contentUrl":"https:\/\/secure.gravatar.com\/avatar\/68592660ad6347fad0fb587f8d5d8f1a7b44961362f56e4f2cd524feb87e9069?s=96&d=mm&r=g","caption":"dmcsrbija.com@gmail.com"},"sameAs":["https:\/\/dmcsrb.com"],"url":"https:\/\/dmcsrb.com\/en\/author\/dmcsrbija-comgmail-com\/"}]}},"_links":{"self":[{"href":"https:\/\/dmcsrb.com\/en\/wp-json\/wp\/v2\/posts\/913626","targetHints":{"allow":["GET"]}}],"collection":[{"href":"https:\/\/dmcsrb.com\/en\/wp-json\/wp\/v2\/posts"}],"about":[{"href":"https:\/\/dmcsrb.com\/en\/wp-json\/wp\/v2\/types\/post"}],"author":[{"embeddable":true,"href":"https:\/\/dmcsrb.com\/en\/wp-json\/wp\/v2\/users\/1"}],"replies":[{"embeddable":true,"href":"https:\/\/dmcsrb.com\/en\/wp-json\/wp\/v2\/comments?post=913626"}],"version-history":[{"count":0,"href":"https:\/\/dmcsrb.com\/en\/wp-json\/wp\/v2\/posts\/913626\/revisions"}],"wp:featuredmedia":[{"embeddable":true,"href":"https:\/\/dmcsrb.com\/en\/wp-json\/wp\/v2\/media\/913627"}],"wp:attachment":[{"href":"https:\/\/dmcsrb.com\/en\/wp-json\/wp\/v2\/media?parent=913626"}],"wp:term":[{"taxonomy":"category","embeddable":true,"href":"https:\/\/dmcsrb.com\/en\/wp-json\/wp\/v2\/categories?post=913626"},{"taxonomy":"post_tag","embeddable":true,"href":"https:\/\/dmcsrb.com\/en\/wp-json\/wp\/v2\/tags?post=913626"},{"taxonomy":"naslovna","embeddable":true,"href":"https:\/\/dmcsrb.com\/en\/wp-json\/wp\/v2\/naslovna?post=913626"}],"curies":[{"name":"wp","href":"https:\/\/api.w.org\/{rel}","templated":true}]}}