{"id":913615,"date":"2025-12-16T07:19:00","date_gmt":"2025-12-16T06:19:00","guid":{"rendered":"https:\/\/dmcsrb.com\/uncategorized\/u-prostoru-buduce-sinagoge-simbolicno-obiljezena-druga-noc-hanuke\/"},"modified":"2025-12-16T07:19:00","modified_gmt":"2025-12-16T06:19:00","slug":"u-prostoru-buduce-sinagoge-simbolicno-obiljezena-druga-noc-hanuke","status":"publish","type":"post","link":"https:\/\/dmcsrb.com\/en\/drustvo\/u-prostoru-buduce-sinagoge-simbolicno-obiljezena-druga-noc-hanuke\/","title":{"rendered":"U prostoru budu\u0107e sinagoge simboli\u010dno obilje\u017eena druga no\u0107 Hanuke"},"content":{"rendered":"<p><\/p>\n\n\n\n<p><\/p>\n\n\n\n<p>\u201cDrugu svije\u0107u upalio je ambasador Ukrajine Oleg Gerasimenko zajedno sa vrhovnim rabinom Crne Gore&nbsp;<strong>Luciano Mo\u0161em Prelevi\u0107em<\/strong>&nbsp;i predsjednicom Jevrejske zajednice Crne Gore,&nbsp;<strong>Ninom Ofner Bokan,<\/strong>&nbsp;\u010dime je jo\u0161 jednom poslata sna\u017ena poruka solidarnosti i prijateljstva me\u0111u narodima. Simboli\u010dnom paljenju svije\u0107a prisustvovali su i predstavnici Ameri\u010dke i Njema\u010dke ambasade\u201d, saop\u0161teno je iz Jevrejske zajednice.<\/p>\n\n\n\n<p>Ovaj \u010din, kako su istakli, ima poseban zna\u010daj jer je izveden u prostoru budu\u0107e sinagoge Ar A\u0161em, koju gradi Jevrejska zajednica Crne Gore. Na objektu su zavr\u0161eni grubi gra\u0111evinski radovi, \u010dime je na\u010dinjen veliki korak ka ostvarenju vi\u0161edecenijskog sna \u2013 izgradnji prve sinagoge u Crnoj Gori.<\/p>\n\n\n\n<p>\u201cPodsje\u0107amo da je prva hanuka svije\u0107a upaljena od strane predsjednice skup\u0161tine glavnog grada Jelene Borovini\u0107 Bojovi\u0107, zajedno sa djecom i prijateljima Jevrejske zajednice, \u010dime je Hanuka zapo\u010deta u duhu radosti, zajedni\u0161tva i otvorenosti prema cijelom dru\u0161tvu\u201d, dodaju iz Jevrejske zajednice.<\/p>\n\n\n\n<p>Na\u017ealost, ocjenjuju, radost hanuka dana ovih dana je zasjenjena tragi\u010dnim doga\u0111ajem u Sidneju, gdje je tokom proslave Hanuke do\u0161lo do masovnog pucanja sa smrtnim ishodima. Jevrejska zajednica Crne Gore najo\u0161trije osu\u0111uje ovaj \u010din nasilja, izra\u017eava duboko sau\u010de\u0161\u0107e porodicama \u017ertava i solidarnost sa jevrejskom zajednicom u Australiji.<\/p>\n\n\n\n<p>\u201cHanuka nas podsje\u0107a da je svjetlost ja\u010da od tame. Upravo zato, u vremenu izazova, ostajemo posve\u0107eni vrijednostima mira, tolerancije i dostojanstva svakog ljudskog \u017eivota\u201d, zaklju\u010duju u saop\u0161tenju. <\/p>\n\n\n\n<p><\/p>","protected":false},"excerpt":{"rendered":"<p>U prostoru budu\u0107e sinagoge Ar A\u0161em u Crnoj Gori, simboli\u010dno je obilje\u017eena druga no\u0107 Hanuke paljenjem svije\u0107e, u duhu zajedni\u0161tva, nade i svjetlosti koje ovaj praznik nosi.<\/p>","protected":false},"author":1,"featured_media":913616,"comment_status":"open","ping_status":"open","sticky":false,"template":"","format":"standard","meta":{"_acf_changed":false,"footnotes":""},"categories":[2],"tags":[2803,31,3145],"naslovna":[],"class_list":["post-913615","post","type-post","status-publish","format-standard","has-post-thumbnail","hentry","category-drustvo","tag-hanuka","tag-podgorica","tag-sinagoga"],"acf":[],"yoast_head":"<!-- This site is optimized with the Yoast SEO plugin v27.4 - https:\/\/yoast.com\/product\/yoast-seo-wordpress\/ -->\n<title>U prostoru budu\u0107e sinagoge simboli\u010dno obilje\u017eena druga no\u0107 Hanuke - dmcsrb.com<\/title>\n<meta name=\"robots\" content=\"index, follow, max-snippet:-1, max-image-preview:large, max-video-preview:-1\" \/>\n<link rel=\"canonical\" href=\"https:\/\/dmcsrb.com\/en\/drustvo\/u-prostoru-buduce-sinagoge-simbolicno-obiljezena-druga-noc-hanuke\/\" \/>\n<meta property=\"og:locale\" content=\"en_GB\" \/>\n<meta property=\"og:type\" content=\"article\" \/>\n<meta property=\"og:title\" content=\"U prostoru budu\u0107e sinagoge simboli\u010dno obilje\u017eena druga no\u0107 Hanuke - dmcsrb.com\" \/>\n<meta property=\"og:description\" content=\"U prostoru budu\u0107e sinagoge Ar A\u0161em u Crnoj Gori, simboli\u010dno je obilje\u017eena druga no\u0107 Hanuke paljenjem svije\u0107e, u duhu zajedni\u0161tva, nade i svjetlosti koje ovaj praznik nosi.\" \/>\n<meta property=\"og:url\" content=\"https:\/\/dmcsrb.com\/en\/drustvo\/u-prostoru-buduce-sinagoge-simbolicno-obiljezena-druga-noc-hanuke\/\" \/>\n<meta property=\"og:site_name\" content=\"dmcsrb.com\" \/>\n<meta property=\"article:published_time\" content=\"2025-12-16T06:19:00+00:00\" \/>\n<meta property=\"og:image\" content=\"https:\/\/dmcsrb.com\/wp-content\/uploads\/2026\/01\/sinagoga-pg.jpeg\" \/>\n\t<meta property=\"og:image:width\" content=\"1200\" \/>\n\t<meta property=\"og:image:height\" content=\"1600\" \/>\n\t<meta property=\"og:image:type\" content=\"image\/jpeg\" \/>\n<meta name=\"author\" content=\"dmcsrbija.com@gmail.com\" \/>\n<meta name=\"twitter:card\" content=\"summary_large_image\" \/>\n<meta name=\"twitter:label1\" content=\"Written by\" \/>\n\t<meta name=\"twitter:data1\" content=\"dmcsrbija.com@gmail.com\" \/>\n\t<meta name=\"twitter:label2\" content=\"Estimated reading time\" \/>\n\t<meta name=\"twitter:data2\" content=\"1 minute\" \/>\n<script type=\"application\/ld+json\" class=\"yoast-schema-graph\">{\"@context\":\"https:\\\/\\\/schema.org\",\"@graph\":[{\"@type\":\"Article\",\"@id\":\"https:\\\/\\\/dmcsrb.com\\\/drustvo\\\/u-prostoru-buduce-sinagoge-simbolicno-obiljezena-druga-noc-hanuke\\\/#article\",\"isPartOf\":{\"@id\":\"https:\\\/\\\/dmcsrb.com\\\/drustvo\\\/u-prostoru-buduce-sinagoge-simbolicno-obiljezena-druga-noc-hanuke\\\/\"},\"author\":{\"name\":\"dmcsrbija.com@gmail.com\",\"@id\":\"https:\\\/\\\/dmcsrb.com\\\/#\\\/schema\\\/person\\\/5c39170f12db1b8b457732d0b5c854e2\"},\"headline\":\"U prostoru budu\u0107e sinagoge simboli\u010dno obilje\u017eena druga no\u0107 Hanuke\",\"datePublished\":\"2025-12-16T06:19:00+00:00\",\"mainEntityOfPage\":{\"@id\":\"https:\\\/\\\/dmcsrb.com\\\/drustvo\\\/u-prostoru-buduce-sinagoge-simbolicno-obiljezena-druga-noc-hanuke\\\/\"},\"wordCount\":265,\"commentCount\":0,\"image\":{\"@id\":\"https:\\\/\\\/dmcsrb.com\\\/drustvo\\\/u-prostoru-buduce-sinagoge-simbolicno-obiljezena-druga-noc-hanuke\\\/#primaryimage\"},\"thumbnailUrl\":\"https:\\\/\\\/dmcsrb.com\\\/wp-content\\\/uploads\\\/2026\\\/01\\\/sinagoga-pg.jpeg\",\"keywords\":[\"Hanuka\",\"Podgorica\",\"sinagoga\"],\"articleSection\":[\"Dru\u0161tvo\"],\"inLanguage\":\"en-GB\",\"potentialAction\":[{\"@type\":\"CommentAction\",\"name\":\"Comment\",\"target\":[\"https:\\\/\\\/dmcsrb.com\\\/drustvo\\\/u-prostoru-buduce-sinagoge-simbolicno-obiljezena-druga-noc-hanuke\\\/#respond\"]}]},{\"@type\":\"WebPage\",\"@id\":\"https:\\\/\\\/dmcsrb.com\\\/drustvo\\\/u-prostoru-buduce-sinagoge-simbolicno-obiljezena-druga-noc-hanuke\\\/\",\"url\":\"https:\\\/\\\/dmcsrb.com\\\/drustvo\\\/u-prostoru-buduce-sinagoge-simbolicno-obiljezena-druga-noc-hanuke\\\/\",\"name\":\"U prostoru budu\u0107e sinagoge simboli\u010dno obilje\u017eena druga no\u0107 Hanuke - dmcsrb.com\",\"isPartOf\":{\"@id\":\"https:\\\/\\\/dmcsrb.com\\\/#website\"},\"primaryImageOfPage\":{\"@id\":\"https:\\\/\\\/dmcsrb.com\\\/drustvo\\\/u-prostoru-buduce-sinagoge-simbolicno-obiljezena-druga-noc-hanuke\\\/#primaryimage\"},\"image\":{\"@id\":\"https:\\\/\\\/dmcsrb.com\\\/drustvo\\\/u-prostoru-buduce-sinagoge-simbolicno-obiljezena-druga-noc-hanuke\\\/#primaryimage\"},\"thumbnailUrl\":\"https:\\\/\\\/dmcsrb.com\\\/wp-content\\\/uploads\\\/2026\\\/01\\\/sinagoga-pg.jpeg\",\"datePublished\":\"2025-12-16T06:19:00+00:00\",\"author\":{\"@id\":\"https:\\\/\\\/dmcsrb.com\\\/#\\\/schema\\\/person\\\/5c39170f12db1b8b457732d0b5c854e2\"},\"breadcrumb\":{\"@id\":\"https:\\\/\\\/dmcsrb.com\\\/drustvo\\\/u-prostoru-buduce-sinagoge-simbolicno-obiljezena-druga-noc-hanuke\\\/#breadcrumb\"},\"inLanguage\":\"en-GB\",\"potentialAction\":[{\"@type\":\"ReadAction\",\"target\":[\"https:\\\/\\\/dmcsrb.com\\\/drustvo\\\/u-prostoru-buduce-sinagoge-simbolicno-obiljezena-druga-noc-hanuke\\\/\"]}]},{\"@type\":\"ImageObject\",\"inLanguage\":\"en-GB\",\"@id\":\"https:\\\/\\\/dmcsrb.com\\\/drustvo\\\/u-prostoru-buduce-sinagoge-simbolicno-obiljezena-druga-noc-hanuke\\\/#primaryimage\",\"url\":\"https:\\\/\\\/dmcsrb.com\\\/wp-content\\\/uploads\\\/2026\\\/01\\\/sinagoga-pg.jpeg\",\"contentUrl\":\"https:\\\/\\\/dmcsrb.com\\\/wp-content\\\/uploads\\\/2026\\\/01\\\/sinagoga-pg.jpeg\",\"width\":1200,\"height\":1600},{\"@type\":\"BreadcrumbList\",\"@id\":\"https:\\\/\\\/dmcsrb.com\\\/drustvo\\\/u-prostoru-buduce-sinagoge-simbolicno-obiljezena-druga-noc-hanuke\\\/#breadcrumb\",\"itemListElement\":[{\"@type\":\"ListItem\",\"position\":1,\"name\":\"Home\",\"item\":\"https:\\\/\\\/dmcsrb.com\\\/\"},{\"@type\":\"ListItem\",\"position\":2,\"name\":\"U prostoru budu\u0107e sinagoge simboli\u010dno obilje\u017eena druga no\u0107 Hanuke\"}]},{\"@type\":\"WebSite\",\"@id\":\"https:\\\/\\\/dmcsrb.com\\\/#website\",\"url\":\"https:\\\/\\\/dmcsrb.com\\\/\",\"name\":\"dmcsrb.com\",\"description\":\"\",\"potentialAction\":[{\"@type\":\"SearchAction\",\"target\":{\"@type\":\"EntryPoint\",\"urlTemplate\":\"https:\\\/\\\/dmcsrb.com\\\/?s={search_term_string}\"},\"query-input\":{\"@type\":\"PropertyValueSpecification\",\"valueRequired\":true,\"valueName\":\"search_term_string\"}}],\"inLanguage\":\"en-GB\"},{\"@type\":\"Person\",\"@id\":\"https:\\\/\\\/dmcsrb.com\\\/#\\\/schema\\\/person\\\/5c39170f12db1b8b457732d0b5c854e2\",\"name\":\"dmcsrbija.com@gmail.com\",\"image\":{\"@type\":\"ImageObject\",\"inLanguage\":\"en-GB\",\"@id\":\"https:\\\/\\\/secure.gravatar.com\\\/avatar\\\/68592660ad6347fad0fb587f8d5d8f1a7b44961362f56e4f2cd524feb87e9069?s=96&d=mm&r=g\",\"url\":\"https:\\\/\\\/secure.gravatar.com\\\/avatar\\\/68592660ad6347fad0fb587f8d5d8f1a7b44961362f56e4f2cd524feb87e9069?s=96&d=mm&r=g\",\"contentUrl\":\"https:\\\/\\\/secure.gravatar.com\\\/avatar\\\/68592660ad6347fad0fb587f8d5d8f1a7b44961362f56e4f2cd524feb87e9069?s=96&d=mm&r=g\",\"caption\":\"dmcsrbija.com@gmail.com\"},\"sameAs\":[\"https:\\\/\\\/dmcsrb.com\"],\"url\":\"https:\\\/\\\/dmcsrb.com\\\/en\\\/author\\\/dmcsrbija-comgmail-com\\\/\"}]}<\/script>\n<!-- \/ Yoast SEO plugin. -->","yoast_head_json":{"title":"U prostoru budu\u0107e sinagoge simboli\u010dno obilje\u017eena druga no\u0107 Hanuke - dmcsrb.com","robots":{"index":"index","follow":"follow","max-snippet":"max-snippet:-1","max-image-preview":"max-image-preview:large","max-video-preview":"max-video-preview:-1"},"canonical":"https:\/\/dmcsrb.com\/en\/drustvo\/u-prostoru-buduce-sinagoge-simbolicno-obiljezena-druga-noc-hanuke\/","og_locale":"en_GB","og_type":"article","og_title":"U prostoru budu\u0107e sinagoge simboli\u010dno obilje\u017eena druga no\u0107 Hanuke - dmcsrb.com","og_description":"U prostoru budu\u0107e sinagoge Ar A\u0161em u Crnoj Gori, simboli\u010dno je obilje\u017eena druga no\u0107 Hanuke paljenjem svije\u0107e, u duhu zajedni\u0161tva, nade i svjetlosti koje ovaj praznik nosi.","og_url":"https:\/\/dmcsrb.com\/en\/drustvo\/u-prostoru-buduce-sinagoge-simbolicno-obiljezena-druga-noc-hanuke\/","og_site_name":"dmcsrb.com","article_published_time":"2025-12-16T06:19:00+00:00","og_image":[{"width":1200,"height":1600,"url":"https:\/\/dmcsrb.com\/wp-content\/uploads\/2026\/01\/sinagoga-pg.jpeg","type":"image\/jpeg"}],"author":"dmcsrbija.com@gmail.com","twitter_card":"summary_large_image","twitter_misc":{"Written by":"dmcsrbija.com@gmail.com","Estimated reading time":"1 minute"},"schema":{"@context":"https:\/\/schema.org","@graph":[{"@type":"Article","@id":"https:\/\/dmcsrb.com\/drustvo\/u-prostoru-buduce-sinagoge-simbolicno-obiljezena-druga-noc-hanuke\/#article","isPartOf":{"@id":"https:\/\/dmcsrb.com\/drustvo\/u-prostoru-buduce-sinagoge-simbolicno-obiljezena-druga-noc-hanuke\/"},"author":{"name":"dmcsrbija.com@gmail.com","@id":"https:\/\/dmcsrb.com\/#\/schema\/person\/5c39170f12db1b8b457732d0b5c854e2"},"headline":"U prostoru budu\u0107e sinagoge simboli\u010dno obilje\u017eena druga no\u0107 Hanuke","datePublished":"2025-12-16T06:19:00+00:00","mainEntityOfPage":{"@id":"https:\/\/dmcsrb.com\/drustvo\/u-prostoru-buduce-sinagoge-simbolicno-obiljezena-druga-noc-hanuke\/"},"wordCount":265,"commentCount":0,"image":{"@id":"https:\/\/dmcsrb.com\/drustvo\/u-prostoru-buduce-sinagoge-simbolicno-obiljezena-druga-noc-hanuke\/#primaryimage"},"thumbnailUrl":"https:\/\/dmcsrb.com\/wp-content\/uploads\/2026\/01\/sinagoga-pg.jpeg","keywords":["Hanuka","Podgorica","sinagoga"],"articleSection":["Dru\u0161tvo"],"inLanguage":"en-GB","potentialAction":[{"@type":"CommentAction","name":"Comment","target":["https:\/\/dmcsrb.com\/drustvo\/u-prostoru-buduce-sinagoge-simbolicno-obiljezena-druga-noc-hanuke\/#respond"]}]},{"@type":"WebPage","@id":"https:\/\/dmcsrb.com\/drustvo\/u-prostoru-buduce-sinagoge-simbolicno-obiljezena-druga-noc-hanuke\/","url":"https:\/\/dmcsrb.com\/drustvo\/u-prostoru-buduce-sinagoge-simbolicno-obiljezena-druga-noc-hanuke\/","name":"U prostoru budu\u0107e sinagoge simboli\u010dno obilje\u017eena druga no\u0107 Hanuke - dmcsrb.com","isPartOf":{"@id":"https:\/\/dmcsrb.com\/#website"},"primaryImageOfPage":{"@id":"https:\/\/dmcsrb.com\/drustvo\/u-prostoru-buduce-sinagoge-simbolicno-obiljezena-druga-noc-hanuke\/#primaryimage"},"image":{"@id":"https:\/\/dmcsrb.com\/drustvo\/u-prostoru-buduce-sinagoge-simbolicno-obiljezena-druga-noc-hanuke\/#primaryimage"},"thumbnailUrl":"https:\/\/dmcsrb.com\/wp-content\/uploads\/2026\/01\/sinagoga-pg.jpeg","datePublished":"2025-12-16T06:19:00+00:00","author":{"@id":"https:\/\/dmcsrb.com\/#\/schema\/person\/5c39170f12db1b8b457732d0b5c854e2"},"breadcrumb":{"@id":"https:\/\/dmcsrb.com\/drustvo\/u-prostoru-buduce-sinagoge-simbolicno-obiljezena-druga-noc-hanuke\/#breadcrumb"},"inLanguage":"en-GB","potentialAction":[{"@type":"ReadAction","target":["https:\/\/dmcsrb.com\/drustvo\/u-prostoru-buduce-sinagoge-simbolicno-obiljezena-druga-noc-hanuke\/"]}]},{"@type":"ImageObject","inLanguage":"en-GB","@id":"https:\/\/dmcsrb.com\/drustvo\/u-prostoru-buduce-sinagoge-simbolicno-obiljezena-druga-noc-hanuke\/#primaryimage","url":"https:\/\/dmcsrb.com\/wp-content\/uploads\/2026\/01\/sinagoga-pg.jpeg","contentUrl":"https:\/\/dmcsrb.com\/wp-content\/uploads\/2026\/01\/sinagoga-pg.jpeg","width":1200,"height":1600},{"@type":"BreadcrumbList","@id":"https:\/\/dmcsrb.com\/drustvo\/u-prostoru-buduce-sinagoge-simbolicno-obiljezena-druga-noc-hanuke\/#breadcrumb","itemListElement":[{"@type":"ListItem","position":1,"name":"Home","item":"https:\/\/dmcsrb.com\/"},{"@type":"ListItem","position":2,"name":"U prostoru budu\u0107e sinagoge simboli\u010dno obilje\u017eena druga no\u0107 Hanuke"}]},{"@type":"WebSite","@id":"https:\/\/dmcsrb.com\/#website","url":"https:\/\/dmcsrb.com\/","name":"dmcsrb.com","description":"","potentialAction":[{"@type":"SearchAction","target":{"@type":"EntryPoint","urlTemplate":"https:\/\/dmcsrb.com\/?s={search_term_string}"},"query-input":{"@type":"PropertyValueSpecification","valueRequired":true,"valueName":"search_term_string"}}],"inLanguage":"en-GB"},{"@type":"Person","@id":"https:\/\/dmcsrb.com\/#\/schema\/person\/5c39170f12db1b8b457732d0b5c854e2","name":"dmcsrbija.com@gmail.com","image":{"@type":"ImageObject","inLanguage":"en-GB","@id":"https:\/\/secure.gravatar.com\/avatar\/68592660ad6347fad0fb587f8d5d8f1a7b44961362f56e4f2cd524feb87e9069?s=96&d=mm&r=g","url":"https:\/\/secure.gravatar.com\/avatar\/68592660ad6347fad0fb587f8d5d8f1a7b44961362f56e4f2cd524feb87e9069?s=96&d=mm&r=g","contentUrl":"https:\/\/secure.gravatar.com\/avatar\/68592660ad6347fad0fb587f8d5d8f1a7b44961362f56e4f2cd524feb87e9069?s=96&d=mm&r=g","caption":"dmcsrbija.com@gmail.com"},"sameAs":["https:\/\/dmcsrb.com"],"url":"https:\/\/dmcsrb.com\/en\/author\/dmcsrbija-comgmail-com\/"}]}},"_links":{"self":[{"href":"https:\/\/dmcsrb.com\/en\/wp-json\/wp\/v2\/posts\/913615","targetHints":{"allow":["GET"]}}],"collection":[{"href":"https:\/\/dmcsrb.com\/en\/wp-json\/wp\/v2\/posts"}],"about":[{"href":"https:\/\/dmcsrb.com\/en\/wp-json\/wp\/v2\/types\/post"}],"author":[{"embeddable":true,"href":"https:\/\/dmcsrb.com\/en\/wp-json\/wp\/v2\/users\/1"}],"replies":[{"embeddable":true,"href":"https:\/\/dmcsrb.com\/en\/wp-json\/wp\/v2\/comments?post=913615"}],"version-history":[{"count":0,"href":"https:\/\/dmcsrb.com\/en\/wp-json\/wp\/v2\/posts\/913615\/revisions"}],"wp:featuredmedia":[{"embeddable":true,"href":"https:\/\/dmcsrb.com\/en\/wp-json\/wp\/v2\/media\/913616"}],"wp:attachment":[{"href":"https:\/\/dmcsrb.com\/en\/wp-json\/wp\/v2\/media?parent=913615"}],"wp:term":[{"taxonomy":"category","embeddable":true,"href":"https:\/\/dmcsrb.com\/en\/wp-json\/wp\/v2\/categories?post=913615"},{"taxonomy":"post_tag","embeddable":true,"href":"https:\/\/dmcsrb.com\/en\/wp-json\/wp\/v2\/tags?post=913615"},{"taxonomy":"naslovna","embeddable":true,"href":"https:\/\/dmcsrb.com\/en\/wp-json\/wp\/v2\/naslovna?post=913615"}],"curies":[{"name":"wp","href":"https:\/\/api.w.org\/{rel}","templated":true}]}}